{"id":455,"date":"2015-06-26T09:34:03","date_gmt":"2015-06-26T12:34:03","guid":{"rendered":"http:\/\/otimoneiro.com.br\/?p=455"},"modified":"2015-06-26T09:34:03","modified_gmt":"2015-06-26T12:34:03","slug":"cel-aviador-alfeu-de-alcantara-monteiro-homenageado-com-nome-de-praca","status":"publish","type":"post","link":"https:\/\/jornaltimoneiro.com.br\/index.php\/2015\/06\/26\/cel-aviador-alfeu-de-alcantara-monteiro-homenageado-com-nome-de-praca\/","title":{"rendered":"Cel. Aviador Alfeu de Alc\u00e2ntara Monteiro homenageado com nome de pra\u00e7a"},"content":{"rendered":"<div id=\"attachment_488\" style=\"width: 268px\" class=\"wp-caption alignright\"><a href=\"http:\/\/otimoneiro.com.br\/wp-content\/uploads\/2015\/06\/50anos-2058615.jpg\"><img decoding=\"async\" aria-describedby=\"caption-attachment-488\" class=\"wp-image-488 \" src=\"http:\/\/otimoneiro.com.br\/wp-content\/uploads\/2015\/06\/50anos-2058615.jpg\" alt=\"Cel. Aviador Alfeu de Alc\u00e2ntara Monteiro. Foto: Divulga\u00e7\u00e3o\" width=\"258\" height=\"167\" \/><\/a><p id=\"caption-attachment-488\" class=\"wp-caption-text\">Cel. Aviador Alfeu de Alc\u00e2ntara Monteiro. Foto: Divulga\u00e7\u00e3o<\/p><\/div>\n<p style=\"text-align: justify;\">Morto em 4 de abril de 1964, na 5\u00aa Zona A\u00e9rea de Canoas, Alfeu de Alc\u00e2ntara Monteiro \u00e9 considerado o m\u00e1rtir da ditadura militar no Rio Grande do Sul. Alfeu nasceu em 31 de maio de 1922 em Itaqui. Ingressou na Escola Militar no Rio de Janeiro, em Realendo, por volta de 1941. Um ano depois passou para a Escola da Aeron\u00e1utica onde serviu em Fortaleza, S\u00e3o Paulo, Rio de Janeiro, Natal e Canoas.<br \/>\nEm vista disso, os vereadores aprovaram na quinta-feira, 18, durante o Grande Expediente que lembrou a hist\u00f3ria do aviador, o Projeto de Lei de autoria do l\u00edder do governo na C\u00e2mara, Ivo Fiorotti (PT), que d\u00e1 a denomina\u00e7\u00e3o de Pra\u00e7a Coronel Aviador Alfeu de Alc\u00e2ntara Monteiro ao logradouro p\u00fablico na Avenida Get\u00falio Vargas, no que compreende ao trecho do bairro Niter\u00f3i.<br \/>\nParticiparam do Grande Expediente o Presidente do Movimento de Justi\u00e7a e Direitos Humanos do Rio Grande do Sul, Jair Krischke, o coordenador da C\u00e1tedra Unesco-Unisinos de Direitos Humanos e Viol\u00eancia, Governo e Governan\u00e7a, Castor Bartolom\u00e9 Ruiz, e do secret\u00e1rio municipal ajunto de Rela\u00e7\u00f5es Institucionais, C\u00e9lio Piovesan. Com vers\u00f5es divergentes sobre as circunst\u00e2ncias de sua morte, tr\u00eas dias depois do golpe militar de 1964, em 4 de abril.<br \/>\nBartolom\u00e9 Ruiz enfatizou que a hist\u00f3ria deve servir de exemplo. \u201cA vida e morte de Alfeu mostram a posi\u00e7\u00e3o de resist\u00eancia de um modelo de militar democr\u00e1tico e que deve servir de exemplo\u201d, afirmou. Jair Krischke afirmou que Alfeu foi assassinado covardemente pelas costas e que o epis\u00f3dio envolvendo a sua morte faz parte das muitas hist\u00f3rias mal contadas pela ditadura. \u201cAlfeu era um nacionalista e legalista, n\u00e3o se pode associar a ele qualquer pecha de subversivo ou comunista\u201d, conclui informando que o Minist\u00e9rio P\u00fablico Federal (MPF) ingressou com a\u00e7\u00e3o para a reabertura do processo sobre a morte do militar.<\/p>\n<p style=\"text-align: justify;\"><strong>Legalidade<\/strong><br \/>\nTenente-aviador desde 1946, engajou-se na linha de frente do Movimento pela Legalidade, em 1961, liderado pelo governador ga\u00facho Leonel Brizola e o comandante do III Ex\u00e9rcito, general Machado Lopes, para que fosse respeitada a Constitui\u00e7\u00e3o Federal e garantir a posse Jo\u00e3o Goulart, ap\u00f3s a ren\u00fancia do ent\u00e3o presidente J\u00e2nio Quadros.<br \/>\nFoi um dos respons\u00e1veis por impedir que os avi\u00f5es decolassem de Canoas para bombardear o Pal\u00e1cio Piratini, sede da resist\u00eancia legalista, desobedecendo a ordens expressas que foram emitidas por autoridades militares superiores. Morto no quartel geral da 5\u00aa Zona A\u00e9rea, atual V COMAR, do qual era subcomandante, no dia 4 de abril de 1964, quando chegava \u00e0 base o novo comandante, o brigadeiro N\u00e9lson Freire Lavan\u00e9re-Wanderley, com ordens para prender os militares que n\u00e3o haviam aderido \u00e0 chamada revolu\u00e7\u00e3o.<\/p>\n<p style=\"text-align: justify;\"><strong>Coronel Post Mortem<\/strong><br \/>\nH\u00e1 vers\u00f5es conflitantes sobre o contexto exato de sua morte, tendo prevalecido a vers\u00e3o de que Lavan\u00e9re e o coronel Roberto Hip\u00f3lito da Costa levaram Alfeu para uma sala onde ocorreram tiros ap\u00f3s uma discuss\u00e3o. Num dos registros, ele teria sido v\u00edtima de rajada de metralhadora nas costas. Existem vers\u00f5es, no entanto, indicando que Alfeu teria sacado sua arma e efetuado disparos contra o novo comandante, sendo ent\u00e3o baleado pelo coronel Hip\u00f3lito, absolvido posteriormente no processo por homic\u00eddio. Alfeu foi levado ainda com vida ao Hospital do Pronto Socorro, em Porto Alegre, falecendo meia hora depois. Foi promovido ao posto de coronel post mortem.<\/p>\n","protected":false},"excerpt":{"rendered":"<p>Morto em 4 de abril de 1964, na 5\u00aa Zona A\u00e9rea de Canoas, Alfeu de Alc\u00e2ntara Monteiro \u00e9 considerado o m\u00e1rtir da ditadura militar no Rio Grande do Sul. Alfeu nasceu em 31 de maio de 1922 em Itaqui. Ingressou na Escola Militar no Rio de Janeiro, em Realendo, por volta de 1941. Um ano [&hellip;]<\/p>\n","protected":false},"author":1,"featured_media":0,"comment_status":"open","ping_status":"open","sticky":false,"template":"","format":"standard","meta":{"amp_status":"","footnotes":""},"categories":[25,19],"tags":[],"class_list":["post-455","post","type-post","status-publish","format-standard","hentry","category-comunidade","category-destaques"],"yoast_head":"<!-- This site is optimized with the Yoast SEO plugin v20.5 - https:\/\/yoast.com\/wordpress\/plugins\/seo\/ -->\n<title>Cel. Aviador Alfeu de Alc\u00e2ntara Monteiro homenageado com nome de pra\u00e7a - O Timoneiro Jornal Canoas RS<\/title>\n<meta name=\"robots\" content=\"index, follow, max-snippet:-1, max-image-preview:large, max-video-preview:-1\" \/>\n<link rel=\"canonical\" href=\"https:\/\/jornaltimoneiro.com.br\/index.php\/2015\/06\/26\/cel-aviador-alfeu-de-alcantara-monteiro-homenageado-com-nome-de-praca\/\" \/>\n<meta property=\"og:locale\" content=\"pt_BR\" \/>\n<meta property=\"og:type\" content=\"article\" \/>\n<meta property=\"og:title\" content=\"Cel. Aviador Alfeu de Alc\u00e2ntara Monteiro homenageado com nome de pra\u00e7a - O Timoneiro Jornal Canoas RS\" \/>\n<meta property=\"og:description\" content=\"Morto em 4 de abril de 1964, na 5\u00aa Zona A\u00e9rea de Canoas, Alfeu de Alc\u00e2ntara Monteiro \u00e9 considerado o m\u00e1rtir da ditadura militar no Rio Grande do Sul. Alfeu nasceu em 31 de maio de 1922 em Itaqui. Ingressou na Escola Militar no Rio de Janeiro, em Realendo, por volta de 1941. Um ano [&hellip;]\" \/>\n<meta property=\"og:url\" content=\"https:\/\/jornaltimoneiro.com.br\/index.php\/2015\/06\/26\/cel-aviador-alfeu-de-alcantara-monteiro-homenageado-com-nome-de-praca\/\" \/>\n<meta property=\"og:site_name\" content=\"O Timoneiro Jornal Canoas RS\" \/>\n<meta property=\"article:publisher\" content=\"https:\/\/www.facebook.com\/jornaltimoneiro\" \/>\n<meta property=\"article:published_time\" content=\"2015-06-26T12:34:03+00:00\" \/>\n<meta property=\"og:image\" content=\"http:\/\/otimoneiro.com.br\/wp-content\/uploads\/2015\/06\/50anos-2058615.jpg\" \/>\n<meta name=\"author\" content=\"Reda\u00e7\u00e3o\" \/>\n<meta name=\"twitter:card\" content=\"summary_large_image\" \/>\n<meta name=\"twitter:creator\" content=\"@_OTimoneiro\" \/>\n<meta name=\"twitter:site\" content=\"@_OTimoneiro\" \/>\n<meta name=\"twitter:label1\" content=\"Escrito por\" \/>\n\t<meta name=\"twitter:data1\" content=\"Reda\u00e7\u00e3o\" \/>\n\t<meta name=\"twitter:label2\" content=\"Est. tempo de leitura\" \/>\n\t<meta name=\"twitter:data2\" content=\"3 minutos\" \/>\n<script type=\"application\/ld+json\" class=\"yoast-schema-graph\">{\"@context\":\"https:\/\/schema.org\",\"@graph\":[{\"@type\":\"Article\",\"@id\":\"https:\/\/jornaltimoneiro.com.br\/index.php\/2015\/06\/26\/cel-aviador-alfeu-de-alcantara-monteiro-homenageado-com-nome-de-praca\/#article\",\"isPartOf\":{\"@id\":\"https:\/\/jornaltimoneiro.com.br\/index.php\/2015\/06\/26\/cel-aviador-alfeu-de-alcantara-monteiro-homenageado-com-nome-de-praca\/\"},\"author\":{\"name\":\"Reda\u00e7\u00e3o\",\"@id\":\"https:\/\/jornaltimoneiro.com.br\/#\/schema\/person\/620efd1d8244466117482be494360b08\"},\"headline\":\"Cel. Aviador Alfeu de Alc\u00e2ntara Monteiro homenageado com nome de pra\u00e7a\",\"datePublished\":\"2015-06-26T12:34:03+00:00\",\"dateModified\":\"2015-06-26T12:34:03+00:00\",\"mainEntityOfPage\":{\"@id\":\"https:\/\/jornaltimoneiro.com.br\/index.php\/2015\/06\/26\/cel-aviador-alfeu-de-alcantara-monteiro-homenageado-com-nome-de-praca\/\"},\"wordCount\":614,\"commentCount\":0,\"publisher\":{\"@id\":\"https:\/\/jornaltimoneiro.com.br\/#organization\"},\"articleSection\":[\"Comunidade\",\"Destaques\"],\"inLanguage\":\"pt-BR\",\"potentialAction\":[{\"@type\":\"CommentAction\",\"name\":\"Comment\",\"target\":[\"https:\/\/jornaltimoneiro.com.br\/index.php\/2015\/06\/26\/cel-aviador-alfeu-de-alcantara-monteiro-homenageado-com-nome-de-praca\/#respond\"]}]},{\"@type\":\"WebPage\",\"@id\":\"https:\/\/jornaltimoneiro.com.br\/index.php\/2015\/06\/26\/cel-aviador-alfeu-de-alcantara-monteiro-homenageado-com-nome-de-praca\/\",\"url\":\"https:\/\/jornaltimoneiro.com.br\/index.php\/2015\/06\/26\/cel-aviador-alfeu-de-alcantara-monteiro-homenageado-com-nome-de-praca\/\",\"name\":\"Cel. Aviador Alfeu de Alc\u00e2ntara Monteiro homenageado com nome de pra\u00e7a - O Timoneiro Jornal Canoas RS\",\"isPartOf\":{\"@id\":\"https:\/\/jornaltimoneiro.com.br\/#website\"},\"datePublished\":\"2015-06-26T12:34:03+00:00\",\"dateModified\":\"2015-06-26T12:34:03+00:00\",\"breadcrumb\":{\"@id\":\"https:\/\/jornaltimoneiro.com.br\/index.php\/2015\/06\/26\/cel-aviador-alfeu-de-alcantara-monteiro-homenageado-com-nome-de-praca\/#breadcrumb\"},\"inLanguage\":\"pt-BR\",\"potentialAction\":[{\"@type\":\"ReadAction\",\"target\":[\"https:\/\/jornaltimoneiro.com.br\/index.php\/2015\/06\/26\/cel-aviador-alfeu-de-alcantara-monteiro-homenageado-com-nome-de-praca\/\"]}]},{\"@type\":\"BreadcrumbList\",\"@id\":\"https:\/\/jornaltimoneiro.com.br\/index.php\/2015\/06\/26\/cel-aviador-alfeu-de-alcantara-monteiro-homenageado-com-nome-de-praca\/#breadcrumb\",\"itemListElement\":[{\"@type\":\"ListItem\",\"position\":1,\"name\":\"In\u00edcio\",\"item\":\"https:\/\/jornaltimoneiro.com.br\/\"},{\"@type\":\"ListItem\",\"position\":2,\"name\":\"Cel. Aviador Alfeu de Alc\u00e2ntara Monteiro homenageado com nome de pra\u00e7a\"}]},{\"@type\":\"WebSite\",\"@id\":\"https:\/\/jornaltimoneiro.com.br\/#website\",\"url\":\"https:\/\/jornaltimoneiro.com.br\/\",\"name\":\"Jornal Timoneiro Canoas RS\",\"description\":\"Jornal O Timoneiro, o verdadeiro jornal de Canoas\",\"publisher\":{\"@id\":\"https:\/\/jornaltimoneiro.com.br\/#organization\"},\"potentialAction\":[{\"@type\":\"SearchAction\",\"target\":{\"@type\":\"EntryPoint\",\"urlTemplate\":\"https:\/\/jornaltimoneiro.com.br\/?s={search_term_string}\"},\"query-input\":\"required name=search_term_string\"}],\"inLanguage\":\"pt-BR\"},{\"@type\":\"Organization\",\"@id\":\"https:\/\/jornaltimoneiro.com.br\/#organization\",\"name\":\"Jornal Timoneiro Canoas RS\",\"url\":\"https:\/\/jornaltimoneiro.com.br\/\",\"logo\":{\"@type\":\"ImageObject\",\"inLanguage\":\"pt-BR\",\"@id\":\"https:\/\/jornaltimoneiro.com.br\/#\/schema\/logo\/image\/\",\"url\":\"https:\/\/jornaltimoneiro.com.br\/wp-content\/uploads\/2023\/03\/logonovo.png\",\"contentUrl\":\"https:\/\/jornaltimoneiro.com.br\/wp-content\/uploads\/2023\/03\/logonovo.png\",\"width\":\"469\",\"height\":\"171\",\"caption\":\"Jornal Timoneiro Canoas RS\"},\"image\":{\"@id\":\"https:\/\/jornaltimoneiro.com.br\/#\/schema\/logo\/image\/\"},\"sameAs\":[\"https:\/\/www.facebook.com\/jornaltimoneiro\",\"https:\/\/twitter.com\/_OTimoneiro\",\"https:\/\/www.instagram.com\/jornaltimoneirocanoas\/\",\"https:\/\/www.youtube.com\/@jornalotimoneiro7927\"]},{\"@type\":\"Person\",\"@id\":\"https:\/\/jornaltimoneiro.com.br\/#\/schema\/person\/620efd1d8244466117482be494360b08\",\"name\":\"Reda\u00e7\u00e3o\",\"image\":{\"@type\":\"ImageObject\",\"inLanguage\":\"pt-BR\",\"@id\":\"https:\/\/jornaltimoneiro.com.br\/#\/schema\/person\/image\/\",\"url\":\"https:\/\/secure.gravatar.com\/avatar\/2f04e1b304682a8d9db336c7acd77f08?s=96&d=mm&r=g\",\"contentUrl\":\"https:\/\/secure.gravatar.com\/avatar\/2f04e1b304682a8d9db336c7acd77f08?s=96&d=mm&r=g\",\"caption\":\"Reda\u00e7\u00e3o\"},\"url\":\"https:\/\/jornaltimoneiro.com.br\/index.php\/author\/timoneirocanoas\/\"}]}<\/script>\n<!-- \/ Yoast SEO plugin. -->","yoast_head_json":{"title":"Cel. Aviador Alfeu de Alc\u00e2ntara Monteiro homenageado com nome de pra\u00e7a - O Timoneiro Jornal Canoas RS","robots":{"index":"index","follow":"follow","max-snippet":"max-snippet:-1","max-image-preview":"max-image-preview:large","max-video-preview":"max-video-preview:-1"},"canonical":"https:\/\/jornaltimoneiro.com.br\/index.php\/2015\/06\/26\/cel-aviador-alfeu-de-alcantara-monteiro-homenageado-com-nome-de-praca\/","og_locale":"pt_BR","og_type":"article","og_title":"Cel. Aviador Alfeu de Alc\u00e2ntara Monteiro homenageado com nome de pra\u00e7a - O Timoneiro Jornal Canoas RS","og_description":"Morto em 4 de abril de 1964, na 5\u00aa Zona A\u00e9rea de Canoas, Alfeu de Alc\u00e2ntara Monteiro \u00e9 considerado o m\u00e1rtir da ditadura militar no Rio Grande do Sul. Alfeu nasceu em 31 de maio de 1922 em Itaqui. Ingressou na Escola Militar no Rio de Janeiro, em Realendo, por volta de 1941. Um ano [&hellip;]","og_url":"https:\/\/jornaltimoneiro.com.br\/index.php\/2015\/06\/26\/cel-aviador-alfeu-de-alcantara-monteiro-homenageado-com-nome-de-praca\/","og_site_name":"O Timoneiro Jornal Canoas RS","article_publisher":"https:\/\/www.facebook.com\/jornaltimoneiro","article_published_time":"2015-06-26T12:34:03+00:00","og_image":[{"url":"http:\/\/otimoneiro.com.br\/wp-content\/uploads\/2015\/06\/50anos-2058615.jpg"}],"author":"Reda\u00e7\u00e3o","twitter_card":"summary_large_image","twitter_creator":"@_OTimoneiro","twitter_site":"@_OTimoneiro","twitter_misc":{"Escrito por":"Reda\u00e7\u00e3o","Est. tempo de leitura":"3 minutos"},"schema":{"@context":"https:\/\/schema.org","@graph":[{"@type":"Article","@id":"https:\/\/jornaltimoneiro.com.br\/index.php\/2015\/06\/26\/cel-aviador-alfeu-de-alcantara-monteiro-homenageado-com-nome-de-praca\/#article","isPartOf":{"@id":"https:\/\/jornaltimoneiro.com.br\/index.php\/2015\/06\/26\/cel-aviador-alfeu-de-alcantara-monteiro-homenageado-com-nome-de-praca\/"},"author":{"name":"Reda\u00e7\u00e3o","@id":"https:\/\/jornaltimoneiro.com.br\/#\/schema\/person\/620efd1d8244466117482be494360b08"},"headline":"Cel. Aviador Alfeu de Alc\u00e2ntara Monteiro homenageado com nome de pra\u00e7a","datePublished":"2015-06-26T12:34:03+00:00","dateModified":"2015-06-26T12:34:03+00:00","mainEntityOfPage":{"@id":"https:\/\/jornaltimoneiro.com.br\/index.php\/2015\/06\/26\/cel-aviador-alfeu-de-alcantara-monteiro-homenageado-com-nome-de-praca\/"},"wordCount":614,"commentCount":0,"publisher":{"@id":"https:\/\/jornaltimoneiro.com.br\/#organization"},"articleSection":["Comunidade","Destaques"],"inLanguage":"pt-BR","potentialAction":[{"@type":"CommentAction","name":"Comment","target":["https:\/\/jornaltimoneiro.com.br\/index.php\/2015\/06\/26\/cel-aviador-alfeu-de-alcantara-monteiro-homenageado-com-nome-de-praca\/#respond"]}]},{"@type":"WebPage","@id":"https:\/\/jornaltimoneiro.com.br\/index.php\/2015\/06\/26\/cel-aviador-alfeu-de-alcantara-monteiro-homenageado-com-nome-de-praca\/","url":"https:\/\/jornaltimoneiro.com.br\/index.php\/2015\/06\/26\/cel-aviador-alfeu-de-alcantara-monteiro-homenageado-com-nome-de-praca\/","name":"Cel. Aviador Alfeu de Alc\u00e2ntara Monteiro homenageado com nome de pra\u00e7a - O Timoneiro Jornal Canoas RS","isPartOf":{"@id":"https:\/\/jornaltimoneiro.com.br\/#website"},"datePublished":"2015-06-26T12:34:03+00:00","dateModified":"2015-06-26T12:34:03+00:00","breadcrumb":{"@id":"https:\/\/jornaltimoneiro.com.br\/index.php\/2015\/06\/26\/cel-aviador-alfeu-de-alcantara-monteiro-homenageado-com-nome-de-praca\/#breadcrumb"},"inLanguage":"pt-BR","potentialAction":[{"@type":"ReadAction","target":["https:\/\/jornaltimoneiro.com.br\/index.php\/2015\/06\/26\/cel-aviador-alfeu-de-alcantara-monteiro-homenageado-com-nome-de-praca\/"]}]},{"@type":"BreadcrumbList","@id":"https:\/\/jornaltimoneiro.com.br\/index.php\/2015\/06\/26\/cel-aviador-alfeu-de-alcantara-monteiro-homenageado-com-nome-de-praca\/#breadcrumb","itemListElement":[{"@type":"ListItem","position":1,"name":"In\u00edcio","item":"https:\/\/jornaltimoneiro.com.br\/"},{"@type":"ListItem","position":2,"name":"Cel. Aviador Alfeu de Alc\u00e2ntara Monteiro homenageado com nome de pra\u00e7a"}]},{"@type":"WebSite","@id":"https:\/\/jornaltimoneiro.com.br\/#website","url":"https:\/\/jornaltimoneiro.com.br\/","name":"Jornal Timoneiro Canoas RS","description":"Jornal O Timoneiro, o verdadeiro jornal de Canoas","publisher":{"@id":"https:\/\/jornaltimoneiro.com.br\/#organization"},"potentialAction":[{"@type":"SearchAction","target":{"@type":"EntryPoint","urlTemplate":"https:\/\/jornaltimoneiro.com.br\/?s={search_term_string}"},"query-input":"required name=search_term_string"}],"inLanguage":"pt-BR"},{"@type":"Organization","@id":"https:\/\/jornaltimoneiro.com.br\/#organization","name":"Jornal Timoneiro Canoas RS","url":"https:\/\/jornaltimoneiro.com.br\/","logo":{"@type":"ImageObject","inLanguage":"pt-BR","@id":"https:\/\/jornaltimoneiro.com.br\/#\/schema\/logo\/image\/","url":"https:\/\/jornaltimoneiro.com.br\/wp-content\/uploads\/2023\/03\/logonovo.png","contentUrl":"https:\/\/jornaltimoneiro.com.br\/wp-content\/uploads\/2023\/03\/logonovo.png","width":"469","height":"171","caption":"Jornal Timoneiro Canoas RS"},"image":{"@id":"https:\/\/jornaltimoneiro.com.br\/#\/schema\/logo\/image\/"},"sameAs":["https:\/\/www.facebook.com\/jornaltimoneiro","https:\/\/twitter.com\/_OTimoneiro","https:\/\/www.instagram.com\/jornaltimoneirocanoas\/","https:\/\/www.youtube.com\/@jornalotimoneiro7927"]},{"@type":"Person","@id":"https:\/\/jornaltimoneiro.com.br\/#\/schema\/person\/620efd1d8244466117482be494360b08","name":"Reda\u00e7\u00e3o","image":{"@type":"ImageObject","inLanguage":"pt-BR","@id":"https:\/\/jornaltimoneiro.com.br\/#\/schema\/person\/image\/","url":"https:\/\/secure.gravatar.com\/avatar\/2f04e1b304682a8d9db336c7acd77f08?s=96&d=mm&r=g","contentUrl":"https:\/\/secure.gravatar.com\/avatar\/2f04e1b304682a8d9db336c7acd77f08?s=96&d=mm&r=g","caption":"Reda\u00e7\u00e3o"},"url":"https:\/\/jornaltimoneiro.com.br\/index.php\/author\/timoneirocanoas\/"}]}},"_links":{"self":[{"href":"https:\/\/jornaltimoneiro.com.br\/index.php\/wp-json\/wp\/v2\/posts\/455"}],"collection":[{"href":"https:\/\/jornaltimoneiro.com.br\/index.php\/wp-json\/wp\/v2\/posts"}],"about":[{"href":"https:\/\/jornaltimoneiro.com.br\/index.php\/wp-json\/wp\/v2\/types\/post"}],"author":[{"embeddable":true,"href":"https:\/\/jornaltimoneiro.com.br\/index.php\/wp-json\/wp\/v2\/users\/1"}],"replies":[{"embeddable":true,"href":"https:\/\/jornaltimoneiro.com.br\/index.php\/wp-json\/wp\/v2\/comments?post=455"}],"version-history":[{"count":0,"href":"https:\/\/jornaltimoneiro.com.br\/index.php\/wp-json\/wp\/v2\/posts\/455\/revisions"}],"wp:attachment":[{"href":"https:\/\/jornaltimoneiro.com.br\/index.php\/wp-json\/wp\/v2\/media?parent=455"}],"wp:term":[{"taxonomy":"category","embeddable":true,"href":"https:\/\/jornaltimoneiro.com.br\/index.php\/wp-json\/wp\/v2\/categories?post=455"},{"taxonomy":"post_tag","embeddable":true,"href":"https:\/\/jornaltimoneiro.com.br\/index.php\/wp-json\/wp\/v2\/tags?post=455"}],"curies":[{"name":"wp","href":"https:\/\/api.w.org\/{rel}","templated":true}]}}