{"id":453,"date":"2015-06-26T09:33:32","date_gmt":"2015-06-26T12:33:32","guid":{"rendered":"http:\/\/otimoneiro.com.br\/?p=453"},"modified":"2015-06-26T09:33:32","modified_gmt":"2015-06-26T12:33:32","slug":"aprovado-plano-municipal-de-educacao-sem-ideologia-de-generos","status":"publish","type":"post","link":"https:\/\/jornaltimoneiro.com.br\/index.php\/2015\/06\/26\/aprovado-plano-municipal-de-educacao-sem-ideologia-de-generos\/","title":{"rendered":"Aprovado Plano Municipal de Educa\u00e7\u00e3o sem ideologia de g\u00eaneros"},"content":{"rendered":"<p style=\"text-align: justify;\">Na segunda semana do m\u00eas de junho, na ter\u00e7a-feira, 09, o Prefeito municipal, ao lado dos secret\u00e1rios de Educa\u00e7\u00e3o, Eliezer Pacheco, Desenvolvimento Econ\u00f4mico, M\u00e1rio Cardoso, e de Rela\u00e7\u00f5es Institucionais, Jorge Branco, entregou o Plano Municipal de Educa\u00e7\u00e3o (PME) \u00e0 C\u00e2mara. Junto ao presidente do Legislativo Paulo Ritter (PT), receberam o Plano os legisladores Cezar Mossini (PMDB), Jos\u00e9 Carlos Patr\u00edcio (PSD), Ivo Fiorotti (PT), Paulinho de Od\u00e9 (PT) e D\u00e1rio da Silveira (PDT).<br \/>\nNa sess\u00e3o de quinta-feira, 18, na C\u00e2mara Municipal de Canoas, o PL 20\/20115 foi aprovado, ap\u00f3s ser inserido na ordem do dia em regime de urg\u00eancia a pedido do l\u00edder do governo na C\u00e2mara, Ivo Fiorotti. O documento apresenta 20 metas para a Educa\u00e7\u00e3o nos pr\u00f3ximos dez anos e um conjunto de estrat\u00e9gias para alcan\u00e7\u00e1-las.<\/p>\n<div id=\"attachment_492\" style=\"width: 483px\" class=\"wp-caption aligncenter\"><a href=\"http:\/\/otimoneiro.com.br\/wp-content\/uploads\/2015\/06\/PME-C\u00e2mara-Vereadores.jpg\"><img decoding=\"async\" aria-describedby=\"caption-attachment-492\" class=\"wp-image-492 \" src=\"http:\/\/otimoneiro.com.br\/wp-content\/uploads\/2015\/06\/PME-C\u00e2mara-Vereadores-1024x683.jpg\" alt=\"Entrega do Plano Municipal de Educa\u00e7\u00e3o (PME). Foto: Divulga\u00e7\u00e3o C\u00e2mara dos Vereadores\" width=\"473\" height=\"315\" \/><\/a><p id=\"caption-attachment-492\" class=\"wp-caption-text\">Entrega do Plano Municipal de Educa\u00e7\u00e3o (PME). Foto: Divulga\u00e7\u00e3o C\u00e2mara dos Vereadores<\/p><\/div>\n<p style=\"text-align: justify;\"><strong>Diretrizes do projeto<\/strong><br \/>\nS\u00e3o diretrizes do projeto: A erradica\u00e7\u00e3o do analfabetismo; universaliza\u00e7\u00e3o do atendimento escolar; supera\u00e7\u00e3o das desigualdades educacionais; melhoria da qualidade da educa\u00e7\u00e3o; forma\u00e7\u00e3o para o trabalho e para a cidadania; promo\u00e7\u00e3o do princ\u00edpio da gest\u00e3o democr\u00e1tica da educa\u00e7\u00e3o p\u00fablica; promo\u00e7\u00e3o human\u00edstica, cient\u00edfica, cultural e tecnol\u00f3gica do pa\u00eds; estabelecimento de meta de aplica\u00e7\u00e3o de recursos p\u00fablicos em educa\u00e7\u00e3o como propor\u00e7\u00e3o do Produto Interno Bruto (PIB), que assegure atendimento \u00e0s necessidades de expans\u00e3o, com padr\u00e3o de qualidade e equidade; valoriza\u00e7\u00e3o dos (as) profissionais da educa\u00e7\u00e3o; promo\u00e7\u00e3o dos princ\u00edpios do respeito aos direitos humanos, diversidade e sustentabilidade socioambiental.<br \/>\nA cada dois anos o PME deve passar pela avalia\u00e7\u00e3o de um f\u00f3rum, composto por autoridades dos poderes Executivo e Legislativo municipal, al\u00e9m de educadores e representantes da sociedade civil. Ao vereador, cabe aprovar as medidas legais para a corre\u00e7\u00e3o de defici\u00eancias e distor\u00e7\u00f5es.<\/p>\n<p style=\"text-align: justify;\"><strong>G\u00eaneros de fora<\/strong><br \/>\nO projeto foi aprovado com uma emenda, apresentada pelos vereadores Alexandre Gon\u00e7alves (PR), Aloisio Bamberg (PPL), Dario da Silveira (PDT) e Jos\u00e9 Carlos Patricio (PSD), que suprime a palavra g\u00eanero do texto. Antes da sess\u00e3o ter in\u00edcio, os vereadores estiveram reunidos com o secret\u00e1rio municipal de Educa\u00e7\u00e3o, Eliezer Pacheco, para esclarecer d\u00favidas. Eliezer participou de Grande Expediente para apresenta\u00e7\u00e3o das metas definidas no documento. \u201cO plano n\u00e3o contempla apenas a rede municipal, mas toda a cidade\u201d, salientou.<br \/>\nO Vereador Airton Souza (PP), foi \u00e0 tribuna da C\u00e2mara na \u00faltima ter\u00e7a-feira, 23, para parabenizar e agradecer a todos os vereadores que apresentaram emenda e votaram a favor da retirada da quest\u00e3o de \u201cideologia de g\u00eanero\u201d no Plano Municipal de Educa\u00e7\u00e3o. Segundo o parlamentar, o Estado n\u00e3o deve ter o poder de obrigar os professores a ensinarem essa ideologia em todas as salas de aulas, para crian\u00e7as em idade escolar, pois al\u00e9m de tratar-se de uma ideologia, ela n\u00e3o reflete a posi\u00e7\u00e3o da sociedade sobre o tema. Ainda segundo ele, \u201cos pais, homem e mulher, que devem conduzir a forma\u00e7\u00e3o moral dos seus filhos\u201d.<\/p>\n<p style=\"text-align: justify;\"><strong>A palavra g\u00eanero<\/strong><br \/>\nNo espa\u00e7o destinado aos Projetos Sociais, refere-se as medidas implantadas nos bairros guajuviras e mathias velho como \u201cdedicados \u00e0 preven\u00e7\u00e3o \u00e0 viol\u00eancia de g\u00eaneros, atrav\u00e9s do Mulheres da Paz, \u00e0 juventude , atrav\u00e9s da Casa das Juventudes, e \u00e0 media\u00e7\u00e3o de conflitos, atrav\u00e9s do N\u00facleo de Justi\u00e7a Comunit\u00e1ria\u201d.<br \/>\nA meta que causa discuss\u00e3o \u00e9 a de n\u00famero oito. \u201cElevar a escolaridade m\u00e9dia da popula\u00e7\u00e3o de 18 (dezoito) a 29 (vinte e nove) anos, de modo a alcan\u00e7ar, no m\u00ednimo, 12 (doze) anos de estudo no \u00faltimo ano de vig\u00eancia deste Plano, para as popula\u00e7\u00f5es do campo, da regi\u00e3o de menor escolaridade no Pa\u00eds e dos 25% (vinte e cinco por cento) mais pobres, e igualar a escolaridade m\u00e9dia entre negros e n\u00e3o negros declarados \u00e0 Funda\u00e7\u00e3o Instituto Brasileiro de Geografia e Estat\u00edstica (IBGE).<br \/>\nNo campo dedicado as estrat\u00e9gias para alcan\u00e7ar a meta, aparece pela primeira vez a palavra g\u00eanero. \u201c8.8 Assegurar, sob coordena\u00e7\u00e3o da SME, pol\u00edtica de forma\u00e7\u00e3o continuada aos segmentos escolares, ampliando os espa\u00e7os para reflex\u00e3o nas escolas, que envolvam as fam\u00edlias, os estudantes e os profissionais da educa\u00e7\u00e3o, docentes e n\u00e3o docentes, nas discuss\u00f5es sobre quest\u00f5es de direitos humanos, etnia, g\u00eanero e sexualidade\u201d.<br \/>\nEm outra estrat\u00e9gia, o PL 20\/2015, de autoria da Prefeitura de Canoas, visava estimular a elabora\u00e7\u00e3o de propostas curriculares que incluam temas ligados aos direitos humanos. \u201c8.9. Estimular, a elabora\u00e7\u00e3o de propostas curriculares que incluam como temas transversais as quest\u00f5es de direitos humanos, g\u00eanero e sexualidade, rela\u00e7\u00f5es \u00e9tnico-raciais, de modo a efetivar as discuss\u00f5es sobre formas de superar as discrimina\u00e7\u00f5es e os preconceitos\u201d, diz o texto.<br \/>\nA \u00faltima vez que a palavra aparece no projeto trata da amplia\u00e7\u00e3o do acervo para mais amplo estudo sobre g\u00eanero e sexualidade e d\u00e1 outras provid\u00eancias. \u201c8.10. Ampliar, em regime de colabora\u00e7\u00e3o entre as redes de ensino, as bibliotecas escolares com acervo composto por documentos, textos, livros, revistas e recursos audiovisuais, m\u00eddias digitais, que tenham como refer\u00eancia os estudos sobre direitos humanos, etnias, comunidades quilombolas e ind\u00edgenas, g\u00eanero e sexualidade.\u201d<\/p>\n<p style=\"text-align: justify;\"><strong>A defesa do Executivo<\/strong><br \/>\nEm defesa do projeto, uma mensagem assinada pelo prefeito, Jairo Jorge (PT), salientou que a aprova\u00e7\u00e3o do PME \u201csignifica um grande avan\u00e7o, por se tratar de um plano de Estado e n\u00e3o somente um plano de governo. A sua aprova\u00e7\u00e3o pelo poder legislativo, confere poder de ultrapassar diferentes gest\u00f5es\u201d. No escrito, de n\u00famero 27 neste ano, criticou a descontinuidade que o ensino sofre a cada troca de gest\u00e3o.<\/p>\n","protected":false},"excerpt":{"rendered":"<p>Na segunda semana do m\u00eas de junho, na ter\u00e7a-feira, 09, o Prefeito municipal, ao lado dos secret\u00e1rios de Educa\u00e7\u00e3o, Eliezer Pacheco, Desenvolvimento Econ\u00f4mico, M\u00e1rio Cardoso, e de Rela\u00e7\u00f5es Institucionais, Jorge Branco, entregou o Plano Municipal de Educa\u00e7\u00e3o (PME) \u00e0 C\u00e2mara. Junto ao presidente do Legislativo Paulo Ritter (PT), receberam o Plano os legisladores Cezar Mossini [&hellip;]<\/p>\n","protected":false},"author":1,"featured_media":492,"comment_status":"open","ping_status":"open","sticky":false,"template":"","format":"standard","meta":{"amp_status":"","footnotes":""},"categories":[19,27,22],"tags":[],"class_list":["post-453","post","type-post","status-publish","format-standard","has-post-thumbnail","hentry","category-destaques","category-ensino","category-noticias"],"yoast_head":"<!-- This site is optimized with the Yoast SEO plugin v20.5 - https:\/\/yoast.com\/wordpress\/plugins\/seo\/ -->\n<title>Aprovado Plano Municipal de Educa\u00e7\u00e3o sem ideologia de g\u00eaneros - O Timoneiro Jornal Canoas RS<\/title>\n<meta name=\"robots\" content=\"index, follow, max-snippet:-1, max-image-preview:large, max-video-preview:-1\" \/>\n<link rel=\"canonical\" href=\"https:\/\/jornaltimoneiro.com.br\/index.php\/2015\/06\/26\/aprovado-plano-municipal-de-educacao-sem-ideologia-de-generos\/\" \/>\n<meta property=\"og:locale\" content=\"pt_BR\" \/>\n<meta property=\"og:type\" content=\"article\" \/>\n<meta property=\"og:title\" content=\"Aprovado Plano Municipal de Educa\u00e7\u00e3o sem ideologia de g\u00eaneros - O Timoneiro Jornal Canoas RS\" \/>\n<meta property=\"og:description\" content=\"Na segunda semana do m\u00eas de junho, na ter\u00e7a-feira, 09, o Prefeito municipal, ao lado dos secret\u00e1rios de Educa\u00e7\u00e3o, Eliezer Pacheco, Desenvolvimento Econ\u00f4mico, M\u00e1rio Cardoso, e de Rela\u00e7\u00f5es Institucionais, Jorge Branco, entregou o Plano Municipal de Educa\u00e7\u00e3o (PME) \u00e0 C\u00e2mara. Junto ao presidente do Legislativo Paulo Ritter (PT), receberam o Plano os legisladores Cezar Mossini [&hellip;]\" \/>\n<meta property=\"og:url\" content=\"https:\/\/jornaltimoneiro.com.br\/index.php\/2015\/06\/26\/aprovado-plano-municipal-de-educacao-sem-ideologia-de-generos\/\" \/>\n<meta property=\"og:site_name\" content=\"O Timoneiro Jornal Canoas RS\" \/>\n<meta property=\"article:publisher\" content=\"https:\/\/www.facebook.com\/jornaltimoneiro\" \/>\n<meta property=\"article:published_time\" content=\"2015-06-26T12:33:32+00:00\" \/>\n<meta name=\"author\" content=\"Reda\u00e7\u00e3o\" \/>\n<meta name=\"twitter:card\" content=\"summary_large_image\" \/>\n<meta name=\"twitter:creator\" content=\"@_OTimoneiro\" \/>\n<meta name=\"twitter:site\" content=\"@_OTimoneiro\" \/>\n<meta name=\"twitter:label1\" content=\"Escrito por\" \/>\n\t<meta name=\"twitter:data1\" content=\"Reda\u00e7\u00e3o\" \/>\n\t<meta name=\"twitter:label2\" content=\"Est. tempo de leitura\" \/>\n\t<meta name=\"twitter:data2\" content=\"5 minutos\" \/>\n<script type=\"application\/ld+json\" class=\"yoast-schema-graph\">{\"@context\":\"https:\/\/schema.org\",\"@graph\":[{\"@type\":\"Article\",\"@id\":\"https:\/\/jornaltimoneiro.com.br\/index.php\/2015\/06\/26\/aprovado-plano-municipal-de-educacao-sem-ideologia-de-generos\/#article\",\"isPartOf\":{\"@id\":\"https:\/\/jornaltimoneiro.com.br\/index.php\/2015\/06\/26\/aprovado-plano-municipal-de-educacao-sem-ideologia-de-generos\/\"},\"author\":{\"name\":\"Reda\u00e7\u00e3o\",\"@id\":\"https:\/\/jornaltimoneiro.com.br\/#\/schema\/person\/620efd1d8244466117482be494360b08\"},\"headline\":\"Aprovado Plano Municipal de Educa\u00e7\u00e3o sem ideologia de g\u00eaneros\",\"datePublished\":\"2015-06-26T12:33:32+00:00\",\"dateModified\":\"2015-06-26T12:33:32+00:00\",\"mainEntityOfPage\":{\"@id\":\"https:\/\/jornaltimoneiro.com.br\/index.php\/2015\/06\/26\/aprovado-plano-municipal-de-educacao-sem-ideologia-de-generos\/\"},\"wordCount\":1007,\"commentCount\":0,\"publisher\":{\"@id\":\"https:\/\/jornaltimoneiro.com.br\/#organization\"},\"articleSection\":[\"Destaques\",\"Ensino\",\"Not\u00edcias\"],\"inLanguage\":\"pt-BR\",\"potentialAction\":[{\"@type\":\"CommentAction\",\"name\":\"Comment\",\"target\":[\"https:\/\/jornaltimoneiro.com.br\/index.php\/2015\/06\/26\/aprovado-plano-municipal-de-educacao-sem-ideologia-de-generos\/#respond\"]}]},{\"@type\":\"WebPage\",\"@id\":\"https:\/\/jornaltimoneiro.com.br\/index.php\/2015\/06\/26\/aprovado-plano-municipal-de-educacao-sem-ideologia-de-generos\/\",\"url\":\"https:\/\/jornaltimoneiro.com.br\/index.php\/2015\/06\/26\/aprovado-plano-municipal-de-educacao-sem-ideologia-de-generos\/\",\"name\":\"Aprovado Plano Municipal de Educa\u00e7\u00e3o sem ideologia de g\u00eaneros - O Timoneiro Jornal Canoas RS\",\"isPartOf\":{\"@id\":\"https:\/\/jornaltimoneiro.com.br\/#website\"},\"datePublished\":\"2015-06-26T12:33:32+00:00\",\"dateModified\":\"2015-06-26T12:33:32+00:00\",\"breadcrumb\":{\"@id\":\"https:\/\/jornaltimoneiro.com.br\/index.php\/2015\/06\/26\/aprovado-plano-municipal-de-educacao-sem-ideologia-de-generos\/#breadcrumb\"},\"inLanguage\":\"pt-BR\",\"potentialAction\":[{\"@type\":\"ReadAction\",\"target\":[\"https:\/\/jornaltimoneiro.com.br\/index.php\/2015\/06\/26\/aprovado-plano-municipal-de-educacao-sem-ideologia-de-generos\/\"]}]},{\"@type\":\"BreadcrumbList\",\"@id\":\"https:\/\/jornaltimoneiro.com.br\/index.php\/2015\/06\/26\/aprovado-plano-municipal-de-educacao-sem-ideologia-de-generos\/#breadcrumb\",\"itemListElement\":[{\"@type\":\"ListItem\",\"position\":1,\"name\":\"In\u00edcio\",\"item\":\"https:\/\/jornaltimoneiro.com.br\/\"},{\"@type\":\"ListItem\",\"position\":2,\"name\":\"Aprovado Plano Municipal de Educa\u00e7\u00e3o sem ideologia de g\u00eaneros\"}]},{\"@type\":\"WebSite\",\"@id\":\"https:\/\/jornaltimoneiro.com.br\/#website\",\"url\":\"https:\/\/jornaltimoneiro.com.br\/\",\"name\":\"Jornal Timoneiro Canoas RS\",\"description\":\"Jornal O Timoneiro, o verdadeiro jornal de Canoas\",\"publisher\":{\"@id\":\"https:\/\/jornaltimoneiro.com.br\/#organization\"},\"potentialAction\":[{\"@type\":\"SearchAction\",\"target\":{\"@type\":\"EntryPoint\",\"urlTemplate\":\"https:\/\/jornaltimoneiro.com.br\/?s={search_term_string}\"},\"query-input\":\"required name=search_term_string\"}],\"inLanguage\":\"pt-BR\"},{\"@type\":\"Organization\",\"@id\":\"https:\/\/jornaltimoneiro.com.br\/#organization\",\"name\":\"Jornal Timoneiro Canoas RS\",\"url\":\"https:\/\/jornaltimoneiro.com.br\/\",\"logo\":{\"@type\":\"ImageObject\",\"inLanguage\":\"pt-BR\",\"@id\":\"https:\/\/jornaltimoneiro.com.br\/#\/schema\/logo\/image\/\",\"url\":\"https:\/\/jornaltimoneiro.com.br\/wp-content\/uploads\/2023\/03\/logonovo.png\",\"contentUrl\":\"https:\/\/jornaltimoneiro.com.br\/wp-content\/uploads\/2023\/03\/logonovo.png\",\"width\":\"469\",\"height\":\"171\",\"caption\":\"Jornal Timoneiro Canoas RS\"},\"image\":{\"@id\":\"https:\/\/jornaltimoneiro.com.br\/#\/schema\/logo\/image\/\"},\"sameAs\":[\"https:\/\/www.facebook.com\/jornaltimoneiro\",\"https:\/\/twitter.com\/_OTimoneiro\",\"https:\/\/www.instagram.com\/jornaltimoneirocanoas\/\",\"https:\/\/www.youtube.com\/@jornalotimoneiro7927\"]},{\"@type\":\"Person\",\"@id\":\"https:\/\/jornaltimoneiro.com.br\/#\/schema\/person\/620efd1d8244466117482be494360b08\",\"name\":\"Reda\u00e7\u00e3o\",\"image\":{\"@type\":\"ImageObject\",\"inLanguage\":\"pt-BR\",\"@id\":\"https:\/\/jornaltimoneiro.com.br\/#\/schema\/person\/image\/\",\"url\":\"https:\/\/secure.gravatar.com\/avatar\/2f04e1b304682a8d9db336c7acd77f08?s=96&d=mm&r=g\",\"contentUrl\":\"https:\/\/secure.gravatar.com\/avatar\/2f04e1b304682a8d9db336c7acd77f08?s=96&d=mm&r=g\",\"caption\":\"Reda\u00e7\u00e3o\"},\"url\":\"https:\/\/jornaltimoneiro.com.br\/index.php\/author\/timoneirocanoas\/\"}]}<\/script>\n<!-- \/ Yoast SEO plugin. -->","yoast_head_json":{"title":"Aprovado Plano Municipal de Educa\u00e7\u00e3o sem ideologia de g\u00eaneros - O Timoneiro Jornal Canoas RS","robots":{"index":"index","follow":"follow","max-snippet":"max-snippet:-1","max-image-preview":"max-image-preview:large","max-video-preview":"max-video-preview:-1"},"canonical":"https:\/\/jornaltimoneiro.com.br\/index.php\/2015\/06\/26\/aprovado-plano-municipal-de-educacao-sem-ideologia-de-generos\/","og_locale":"pt_BR","og_type":"article","og_title":"Aprovado Plano Municipal de Educa\u00e7\u00e3o sem ideologia de g\u00eaneros - O Timoneiro Jornal Canoas RS","og_description":"Na segunda semana do m\u00eas de junho, na ter\u00e7a-feira, 09, o Prefeito municipal, ao lado dos secret\u00e1rios de Educa\u00e7\u00e3o, Eliezer Pacheco, Desenvolvimento Econ\u00f4mico, M\u00e1rio Cardoso, e de Rela\u00e7\u00f5es Institucionais, Jorge Branco, entregou o Plano Municipal de Educa\u00e7\u00e3o (PME) \u00e0 C\u00e2mara. Junto ao presidente do Legislativo Paulo Ritter (PT), receberam o Plano os legisladores Cezar Mossini [&hellip;]","og_url":"https:\/\/jornaltimoneiro.com.br\/index.php\/2015\/06\/26\/aprovado-plano-municipal-de-educacao-sem-ideologia-de-generos\/","og_site_name":"O Timoneiro Jornal Canoas RS","article_publisher":"https:\/\/www.facebook.com\/jornaltimoneiro","article_published_time":"2015-06-26T12:33:32+00:00","author":"Reda\u00e7\u00e3o","twitter_card":"summary_large_image","twitter_creator":"@_OTimoneiro","twitter_site":"@_OTimoneiro","twitter_misc":{"Escrito por":"Reda\u00e7\u00e3o","Est. tempo de leitura":"5 minutos"},"schema":{"@context":"https:\/\/schema.org","@graph":[{"@type":"Article","@id":"https:\/\/jornaltimoneiro.com.br\/index.php\/2015\/06\/26\/aprovado-plano-municipal-de-educacao-sem-ideologia-de-generos\/#article","isPartOf":{"@id":"https:\/\/jornaltimoneiro.com.br\/index.php\/2015\/06\/26\/aprovado-plano-municipal-de-educacao-sem-ideologia-de-generos\/"},"author":{"name":"Reda\u00e7\u00e3o","@id":"https:\/\/jornaltimoneiro.com.br\/#\/schema\/person\/620efd1d8244466117482be494360b08"},"headline":"Aprovado Plano Municipal de Educa\u00e7\u00e3o sem ideologia de g\u00eaneros","datePublished":"2015-06-26T12:33:32+00:00","dateModified":"2015-06-26T12:33:32+00:00","mainEntityOfPage":{"@id":"https:\/\/jornaltimoneiro.com.br\/index.php\/2015\/06\/26\/aprovado-plano-municipal-de-educacao-sem-ideologia-de-generos\/"},"wordCount":1007,"commentCount":0,"publisher":{"@id":"https:\/\/jornaltimoneiro.com.br\/#organization"},"articleSection":["Destaques","Ensino","Not\u00edcias"],"inLanguage":"pt-BR","potentialAction":[{"@type":"CommentAction","name":"Comment","target":["https:\/\/jornaltimoneiro.com.br\/index.php\/2015\/06\/26\/aprovado-plano-municipal-de-educacao-sem-ideologia-de-generos\/#respond"]}]},{"@type":"WebPage","@id":"https:\/\/jornaltimoneiro.com.br\/index.php\/2015\/06\/26\/aprovado-plano-municipal-de-educacao-sem-ideologia-de-generos\/","url":"https:\/\/jornaltimoneiro.com.br\/index.php\/2015\/06\/26\/aprovado-plano-municipal-de-educacao-sem-ideologia-de-generos\/","name":"Aprovado Plano Municipal de Educa\u00e7\u00e3o sem ideologia de g\u00eaneros - O Timoneiro Jornal Canoas RS","isPartOf":{"@id":"https:\/\/jornaltimoneiro.com.br\/#website"},"datePublished":"2015-06-26T12:33:32+00:00","dateModified":"2015-06-26T12:33:32+00:00","breadcrumb":{"@id":"https:\/\/jornaltimoneiro.com.br\/index.php\/2015\/06\/26\/aprovado-plano-municipal-de-educacao-sem-ideologia-de-generos\/#breadcrumb"},"inLanguage":"pt-BR","potentialAction":[{"@type":"ReadAction","target":["https:\/\/jornaltimoneiro.com.br\/index.php\/2015\/06\/26\/aprovado-plano-municipal-de-educacao-sem-ideologia-de-generos\/"]}]},{"@type":"BreadcrumbList","@id":"https:\/\/jornaltimoneiro.com.br\/index.php\/2015\/06\/26\/aprovado-plano-municipal-de-educacao-sem-ideologia-de-generos\/#breadcrumb","itemListElement":[{"@type":"ListItem","position":1,"name":"In\u00edcio","item":"https:\/\/jornaltimoneiro.com.br\/"},{"@type":"ListItem","position":2,"name":"Aprovado Plano Municipal de Educa\u00e7\u00e3o sem ideologia de g\u00eaneros"}]},{"@type":"WebSite","@id":"https:\/\/jornaltimoneiro.com.br\/#website","url":"https:\/\/jornaltimoneiro.com.br\/","name":"Jornal Timoneiro Canoas RS","description":"Jornal O Timoneiro, o verdadeiro jornal de Canoas","publisher":{"@id":"https:\/\/jornaltimoneiro.com.br\/#organization"},"potentialAction":[{"@type":"SearchAction","target":{"@type":"EntryPoint","urlTemplate":"https:\/\/jornaltimoneiro.com.br\/?s={search_term_string}"},"query-input":"required name=search_term_string"}],"inLanguage":"pt-BR"},{"@type":"Organization","@id":"https:\/\/jornaltimoneiro.com.br\/#organization","name":"Jornal Timoneiro Canoas RS","url":"https:\/\/jornaltimoneiro.com.br\/","logo":{"@type":"ImageObject","inLanguage":"pt-BR","@id":"https:\/\/jornaltimoneiro.com.br\/#\/schema\/logo\/image\/","url":"https:\/\/jornaltimoneiro.com.br\/wp-content\/uploads\/2023\/03\/logonovo.png","contentUrl":"https:\/\/jornaltimoneiro.com.br\/wp-content\/uploads\/2023\/03\/logonovo.png","width":"469","height":"171","caption":"Jornal Timoneiro Canoas RS"},"image":{"@id":"https:\/\/jornaltimoneiro.com.br\/#\/schema\/logo\/image\/"},"sameAs":["https:\/\/www.facebook.com\/jornaltimoneiro","https:\/\/twitter.com\/_OTimoneiro","https:\/\/www.instagram.com\/jornaltimoneirocanoas\/","https:\/\/www.youtube.com\/@jornalotimoneiro7927"]},{"@type":"Person","@id":"https:\/\/jornaltimoneiro.com.br\/#\/schema\/person\/620efd1d8244466117482be494360b08","name":"Reda\u00e7\u00e3o","image":{"@type":"ImageObject","inLanguage":"pt-BR","@id":"https:\/\/jornaltimoneiro.com.br\/#\/schema\/person\/image\/","url":"https:\/\/secure.gravatar.com\/avatar\/2f04e1b304682a8d9db336c7acd77f08?s=96&d=mm&r=g","contentUrl":"https:\/\/secure.gravatar.com\/avatar\/2f04e1b304682a8d9db336c7acd77f08?s=96&d=mm&r=g","caption":"Reda\u00e7\u00e3o"},"url":"https:\/\/jornaltimoneiro.com.br\/index.php\/author\/timoneirocanoas\/"}]}},"_links":{"self":[{"href":"https:\/\/jornaltimoneiro.com.br\/index.php\/wp-json\/wp\/v2\/posts\/453"}],"collection":[{"href":"https:\/\/jornaltimoneiro.com.br\/index.php\/wp-json\/wp\/v2\/posts"}],"about":[{"href":"https:\/\/jornaltimoneiro.com.br\/index.php\/wp-json\/wp\/v2\/types\/post"}],"author":[{"embeddable":true,"href":"https:\/\/jornaltimoneiro.com.br\/index.php\/wp-json\/wp\/v2\/users\/1"}],"replies":[{"embeddable":true,"href":"https:\/\/jornaltimoneiro.com.br\/index.php\/wp-json\/wp\/v2\/comments?post=453"}],"version-history":[{"count":0,"href":"https:\/\/jornaltimoneiro.com.br\/index.php\/wp-json\/wp\/v2\/posts\/453\/revisions"}],"wp:featuredmedia":[{"embeddable":true,"href":"https:\/\/jornaltimoneiro.com.br\/index.php\/wp-json\/"}],"wp:attachment":[{"href":"https:\/\/jornaltimoneiro.com.br\/index.php\/wp-json\/wp\/v2\/media?parent=453"}],"wp:term":[{"taxonomy":"category","embeddable":true,"href":"https:\/\/jornaltimoneiro.com.br\/index.php\/wp-json\/wp\/v2\/categories?post=453"},{"taxonomy":"post_tag","embeddable":true,"href":"https:\/\/jornaltimoneiro.com.br\/index.php\/wp-json\/wp\/v2\/tags?post=453"}],"curies":[{"name":"wp","href":"https:\/\/api.w.org\/{rel}","templated":true}]}}