{"id":4517,"date":"2016-07-19T14:35:10","date_gmt":"2016-07-19T17:35:10","guid":{"rendered":"http:\/\/otimoneiro.com.br\/?p=4517"},"modified":"2016-07-19T14:35:10","modified_gmt":"2016-07-19T17:35:10","slug":"aulas-para-o-ensino-fundamental-e-o-infantil-voltam-em-agosto","status":"publish","type":"post","link":"https:\/\/jornaltimoneiro.com.br\/index.php\/2016\/07\/19\/aulas-para-o-ensino-fundamental-e-o-infantil-voltam-em-agosto\/","title":{"rendered":"Aulas para o ensino fundamental e o infantil voltam em agosto"},"content":{"rendered":"<div id=\"attachment_719\" style=\"width: 623px\" class=\"wp-caption aligncenter\"><a href=\"http:\/\/otimoneiro.com.br\/wp-content\/uploads\/2015\/07\/Escola-Duque-de-Caxias.-Foto-Divulga\u00e7\u00e3o-PMC.jpg\"><img decoding=\"async\" aria-describedby=\"caption-attachment-719\" class=\" wp-image-719\" src=\"http:\/\/otimoneiro.com.br\/wp-content\/uploads\/2015\/07\/Escola-Duque-de-Caxias.-Foto-Divulga\u00e7\u00e3o-PMC.jpg\" alt=\"Escola Duque de Caxias, bairro Nossa Senhora das Gra\u00e7as. Foto Divulga\u00e7\u00e3o PMC\" width=\"613\" height=\"410\" \/><\/a><p id=\"caption-attachment-719\" class=\"wp-caption-text\">Escola Duque de Caxias, bairro Nossa Senhora das Gra\u00e7as. Foto Divulga\u00e7\u00e3o PMC<\/p><\/div>\n<p>Desde a segunda-feira, 18, os alunos do Ensino Fundamental da rede p\u00fablica de ensino do munic\u00edpio aproveitam o recesso escolar e permanecer\u00e3o sem aulas at\u00e9 o dia 1\u00ba de agosto. No mesmo dia retornam tamb\u00e9m os estudantes do ensino infantil, estes que come\u00e7am as f\u00e9rias de inverno na pr\u00f3xima segunda-feira, 25.<\/p>\n<p>Os pais manifestaram preocupa\u00e7\u00e3o com o per\u00edodo. Segundo uma m\u00e3e, que preferiu n\u00e3o ser identificada, \u201cpois temo poss\u00edvel repres\u00e1lia aos meus filhos\u201d, disse que gostaria de saber o motivo \u201cde tanta \u201cforma\u00e7\u00e3o\u201d de professores\u201d. Isso porque, conforme informou a m\u00e3e, j\u00e1 houveram outras paralisa\u00e7\u00f5es no calend\u00e1rio. \u201cNos dias 6 e 8 de julho meus filhos n\u00e3o tiveram aula. Al\u00e9m disso, v\u00e3o recome\u00e7ar as aulas novamente no dia 2 de agosto, porque dia 1\u00ba os professores ter\u00e3o nova forma\u00e7\u00e3o\u201d, reclamou.<\/p>\n<p>Em resposta, a Secretaria Municipal de Educa\u00e7\u00e3o (SME) garantiu que as f\u00e9rias terminam na sexta-feira, 29, mas, por ser uma sexta-feira, as aulas devem retomar na segunda, 1\u00ba.<\/p>\n","protected":false},"excerpt":{"rendered":"<p>Desde a segunda-feira, 18, os alunos do Ensino Fundamental da rede p\u00fablica de ensino do munic\u00edpio aproveitam o recesso escolar e permanecer\u00e3o sem aulas at\u00e9 o dia 1\u00ba de agosto. No mesmo dia retornam tamb\u00e9m os estudantes do ensino infantil, estes que come\u00e7am as f\u00e9rias de inverno na pr\u00f3xima segunda-feira, 25. Os pais manifestaram preocupa\u00e7\u00e3o [&hellip;]<\/p>\n","protected":false},"author":1,"featured_media":719,"comment_status":"open","ping_status":"open","sticky":false,"template":"","format":"standard","meta":{"amp_status":"","footnotes":""},"categories":[25,19,27,22],"tags":[],"class_list":["post-4517","post","type-post","status-publish","format-standard","has-post-thumbnail","hentry","category-comunidade","category-destaques","category-ensino","category-noticias"],"yoast_head":"<!-- This site is optimized with the Yoast SEO plugin v20.5 - https:\/\/yoast.com\/wordpress\/plugins\/seo\/ -->\n<title>Aulas para o ensino fundamental e o infantil voltam em agosto - O Timoneiro Jornal Canoas RS<\/title>\n<meta name=\"robots\" content=\"index, follow, max-snippet:-1, max-image-preview:large, max-video-preview:-1\" \/>\n<link rel=\"canonical\" href=\"https:\/\/jornaltimoneiro.com.br\/index.php\/2016\/07\/19\/aulas-para-o-ensino-fundamental-e-o-infantil-voltam-em-agosto\/\" \/>\n<meta property=\"og:locale\" content=\"pt_BR\" \/>\n<meta property=\"og:type\" content=\"article\" \/>\n<meta property=\"og:title\" content=\"Aulas para o ensino fundamental e o infantil voltam em agosto - O Timoneiro Jornal Canoas RS\" \/>\n<meta property=\"og:description\" content=\"Desde a segunda-feira, 18, os alunos do Ensino Fundamental da rede p\u00fablica de ensino do munic\u00edpio aproveitam o recesso escolar e permanecer\u00e3o sem aulas at\u00e9 o dia 1\u00ba de agosto. No mesmo dia retornam tamb\u00e9m os estudantes do ensino infantil, estes que come\u00e7am as f\u00e9rias de inverno na pr\u00f3xima segunda-feira, 25. Os pais manifestaram preocupa\u00e7\u00e3o [&hellip;]\" \/>\n<meta property=\"og:url\" content=\"https:\/\/jornaltimoneiro.com.br\/index.php\/2016\/07\/19\/aulas-para-o-ensino-fundamental-e-o-infantil-voltam-em-agosto\/\" \/>\n<meta property=\"og:site_name\" content=\"O Timoneiro Jornal Canoas RS\" \/>\n<meta property=\"article:publisher\" content=\"https:\/\/www.facebook.com\/jornaltimoneiro\" \/>\n<meta property=\"article:published_time\" content=\"2016-07-19T17:35:10+00:00\" \/>\n<meta name=\"author\" content=\"Reda\u00e7\u00e3o\" \/>\n<meta name=\"twitter:card\" content=\"summary_large_image\" \/>\n<meta name=\"twitter:creator\" content=\"@_OTimoneiro\" \/>\n<meta name=\"twitter:site\" content=\"@_OTimoneiro\" \/>\n<meta name=\"twitter:label1\" content=\"Escrito por\" \/>\n\t<meta name=\"twitter:data1\" content=\"Reda\u00e7\u00e3o\" \/>\n\t<meta name=\"twitter:label2\" content=\"Est. tempo de leitura\" \/>\n\t<meta name=\"twitter:data2\" content=\"1 minuto\" \/>\n<script type=\"application\/ld+json\" class=\"yoast-schema-graph\">{\"@context\":\"https:\/\/schema.org\",\"@graph\":[{\"@type\":\"Article\",\"@id\":\"https:\/\/jornaltimoneiro.com.br\/index.php\/2016\/07\/19\/aulas-para-o-ensino-fundamental-e-o-infantil-voltam-em-agosto\/#article\",\"isPartOf\":{\"@id\":\"https:\/\/jornaltimoneiro.com.br\/index.php\/2016\/07\/19\/aulas-para-o-ensino-fundamental-e-o-infantil-voltam-em-agosto\/\"},\"author\":{\"name\":\"Reda\u00e7\u00e3o\",\"@id\":\"https:\/\/jornaltimoneiro.com.br\/#\/schema\/person\/620efd1d8244466117482be494360b08\"},\"headline\":\"Aulas para o ensino fundamental e o infantil voltam em agosto\",\"datePublished\":\"2016-07-19T17:35:10+00:00\",\"dateModified\":\"2016-07-19T17:35:10+00:00\",\"mainEntityOfPage\":{\"@id\":\"https:\/\/jornaltimoneiro.com.br\/index.php\/2016\/07\/19\/aulas-para-o-ensino-fundamental-e-o-infantil-voltam-em-agosto\/\"},\"wordCount\":206,\"commentCount\":0,\"publisher\":{\"@id\":\"https:\/\/jornaltimoneiro.com.br\/#organization\"},\"articleSection\":[\"Comunidade\",\"Destaques\",\"Ensino\",\"Not\u00edcias\"],\"inLanguage\":\"pt-BR\",\"potentialAction\":[{\"@type\":\"CommentAction\",\"name\":\"Comment\",\"target\":[\"https:\/\/jornaltimoneiro.com.br\/index.php\/2016\/07\/19\/aulas-para-o-ensino-fundamental-e-o-infantil-voltam-em-agosto\/#respond\"]}]},{\"@type\":\"WebPage\",\"@id\":\"https:\/\/jornaltimoneiro.com.br\/index.php\/2016\/07\/19\/aulas-para-o-ensino-fundamental-e-o-infantil-voltam-em-agosto\/\",\"url\":\"https:\/\/jornaltimoneiro.com.br\/index.php\/2016\/07\/19\/aulas-para-o-ensino-fundamental-e-o-infantil-voltam-em-agosto\/\",\"name\":\"Aulas para o ensino fundamental e o infantil voltam em agosto - O Timoneiro Jornal Canoas RS\",\"isPartOf\":{\"@id\":\"https:\/\/jornaltimoneiro.com.br\/#website\"},\"datePublished\":\"2016-07-19T17:35:10+00:00\",\"dateModified\":\"2016-07-19T17:35:10+00:00\",\"breadcrumb\":{\"@id\":\"https:\/\/jornaltimoneiro.com.br\/index.php\/2016\/07\/19\/aulas-para-o-ensino-fundamental-e-o-infantil-voltam-em-agosto\/#breadcrumb\"},\"inLanguage\":\"pt-BR\",\"potentialAction\":[{\"@type\":\"ReadAction\",\"target\":[\"https:\/\/jornaltimoneiro.com.br\/index.php\/2016\/07\/19\/aulas-para-o-ensino-fundamental-e-o-infantil-voltam-em-agosto\/\"]}]},{\"@type\":\"BreadcrumbList\",\"@id\":\"https:\/\/jornaltimoneiro.com.br\/index.php\/2016\/07\/19\/aulas-para-o-ensino-fundamental-e-o-infantil-voltam-em-agosto\/#breadcrumb\",\"itemListElement\":[{\"@type\":\"ListItem\",\"position\":1,\"name\":\"In\u00edcio\",\"item\":\"https:\/\/jornaltimoneiro.com.br\/\"},{\"@type\":\"ListItem\",\"position\":2,\"name\":\"Aulas para o ensino fundamental e o infantil voltam em agosto\"}]},{\"@type\":\"WebSite\",\"@id\":\"https:\/\/jornaltimoneiro.com.br\/#website\",\"url\":\"https:\/\/jornaltimoneiro.com.br\/\",\"name\":\"Jornal Timoneiro Canoas RS\",\"description\":\"Jornal O Timoneiro, o verdadeiro jornal de Canoas\",\"publisher\":{\"@id\":\"https:\/\/jornaltimoneiro.com.br\/#organization\"},\"potentialAction\":[{\"@type\":\"SearchAction\",\"target\":{\"@type\":\"EntryPoint\",\"urlTemplate\":\"https:\/\/jornaltimoneiro.com.br\/?s={search_term_string}\"},\"query-input\":\"required name=search_term_string\"}],\"inLanguage\":\"pt-BR\"},{\"@type\":\"Organization\",\"@id\":\"https:\/\/jornaltimoneiro.com.br\/#organization\",\"name\":\"Jornal Timoneiro Canoas RS\",\"url\":\"https:\/\/jornaltimoneiro.com.br\/\",\"logo\":{\"@type\":\"ImageObject\",\"inLanguage\":\"pt-BR\",\"@id\":\"https:\/\/jornaltimoneiro.com.br\/#\/schema\/logo\/image\/\",\"url\":\"https:\/\/jornaltimoneiro.com.br\/wp-content\/uploads\/2023\/03\/logonovo.png\",\"contentUrl\":\"https:\/\/jornaltimoneiro.com.br\/wp-content\/uploads\/2023\/03\/logonovo.png\",\"width\":\"469\",\"height\":\"171\",\"caption\":\"Jornal Timoneiro Canoas RS\"},\"image\":{\"@id\":\"https:\/\/jornaltimoneiro.com.br\/#\/schema\/logo\/image\/\"},\"sameAs\":[\"https:\/\/www.facebook.com\/jornaltimoneiro\",\"https:\/\/twitter.com\/_OTimoneiro\",\"https:\/\/www.instagram.com\/jornaltimoneirocanoas\/\",\"https:\/\/www.youtube.com\/@jornalotimoneiro7927\"]},{\"@type\":\"Person\",\"@id\":\"https:\/\/jornaltimoneiro.com.br\/#\/schema\/person\/620efd1d8244466117482be494360b08\",\"name\":\"Reda\u00e7\u00e3o\",\"image\":{\"@type\":\"ImageObject\",\"inLanguage\":\"pt-BR\",\"@id\":\"https:\/\/jornaltimoneiro.com.br\/#\/schema\/person\/image\/\",\"url\":\"https:\/\/secure.gravatar.com\/avatar\/2f04e1b304682a8d9db336c7acd77f08?s=96&d=mm&r=g\",\"contentUrl\":\"https:\/\/secure.gravatar.com\/avatar\/2f04e1b304682a8d9db336c7acd77f08?s=96&d=mm&r=g\",\"caption\":\"Reda\u00e7\u00e3o\"},\"url\":\"https:\/\/jornaltimoneiro.com.br\/index.php\/author\/timoneirocanoas\/\"}]}<\/script>\n<!-- \/ Yoast SEO plugin. -->","yoast_head_json":{"title":"Aulas para o ensino fundamental e o infantil voltam em agosto - O Timoneiro Jornal Canoas RS","robots":{"index":"index","follow":"follow","max-snippet":"max-snippet:-1","max-image-preview":"max-image-preview:large","max-video-preview":"max-video-preview:-1"},"canonical":"https:\/\/jornaltimoneiro.com.br\/index.php\/2016\/07\/19\/aulas-para-o-ensino-fundamental-e-o-infantil-voltam-em-agosto\/","og_locale":"pt_BR","og_type":"article","og_title":"Aulas para o ensino fundamental e o infantil voltam em agosto - O Timoneiro Jornal Canoas RS","og_description":"Desde a segunda-feira, 18, os alunos do Ensino Fundamental da rede p\u00fablica de ensino do munic\u00edpio aproveitam o recesso escolar e permanecer\u00e3o sem aulas at\u00e9 o dia 1\u00ba de agosto. No mesmo dia retornam tamb\u00e9m os estudantes do ensino infantil, estes que come\u00e7am as f\u00e9rias de inverno na pr\u00f3xima segunda-feira, 25. Os pais manifestaram preocupa\u00e7\u00e3o [&hellip;]","og_url":"https:\/\/jornaltimoneiro.com.br\/index.php\/2016\/07\/19\/aulas-para-o-ensino-fundamental-e-o-infantil-voltam-em-agosto\/","og_site_name":"O Timoneiro Jornal Canoas RS","article_publisher":"https:\/\/www.facebook.com\/jornaltimoneiro","article_published_time":"2016-07-19T17:35:10+00:00","author":"Reda\u00e7\u00e3o","twitter_card":"summary_large_image","twitter_creator":"@_OTimoneiro","twitter_site":"@_OTimoneiro","twitter_misc":{"Escrito por":"Reda\u00e7\u00e3o","Est. tempo de leitura":"1 minuto"},"schema":{"@context":"https:\/\/schema.org","@graph":[{"@type":"Article","@id":"https:\/\/jornaltimoneiro.com.br\/index.php\/2016\/07\/19\/aulas-para-o-ensino-fundamental-e-o-infantil-voltam-em-agosto\/#article","isPartOf":{"@id":"https:\/\/jornaltimoneiro.com.br\/index.php\/2016\/07\/19\/aulas-para-o-ensino-fundamental-e-o-infantil-voltam-em-agosto\/"},"author":{"name":"Reda\u00e7\u00e3o","@id":"https:\/\/jornaltimoneiro.com.br\/#\/schema\/person\/620efd1d8244466117482be494360b08"},"headline":"Aulas para o ensino fundamental e o infantil voltam em agosto","datePublished":"2016-07-19T17:35:10+00:00","dateModified":"2016-07-19T17:35:10+00:00","mainEntityOfPage":{"@id":"https:\/\/jornaltimoneiro.com.br\/index.php\/2016\/07\/19\/aulas-para-o-ensino-fundamental-e-o-infantil-voltam-em-agosto\/"},"wordCount":206,"commentCount":0,"publisher":{"@id":"https:\/\/jornaltimoneiro.com.br\/#organization"},"articleSection":["Comunidade","Destaques","Ensino","Not\u00edcias"],"inLanguage":"pt-BR","potentialAction":[{"@type":"CommentAction","name":"Comment","target":["https:\/\/jornaltimoneiro.com.br\/index.php\/2016\/07\/19\/aulas-para-o-ensino-fundamental-e-o-infantil-voltam-em-agosto\/#respond"]}]},{"@type":"WebPage","@id":"https:\/\/jornaltimoneiro.com.br\/index.php\/2016\/07\/19\/aulas-para-o-ensino-fundamental-e-o-infantil-voltam-em-agosto\/","url":"https:\/\/jornaltimoneiro.com.br\/index.php\/2016\/07\/19\/aulas-para-o-ensino-fundamental-e-o-infantil-voltam-em-agosto\/","name":"Aulas para o ensino fundamental e o infantil voltam em agosto - O Timoneiro Jornal Canoas RS","isPartOf":{"@id":"https:\/\/jornaltimoneiro.com.br\/#website"},"datePublished":"2016-07-19T17:35:10+00:00","dateModified":"2016-07-19T17:35:10+00:00","breadcrumb":{"@id":"https:\/\/jornaltimoneiro.com.br\/index.php\/2016\/07\/19\/aulas-para-o-ensino-fundamental-e-o-infantil-voltam-em-agosto\/#breadcrumb"},"inLanguage":"pt-BR","potentialAction":[{"@type":"ReadAction","target":["https:\/\/jornaltimoneiro.com.br\/index.php\/2016\/07\/19\/aulas-para-o-ensino-fundamental-e-o-infantil-voltam-em-agosto\/"]}]},{"@type":"BreadcrumbList","@id":"https:\/\/jornaltimoneiro.com.br\/index.php\/2016\/07\/19\/aulas-para-o-ensino-fundamental-e-o-infantil-voltam-em-agosto\/#breadcrumb","itemListElement":[{"@type":"ListItem","position":1,"name":"In\u00edcio","item":"https:\/\/jornaltimoneiro.com.br\/"},{"@type":"ListItem","position":2,"name":"Aulas para o ensino fundamental e o infantil voltam em agosto"}]},{"@type":"WebSite","@id":"https:\/\/jornaltimoneiro.com.br\/#website","url":"https:\/\/jornaltimoneiro.com.br\/","name":"Jornal Timoneiro Canoas RS","description":"Jornal O Timoneiro, o verdadeiro jornal de Canoas","publisher":{"@id":"https:\/\/jornaltimoneiro.com.br\/#organization"},"potentialAction":[{"@type":"SearchAction","target":{"@type":"EntryPoint","urlTemplate":"https:\/\/jornaltimoneiro.com.br\/?s={search_term_string}"},"query-input":"required name=search_term_string"}],"inLanguage":"pt-BR"},{"@type":"Organization","@id":"https:\/\/jornaltimoneiro.com.br\/#organization","name":"Jornal Timoneiro Canoas RS","url":"https:\/\/jornaltimoneiro.com.br\/","logo":{"@type":"ImageObject","inLanguage":"pt-BR","@id":"https:\/\/jornaltimoneiro.com.br\/#\/schema\/logo\/image\/","url":"https:\/\/jornaltimoneiro.com.br\/wp-content\/uploads\/2023\/03\/logonovo.png","contentUrl":"https:\/\/jornaltimoneiro.com.br\/wp-content\/uploads\/2023\/03\/logonovo.png","width":"469","height":"171","caption":"Jornal Timoneiro Canoas RS"},"image":{"@id":"https:\/\/jornaltimoneiro.com.br\/#\/schema\/logo\/image\/"},"sameAs":["https:\/\/www.facebook.com\/jornaltimoneiro","https:\/\/twitter.com\/_OTimoneiro","https:\/\/www.instagram.com\/jornaltimoneirocanoas\/","https:\/\/www.youtube.com\/@jornalotimoneiro7927"]},{"@type":"Person","@id":"https:\/\/jornaltimoneiro.com.br\/#\/schema\/person\/620efd1d8244466117482be494360b08","name":"Reda\u00e7\u00e3o","image":{"@type":"ImageObject","inLanguage":"pt-BR","@id":"https:\/\/jornaltimoneiro.com.br\/#\/schema\/person\/image\/","url":"https:\/\/secure.gravatar.com\/avatar\/2f04e1b304682a8d9db336c7acd77f08?s=96&d=mm&r=g","contentUrl":"https:\/\/secure.gravatar.com\/avatar\/2f04e1b304682a8d9db336c7acd77f08?s=96&d=mm&r=g","caption":"Reda\u00e7\u00e3o"},"url":"https:\/\/jornaltimoneiro.com.br\/index.php\/author\/timoneirocanoas\/"}]}},"_links":{"self":[{"href":"https:\/\/jornaltimoneiro.com.br\/index.php\/wp-json\/wp\/v2\/posts\/4517"}],"collection":[{"href":"https:\/\/jornaltimoneiro.com.br\/index.php\/wp-json\/wp\/v2\/posts"}],"about":[{"href":"https:\/\/jornaltimoneiro.com.br\/index.php\/wp-json\/wp\/v2\/types\/post"}],"author":[{"embeddable":true,"href":"https:\/\/jornaltimoneiro.com.br\/index.php\/wp-json\/wp\/v2\/users\/1"}],"replies":[{"embeddable":true,"href":"https:\/\/jornaltimoneiro.com.br\/index.php\/wp-json\/wp\/v2\/comments?post=4517"}],"version-history":[{"count":0,"href":"https:\/\/jornaltimoneiro.com.br\/index.php\/wp-json\/wp\/v2\/posts\/4517\/revisions"}],"wp:featuredmedia":[{"embeddable":true,"href":"https:\/\/jornaltimoneiro.com.br\/index.php\/wp-json\/"}],"wp:attachment":[{"href":"https:\/\/jornaltimoneiro.com.br\/index.php\/wp-json\/wp\/v2\/media?parent=4517"}],"wp:term":[{"taxonomy":"category","embeddable":true,"href":"https:\/\/jornaltimoneiro.com.br\/index.php\/wp-json\/wp\/v2\/categories?post=4517"},{"taxonomy":"post_tag","embeddable":true,"href":"https:\/\/jornaltimoneiro.com.br\/index.php\/wp-json\/wp\/v2\/tags?post=4517"}],"curies":[{"name":"wp","href":"https:\/\/api.w.org\/{rel}","templated":true}]}}