{"id":4486,"date":"2016-07-15T11:55:26","date_gmt":"2016-07-15T14:55:26","guid":{"rendered":"http:\/\/otimoneiro.com.br\/?p=4486"},"modified":"2016-07-15T11:55:26","modified_gmt":"2016-07-15T14:55:26","slug":"espetaculo-circense-chocolaj-gratuito-no-teatro-do-sesc","status":"publish","type":"post","link":"https:\/\/jornaltimoneiro.com.br\/index.php\/2016\/07\/15\/espetaculo-circense-chocolaj-gratuito-no-teatro-do-sesc\/","title":{"rendered":"Espet\u00e1culo circense \u201cChocola\u2019j\u201d gratuito no Teatro do Sesc"},"content":{"rendered":"<div id=\"attachment_4487\" style=\"width: 620px\" class=\"wp-caption aligncenter\"><a href=\"http:\/\/otimoneiro.com.br\/wp-content\/uploads\/2016\/07\/foto-chocola\u00b4j.jpg\"><img decoding=\"async\" aria-describedby=\"caption-attachment-4487\" class=\" wp-image-4487\" src=\"http:\/\/otimoneiro.com.br\/wp-content\/uploads\/2016\/07\/foto-chocola\u00b4j-1024x683.jpg\" alt=\"Espet\u00e1culo Chocola\u00b4j. Foto: Divulga\u00e7\u00e3o\/Sesc\" width=\"610\" height=\"407\" \/><\/a><p id=\"caption-attachment-4487\" class=\"wp-caption-text\">Espet\u00e1culo Chocola\u00b4j. Foto: Divulga\u00e7\u00e3o\/Sesc<\/p><\/div>\n<p>Nos dias 17 e 18 de julho, Canoas recebe o espet\u00e1culo circense \u201cChocola\u2019j\u201d. A pe\u00e7a, do grupo Circo Girassol, mistura lenda \u00e0 hist\u00f3ria e conta a origem do cacau, fruta oriunda da Am\u00e9rica Latina, e o seu saboroso produto: o chocolate. As sess\u00f5es s\u00e3o gratuitas e est\u00e3o programadas para as 16 horas do domingo, 17, e \u00e0s 14h30min da segunda-feira, 18, no Teatro do Sesc Canoas (Av. Guilherme Schell, 5340).<\/p>\n<p>\u201cChocola\u2019j\u201d conta a lenda do deus Asteca, Quetzcoalt, que querendo dar aos mortais algo que os enchesse de energia e prazer, foi aos campos luminosos do Reino do Sol e l\u00e1 colheu as sementes da \u00e1rvore sagrada e as ofereceu aos homens. Este trabalho alia as t\u00e9cnicas circenses, a narrativa teatral, os ritmos latinos, a alegria e o colorido do picadeiro.<\/p>\n<p>&nbsp;<\/p>\n<h3>Servi\u00e7o<\/h3>\n<p><strong>O que:<\/strong> Espet\u00e1culo \u201cChocola\u2019j\u201d, do Grupo Circo Girassol;<\/p>\n<p><strong>Quando:<\/strong> 17 de julho (16 horas) e 18 de julho (14h30min);<\/p>\n<p><strong>Onde:<\/strong> Teatro do Sesc Canoas (Av. Guilherme Schell, 5340);<\/p>\n<p><strong>Quanto:<\/strong> Entrada franca. Agendamento de escolas municipais deve ser feito pelo telefone (51) 3456-2013.<\/p>\n","protected":false},"excerpt":{"rendered":"<p>Nos dias 17 e 18 de julho, Canoas recebe o espet\u00e1culo circense \u201cChocola\u2019j\u201d. A pe\u00e7a, do grupo Circo Girassol, mistura lenda \u00e0 hist\u00f3ria e conta a origem do cacau, fruta oriunda da Am\u00e9rica Latina, e o seu saboroso produto: o chocolate. As sess\u00f5es s\u00e3o gratuitas e est\u00e3o programadas para as 16 horas do domingo, 17, [&hellip;]<\/p>\n","protected":false},"author":1,"featured_media":4487,"comment_status":"open","ping_status":"open","sticky":false,"template":"","format":"standard","meta":{"amp_status":"","footnotes":""},"categories":[25,76,19,22],"tags":[],"class_list":["post-4486","post","type-post","status-publish","format-standard","has-post-thumbnail","hentry","category-comunidade","category-cultura","category-destaques","category-noticias"],"yoast_head":"<!-- This site is optimized with the Yoast SEO plugin v20.5 - https:\/\/yoast.com\/wordpress\/plugins\/seo\/ -->\n<title>Espet\u00e1culo circense \u201cChocola\u2019j\u201d gratuito no Teatro do Sesc - O Timoneiro Jornal Canoas RS<\/title>\n<meta name=\"robots\" content=\"index, follow, max-snippet:-1, max-image-preview:large, max-video-preview:-1\" \/>\n<link rel=\"canonical\" href=\"https:\/\/jornaltimoneiro.com.br\/index.php\/2016\/07\/15\/espetaculo-circense-chocolaj-gratuito-no-teatro-do-sesc\/\" \/>\n<meta property=\"og:locale\" content=\"pt_BR\" \/>\n<meta property=\"og:type\" content=\"article\" \/>\n<meta property=\"og:title\" content=\"Espet\u00e1culo circense \u201cChocola\u2019j\u201d gratuito no Teatro do Sesc - O Timoneiro Jornal Canoas RS\" \/>\n<meta property=\"og:description\" content=\"Nos dias 17 e 18 de julho, Canoas recebe o espet\u00e1culo circense \u201cChocola\u2019j\u201d. A pe\u00e7a, do grupo Circo Girassol, mistura lenda \u00e0 hist\u00f3ria e conta a origem do cacau, fruta oriunda da Am\u00e9rica Latina, e o seu saboroso produto: o chocolate. As sess\u00f5es s\u00e3o gratuitas e est\u00e3o programadas para as 16 horas do domingo, 17, [&hellip;]\" \/>\n<meta property=\"og:url\" content=\"https:\/\/jornaltimoneiro.com.br\/index.php\/2016\/07\/15\/espetaculo-circense-chocolaj-gratuito-no-teatro-do-sesc\/\" \/>\n<meta property=\"og:site_name\" content=\"O Timoneiro Jornal Canoas RS\" \/>\n<meta property=\"article:publisher\" content=\"https:\/\/www.facebook.com\/jornaltimoneiro\" \/>\n<meta property=\"article:published_time\" content=\"2016-07-15T14:55:26+00:00\" \/>\n<meta name=\"author\" content=\"Reda\u00e7\u00e3o\" \/>\n<meta name=\"twitter:card\" content=\"summary_large_image\" \/>\n<meta name=\"twitter:creator\" content=\"@_OTimoneiro\" \/>\n<meta name=\"twitter:site\" content=\"@_OTimoneiro\" \/>\n<meta name=\"twitter:label1\" content=\"Escrito por\" \/>\n\t<meta name=\"twitter:data1\" content=\"Reda\u00e7\u00e3o\" \/>\n\t<meta name=\"twitter:label2\" content=\"Est. tempo de leitura\" \/>\n\t<meta name=\"twitter:data2\" content=\"1 minuto\" \/>\n<script type=\"application\/ld+json\" class=\"yoast-schema-graph\">{\"@context\":\"https:\/\/schema.org\",\"@graph\":[{\"@type\":\"Article\",\"@id\":\"https:\/\/jornaltimoneiro.com.br\/index.php\/2016\/07\/15\/espetaculo-circense-chocolaj-gratuito-no-teatro-do-sesc\/#article\",\"isPartOf\":{\"@id\":\"https:\/\/jornaltimoneiro.com.br\/index.php\/2016\/07\/15\/espetaculo-circense-chocolaj-gratuito-no-teatro-do-sesc\/\"},\"author\":{\"name\":\"Reda\u00e7\u00e3o\",\"@id\":\"https:\/\/jornaltimoneiro.com.br\/#\/schema\/person\/620efd1d8244466117482be494360b08\"},\"headline\":\"Espet\u00e1culo circense \u201cChocola\u2019j\u201d gratuito no Teatro do Sesc\",\"datePublished\":\"2016-07-15T14:55:26+00:00\",\"dateModified\":\"2016-07-15T14:55:26+00:00\",\"mainEntityOfPage\":{\"@id\":\"https:\/\/jornaltimoneiro.com.br\/index.php\/2016\/07\/15\/espetaculo-circense-chocolaj-gratuito-no-teatro-do-sesc\/\"},\"wordCount\":203,\"commentCount\":0,\"publisher\":{\"@id\":\"https:\/\/jornaltimoneiro.com.br\/#organization\"},\"articleSection\":[\"Comunidade\",\"Cultura\",\"Destaques\",\"Not\u00edcias\"],\"inLanguage\":\"pt-BR\",\"potentialAction\":[{\"@type\":\"CommentAction\",\"name\":\"Comment\",\"target\":[\"https:\/\/jornaltimoneiro.com.br\/index.php\/2016\/07\/15\/espetaculo-circense-chocolaj-gratuito-no-teatro-do-sesc\/#respond\"]}]},{\"@type\":\"WebPage\",\"@id\":\"https:\/\/jornaltimoneiro.com.br\/index.php\/2016\/07\/15\/espetaculo-circense-chocolaj-gratuito-no-teatro-do-sesc\/\",\"url\":\"https:\/\/jornaltimoneiro.com.br\/index.php\/2016\/07\/15\/espetaculo-circense-chocolaj-gratuito-no-teatro-do-sesc\/\",\"name\":\"Espet\u00e1culo circense \u201cChocola\u2019j\u201d gratuito no Teatro do Sesc - O Timoneiro Jornal Canoas RS\",\"isPartOf\":{\"@id\":\"https:\/\/jornaltimoneiro.com.br\/#website\"},\"datePublished\":\"2016-07-15T14:55:26+00:00\",\"dateModified\":\"2016-07-15T14:55:26+00:00\",\"breadcrumb\":{\"@id\":\"https:\/\/jornaltimoneiro.com.br\/index.php\/2016\/07\/15\/espetaculo-circense-chocolaj-gratuito-no-teatro-do-sesc\/#breadcrumb\"},\"inLanguage\":\"pt-BR\",\"potentialAction\":[{\"@type\":\"ReadAction\",\"target\":[\"https:\/\/jornaltimoneiro.com.br\/index.php\/2016\/07\/15\/espetaculo-circense-chocolaj-gratuito-no-teatro-do-sesc\/\"]}]},{\"@type\":\"BreadcrumbList\",\"@id\":\"https:\/\/jornaltimoneiro.com.br\/index.php\/2016\/07\/15\/espetaculo-circense-chocolaj-gratuito-no-teatro-do-sesc\/#breadcrumb\",\"itemListElement\":[{\"@type\":\"ListItem\",\"position\":1,\"name\":\"In\u00edcio\",\"item\":\"https:\/\/jornaltimoneiro.com.br\/\"},{\"@type\":\"ListItem\",\"position\":2,\"name\":\"Espet\u00e1culo circense \u201cChocola\u2019j\u201d gratuito no Teatro do Sesc\"}]},{\"@type\":\"WebSite\",\"@id\":\"https:\/\/jornaltimoneiro.com.br\/#website\",\"url\":\"https:\/\/jornaltimoneiro.com.br\/\",\"name\":\"Jornal Timoneiro Canoas RS\",\"description\":\"Jornal O Timoneiro, o verdadeiro jornal de Canoas\",\"publisher\":{\"@id\":\"https:\/\/jornaltimoneiro.com.br\/#organization\"},\"potentialAction\":[{\"@type\":\"SearchAction\",\"target\":{\"@type\":\"EntryPoint\",\"urlTemplate\":\"https:\/\/jornaltimoneiro.com.br\/?s={search_term_string}\"},\"query-input\":\"required name=search_term_string\"}],\"inLanguage\":\"pt-BR\"},{\"@type\":\"Organization\",\"@id\":\"https:\/\/jornaltimoneiro.com.br\/#organization\",\"name\":\"Jornal Timoneiro Canoas RS\",\"url\":\"https:\/\/jornaltimoneiro.com.br\/\",\"logo\":{\"@type\":\"ImageObject\",\"inLanguage\":\"pt-BR\",\"@id\":\"https:\/\/jornaltimoneiro.com.br\/#\/schema\/logo\/image\/\",\"url\":\"https:\/\/jornaltimoneiro.com.br\/wp-content\/uploads\/2023\/03\/logonovo.png\",\"contentUrl\":\"https:\/\/jornaltimoneiro.com.br\/wp-content\/uploads\/2023\/03\/logonovo.png\",\"width\":\"469\",\"height\":\"171\",\"caption\":\"Jornal Timoneiro Canoas RS\"},\"image\":{\"@id\":\"https:\/\/jornaltimoneiro.com.br\/#\/schema\/logo\/image\/\"},\"sameAs\":[\"https:\/\/www.facebook.com\/jornaltimoneiro\",\"https:\/\/twitter.com\/_OTimoneiro\",\"https:\/\/www.instagram.com\/jornaltimoneirocanoas\/\",\"https:\/\/www.youtube.com\/@jornalotimoneiro7927\"]},{\"@type\":\"Person\",\"@id\":\"https:\/\/jornaltimoneiro.com.br\/#\/schema\/person\/620efd1d8244466117482be494360b08\",\"name\":\"Reda\u00e7\u00e3o\",\"image\":{\"@type\":\"ImageObject\",\"inLanguage\":\"pt-BR\",\"@id\":\"https:\/\/jornaltimoneiro.com.br\/#\/schema\/person\/image\/\",\"url\":\"https:\/\/secure.gravatar.com\/avatar\/2f04e1b304682a8d9db336c7acd77f08?s=96&d=mm&r=g\",\"contentUrl\":\"https:\/\/secure.gravatar.com\/avatar\/2f04e1b304682a8d9db336c7acd77f08?s=96&d=mm&r=g\",\"caption\":\"Reda\u00e7\u00e3o\"},\"url\":\"https:\/\/jornaltimoneiro.com.br\/index.php\/author\/timoneirocanoas\/\"}]}<\/script>\n<!-- \/ Yoast SEO plugin. -->","yoast_head_json":{"title":"Espet\u00e1culo circense \u201cChocola\u2019j\u201d gratuito no Teatro do Sesc - O Timoneiro Jornal Canoas RS","robots":{"index":"index","follow":"follow","max-snippet":"max-snippet:-1","max-image-preview":"max-image-preview:large","max-video-preview":"max-video-preview:-1"},"canonical":"https:\/\/jornaltimoneiro.com.br\/index.php\/2016\/07\/15\/espetaculo-circense-chocolaj-gratuito-no-teatro-do-sesc\/","og_locale":"pt_BR","og_type":"article","og_title":"Espet\u00e1culo circense \u201cChocola\u2019j\u201d gratuito no Teatro do Sesc - O Timoneiro Jornal Canoas RS","og_description":"Nos dias 17 e 18 de julho, Canoas recebe o espet\u00e1culo circense \u201cChocola\u2019j\u201d. A pe\u00e7a, do grupo Circo Girassol, mistura lenda \u00e0 hist\u00f3ria e conta a origem do cacau, fruta oriunda da Am\u00e9rica Latina, e o seu saboroso produto: o chocolate. As sess\u00f5es s\u00e3o gratuitas e est\u00e3o programadas para as 16 horas do domingo, 17, [&hellip;]","og_url":"https:\/\/jornaltimoneiro.com.br\/index.php\/2016\/07\/15\/espetaculo-circense-chocolaj-gratuito-no-teatro-do-sesc\/","og_site_name":"O Timoneiro Jornal Canoas RS","article_publisher":"https:\/\/www.facebook.com\/jornaltimoneiro","article_published_time":"2016-07-15T14:55:26+00:00","author":"Reda\u00e7\u00e3o","twitter_card":"summary_large_image","twitter_creator":"@_OTimoneiro","twitter_site":"@_OTimoneiro","twitter_misc":{"Escrito por":"Reda\u00e7\u00e3o","Est. tempo de leitura":"1 minuto"},"schema":{"@context":"https:\/\/schema.org","@graph":[{"@type":"Article","@id":"https:\/\/jornaltimoneiro.com.br\/index.php\/2016\/07\/15\/espetaculo-circense-chocolaj-gratuito-no-teatro-do-sesc\/#article","isPartOf":{"@id":"https:\/\/jornaltimoneiro.com.br\/index.php\/2016\/07\/15\/espetaculo-circense-chocolaj-gratuito-no-teatro-do-sesc\/"},"author":{"name":"Reda\u00e7\u00e3o","@id":"https:\/\/jornaltimoneiro.com.br\/#\/schema\/person\/620efd1d8244466117482be494360b08"},"headline":"Espet\u00e1culo circense \u201cChocola\u2019j\u201d gratuito no Teatro do Sesc","datePublished":"2016-07-15T14:55:26+00:00","dateModified":"2016-07-15T14:55:26+00:00","mainEntityOfPage":{"@id":"https:\/\/jornaltimoneiro.com.br\/index.php\/2016\/07\/15\/espetaculo-circense-chocolaj-gratuito-no-teatro-do-sesc\/"},"wordCount":203,"commentCount":0,"publisher":{"@id":"https:\/\/jornaltimoneiro.com.br\/#organization"},"articleSection":["Comunidade","Cultura","Destaques","Not\u00edcias"],"inLanguage":"pt-BR","potentialAction":[{"@type":"CommentAction","name":"Comment","target":["https:\/\/jornaltimoneiro.com.br\/index.php\/2016\/07\/15\/espetaculo-circense-chocolaj-gratuito-no-teatro-do-sesc\/#respond"]}]},{"@type":"WebPage","@id":"https:\/\/jornaltimoneiro.com.br\/index.php\/2016\/07\/15\/espetaculo-circense-chocolaj-gratuito-no-teatro-do-sesc\/","url":"https:\/\/jornaltimoneiro.com.br\/index.php\/2016\/07\/15\/espetaculo-circense-chocolaj-gratuito-no-teatro-do-sesc\/","name":"Espet\u00e1culo circense \u201cChocola\u2019j\u201d gratuito no Teatro do Sesc - O Timoneiro Jornal Canoas RS","isPartOf":{"@id":"https:\/\/jornaltimoneiro.com.br\/#website"},"datePublished":"2016-07-15T14:55:26+00:00","dateModified":"2016-07-15T14:55:26+00:00","breadcrumb":{"@id":"https:\/\/jornaltimoneiro.com.br\/index.php\/2016\/07\/15\/espetaculo-circense-chocolaj-gratuito-no-teatro-do-sesc\/#breadcrumb"},"inLanguage":"pt-BR","potentialAction":[{"@type":"ReadAction","target":["https:\/\/jornaltimoneiro.com.br\/index.php\/2016\/07\/15\/espetaculo-circense-chocolaj-gratuito-no-teatro-do-sesc\/"]}]},{"@type":"BreadcrumbList","@id":"https:\/\/jornaltimoneiro.com.br\/index.php\/2016\/07\/15\/espetaculo-circense-chocolaj-gratuito-no-teatro-do-sesc\/#breadcrumb","itemListElement":[{"@type":"ListItem","position":1,"name":"In\u00edcio","item":"https:\/\/jornaltimoneiro.com.br\/"},{"@type":"ListItem","position":2,"name":"Espet\u00e1culo circense \u201cChocola\u2019j\u201d gratuito no Teatro do Sesc"}]},{"@type":"WebSite","@id":"https:\/\/jornaltimoneiro.com.br\/#website","url":"https:\/\/jornaltimoneiro.com.br\/","name":"Jornal Timoneiro Canoas RS","description":"Jornal O Timoneiro, o verdadeiro jornal de Canoas","publisher":{"@id":"https:\/\/jornaltimoneiro.com.br\/#organization"},"potentialAction":[{"@type":"SearchAction","target":{"@type":"EntryPoint","urlTemplate":"https:\/\/jornaltimoneiro.com.br\/?s={search_term_string}"},"query-input":"required name=search_term_string"}],"inLanguage":"pt-BR"},{"@type":"Organization","@id":"https:\/\/jornaltimoneiro.com.br\/#organization","name":"Jornal Timoneiro Canoas RS","url":"https:\/\/jornaltimoneiro.com.br\/","logo":{"@type":"ImageObject","inLanguage":"pt-BR","@id":"https:\/\/jornaltimoneiro.com.br\/#\/schema\/logo\/image\/","url":"https:\/\/jornaltimoneiro.com.br\/wp-content\/uploads\/2023\/03\/logonovo.png","contentUrl":"https:\/\/jornaltimoneiro.com.br\/wp-content\/uploads\/2023\/03\/logonovo.png","width":"469","height":"171","caption":"Jornal Timoneiro Canoas RS"},"image":{"@id":"https:\/\/jornaltimoneiro.com.br\/#\/schema\/logo\/image\/"},"sameAs":["https:\/\/www.facebook.com\/jornaltimoneiro","https:\/\/twitter.com\/_OTimoneiro","https:\/\/www.instagram.com\/jornaltimoneirocanoas\/","https:\/\/www.youtube.com\/@jornalotimoneiro7927"]},{"@type":"Person","@id":"https:\/\/jornaltimoneiro.com.br\/#\/schema\/person\/620efd1d8244466117482be494360b08","name":"Reda\u00e7\u00e3o","image":{"@type":"ImageObject","inLanguage":"pt-BR","@id":"https:\/\/jornaltimoneiro.com.br\/#\/schema\/person\/image\/","url":"https:\/\/secure.gravatar.com\/avatar\/2f04e1b304682a8d9db336c7acd77f08?s=96&d=mm&r=g","contentUrl":"https:\/\/secure.gravatar.com\/avatar\/2f04e1b304682a8d9db336c7acd77f08?s=96&d=mm&r=g","caption":"Reda\u00e7\u00e3o"},"url":"https:\/\/jornaltimoneiro.com.br\/index.php\/author\/timoneirocanoas\/"}]}},"_links":{"self":[{"href":"https:\/\/jornaltimoneiro.com.br\/index.php\/wp-json\/wp\/v2\/posts\/4486"}],"collection":[{"href":"https:\/\/jornaltimoneiro.com.br\/index.php\/wp-json\/wp\/v2\/posts"}],"about":[{"href":"https:\/\/jornaltimoneiro.com.br\/index.php\/wp-json\/wp\/v2\/types\/post"}],"author":[{"embeddable":true,"href":"https:\/\/jornaltimoneiro.com.br\/index.php\/wp-json\/wp\/v2\/users\/1"}],"replies":[{"embeddable":true,"href":"https:\/\/jornaltimoneiro.com.br\/index.php\/wp-json\/wp\/v2\/comments?post=4486"}],"version-history":[{"count":0,"href":"https:\/\/jornaltimoneiro.com.br\/index.php\/wp-json\/wp\/v2\/posts\/4486\/revisions"}],"wp:featuredmedia":[{"embeddable":true,"href":"https:\/\/jornaltimoneiro.com.br\/index.php\/wp-json\/"}],"wp:attachment":[{"href":"https:\/\/jornaltimoneiro.com.br\/index.php\/wp-json\/wp\/v2\/media?parent=4486"}],"wp:term":[{"taxonomy":"category","embeddable":true,"href":"https:\/\/jornaltimoneiro.com.br\/index.php\/wp-json\/wp\/v2\/categories?post=4486"},{"taxonomy":"post_tag","embeddable":true,"href":"https:\/\/jornaltimoneiro.com.br\/index.php\/wp-json\/wp\/v2\/tags?post=4486"}],"curies":[{"name":"wp","href":"https:\/\/api.w.org\/{rel}","templated":true}]}}