{"id":4476,"date":"2016-07-15T10:03:09","date_gmt":"2016-07-15T13:03:09","guid":{"rendered":"http:\/\/otimoneiro.com.br\/?p=4476"},"modified":"2016-07-15T10:03:09","modified_gmt":"2016-07-15T13:03:09","slug":"32a-feira-do-livro-de-canoas-tem-os-piores-numeros-dos-ultimos-anos","status":"publish","type":"post","link":"https:\/\/jornaltimoneiro.com.br\/index.php\/2016\/07\/15\/32a-feira-do-livro-de-canoas-tem-os-piores-numeros-dos-ultimos-anos\/","title":{"rendered":"Feira do Livro de Canoas tem os piores n\u00fameros dos \u00faltimos anos"},"content":{"rendered":"<p><a href=\"http:\/\/otimoneiro.com.br\/wp-content\/uploads\/2016\/07\/FEIRA_WEB.jpg\"><img decoding=\"async\" class=\"aligncenter  wp-image-4477\" src=\"http:\/\/otimoneiro.com.br\/wp-content\/uploads\/2016\/07\/FEIRA_WEB-1024x573.jpg\" alt=\"FEIRA_WEB\" width=\"620\" height=\"347\" \/><\/a><\/p>\n<p>Por <em><strong>Bruno Lara<\/strong><\/em><br \/>\n@bruno_lds<\/p>\n<p>&nbsp;<\/p>\n<p>Os n\u00fameros divulgados na \u00faltima semana da 32\u00aa Feira do Livro de Canoas, que teve a sua primeira edi\u00e7\u00e3o em 1986, preocupam os expositores. Segundo a diretora de Cidadania da Secretaria Municipal da Cultura (SMC), Andrea Falkenberg, em entrevista ao jornal Di\u00e1rio de Canoas na ter\u00e7a-feira, 12, por\u00e9m, foi \u201ca melhor feira dos \u00faltimos anos\u201d, afirmou.<\/p>\n<p>Embora os dados oficiais revelem um p\u00fablico agendado de 38.776 mil pessoas, as vendas despencaram nesta edi\u00e7\u00e3o, mesmo que a organiza\u00e7\u00e3o tenha investido em fortes nomes da cultura nacional. Ao todo, foram 9.294 livros vendidos, arrendando R$ 142.807,28. O n\u00famero \u00e9 preocupante em rela\u00e7\u00e3o com os do ano passado, onde 25.679 exemplares foram vendidos, levantando cerca de R$ 366 mil.<\/p>\n<p>&nbsp;<\/p>\n<h3>Prefeitura: economia \u201cn\u00e3o \u00e9 o que nos pauta\u201d<\/h3>\n<p>Questionada sobre os n\u00fameros, a Prefeitura colocou a culpa na crise econ\u00f4mica. \u201cAno passado o mercado editorial apresentou uma queda de 35%, na qual Canoas n\u00e3o foi impactada. Contudo, este ano, n\u00e3o foi poss\u00edvel escapar desse cen\u00e1rio\u201d, ressaltou lembrando que, para a pr\u00f3xima edi\u00e7\u00e3o, a meta \u201c\u00e9 o aumento na margem de descontos dos livros\u201d. \u201cA face econ\u00f4mica \u00e9 importante, mas n\u00e3o \u00e9 o que nos pauta, prova disso \u00e9 a ecl\u00e9tica e qualificada programa\u00e7\u00e3o, que visa, acima de tudo, incentivar \u00e0 leitura\u201d. A respeito do coment\u00e1rio sobre a \u201cmelhor Feira dos \u00faltimos anos\u201d, respondeu que foi relativo as atra\u00e7\u00f5es. \u201cPor certo que do ponto de vista da efervesc\u00eancia e pot\u00eancia de escritores e das atividades\u201d.<\/p>\n<p>A respeito dos <a href=\"https:\/\/www.google.com.br\/url?sa=t&amp;rct=j&amp;q=&amp;esrc=s&amp;source=web&amp;cd=2&amp;cad=rja&amp;uact=8&amp;ved=0ahUKEwiEzffTw_XNAhVDTZAKHUyYCn0QFggiMAE&amp;url=http%3A%2F%2Fotimoneiro.com.br%2Frecital-de-bethania-em-canoas-e-marcado-por-manifestacao%2F&amp;usg=AFQjCNFbP2qi2qsJNauUpn-u66oVYbOk5A&amp;sig2=eLJgcn5dytVpYjx-eh12OA&amp;bvm=bv.127178174,d.Y2I\">questionamentos sobre a distribui\u00e7\u00e3o dos convites para o recital-po\u00e9tico de Maria Beth\u00e2nia<\/a>, o \u00f3rg\u00e3o esclareceu que os convites para o espet\u00e1culo foram distribu\u00eddos em cotas entre a artista, o Sesc, a Prefeitura, a imprensa e os patrocinadores, al\u00e9m dos distribu\u00eddos na Pra\u00e7a da B\u00edblia. \u201cEncargo este (distribui\u00e7\u00e3o) que ficou com a Secretaria Municipal de Projetos Especiais, Capta\u00e7\u00e3o e Inova\u00e7\u00e3o (SMPECI), justamente por ser quem faz a capta\u00e7\u00e3o de recursos junto \u00e0s empresas p\u00fablicas e privadas, por meio da Lei de Incentivo \u00e0 Cultura e da Lei Rouanet. Por isso que muitos convidados disseram que receberam da secret\u00e1ria Thais Pena, \u00e9 a secret\u00e1ria da SMPECI, estabelecendo-se, aqui, a natural fus\u00e3o entre a pessoa e a secretaria. Sobre a vice-prefeita Beth Colombo &#8211; licenciada da fun\u00e7\u00e3o -, de fato, ela passou seu convite, pois estava impossibilitada de comparecer ao evento por for\u00e7a da lei eleitoral\u201d, respondeu.<\/p>\n","protected":false},"excerpt":{"rendered":"<p>Por Bruno Lara @bruno_lds &nbsp; Os n\u00fameros divulgados na \u00faltima semana da 32\u00aa Feira do Livro de Canoas, que teve a sua primeira edi\u00e7\u00e3o em 1986, preocupam os expositores. Segundo a diretora de Cidadania da Secretaria Municipal da Cultura (SMC), Andrea Falkenberg, em entrevista ao jornal Di\u00e1rio de Canoas na ter\u00e7a-feira, 12, por\u00e9m, foi \u201ca [&hellip;]<\/p>\n","protected":false},"author":1,"featured_media":4477,"comment_status":"open","ping_status":"open","sticky":false,"template":"","format":"standard","meta":{"amp_status":"","footnotes":""},"categories":[25,76,19,22],"tags":[],"class_list":["post-4476","post","type-post","status-publish","format-standard","has-post-thumbnail","hentry","category-comunidade","category-cultura","category-destaques","category-noticias"],"yoast_head":"<!-- This site is optimized with the Yoast SEO plugin v20.5 - https:\/\/yoast.com\/wordpress\/plugins\/seo\/ -->\n<title>Feira do Livro de Canoas tem os piores n\u00fameros dos \u00faltimos anos - O Timoneiro Jornal Canoas RS<\/title>\n<meta name=\"robots\" content=\"index, follow, max-snippet:-1, max-image-preview:large, max-video-preview:-1\" \/>\n<link rel=\"canonical\" href=\"https:\/\/jornaltimoneiro.com.br\/index.php\/2016\/07\/15\/32a-feira-do-livro-de-canoas-tem-os-piores-numeros-dos-ultimos-anos\/\" \/>\n<meta property=\"og:locale\" content=\"pt_BR\" \/>\n<meta property=\"og:type\" content=\"article\" \/>\n<meta property=\"og:title\" content=\"Feira do Livro de Canoas tem os piores n\u00fameros dos \u00faltimos anos - O Timoneiro Jornal Canoas RS\" \/>\n<meta property=\"og:description\" content=\"Por Bruno Lara @bruno_lds &nbsp; Os n\u00fameros divulgados na \u00faltima semana da 32\u00aa Feira do Livro de Canoas, que teve a sua primeira edi\u00e7\u00e3o em 1986, preocupam os expositores. Segundo a diretora de Cidadania da Secretaria Municipal da Cultura (SMC), Andrea Falkenberg, em entrevista ao jornal Di\u00e1rio de Canoas na ter\u00e7a-feira, 12, por\u00e9m, foi \u201ca [&hellip;]\" \/>\n<meta property=\"og:url\" content=\"https:\/\/jornaltimoneiro.com.br\/index.php\/2016\/07\/15\/32a-feira-do-livro-de-canoas-tem-os-piores-numeros-dos-ultimos-anos\/\" \/>\n<meta property=\"og:site_name\" content=\"O Timoneiro Jornal Canoas RS\" \/>\n<meta property=\"article:publisher\" content=\"https:\/\/www.facebook.com\/jornaltimoneiro\" \/>\n<meta property=\"article:published_time\" content=\"2016-07-15T13:03:09+00:00\" \/>\n<meta name=\"author\" content=\"Reda\u00e7\u00e3o\" \/>\n<meta name=\"twitter:card\" content=\"summary_large_image\" \/>\n<meta name=\"twitter:creator\" content=\"@_OTimoneiro\" \/>\n<meta name=\"twitter:site\" content=\"@_OTimoneiro\" \/>\n<meta name=\"twitter:label1\" content=\"Escrito por\" \/>\n\t<meta name=\"twitter:data1\" content=\"Reda\u00e7\u00e3o\" \/>\n\t<meta name=\"twitter:label2\" content=\"Est. tempo de leitura\" \/>\n\t<meta name=\"twitter:data2\" content=\"2 minutos\" \/>\n<script type=\"application\/ld+json\" class=\"yoast-schema-graph\">{\"@context\":\"https:\/\/schema.org\",\"@graph\":[{\"@type\":\"Article\",\"@id\":\"https:\/\/jornaltimoneiro.com.br\/index.php\/2016\/07\/15\/32a-feira-do-livro-de-canoas-tem-os-piores-numeros-dos-ultimos-anos\/#article\",\"isPartOf\":{\"@id\":\"https:\/\/jornaltimoneiro.com.br\/index.php\/2016\/07\/15\/32a-feira-do-livro-de-canoas-tem-os-piores-numeros-dos-ultimos-anos\/\"},\"author\":{\"name\":\"Reda\u00e7\u00e3o\",\"@id\":\"https:\/\/jornaltimoneiro.com.br\/#\/schema\/person\/620efd1d8244466117482be494360b08\"},\"headline\":\"Feira do Livro de Canoas tem os piores n\u00fameros dos \u00faltimos anos\",\"datePublished\":\"2016-07-15T13:03:09+00:00\",\"dateModified\":\"2016-07-15T13:03:09+00:00\",\"mainEntityOfPage\":{\"@id\":\"https:\/\/jornaltimoneiro.com.br\/index.php\/2016\/07\/15\/32a-feira-do-livro-de-canoas-tem-os-piores-numeros-dos-ultimos-anos\/\"},\"wordCount\":436,\"commentCount\":0,\"publisher\":{\"@id\":\"https:\/\/jornaltimoneiro.com.br\/#organization\"},\"articleSection\":[\"Comunidade\",\"Cultura\",\"Destaques\",\"Not\u00edcias\"],\"inLanguage\":\"pt-BR\",\"potentialAction\":[{\"@type\":\"CommentAction\",\"name\":\"Comment\",\"target\":[\"https:\/\/jornaltimoneiro.com.br\/index.php\/2016\/07\/15\/32a-feira-do-livro-de-canoas-tem-os-piores-numeros-dos-ultimos-anos\/#respond\"]}]},{\"@type\":\"WebPage\",\"@id\":\"https:\/\/jornaltimoneiro.com.br\/index.php\/2016\/07\/15\/32a-feira-do-livro-de-canoas-tem-os-piores-numeros-dos-ultimos-anos\/\",\"url\":\"https:\/\/jornaltimoneiro.com.br\/index.php\/2016\/07\/15\/32a-feira-do-livro-de-canoas-tem-os-piores-numeros-dos-ultimos-anos\/\",\"name\":\"Feira do Livro de Canoas tem os piores n\u00fameros dos \u00faltimos anos - O Timoneiro Jornal Canoas RS\",\"isPartOf\":{\"@id\":\"https:\/\/jornaltimoneiro.com.br\/#website\"},\"datePublished\":\"2016-07-15T13:03:09+00:00\",\"dateModified\":\"2016-07-15T13:03:09+00:00\",\"breadcrumb\":{\"@id\":\"https:\/\/jornaltimoneiro.com.br\/index.php\/2016\/07\/15\/32a-feira-do-livro-de-canoas-tem-os-piores-numeros-dos-ultimos-anos\/#breadcrumb\"},\"inLanguage\":\"pt-BR\",\"potentialAction\":[{\"@type\":\"ReadAction\",\"target\":[\"https:\/\/jornaltimoneiro.com.br\/index.php\/2016\/07\/15\/32a-feira-do-livro-de-canoas-tem-os-piores-numeros-dos-ultimos-anos\/\"]}]},{\"@type\":\"BreadcrumbList\",\"@id\":\"https:\/\/jornaltimoneiro.com.br\/index.php\/2016\/07\/15\/32a-feira-do-livro-de-canoas-tem-os-piores-numeros-dos-ultimos-anos\/#breadcrumb\",\"itemListElement\":[{\"@type\":\"ListItem\",\"position\":1,\"name\":\"In\u00edcio\",\"item\":\"https:\/\/jornaltimoneiro.com.br\/\"},{\"@type\":\"ListItem\",\"position\":2,\"name\":\"Feira do Livro de Canoas tem os piores n\u00fameros dos \u00faltimos anos\"}]},{\"@type\":\"WebSite\",\"@id\":\"https:\/\/jornaltimoneiro.com.br\/#website\",\"url\":\"https:\/\/jornaltimoneiro.com.br\/\",\"name\":\"Jornal Timoneiro Canoas RS\",\"description\":\"Jornal O Timoneiro, o verdadeiro jornal de Canoas\",\"publisher\":{\"@id\":\"https:\/\/jornaltimoneiro.com.br\/#organization\"},\"potentialAction\":[{\"@type\":\"SearchAction\",\"target\":{\"@type\":\"EntryPoint\",\"urlTemplate\":\"https:\/\/jornaltimoneiro.com.br\/?s={search_term_string}\"},\"query-input\":\"required name=search_term_string\"}],\"inLanguage\":\"pt-BR\"},{\"@type\":\"Organization\",\"@id\":\"https:\/\/jornaltimoneiro.com.br\/#organization\",\"name\":\"Jornal Timoneiro Canoas RS\",\"url\":\"https:\/\/jornaltimoneiro.com.br\/\",\"logo\":{\"@type\":\"ImageObject\",\"inLanguage\":\"pt-BR\",\"@id\":\"https:\/\/jornaltimoneiro.com.br\/#\/schema\/logo\/image\/\",\"url\":\"https:\/\/jornaltimoneiro.com.br\/wp-content\/uploads\/2023\/03\/logonovo.png\",\"contentUrl\":\"https:\/\/jornaltimoneiro.com.br\/wp-content\/uploads\/2023\/03\/logonovo.png\",\"width\":\"469\",\"height\":\"171\",\"caption\":\"Jornal Timoneiro Canoas RS\"},\"image\":{\"@id\":\"https:\/\/jornaltimoneiro.com.br\/#\/schema\/logo\/image\/\"},\"sameAs\":[\"https:\/\/www.facebook.com\/jornaltimoneiro\",\"https:\/\/twitter.com\/_OTimoneiro\",\"https:\/\/www.instagram.com\/jornaltimoneirocanoas\/\",\"https:\/\/www.youtube.com\/@jornalotimoneiro7927\"]},{\"@type\":\"Person\",\"@id\":\"https:\/\/jornaltimoneiro.com.br\/#\/schema\/person\/620efd1d8244466117482be494360b08\",\"name\":\"Reda\u00e7\u00e3o\",\"image\":{\"@type\":\"ImageObject\",\"inLanguage\":\"pt-BR\",\"@id\":\"https:\/\/jornaltimoneiro.com.br\/#\/schema\/person\/image\/\",\"url\":\"https:\/\/secure.gravatar.com\/avatar\/2f04e1b304682a8d9db336c7acd77f08?s=96&d=mm&r=g\",\"contentUrl\":\"https:\/\/secure.gravatar.com\/avatar\/2f04e1b304682a8d9db336c7acd77f08?s=96&d=mm&r=g\",\"caption\":\"Reda\u00e7\u00e3o\"},\"url\":\"https:\/\/jornaltimoneiro.com.br\/index.php\/author\/timoneirocanoas\/\"}]}<\/script>\n<!-- \/ Yoast SEO plugin. -->","yoast_head_json":{"title":"Feira do Livro de Canoas tem os piores n\u00fameros dos \u00faltimos anos - O Timoneiro Jornal Canoas RS","robots":{"index":"index","follow":"follow","max-snippet":"max-snippet:-1","max-image-preview":"max-image-preview:large","max-video-preview":"max-video-preview:-1"},"canonical":"https:\/\/jornaltimoneiro.com.br\/index.php\/2016\/07\/15\/32a-feira-do-livro-de-canoas-tem-os-piores-numeros-dos-ultimos-anos\/","og_locale":"pt_BR","og_type":"article","og_title":"Feira do Livro de Canoas tem os piores n\u00fameros dos \u00faltimos anos - O Timoneiro Jornal Canoas RS","og_description":"Por Bruno Lara @bruno_lds &nbsp; Os n\u00fameros divulgados na \u00faltima semana da 32\u00aa Feira do Livro de Canoas, que teve a sua primeira edi\u00e7\u00e3o em 1986, preocupam os expositores. Segundo a diretora de Cidadania da Secretaria Municipal da Cultura (SMC), Andrea Falkenberg, em entrevista ao jornal Di\u00e1rio de Canoas na ter\u00e7a-feira, 12, por\u00e9m, foi \u201ca [&hellip;]","og_url":"https:\/\/jornaltimoneiro.com.br\/index.php\/2016\/07\/15\/32a-feira-do-livro-de-canoas-tem-os-piores-numeros-dos-ultimos-anos\/","og_site_name":"O Timoneiro Jornal Canoas RS","article_publisher":"https:\/\/www.facebook.com\/jornaltimoneiro","article_published_time":"2016-07-15T13:03:09+00:00","author":"Reda\u00e7\u00e3o","twitter_card":"summary_large_image","twitter_creator":"@_OTimoneiro","twitter_site":"@_OTimoneiro","twitter_misc":{"Escrito por":"Reda\u00e7\u00e3o","Est. tempo de leitura":"2 minutos"},"schema":{"@context":"https:\/\/schema.org","@graph":[{"@type":"Article","@id":"https:\/\/jornaltimoneiro.com.br\/index.php\/2016\/07\/15\/32a-feira-do-livro-de-canoas-tem-os-piores-numeros-dos-ultimos-anos\/#article","isPartOf":{"@id":"https:\/\/jornaltimoneiro.com.br\/index.php\/2016\/07\/15\/32a-feira-do-livro-de-canoas-tem-os-piores-numeros-dos-ultimos-anos\/"},"author":{"name":"Reda\u00e7\u00e3o","@id":"https:\/\/jornaltimoneiro.com.br\/#\/schema\/person\/620efd1d8244466117482be494360b08"},"headline":"Feira do Livro de Canoas tem os piores n\u00fameros dos \u00faltimos anos","datePublished":"2016-07-15T13:03:09+00:00","dateModified":"2016-07-15T13:03:09+00:00","mainEntityOfPage":{"@id":"https:\/\/jornaltimoneiro.com.br\/index.php\/2016\/07\/15\/32a-feira-do-livro-de-canoas-tem-os-piores-numeros-dos-ultimos-anos\/"},"wordCount":436,"commentCount":0,"publisher":{"@id":"https:\/\/jornaltimoneiro.com.br\/#organization"},"articleSection":["Comunidade","Cultura","Destaques","Not\u00edcias"],"inLanguage":"pt-BR","potentialAction":[{"@type":"CommentAction","name":"Comment","target":["https:\/\/jornaltimoneiro.com.br\/index.php\/2016\/07\/15\/32a-feira-do-livro-de-canoas-tem-os-piores-numeros-dos-ultimos-anos\/#respond"]}]},{"@type":"WebPage","@id":"https:\/\/jornaltimoneiro.com.br\/index.php\/2016\/07\/15\/32a-feira-do-livro-de-canoas-tem-os-piores-numeros-dos-ultimos-anos\/","url":"https:\/\/jornaltimoneiro.com.br\/index.php\/2016\/07\/15\/32a-feira-do-livro-de-canoas-tem-os-piores-numeros-dos-ultimos-anos\/","name":"Feira do Livro de Canoas tem os piores n\u00fameros dos \u00faltimos anos - O Timoneiro Jornal Canoas RS","isPartOf":{"@id":"https:\/\/jornaltimoneiro.com.br\/#website"},"datePublished":"2016-07-15T13:03:09+00:00","dateModified":"2016-07-15T13:03:09+00:00","breadcrumb":{"@id":"https:\/\/jornaltimoneiro.com.br\/index.php\/2016\/07\/15\/32a-feira-do-livro-de-canoas-tem-os-piores-numeros-dos-ultimos-anos\/#breadcrumb"},"inLanguage":"pt-BR","potentialAction":[{"@type":"ReadAction","target":["https:\/\/jornaltimoneiro.com.br\/index.php\/2016\/07\/15\/32a-feira-do-livro-de-canoas-tem-os-piores-numeros-dos-ultimos-anos\/"]}]},{"@type":"BreadcrumbList","@id":"https:\/\/jornaltimoneiro.com.br\/index.php\/2016\/07\/15\/32a-feira-do-livro-de-canoas-tem-os-piores-numeros-dos-ultimos-anos\/#breadcrumb","itemListElement":[{"@type":"ListItem","position":1,"name":"In\u00edcio","item":"https:\/\/jornaltimoneiro.com.br\/"},{"@type":"ListItem","position":2,"name":"Feira do Livro de Canoas tem os piores n\u00fameros dos \u00faltimos anos"}]},{"@type":"WebSite","@id":"https:\/\/jornaltimoneiro.com.br\/#website","url":"https:\/\/jornaltimoneiro.com.br\/","name":"Jornal Timoneiro Canoas RS","description":"Jornal O Timoneiro, o verdadeiro jornal de Canoas","publisher":{"@id":"https:\/\/jornaltimoneiro.com.br\/#organization"},"potentialAction":[{"@type":"SearchAction","target":{"@type":"EntryPoint","urlTemplate":"https:\/\/jornaltimoneiro.com.br\/?s={search_term_string}"},"query-input":"required name=search_term_string"}],"inLanguage":"pt-BR"},{"@type":"Organization","@id":"https:\/\/jornaltimoneiro.com.br\/#organization","name":"Jornal Timoneiro Canoas RS","url":"https:\/\/jornaltimoneiro.com.br\/","logo":{"@type":"ImageObject","inLanguage":"pt-BR","@id":"https:\/\/jornaltimoneiro.com.br\/#\/schema\/logo\/image\/","url":"https:\/\/jornaltimoneiro.com.br\/wp-content\/uploads\/2023\/03\/logonovo.png","contentUrl":"https:\/\/jornaltimoneiro.com.br\/wp-content\/uploads\/2023\/03\/logonovo.png","width":"469","height":"171","caption":"Jornal Timoneiro Canoas RS"},"image":{"@id":"https:\/\/jornaltimoneiro.com.br\/#\/schema\/logo\/image\/"},"sameAs":["https:\/\/www.facebook.com\/jornaltimoneiro","https:\/\/twitter.com\/_OTimoneiro","https:\/\/www.instagram.com\/jornaltimoneirocanoas\/","https:\/\/www.youtube.com\/@jornalotimoneiro7927"]},{"@type":"Person","@id":"https:\/\/jornaltimoneiro.com.br\/#\/schema\/person\/620efd1d8244466117482be494360b08","name":"Reda\u00e7\u00e3o","image":{"@type":"ImageObject","inLanguage":"pt-BR","@id":"https:\/\/jornaltimoneiro.com.br\/#\/schema\/person\/image\/","url":"https:\/\/secure.gravatar.com\/avatar\/2f04e1b304682a8d9db336c7acd77f08?s=96&d=mm&r=g","contentUrl":"https:\/\/secure.gravatar.com\/avatar\/2f04e1b304682a8d9db336c7acd77f08?s=96&d=mm&r=g","caption":"Reda\u00e7\u00e3o"},"url":"https:\/\/jornaltimoneiro.com.br\/index.php\/author\/timoneirocanoas\/"}]}},"_links":{"self":[{"href":"https:\/\/jornaltimoneiro.com.br\/index.php\/wp-json\/wp\/v2\/posts\/4476"}],"collection":[{"href":"https:\/\/jornaltimoneiro.com.br\/index.php\/wp-json\/wp\/v2\/posts"}],"about":[{"href":"https:\/\/jornaltimoneiro.com.br\/index.php\/wp-json\/wp\/v2\/types\/post"}],"author":[{"embeddable":true,"href":"https:\/\/jornaltimoneiro.com.br\/index.php\/wp-json\/wp\/v2\/users\/1"}],"replies":[{"embeddable":true,"href":"https:\/\/jornaltimoneiro.com.br\/index.php\/wp-json\/wp\/v2\/comments?post=4476"}],"version-history":[{"count":0,"href":"https:\/\/jornaltimoneiro.com.br\/index.php\/wp-json\/wp\/v2\/posts\/4476\/revisions"}],"wp:featuredmedia":[{"embeddable":true,"href":"https:\/\/jornaltimoneiro.com.br\/index.php\/wp-json\/"}],"wp:attachment":[{"href":"https:\/\/jornaltimoneiro.com.br\/index.php\/wp-json\/wp\/v2\/media?parent=4476"}],"wp:term":[{"taxonomy":"category","embeddable":true,"href":"https:\/\/jornaltimoneiro.com.br\/index.php\/wp-json\/wp\/v2\/categories?post=4476"},{"taxonomy":"post_tag","embeddable":true,"href":"https:\/\/jornaltimoneiro.com.br\/index.php\/wp-json\/wp\/v2\/tags?post=4476"}],"curies":[{"name":"wp","href":"https:\/\/api.w.org\/{rel}","templated":true}]}}