{"id":4424,"date":"2016-07-12T16:50:59","date_gmt":"2016-07-12T19:50:59","guid":{"rendered":"http:\/\/otimoneiro.com.br\/?p=4424"},"modified":"2016-07-12T16:50:59","modified_gmt":"2016-07-12T19:50:59","slug":"homem-e-preso-por-vender-armas-pela-internet-em-canoas","status":"publish","type":"post","link":"https:\/\/jornaltimoneiro.com.br\/index.php\/2016\/07\/12\/homem-e-preso-por-vender-armas-pela-internet-em-canoas\/","title":{"rendered":"Homem \u00e9 preso por vender armas pela internet em Canoas"},"content":{"rendered":"<div id=\"attachment_4425\" style=\"width: 613px\" class=\"wp-caption aligncenter\"><a href=\"http:\/\/otimoneiro.com.br\/wp-content\/uploads\/2016\/07\/20160712154825a466d0bd_736e_4484_9e4f_f29c060eec6f.jpg\"><img decoding=\"async\" aria-describedby=\"caption-attachment-4425\" class=\" wp-image-4425\" src=\"http:\/\/otimoneiro.com.br\/wp-content\/uploads\/2016\/07\/20160712154825a466d0bd_736e_4484_9e4f_f29c060eec6f-1024x682.jpg\" alt=\"Jovem foi preso por vender armas pela internet. Foto: Divulga\u00e7\u00e3o\/Pol\u00edcia Civil.\" width=\"603\" height=\"402\" \/><\/a><p id=\"caption-attachment-4425\" class=\"wp-caption-text\">Jovem foi preso por vender armas pela internet. Foto: Divulga\u00e7\u00e3o\/Pol\u00edcia Civil.<\/p><\/div>\n<p>&nbsp;<\/p>\n<p>Os policiais da Delegacia de Repress\u00e3o aos Crimes Inform\u00e1ticos (DRCI\/DEIC) prenderam em flagrante, na manh\u00e3 da ter\u00e7a-feira, 12, um homem por porte irregular de arma de fogo e muni\u00e7\u00e3o em um posto de gasolina na avenida Guilherme Schell, pr\u00f3ximo a um shopping, em Canoas. O preso oferecia um rifle calibre .22 e cartuchos .22 atrav\u00e9s da internet e redes sociais como o Facebook.<\/p>\n<p>&#8220;A a\u00e7\u00e3o contou com o apoio da Delegacia de Capturas e Delegacia de Roubos&#8221;, afirmou o delegado Jo\u00e3o Paulo de Abreu. Em seu celular, um v\u00eddeo explicava o funcionamento da arma. Ap\u00f3s os procedimentos legais, o jovem de 26 anos, ser\u00e1 encaminhado ao sistema prisional. A Pol\u00edcia Civil tem o Disque-den\u00fancia: 0800-510-2828 e os contatos no WhatsApp e no \u00a0Telegram: (51) 8418-7814 para den\u00fancias.<\/p>\n<p>&nbsp;<\/p>\n<p>LEIA MAIS:<\/p>\n<h5 class=\"entry-title single-title\"><a href=\"http:\/\/otimoneiro.com.br\/em-junho-40-dos-veiculos-roubados-nao-foram-recuperados\/\">Em junho, 40% dos ve\u00edculos roubados n\u00e3o foram recuperados<\/a><\/h5>\n<h5 class=\"entry-title single-title\"><a href=\"http:\/\/otimoneiro.com.br\/tentativa-de-roubo-a-antiga-estacao-ferrea-e-frustrada-por-cameras\/\">Tentativa de roubo \u00e0 antiga Esta\u00e7\u00e3o F\u00e9rrea \u00e9 frustrada por c\u00e2meras<\/a><\/h5>\n<h5><\/h5>\n","protected":false},"excerpt":{"rendered":"<p>&nbsp; Os policiais da Delegacia de Repress\u00e3o aos Crimes Inform\u00e1ticos (DRCI\/DEIC) prenderam em flagrante, na manh\u00e3 da ter\u00e7a-feira, 12, um homem por porte irregular de arma de fogo e muni\u00e7\u00e3o em um posto de gasolina na avenida Guilherme Schell, pr\u00f3ximo a um shopping, em Canoas. O preso oferecia um rifle calibre .22 e cartuchos .22 [&hellip;]<\/p>\n","protected":false},"author":1,"featured_media":4425,"comment_status":"open","ping_status":"open","sticky":false,"template":"","format":"standard","meta":{"amp_status":"","footnotes":""},"categories":[19,22,30],"tags":[],"class_list":["post-4424","post","type-post","status-publish","format-standard","has-post-thumbnail","hentry","category-destaques","category-noticias","category-policial"],"yoast_head":"<!-- This site is optimized with the Yoast SEO plugin v20.5 - https:\/\/yoast.com\/wordpress\/plugins\/seo\/ -->\n<title>Homem \u00e9 preso por vender armas pela internet em Canoas - O Timoneiro Jornal Canoas RS<\/title>\n<meta name=\"robots\" content=\"index, follow, max-snippet:-1, max-image-preview:large, max-video-preview:-1\" \/>\n<link rel=\"canonical\" href=\"https:\/\/jornaltimoneiro.com.br\/index.php\/2016\/07\/12\/homem-e-preso-por-vender-armas-pela-internet-em-canoas\/\" \/>\n<meta property=\"og:locale\" content=\"pt_BR\" \/>\n<meta property=\"og:type\" content=\"article\" \/>\n<meta property=\"og:title\" content=\"Homem \u00e9 preso por vender armas pela internet em Canoas - O Timoneiro Jornal Canoas RS\" \/>\n<meta property=\"og:description\" content=\"&nbsp; Os policiais da Delegacia de Repress\u00e3o aos Crimes Inform\u00e1ticos (DRCI\/DEIC) prenderam em flagrante, na manh\u00e3 da ter\u00e7a-feira, 12, um homem por porte irregular de arma de fogo e muni\u00e7\u00e3o em um posto de gasolina na avenida Guilherme Schell, pr\u00f3ximo a um shopping, em Canoas. O preso oferecia um rifle calibre .22 e cartuchos .22 [&hellip;]\" \/>\n<meta property=\"og:url\" content=\"https:\/\/jornaltimoneiro.com.br\/index.php\/2016\/07\/12\/homem-e-preso-por-vender-armas-pela-internet-em-canoas\/\" \/>\n<meta property=\"og:site_name\" content=\"O Timoneiro Jornal Canoas RS\" \/>\n<meta property=\"article:publisher\" content=\"https:\/\/www.facebook.com\/jornaltimoneiro\" \/>\n<meta property=\"article:published_time\" content=\"2016-07-12T19:50:59+00:00\" \/>\n<meta name=\"author\" content=\"Reda\u00e7\u00e3o\" \/>\n<meta name=\"twitter:card\" content=\"summary_large_image\" \/>\n<meta name=\"twitter:creator\" content=\"@_OTimoneiro\" \/>\n<meta name=\"twitter:site\" content=\"@_OTimoneiro\" \/>\n<meta name=\"twitter:label1\" content=\"Escrito por\" \/>\n\t<meta name=\"twitter:data1\" content=\"Reda\u00e7\u00e3o\" \/>\n\t<meta name=\"twitter:label2\" content=\"Est. tempo de leitura\" \/>\n\t<meta name=\"twitter:data2\" content=\"1 minuto\" \/>\n<script type=\"application\/ld+json\" class=\"yoast-schema-graph\">{\"@context\":\"https:\/\/schema.org\",\"@graph\":[{\"@type\":\"Article\",\"@id\":\"https:\/\/jornaltimoneiro.com.br\/index.php\/2016\/07\/12\/homem-e-preso-por-vender-armas-pela-internet-em-canoas\/#article\",\"isPartOf\":{\"@id\":\"https:\/\/jornaltimoneiro.com.br\/index.php\/2016\/07\/12\/homem-e-preso-por-vender-armas-pela-internet-em-canoas\/\"},\"author\":{\"name\":\"Reda\u00e7\u00e3o\",\"@id\":\"https:\/\/jornaltimoneiro.com.br\/#\/schema\/person\/620efd1d8244466117482be494360b08\"},\"headline\":\"Homem \u00e9 preso por vender armas pela internet em Canoas\",\"datePublished\":\"2016-07-12T19:50:59+00:00\",\"dateModified\":\"2016-07-12T19:50:59+00:00\",\"mainEntityOfPage\":{\"@id\":\"https:\/\/jornaltimoneiro.com.br\/index.php\/2016\/07\/12\/homem-e-preso-por-vender-armas-pela-internet-em-canoas\/\"},\"wordCount\":193,\"commentCount\":0,\"publisher\":{\"@id\":\"https:\/\/jornaltimoneiro.com.br\/#organization\"},\"articleSection\":[\"Destaques\",\"Not\u00edcias\",\"Policial\"],\"inLanguage\":\"pt-BR\",\"potentialAction\":[{\"@type\":\"CommentAction\",\"name\":\"Comment\",\"target\":[\"https:\/\/jornaltimoneiro.com.br\/index.php\/2016\/07\/12\/homem-e-preso-por-vender-armas-pela-internet-em-canoas\/#respond\"]}]},{\"@type\":\"WebPage\",\"@id\":\"https:\/\/jornaltimoneiro.com.br\/index.php\/2016\/07\/12\/homem-e-preso-por-vender-armas-pela-internet-em-canoas\/\",\"url\":\"https:\/\/jornaltimoneiro.com.br\/index.php\/2016\/07\/12\/homem-e-preso-por-vender-armas-pela-internet-em-canoas\/\",\"name\":\"Homem \u00e9 preso por vender armas pela internet em Canoas - O Timoneiro Jornal Canoas RS\",\"isPartOf\":{\"@id\":\"https:\/\/jornaltimoneiro.com.br\/#website\"},\"datePublished\":\"2016-07-12T19:50:59+00:00\",\"dateModified\":\"2016-07-12T19:50:59+00:00\",\"breadcrumb\":{\"@id\":\"https:\/\/jornaltimoneiro.com.br\/index.php\/2016\/07\/12\/homem-e-preso-por-vender-armas-pela-internet-em-canoas\/#breadcrumb\"},\"inLanguage\":\"pt-BR\",\"potentialAction\":[{\"@type\":\"ReadAction\",\"target\":[\"https:\/\/jornaltimoneiro.com.br\/index.php\/2016\/07\/12\/homem-e-preso-por-vender-armas-pela-internet-em-canoas\/\"]}]},{\"@type\":\"BreadcrumbList\",\"@id\":\"https:\/\/jornaltimoneiro.com.br\/index.php\/2016\/07\/12\/homem-e-preso-por-vender-armas-pela-internet-em-canoas\/#breadcrumb\",\"itemListElement\":[{\"@type\":\"ListItem\",\"position\":1,\"name\":\"In\u00edcio\",\"item\":\"https:\/\/jornaltimoneiro.com.br\/\"},{\"@type\":\"ListItem\",\"position\":2,\"name\":\"Homem \u00e9 preso por vender armas pela internet em Canoas\"}]},{\"@type\":\"WebSite\",\"@id\":\"https:\/\/jornaltimoneiro.com.br\/#website\",\"url\":\"https:\/\/jornaltimoneiro.com.br\/\",\"name\":\"Jornal Timoneiro Canoas RS\",\"description\":\"Jornal O Timoneiro, o verdadeiro jornal de Canoas\",\"publisher\":{\"@id\":\"https:\/\/jornaltimoneiro.com.br\/#organization\"},\"potentialAction\":[{\"@type\":\"SearchAction\",\"target\":{\"@type\":\"EntryPoint\",\"urlTemplate\":\"https:\/\/jornaltimoneiro.com.br\/?s={search_term_string}\"},\"query-input\":\"required name=search_term_string\"}],\"inLanguage\":\"pt-BR\"},{\"@type\":\"Organization\",\"@id\":\"https:\/\/jornaltimoneiro.com.br\/#organization\",\"name\":\"Jornal Timoneiro Canoas RS\",\"url\":\"https:\/\/jornaltimoneiro.com.br\/\",\"logo\":{\"@type\":\"ImageObject\",\"inLanguage\":\"pt-BR\",\"@id\":\"https:\/\/jornaltimoneiro.com.br\/#\/schema\/logo\/image\/\",\"url\":\"https:\/\/jornaltimoneiro.com.br\/wp-content\/uploads\/2023\/03\/logonovo.png\",\"contentUrl\":\"https:\/\/jornaltimoneiro.com.br\/wp-content\/uploads\/2023\/03\/logonovo.png\",\"width\":\"469\",\"height\":\"171\",\"caption\":\"Jornal Timoneiro Canoas RS\"},\"image\":{\"@id\":\"https:\/\/jornaltimoneiro.com.br\/#\/schema\/logo\/image\/\"},\"sameAs\":[\"https:\/\/www.facebook.com\/jornaltimoneiro\",\"https:\/\/twitter.com\/_OTimoneiro\",\"https:\/\/www.instagram.com\/jornaltimoneirocanoas\/\",\"https:\/\/www.youtube.com\/@jornalotimoneiro7927\"]},{\"@type\":\"Person\",\"@id\":\"https:\/\/jornaltimoneiro.com.br\/#\/schema\/person\/620efd1d8244466117482be494360b08\",\"name\":\"Reda\u00e7\u00e3o\",\"image\":{\"@type\":\"ImageObject\",\"inLanguage\":\"pt-BR\",\"@id\":\"https:\/\/jornaltimoneiro.com.br\/#\/schema\/person\/image\/\",\"url\":\"https:\/\/secure.gravatar.com\/avatar\/2f04e1b304682a8d9db336c7acd77f08?s=96&d=mm&r=g\",\"contentUrl\":\"https:\/\/secure.gravatar.com\/avatar\/2f04e1b304682a8d9db336c7acd77f08?s=96&d=mm&r=g\",\"caption\":\"Reda\u00e7\u00e3o\"},\"url\":\"https:\/\/jornaltimoneiro.com.br\/index.php\/author\/timoneirocanoas\/\"}]}<\/script>\n<!-- \/ Yoast SEO plugin. -->","yoast_head_json":{"title":"Homem \u00e9 preso por vender armas pela internet em Canoas - O Timoneiro Jornal Canoas RS","robots":{"index":"index","follow":"follow","max-snippet":"max-snippet:-1","max-image-preview":"max-image-preview:large","max-video-preview":"max-video-preview:-1"},"canonical":"https:\/\/jornaltimoneiro.com.br\/index.php\/2016\/07\/12\/homem-e-preso-por-vender-armas-pela-internet-em-canoas\/","og_locale":"pt_BR","og_type":"article","og_title":"Homem \u00e9 preso por vender armas pela internet em Canoas - O Timoneiro Jornal Canoas RS","og_description":"&nbsp; Os policiais da Delegacia de Repress\u00e3o aos Crimes Inform\u00e1ticos (DRCI\/DEIC) prenderam em flagrante, na manh\u00e3 da ter\u00e7a-feira, 12, um homem por porte irregular de arma de fogo e muni\u00e7\u00e3o em um posto de gasolina na avenida Guilherme Schell, pr\u00f3ximo a um shopping, em Canoas. O preso oferecia um rifle calibre .22 e cartuchos .22 [&hellip;]","og_url":"https:\/\/jornaltimoneiro.com.br\/index.php\/2016\/07\/12\/homem-e-preso-por-vender-armas-pela-internet-em-canoas\/","og_site_name":"O Timoneiro Jornal Canoas RS","article_publisher":"https:\/\/www.facebook.com\/jornaltimoneiro","article_published_time":"2016-07-12T19:50:59+00:00","author":"Reda\u00e7\u00e3o","twitter_card":"summary_large_image","twitter_creator":"@_OTimoneiro","twitter_site":"@_OTimoneiro","twitter_misc":{"Escrito por":"Reda\u00e7\u00e3o","Est. tempo de leitura":"1 minuto"},"schema":{"@context":"https:\/\/schema.org","@graph":[{"@type":"Article","@id":"https:\/\/jornaltimoneiro.com.br\/index.php\/2016\/07\/12\/homem-e-preso-por-vender-armas-pela-internet-em-canoas\/#article","isPartOf":{"@id":"https:\/\/jornaltimoneiro.com.br\/index.php\/2016\/07\/12\/homem-e-preso-por-vender-armas-pela-internet-em-canoas\/"},"author":{"name":"Reda\u00e7\u00e3o","@id":"https:\/\/jornaltimoneiro.com.br\/#\/schema\/person\/620efd1d8244466117482be494360b08"},"headline":"Homem \u00e9 preso por vender armas pela internet em Canoas","datePublished":"2016-07-12T19:50:59+00:00","dateModified":"2016-07-12T19:50:59+00:00","mainEntityOfPage":{"@id":"https:\/\/jornaltimoneiro.com.br\/index.php\/2016\/07\/12\/homem-e-preso-por-vender-armas-pela-internet-em-canoas\/"},"wordCount":193,"commentCount":0,"publisher":{"@id":"https:\/\/jornaltimoneiro.com.br\/#organization"},"articleSection":["Destaques","Not\u00edcias","Policial"],"inLanguage":"pt-BR","potentialAction":[{"@type":"CommentAction","name":"Comment","target":["https:\/\/jornaltimoneiro.com.br\/index.php\/2016\/07\/12\/homem-e-preso-por-vender-armas-pela-internet-em-canoas\/#respond"]}]},{"@type":"WebPage","@id":"https:\/\/jornaltimoneiro.com.br\/index.php\/2016\/07\/12\/homem-e-preso-por-vender-armas-pela-internet-em-canoas\/","url":"https:\/\/jornaltimoneiro.com.br\/index.php\/2016\/07\/12\/homem-e-preso-por-vender-armas-pela-internet-em-canoas\/","name":"Homem \u00e9 preso por vender armas pela internet em Canoas - O Timoneiro Jornal Canoas RS","isPartOf":{"@id":"https:\/\/jornaltimoneiro.com.br\/#website"},"datePublished":"2016-07-12T19:50:59+00:00","dateModified":"2016-07-12T19:50:59+00:00","breadcrumb":{"@id":"https:\/\/jornaltimoneiro.com.br\/index.php\/2016\/07\/12\/homem-e-preso-por-vender-armas-pela-internet-em-canoas\/#breadcrumb"},"inLanguage":"pt-BR","potentialAction":[{"@type":"ReadAction","target":["https:\/\/jornaltimoneiro.com.br\/index.php\/2016\/07\/12\/homem-e-preso-por-vender-armas-pela-internet-em-canoas\/"]}]},{"@type":"BreadcrumbList","@id":"https:\/\/jornaltimoneiro.com.br\/index.php\/2016\/07\/12\/homem-e-preso-por-vender-armas-pela-internet-em-canoas\/#breadcrumb","itemListElement":[{"@type":"ListItem","position":1,"name":"In\u00edcio","item":"https:\/\/jornaltimoneiro.com.br\/"},{"@type":"ListItem","position":2,"name":"Homem \u00e9 preso por vender armas pela internet em Canoas"}]},{"@type":"WebSite","@id":"https:\/\/jornaltimoneiro.com.br\/#website","url":"https:\/\/jornaltimoneiro.com.br\/","name":"Jornal Timoneiro Canoas RS","description":"Jornal O Timoneiro, o verdadeiro jornal de Canoas","publisher":{"@id":"https:\/\/jornaltimoneiro.com.br\/#organization"},"potentialAction":[{"@type":"SearchAction","target":{"@type":"EntryPoint","urlTemplate":"https:\/\/jornaltimoneiro.com.br\/?s={search_term_string}"},"query-input":"required name=search_term_string"}],"inLanguage":"pt-BR"},{"@type":"Organization","@id":"https:\/\/jornaltimoneiro.com.br\/#organization","name":"Jornal Timoneiro Canoas RS","url":"https:\/\/jornaltimoneiro.com.br\/","logo":{"@type":"ImageObject","inLanguage":"pt-BR","@id":"https:\/\/jornaltimoneiro.com.br\/#\/schema\/logo\/image\/","url":"https:\/\/jornaltimoneiro.com.br\/wp-content\/uploads\/2023\/03\/logonovo.png","contentUrl":"https:\/\/jornaltimoneiro.com.br\/wp-content\/uploads\/2023\/03\/logonovo.png","width":"469","height":"171","caption":"Jornal Timoneiro Canoas RS"},"image":{"@id":"https:\/\/jornaltimoneiro.com.br\/#\/schema\/logo\/image\/"},"sameAs":["https:\/\/www.facebook.com\/jornaltimoneiro","https:\/\/twitter.com\/_OTimoneiro","https:\/\/www.instagram.com\/jornaltimoneirocanoas\/","https:\/\/www.youtube.com\/@jornalotimoneiro7927"]},{"@type":"Person","@id":"https:\/\/jornaltimoneiro.com.br\/#\/schema\/person\/620efd1d8244466117482be494360b08","name":"Reda\u00e7\u00e3o","image":{"@type":"ImageObject","inLanguage":"pt-BR","@id":"https:\/\/jornaltimoneiro.com.br\/#\/schema\/person\/image\/","url":"https:\/\/secure.gravatar.com\/avatar\/2f04e1b304682a8d9db336c7acd77f08?s=96&d=mm&r=g","contentUrl":"https:\/\/secure.gravatar.com\/avatar\/2f04e1b304682a8d9db336c7acd77f08?s=96&d=mm&r=g","caption":"Reda\u00e7\u00e3o"},"url":"https:\/\/jornaltimoneiro.com.br\/index.php\/author\/timoneirocanoas\/"}]}},"_links":{"self":[{"href":"https:\/\/jornaltimoneiro.com.br\/index.php\/wp-json\/wp\/v2\/posts\/4424"}],"collection":[{"href":"https:\/\/jornaltimoneiro.com.br\/index.php\/wp-json\/wp\/v2\/posts"}],"about":[{"href":"https:\/\/jornaltimoneiro.com.br\/index.php\/wp-json\/wp\/v2\/types\/post"}],"author":[{"embeddable":true,"href":"https:\/\/jornaltimoneiro.com.br\/index.php\/wp-json\/wp\/v2\/users\/1"}],"replies":[{"embeddable":true,"href":"https:\/\/jornaltimoneiro.com.br\/index.php\/wp-json\/wp\/v2\/comments?post=4424"}],"version-history":[{"count":0,"href":"https:\/\/jornaltimoneiro.com.br\/index.php\/wp-json\/wp\/v2\/posts\/4424\/revisions"}],"wp:featuredmedia":[{"embeddable":true,"href":"https:\/\/jornaltimoneiro.com.br\/index.php\/wp-json\/"}],"wp:attachment":[{"href":"https:\/\/jornaltimoneiro.com.br\/index.php\/wp-json\/wp\/v2\/media?parent=4424"}],"wp:term":[{"taxonomy":"category","embeddable":true,"href":"https:\/\/jornaltimoneiro.com.br\/index.php\/wp-json\/wp\/v2\/categories?post=4424"},{"taxonomy":"post_tag","embeddable":true,"href":"https:\/\/jornaltimoneiro.com.br\/index.php\/wp-json\/wp\/v2\/tags?post=4424"}],"curies":[{"name":"wp","href":"https:\/\/api.w.org\/{rel}","templated":true}]}}