{"id":442,"date":"2015-06-25T12:00:54","date_gmt":"2015-06-25T15:00:54","guid":{"rendered":"http:\/\/otimoneiro.com.br\/?p=442"},"modified":"2015-06-25T12:00:54","modified_gmt":"2015-06-25T15:00:54","slug":"colegio-espirito-santo-reivindica-mais-seguranca","status":"publish","type":"post","link":"https:\/\/jornaltimoneiro.com.br\/index.php\/2015\/06\/25\/colegio-espirito-santo-reivindica-mais-seguranca\/","title":{"rendered":"Col\u00e9gio Esp\u00edrito Santo reivindica mais seguran\u00e7a"},"content":{"rendered":"<div id=\"attachment_446\" style=\"width: 481px\" class=\"wp-caption aligncenter\"><a href=\"http:\/\/otimoneiro.com.br\/wp-content\/uploads\/2015\/06\/M\u00e3o-\u00danica-Tamoio-013.jpg\"><img decoding=\"async\" aria-describedby=\"caption-attachment-446\" class=\"wp-image-446 \" src=\"http:\/\/otimoneiro.com.br\/wp-content\/uploads\/2015\/06\/M\u00e3o-\u00danica-Tamoio-013-1024x683.jpg\" alt=\"Comunidade est\u00e1 preocupada com a viol\u00eancia no bairro. Foto: Bruno Lara\/OT\" width=\"471\" height=\"313\" \/><\/a><p id=\"caption-attachment-446\" class=\"wp-caption-text\">Comunidade est\u00e1 preocupada com a viol\u00eancia no bairro. Foto: Bruno Lara\/OT<\/p><\/div>\n<p style=\"text-align: justify;\">Segundo o portal online do Col\u00e9gio Esp\u00edrito Santo (CES), no bairro Nossa Senhora das Gra\u00e7as, os pais de alunos est\u00e3o clamando por mais seguran\u00e7a no entorno da institui\u00e7\u00e3o em fun\u00e7\u00e3o dos registros de assaltos e roubos de carros ocorridos nas proximidades do col\u00e9gio na \u00faltima semana.<\/p>\n<p style=\"text-align: justify;\">O site informa que os pais e m\u00e3es est\u00e3o organizando, de forma espont\u00e2nea e via redes sociais, uma manifesta\u00e7\u00e3o em frente \u00e0 escola para apontar sua insatisfa\u00e7\u00e3o e solicitar mais policiamento. A mesma deve ocorrer na sexta-feira, 26, a partir das 13h15min.<\/p>\n<div id=\"attachment_443\" style=\"width: 282px\" class=\"wp-caption alignright\"><a href=\"http:\/\/otimoneiro.com.br\/wp-content\/uploads\/2015\/06\/M\u00e3o-\u00danica-Tamoio-012.jpg\"><img decoding=\"async\" aria-describedby=\"caption-attachment-443\" class=\" wp-image-443\" src=\"http:\/\/otimoneiro.com.br\/wp-content\/uploads\/2015\/06\/M\u00e3o-\u00danica-Tamoio-012-300x200.jpg\" alt=\"M\u00e3o \u00fanica na Tamoio deve mudar de sentido. Foto: Bruno Lara\/OT\" width=\"272\" height=\"181\" \/><\/a><p id=\"caption-attachment-443\" class=\"wp-caption-text\">M\u00e3o \u00fanica na Tamoio deve mudar de sentido. Foto: Bruno Lara\/OT<\/p><\/div>\n<p style=\"text-align: justify;\">Em nota a dire\u00e7\u00e3o do CES posicionou-se \u201cmuito solid\u00e1ria \u00e0s reivindica\u00e7\u00f5es dos pais de seus alunos por mais seguran\u00e7a p\u00fablica\u201d e informou tamb\u00e9m estar preocupada com os registros de assaltos, n\u00e3o s\u00f3 no entorno do col\u00e9gio, mas nos arredores de todas as escolas.<\/p>\n<p style=\"text-align: justify;\">Segundo a mat\u00e9ria, a diretora Irm\u00e3 Maria S\u00f4nia Muller se reuniu com o tenente Pasqualini, da Brigada Militar, para requerer refor\u00e7o na aten\u00e7\u00e3o policial na regi\u00e3o, o que foi atendido. Pasqualini recomendou que os pais n\u00e3o permanecessem no interior dos ve\u00edculos a espera de seus filhos e que os estudantes evitem exibir e se distrair com celulares e equipamentos eletr\u00f4nicos na rua.<\/p>\n<p style=\"text-align: justify;\">O Col\u00e9gio Esp\u00edrito Santo, embora particular, foi vencedor no Or\u00e7amento Participativo de Canoas, recebendo a aprova\u00e7\u00e3o de c\u00e2meras de videomonitoramento de rua e aguarda a instala\u00e7\u00e3o dos mesmos por parte da Prefeitura.<\/p>\n<p style=\"text-align: justify;\"><strong>Sentido da Tamoio pode mudar novamente<\/strong><\/p>\n<p style=\"text-align: justify;\">Na quarta-feira, 24, os secret\u00e1rios de Transporte e Mobilidade, Oswaldo Steffen e seu adjunto, J\u00falio Matt\u00e9, juntamentecom o gestor da Unidade de Fiscaliza\u00e7\u00e3o de Tr\u00e2nsito, Justino Coelho J\u00fanior, e ainda o diretor de tr\u00e2nsito, Anderson Rosa da Silva, visitaram o col\u00e9gio. Prometeram intensificar a fiscaliza\u00e7\u00e3o na \u00e1rea multando carros estacionados em locais proibidos e que estudam inverter o sentido do tr\u00e2nsito da rua Tamoio no trecho para melhor atender o fluxo de ve\u00edculos no bairro.<\/p>\n<p style=\"text-align: justify;\">Hoje, a rua mant\u00e9m o fluxo da Tamoio no sentido Niter\u00f3i-Nsa. Sra. das Gra\u00e7as. A nova medida visa passar o fluxo, ainda em m\u00e3o \u00fanica, no sentido Nsa. Sra. das Gra\u00e7as-Niter\u00f3i, partindo da rua Santa Teresinha at\u00e9 a intersec\u00e7\u00e3o com a Rua Expedicion\u00e1rio. A solu\u00e7\u00e3o, segundo justificativa do secret\u00e1rio, cria mais op\u00e7\u00f5es de sa\u00edda para os motoristas e evita congestionamentos.<\/p>\n<p style=\"text-align: justify;\">A Irm\u00e3 Maria S\u00f4nia Muller comentou sobre o interesse de criar uma \u00e1rea de embarque e desembarque r\u00e1pido na rua Tamoio, permitindo que os alunos possam sair e entrar dos carros com mais agilidade, auxiliados por funcion\u00e1rios da pr\u00f3pria escola.<\/p>\n<div id=\"attachment_444\" style=\"width: 491px\" class=\"wp-caption aligncenter\"><a href=\"http:\/\/otimoneiro.com.br\/wp-content\/uploads\/2015\/06\/M\u00e3o-\u00danica-Tamoio-014.jpg\"><img decoding=\"async\" aria-describedby=\"caption-attachment-444\" class=\"wp-image-444 \" src=\"http:\/\/otimoneiro.com.br\/wp-content\/uploads\/2015\/06\/M\u00e3o-\u00danica-Tamoio-014-1024x683.jpg\" alt=\"Tamoio pode mudar de sentido. Foto: Bruno Lara\" width=\"481\" height=\"320\" \/><\/a><p id=\"caption-attachment-444\" class=\"wp-caption-text\">Tamoio pode mudar de sentido. Foto: Bruno Lara<\/p><\/div>\n","protected":false},"excerpt":{"rendered":"<p>Segundo o portal online do Col\u00e9gio Esp\u00edrito Santo (CES), no bairro Nossa Senhora das Gra\u00e7as, os pais de alunos est\u00e3o clamando por mais seguran\u00e7a no entorno da institui\u00e7\u00e3o em fun\u00e7\u00e3o dos registros de assaltos e roubos de carros ocorridos nas proximidades do col\u00e9gio na \u00faltima semana. O site informa que os pais e m\u00e3es est\u00e3o [&hellip;]<\/p>\n","protected":false},"author":1,"featured_media":444,"comment_status":"open","ping_status":"open","sticky":false,"template":"","format":"standard","meta":{"amp_status":"","footnotes":""},"categories":[25,19,22],"tags":[],"class_list":["post-442","post","type-post","status-publish","format-standard","has-post-thumbnail","hentry","category-comunidade","category-destaques","category-noticias"],"yoast_head":"<!-- This site is optimized with the Yoast SEO plugin v20.5 - https:\/\/yoast.com\/wordpress\/plugins\/seo\/ -->\n<title>Col\u00e9gio Esp\u00edrito Santo reivindica mais seguran\u00e7a - O Timoneiro Jornal Canoas RS<\/title>\n<meta name=\"robots\" content=\"index, follow, max-snippet:-1, max-image-preview:large, max-video-preview:-1\" \/>\n<link rel=\"canonical\" href=\"https:\/\/jornaltimoneiro.com.br\/index.php\/2015\/06\/25\/colegio-espirito-santo-reivindica-mais-seguranca\/\" \/>\n<meta property=\"og:locale\" content=\"pt_BR\" \/>\n<meta property=\"og:type\" content=\"article\" \/>\n<meta property=\"og:title\" content=\"Col\u00e9gio Esp\u00edrito Santo reivindica mais seguran\u00e7a - O Timoneiro Jornal Canoas RS\" \/>\n<meta property=\"og:description\" content=\"Segundo o portal online do Col\u00e9gio Esp\u00edrito Santo (CES), no bairro Nossa Senhora das Gra\u00e7as, os pais de alunos est\u00e3o clamando por mais seguran\u00e7a no entorno da institui\u00e7\u00e3o em fun\u00e7\u00e3o dos registros de assaltos e roubos de carros ocorridos nas proximidades do col\u00e9gio na \u00faltima semana. O site informa que os pais e m\u00e3es est\u00e3o [&hellip;]\" \/>\n<meta property=\"og:url\" content=\"https:\/\/jornaltimoneiro.com.br\/index.php\/2015\/06\/25\/colegio-espirito-santo-reivindica-mais-seguranca\/\" \/>\n<meta property=\"og:site_name\" content=\"O Timoneiro Jornal Canoas RS\" \/>\n<meta property=\"article:publisher\" content=\"https:\/\/www.facebook.com\/jornaltimoneiro\" \/>\n<meta property=\"article:published_time\" content=\"2015-06-25T15:00:54+00:00\" \/>\n<meta name=\"author\" content=\"Reda\u00e7\u00e3o\" \/>\n<meta name=\"twitter:card\" content=\"summary_large_image\" \/>\n<meta name=\"twitter:creator\" content=\"@_OTimoneiro\" \/>\n<meta name=\"twitter:site\" content=\"@_OTimoneiro\" \/>\n<meta name=\"twitter:label1\" content=\"Escrito por\" \/>\n\t<meta name=\"twitter:data1\" content=\"Reda\u00e7\u00e3o\" \/>\n\t<meta name=\"twitter:label2\" content=\"Est. tempo de leitura\" \/>\n\t<meta name=\"twitter:data2\" content=\"3 minutos\" \/>\n<script type=\"application\/ld+json\" class=\"yoast-schema-graph\">{\"@context\":\"https:\/\/schema.org\",\"@graph\":[{\"@type\":\"Article\",\"@id\":\"https:\/\/jornaltimoneiro.com.br\/index.php\/2015\/06\/25\/colegio-espirito-santo-reivindica-mais-seguranca\/#article\",\"isPartOf\":{\"@id\":\"https:\/\/jornaltimoneiro.com.br\/index.php\/2015\/06\/25\/colegio-espirito-santo-reivindica-mais-seguranca\/\"},\"author\":{\"name\":\"Reda\u00e7\u00e3o\",\"@id\":\"https:\/\/jornaltimoneiro.com.br\/#\/schema\/person\/620efd1d8244466117482be494360b08\"},\"headline\":\"Col\u00e9gio Esp\u00edrito Santo reivindica mais seguran\u00e7a\",\"datePublished\":\"2015-06-25T15:00:54+00:00\",\"dateModified\":\"2015-06-25T15:00:54+00:00\",\"mainEntityOfPage\":{\"@id\":\"https:\/\/jornaltimoneiro.com.br\/index.php\/2015\/06\/25\/colegio-espirito-santo-reivindica-mais-seguranca\/\"},\"wordCount\":529,\"commentCount\":1,\"publisher\":{\"@id\":\"https:\/\/jornaltimoneiro.com.br\/#organization\"},\"articleSection\":[\"Comunidade\",\"Destaques\",\"Not\u00edcias\"],\"inLanguage\":\"pt-BR\",\"potentialAction\":[{\"@type\":\"CommentAction\",\"name\":\"Comment\",\"target\":[\"https:\/\/jornaltimoneiro.com.br\/index.php\/2015\/06\/25\/colegio-espirito-santo-reivindica-mais-seguranca\/#respond\"]}]},{\"@type\":\"WebPage\",\"@id\":\"https:\/\/jornaltimoneiro.com.br\/index.php\/2015\/06\/25\/colegio-espirito-santo-reivindica-mais-seguranca\/\",\"url\":\"https:\/\/jornaltimoneiro.com.br\/index.php\/2015\/06\/25\/colegio-espirito-santo-reivindica-mais-seguranca\/\",\"name\":\"Col\u00e9gio Esp\u00edrito Santo reivindica mais seguran\u00e7a - O Timoneiro Jornal Canoas RS\",\"isPartOf\":{\"@id\":\"https:\/\/jornaltimoneiro.com.br\/#website\"},\"datePublished\":\"2015-06-25T15:00:54+00:00\",\"dateModified\":\"2015-06-25T15:00:54+00:00\",\"breadcrumb\":{\"@id\":\"https:\/\/jornaltimoneiro.com.br\/index.php\/2015\/06\/25\/colegio-espirito-santo-reivindica-mais-seguranca\/#breadcrumb\"},\"inLanguage\":\"pt-BR\",\"potentialAction\":[{\"@type\":\"ReadAction\",\"target\":[\"https:\/\/jornaltimoneiro.com.br\/index.php\/2015\/06\/25\/colegio-espirito-santo-reivindica-mais-seguranca\/\"]}]},{\"@type\":\"BreadcrumbList\",\"@id\":\"https:\/\/jornaltimoneiro.com.br\/index.php\/2015\/06\/25\/colegio-espirito-santo-reivindica-mais-seguranca\/#breadcrumb\",\"itemListElement\":[{\"@type\":\"ListItem\",\"position\":1,\"name\":\"In\u00edcio\",\"item\":\"https:\/\/jornaltimoneiro.com.br\/\"},{\"@type\":\"ListItem\",\"position\":2,\"name\":\"Col\u00e9gio Esp\u00edrito Santo reivindica mais seguran\u00e7a\"}]},{\"@type\":\"WebSite\",\"@id\":\"https:\/\/jornaltimoneiro.com.br\/#website\",\"url\":\"https:\/\/jornaltimoneiro.com.br\/\",\"name\":\"Jornal Timoneiro Canoas RS\",\"description\":\"Jornal O Timoneiro, o verdadeiro jornal de Canoas\",\"publisher\":{\"@id\":\"https:\/\/jornaltimoneiro.com.br\/#organization\"},\"potentialAction\":[{\"@type\":\"SearchAction\",\"target\":{\"@type\":\"EntryPoint\",\"urlTemplate\":\"https:\/\/jornaltimoneiro.com.br\/?s={search_term_string}\"},\"query-input\":\"required name=search_term_string\"}],\"inLanguage\":\"pt-BR\"},{\"@type\":\"Organization\",\"@id\":\"https:\/\/jornaltimoneiro.com.br\/#organization\",\"name\":\"Jornal Timoneiro Canoas RS\",\"url\":\"https:\/\/jornaltimoneiro.com.br\/\",\"logo\":{\"@type\":\"ImageObject\",\"inLanguage\":\"pt-BR\",\"@id\":\"https:\/\/jornaltimoneiro.com.br\/#\/schema\/logo\/image\/\",\"url\":\"https:\/\/jornaltimoneiro.com.br\/wp-content\/uploads\/2023\/03\/logonovo.png\",\"contentUrl\":\"https:\/\/jornaltimoneiro.com.br\/wp-content\/uploads\/2023\/03\/logonovo.png\",\"width\":\"469\",\"height\":\"171\",\"caption\":\"Jornal Timoneiro Canoas RS\"},\"image\":{\"@id\":\"https:\/\/jornaltimoneiro.com.br\/#\/schema\/logo\/image\/\"},\"sameAs\":[\"https:\/\/www.facebook.com\/jornaltimoneiro\",\"https:\/\/twitter.com\/_OTimoneiro\",\"https:\/\/www.instagram.com\/jornaltimoneirocanoas\/\",\"https:\/\/www.youtube.com\/@jornalotimoneiro7927\"]},{\"@type\":\"Person\",\"@id\":\"https:\/\/jornaltimoneiro.com.br\/#\/schema\/person\/620efd1d8244466117482be494360b08\",\"name\":\"Reda\u00e7\u00e3o\",\"image\":{\"@type\":\"ImageObject\",\"inLanguage\":\"pt-BR\",\"@id\":\"https:\/\/jornaltimoneiro.com.br\/#\/schema\/person\/image\/\",\"url\":\"https:\/\/secure.gravatar.com\/avatar\/2f04e1b304682a8d9db336c7acd77f08?s=96&d=mm&r=g\",\"contentUrl\":\"https:\/\/secure.gravatar.com\/avatar\/2f04e1b304682a8d9db336c7acd77f08?s=96&d=mm&r=g\",\"caption\":\"Reda\u00e7\u00e3o\"},\"url\":\"https:\/\/jornaltimoneiro.com.br\/index.php\/author\/timoneirocanoas\/\"}]}<\/script>\n<!-- \/ Yoast SEO plugin. -->","yoast_head_json":{"title":"Col\u00e9gio Esp\u00edrito Santo reivindica mais seguran\u00e7a - O Timoneiro Jornal Canoas RS","robots":{"index":"index","follow":"follow","max-snippet":"max-snippet:-1","max-image-preview":"max-image-preview:large","max-video-preview":"max-video-preview:-1"},"canonical":"https:\/\/jornaltimoneiro.com.br\/index.php\/2015\/06\/25\/colegio-espirito-santo-reivindica-mais-seguranca\/","og_locale":"pt_BR","og_type":"article","og_title":"Col\u00e9gio Esp\u00edrito Santo reivindica mais seguran\u00e7a - O Timoneiro Jornal Canoas RS","og_description":"Segundo o portal online do Col\u00e9gio Esp\u00edrito Santo (CES), no bairro Nossa Senhora das Gra\u00e7as, os pais de alunos est\u00e3o clamando por mais seguran\u00e7a no entorno da institui\u00e7\u00e3o em fun\u00e7\u00e3o dos registros de assaltos e roubos de carros ocorridos nas proximidades do col\u00e9gio na \u00faltima semana. O site informa que os pais e m\u00e3es est\u00e3o [&hellip;]","og_url":"https:\/\/jornaltimoneiro.com.br\/index.php\/2015\/06\/25\/colegio-espirito-santo-reivindica-mais-seguranca\/","og_site_name":"O Timoneiro Jornal Canoas RS","article_publisher":"https:\/\/www.facebook.com\/jornaltimoneiro","article_published_time":"2015-06-25T15:00:54+00:00","author":"Reda\u00e7\u00e3o","twitter_card":"summary_large_image","twitter_creator":"@_OTimoneiro","twitter_site":"@_OTimoneiro","twitter_misc":{"Escrito por":"Reda\u00e7\u00e3o","Est. tempo de leitura":"3 minutos"},"schema":{"@context":"https:\/\/schema.org","@graph":[{"@type":"Article","@id":"https:\/\/jornaltimoneiro.com.br\/index.php\/2015\/06\/25\/colegio-espirito-santo-reivindica-mais-seguranca\/#article","isPartOf":{"@id":"https:\/\/jornaltimoneiro.com.br\/index.php\/2015\/06\/25\/colegio-espirito-santo-reivindica-mais-seguranca\/"},"author":{"name":"Reda\u00e7\u00e3o","@id":"https:\/\/jornaltimoneiro.com.br\/#\/schema\/person\/620efd1d8244466117482be494360b08"},"headline":"Col\u00e9gio Esp\u00edrito Santo reivindica mais seguran\u00e7a","datePublished":"2015-06-25T15:00:54+00:00","dateModified":"2015-06-25T15:00:54+00:00","mainEntityOfPage":{"@id":"https:\/\/jornaltimoneiro.com.br\/index.php\/2015\/06\/25\/colegio-espirito-santo-reivindica-mais-seguranca\/"},"wordCount":529,"commentCount":1,"publisher":{"@id":"https:\/\/jornaltimoneiro.com.br\/#organization"},"articleSection":["Comunidade","Destaques","Not\u00edcias"],"inLanguage":"pt-BR","potentialAction":[{"@type":"CommentAction","name":"Comment","target":["https:\/\/jornaltimoneiro.com.br\/index.php\/2015\/06\/25\/colegio-espirito-santo-reivindica-mais-seguranca\/#respond"]}]},{"@type":"WebPage","@id":"https:\/\/jornaltimoneiro.com.br\/index.php\/2015\/06\/25\/colegio-espirito-santo-reivindica-mais-seguranca\/","url":"https:\/\/jornaltimoneiro.com.br\/index.php\/2015\/06\/25\/colegio-espirito-santo-reivindica-mais-seguranca\/","name":"Col\u00e9gio Esp\u00edrito Santo reivindica mais seguran\u00e7a - O Timoneiro Jornal Canoas RS","isPartOf":{"@id":"https:\/\/jornaltimoneiro.com.br\/#website"},"datePublished":"2015-06-25T15:00:54+00:00","dateModified":"2015-06-25T15:00:54+00:00","breadcrumb":{"@id":"https:\/\/jornaltimoneiro.com.br\/index.php\/2015\/06\/25\/colegio-espirito-santo-reivindica-mais-seguranca\/#breadcrumb"},"inLanguage":"pt-BR","potentialAction":[{"@type":"ReadAction","target":["https:\/\/jornaltimoneiro.com.br\/index.php\/2015\/06\/25\/colegio-espirito-santo-reivindica-mais-seguranca\/"]}]},{"@type":"BreadcrumbList","@id":"https:\/\/jornaltimoneiro.com.br\/index.php\/2015\/06\/25\/colegio-espirito-santo-reivindica-mais-seguranca\/#breadcrumb","itemListElement":[{"@type":"ListItem","position":1,"name":"In\u00edcio","item":"https:\/\/jornaltimoneiro.com.br\/"},{"@type":"ListItem","position":2,"name":"Col\u00e9gio Esp\u00edrito Santo reivindica mais seguran\u00e7a"}]},{"@type":"WebSite","@id":"https:\/\/jornaltimoneiro.com.br\/#website","url":"https:\/\/jornaltimoneiro.com.br\/","name":"Jornal Timoneiro Canoas RS","description":"Jornal O Timoneiro, o verdadeiro jornal de Canoas","publisher":{"@id":"https:\/\/jornaltimoneiro.com.br\/#organization"},"potentialAction":[{"@type":"SearchAction","target":{"@type":"EntryPoint","urlTemplate":"https:\/\/jornaltimoneiro.com.br\/?s={search_term_string}"},"query-input":"required name=search_term_string"}],"inLanguage":"pt-BR"},{"@type":"Organization","@id":"https:\/\/jornaltimoneiro.com.br\/#organization","name":"Jornal Timoneiro Canoas RS","url":"https:\/\/jornaltimoneiro.com.br\/","logo":{"@type":"ImageObject","inLanguage":"pt-BR","@id":"https:\/\/jornaltimoneiro.com.br\/#\/schema\/logo\/image\/","url":"https:\/\/jornaltimoneiro.com.br\/wp-content\/uploads\/2023\/03\/logonovo.png","contentUrl":"https:\/\/jornaltimoneiro.com.br\/wp-content\/uploads\/2023\/03\/logonovo.png","width":"469","height":"171","caption":"Jornal Timoneiro Canoas RS"},"image":{"@id":"https:\/\/jornaltimoneiro.com.br\/#\/schema\/logo\/image\/"},"sameAs":["https:\/\/www.facebook.com\/jornaltimoneiro","https:\/\/twitter.com\/_OTimoneiro","https:\/\/www.instagram.com\/jornaltimoneirocanoas\/","https:\/\/www.youtube.com\/@jornalotimoneiro7927"]},{"@type":"Person","@id":"https:\/\/jornaltimoneiro.com.br\/#\/schema\/person\/620efd1d8244466117482be494360b08","name":"Reda\u00e7\u00e3o","image":{"@type":"ImageObject","inLanguage":"pt-BR","@id":"https:\/\/jornaltimoneiro.com.br\/#\/schema\/person\/image\/","url":"https:\/\/secure.gravatar.com\/avatar\/2f04e1b304682a8d9db336c7acd77f08?s=96&d=mm&r=g","contentUrl":"https:\/\/secure.gravatar.com\/avatar\/2f04e1b304682a8d9db336c7acd77f08?s=96&d=mm&r=g","caption":"Reda\u00e7\u00e3o"},"url":"https:\/\/jornaltimoneiro.com.br\/index.php\/author\/timoneirocanoas\/"}]}},"_links":{"self":[{"href":"https:\/\/jornaltimoneiro.com.br\/index.php\/wp-json\/wp\/v2\/posts\/442"}],"collection":[{"href":"https:\/\/jornaltimoneiro.com.br\/index.php\/wp-json\/wp\/v2\/posts"}],"about":[{"href":"https:\/\/jornaltimoneiro.com.br\/index.php\/wp-json\/wp\/v2\/types\/post"}],"author":[{"embeddable":true,"href":"https:\/\/jornaltimoneiro.com.br\/index.php\/wp-json\/wp\/v2\/users\/1"}],"replies":[{"embeddable":true,"href":"https:\/\/jornaltimoneiro.com.br\/index.php\/wp-json\/wp\/v2\/comments?post=442"}],"version-history":[{"count":0,"href":"https:\/\/jornaltimoneiro.com.br\/index.php\/wp-json\/wp\/v2\/posts\/442\/revisions"}],"wp:featuredmedia":[{"embeddable":true,"href":"https:\/\/jornaltimoneiro.com.br\/index.php\/wp-json\/"}],"wp:attachment":[{"href":"https:\/\/jornaltimoneiro.com.br\/index.php\/wp-json\/wp\/v2\/media?parent=442"}],"wp:term":[{"taxonomy":"category","embeddable":true,"href":"https:\/\/jornaltimoneiro.com.br\/index.php\/wp-json\/wp\/v2\/categories?post=442"},{"taxonomy":"post_tag","embeddable":true,"href":"https:\/\/jornaltimoneiro.com.br\/index.php\/wp-json\/wp\/v2\/tags?post=442"}],"curies":[{"name":"wp","href":"https:\/\/api.w.org\/{rel}","templated":true}]}}