{"id":437,"date":"2015-06-24T15:19:19","date_gmt":"2015-06-24T18:19:19","guid":{"rendered":"http:\/\/otimoneiro.com.br\/?p=437"},"modified":"2015-06-24T15:19:19","modified_gmt":"2015-06-24T18:19:19","slug":"luis-fernando-verissimo-na-31o-feira-do-livro-de-canoas","status":"publish","type":"post","link":"https:\/\/jornaltimoneiro.com.br\/index.php\/2015\/06\/24\/luis-fernando-verissimo-na-31o-feira-do-livro-de-canoas\/","title":{"rendered":"Luis Fernando Ver\u00edssimo na 31\u00ba Feira do Livro de Canoas"},"content":{"rendered":"<p style=\"text-align: justify;\">Na quinta-feira, 25, o renomado escritor Luis Fernando Ver\u00edssimo estar\u00e1 na Feira do Livro de Canoas a partir das 19h30min, no audit\u00f3rio que leva seu nome, na Pra\u00e7a da Bandeira. Al\u00e9m de participar de um encontro mediado pelo professor S\u00e9rgius Gonzaga, participar\u00e1 de sess\u00e3o de aut\u00f3grafos do seu mais novo trabalho \u201cAmor Verissimo\u201d, publicado pela Editora Objetiva.<\/p>\n<div id=\"attachment_438\" style=\"width: 280px\" class=\"wp-caption alignleft\"><a href=\"http:\/\/otimoneiro.com.br\/wp-content\/uploads\/2015\/06\/Luis-Fernando-Verissimo-PMC.jpg\"><img decoding=\"async\" aria-describedby=\"caption-attachment-438\" class=\"size-full wp-image-438\" src=\"http:\/\/otimoneiro.com.br\/wp-content\/uploads\/2015\/06\/Luis-Fernando-Verissimo-PMC.jpg\" alt=\"Luis Fernando Verissimo. Foto: Divulga\u00e7\u00e3o PMC\" width=\"270\" height=\"190\" \/><\/a><p id=\"caption-attachment-438\" class=\"wp-caption-text\">Luis Fernando Verissimo. Foto: Divulga\u00e7\u00e3o PMC<\/p><\/div>\n<p style=\"text-align: justify;\">O autor est\u00e1 entre os mais lidos e adaptados da literatura nacional. Filho de Erico Verissimo, Luis Fernando \u00e9 reconhecido pelo seu humor focado nos costumes, na vida cotidiana, publicados em cr\u00f4nicas publicadas em diversos jornais do pa\u00eds e em livros. J\u00e1 tendo passado por algumas reda\u00e7\u00f5es do Estado, Verissimo publicou seu primeiro livro, &#8220;O Popular &#8211; Cr\u00f4nicas ou Coisa Parecida&#8221;, em 1973, seguidos por obras como &#8220;A Mulher Nua&#8221;, &#8220;Ed Mort e Outras Hist\u00f3rias&#8221;, &#8220;O Analista de Bag\u00e9&#8221; e &#8220;Com\u00e9dias da Vida Privada&#8221;. Embora muito t\u00edmido, tamb\u00e9m \u00e9 m\u00fasico, tocando saxofone desde os anos 60.<\/p>\n<p style=\"text-align: justify;\"><strong>A programa\u00e7\u00e3o da Feira, na quinta, segue com as atividades:<\/strong><\/p>\n<p style=\"text-align: justify;\">9h &#8211; Encontro com o escritor Caio Ritter &#8211; Audit\u00f3rio Luis Fernando Verissimo<\/p>\n<p style=\"text-align: justify;\">9h40 &#8211; Lan\u00e7amento de &#8220;Duas Vezes na Floresta Escura&#8221; (Gaivota), de Caio Ritter &#8211; Caf\u00e9 Liter\u00e1rio<\/p>\n<p style=\"text-align: justify;\">10h &#8211; Zuando o Som &#8211; Espa\u00e7o Infantil SESC<\/p>\n<p style=\"text-align: justify;\">10h40 &#8211; Lan\u00e7amento de &#8220;O Homem da \u00c1rvore na Cabe\u00e7a&#8221; (Nova Fronteira) e &#8220;Batu, o Filho do Rei&#8221; (DCL), de Celso Sisto &#8211; Caf\u00e9 Liter\u00e1rio<\/p>\n<p style=\"text-align: justify;\">14h &#8211; Encontro com o escritor Matheus Ayres &#8211; Audit\u00f3rio Luis Fernando Verissimo<\/p>\n<p style=\"text-align: justify;\">14h &#8211; Apresenta\u00e7\u00e3o &#8220;Logotipo Humanogr\u00e1fico: Representa\u00e7\u00e3o Corporal do Sistema Braille&#8221; e conta\u00e7\u00e3o de hist\u00f3ria &#8220;Adevico: o Ratinho Curioso&#8221; &#8211; Espa\u00e7o Infantil SESC<\/p>\n<p style=\"text-align: justify;\">14h40 &#8211; Sess\u00e3o de aut\u00f3grafos de &#8220;Era uma Vez uma Pipoca&#8221; (Cassol), de Matheus Ayres &#8211; Caf\u00e9 Liter\u00e1rio<\/p>\n<p style=\"text-align: justify;\">15h &#8211; Teatro de Objetos com o professor Jo\u00e3o Vasconcelos &#8211; Audit\u00f3rio Luis Fernando Verissimo<\/p>\n<p style=\"text-align: justify;\">15h &#8211; Conta\u00e7\u00e3o de Hist\u00f3rias &#8211; Espa\u00e7o Infantil SESC<\/p>\n<p style=\"text-align: justify;\">16h &#8211; Lan\u00e7amento do e-book &#8220;Inverso &#8211; Contos Incr\u00edveis&#8221; (Sons e Versos Editora), de M\u00e1rio Amaral Teixeira &#8211; Caf\u00e9 Liter\u00e1rio<\/p>\n<p style=\"text-align: justify;\">17h &#8211; Lan\u00e7amento de &#8220;Poemas&#8221;, de Leon Denis da Silveira &#8211; Caf\u00e9 Liter\u00e1rio<\/p>\n<p style=\"text-align: justify;\">19h30 &#8211; Encontro com o escritor Luis Fernando Verissimo com media\u00e7\u00e3o de Sergius Gonzaga &#8211; Audit\u00f3rio Luis Fernando Verissimo<\/p>\n<p style=\"text-align: justify;\">20h20 &#8211; Sess\u00e3o de aut\u00f3grafos de &#8220;Amor Verissimo&#8221; (Objetiva), de Luis Fernando Verissimo &#8211; Audit\u00f3rio Luis Fernando Verissimo<\/p>\n","protected":false},"excerpt":{"rendered":"<p>Na quinta-feira, 25, o renomado escritor Luis Fernando Ver\u00edssimo estar\u00e1 na Feira do Livro de Canoas a partir das 19h30min, no audit\u00f3rio que leva seu nome, na Pra\u00e7a da Bandeira. Al\u00e9m de participar de um encontro mediado pelo professor S\u00e9rgius Gonzaga, participar\u00e1 de sess\u00e3o de aut\u00f3grafos do seu mais novo trabalho \u201cAmor Verissimo\u201d, publicado pela [&hellip;]<\/p>\n","protected":false},"author":1,"featured_media":438,"comment_status":"open","ping_status":"open","sticky":false,"template":"","format":"standard","meta":{"amp_status":"","footnotes":""},"categories":[25,19,23,22],"tags":[],"class_list":["post-437","post","type-post","status-publish","format-standard","has-post-thumbnail","hentry","category-comunidade","category-destaques","category-geral","category-noticias"],"yoast_head":"<!-- This site is optimized with the Yoast SEO plugin v20.5 - https:\/\/yoast.com\/wordpress\/plugins\/seo\/ -->\n<title>Luis Fernando Ver\u00edssimo na 31\u00ba Feira do Livro de Canoas - O Timoneiro Jornal Canoas RS<\/title>\n<meta name=\"robots\" content=\"index, follow, max-snippet:-1, max-image-preview:large, max-video-preview:-1\" \/>\n<link rel=\"canonical\" href=\"https:\/\/jornaltimoneiro.com.br\/index.php\/2015\/06\/24\/luis-fernando-verissimo-na-31o-feira-do-livro-de-canoas\/\" \/>\n<meta property=\"og:locale\" content=\"pt_BR\" \/>\n<meta property=\"og:type\" content=\"article\" \/>\n<meta property=\"og:title\" content=\"Luis Fernando Ver\u00edssimo na 31\u00ba Feira do Livro de Canoas - O Timoneiro Jornal Canoas RS\" \/>\n<meta property=\"og:description\" content=\"Na quinta-feira, 25, o renomado escritor Luis Fernando Ver\u00edssimo estar\u00e1 na Feira do Livro de Canoas a partir das 19h30min, no audit\u00f3rio que leva seu nome, na Pra\u00e7a da Bandeira. Al\u00e9m de participar de um encontro mediado pelo professor S\u00e9rgius Gonzaga, participar\u00e1 de sess\u00e3o de aut\u00f3grafos do seu mais novo trabalho \u201cAmor Verissimo\u201d, publicado pela [&hellip;]\" \/>\n<meta property=\"og:url\" content=\"https:\/\/jornaltimoneiro.com.br\/index.php\/2015\/06\/24\/luis-fernando-verissimo-na-31o-feira-do-livro-de-canoas\/\" \/>\n<meta property=\"og:site_name\" content=\"O Timoneiro Jornal Canoas RS\" \/>\n<meta property=\"article:publisher\" content=\"https:\/\/www.facebook.com\/jornaltimoneiro\" \/>\n<meta property=\"article:published_time\" content=\"2015-06-24T18:19:19+00:00\" \/>\n<meta name=\"author\" content=\"Reda\u00e7\u00e3o\" \/>\n<meta name=\"twitter:card\" content=\"summary_large_image\" \/>\n<meta name=\"twitter:creator\" content=\"@_OTimoneiro\" \/>\n<meta name=\"twitter:site\" content=\"@_OTimoneiro\" \/>\n<meta name=\"twitter:label1\" content=\"Escrito por\" \/>\n\t<meta name=\"twitter:data1\" content=\"Reda\u00e7\u00e3o\" \/>\n\t<meta name=\"twitter:label2\" content=\"Est. tempo de leitura\" \/>\n\t<meta name=\"twitter:data2\" content=\"2 minutos\" \/>\n<script type=\"application\/ld+json\" class=\"yoast-schema-graph\">{\"@context\":\"https:\/\/schema.org\",\"@graph\":[{\"@type\":\"Article\",\"@id\":\"https:\/\/jornaltimoneiro.com.br\/index.php\/2015\/06\/24\/luis-fernando-verissimo-na-31o-feira-do-livro-de-canoas\/#article\",\"isPartOf\":{\"@id\":\"https:\/\/jornaltimoneiro.com.br\/index.php\/2015\/06\/24\/luis-fernando-verissimo-na-31o-feira-do-livro-de-canoas\/\"},\"author\":{\"name\":\"Reda\u00e7\u00e3o\",\"@id\":\"https:\/\/jornaltimoneiro.com.br\/#\/schema\/person\/620efd1d8244466117482be494360b08\"},\"headline\":\"Luis Fernando Ver\u00edssimo na 31\u00ba Feira do Livro de Canoas\",\"datePublished\":\"2015-06-24T18:19:19+00:00\",\"dateModified\":\"2015-06-24T18:19:19+00:00\",\"mainEntityOfPage\":{\"@id\":\"https:\/\/jornaltimoneiro.com.br\/index.php\/2015\/06\/24\/luis-fernando-verissimo-na-31o-feira-do-livro-de-canoas\/\"},\"wordCount\":443,\"commentCount\":0,\"publisher\":{\"@id\":\"https:\/\/jornaltimoneiro.com.br\/#organization\"},\"articleSection\":[\"Comunidade\",\"Destaques\",\"Geral\",\"Not\u00edcias\"],\"inLanguage\":\"pt-BR\",\"potentialAction\":[{\"@type\":\"CommentAction\",\"name\":\"Comment\",\"target\":[\"https:\/\/jornaltimoneiro.com.br\/index.php\/2015\/06\/24\/luis-fernando-verissimo-na-31o-feira-do-livro-de-canoas\/#respond\"]}]},{\"@type\":\"WebPage\",\"@id\":\"https:\/\/jornaltimoneiro.com.br\/index.php\/2015\/06\/24\/luis-fernando-verissimo-na-31o-feira-do-livro-de-canoas\/\",\"url\":\"https:\/\/jornaltimoneiro.com.br\/index.php\/2015\/06\/24\/luis-fernando-verissimo-na-31o-feira-do-livro-de-canoas\/\",\"name\":\"Luis Fernando Ver\u00edssimo na 31\u00ba Feira do Livro de Canoas - O Timoneiro Jornal Canoas RS\",\"isPartOf\":{\"@id\":\"https:\/\/jornaltimoneiro.com.br\/#website\"},\"datePublished\":\"2015-06-24T18:19:19+00:00\",\"dateModified\":\"2015-06-24T18:19:19+00:00\",\"breadcrumb\":{\"@id\":\"https:\/\/jornaltimoneiro.com.br\/index.php\/2015\/06\/24\/luis-fernando-verissimo-na-31o-feira-do-livro-de-canoas\/#breadcrumb\"},\"inLanguage\":\"pt-BR\",\"potentialAction\":[{\"@type\":\"ReadAction\",\"target\":[\"https:\/\/jornaltimoneiro.com.br\/index.php\/2015\/06\/24\/luis-fernando-verissimo-na-31o-feira-do-livro-de-canoas\/\"]}]},{\"@type\":\"BreadcrumbList\",\"@id\":\"https:\/\/jornaltimoneiro.com.br\/index.php\/2015\/06\/24\/luis-fernando-verissimo-na-31o-feira-do-livro-de-canoas\/#breadcrumb\",\"itemListElement\":[{\"@type\":\"ListItem\",\"position\":1,\"name\":\"In\u00edcio\",\"item\":\"https:\/\/jornaltimoneiro.com.br\/\"},{\"@type\":\"ListItem\",\"position\":2,\"name\":\"Luis Fernando Ver\u00edssimo na 31\u00ba Feira do Livro de Canoas\"}]},{\"@type\":\"WebSite\",\"@id\":\"https:\/\/jornaltimoneiro.com.br\/#website\",\"url\":\"https:\/\/jornaltimoneiro.com.br\/\",\"name\":\"Jornal Timoneiro Canoas RS\",\"description\":\"Jornal O Timoneiro, o verdadeiro jornal de Canoas\",\"publisher\":{\"@id\":\"https:\/\/jornaltimoneiro.com.br\/#organization\"},\"potentialAction\":[{\"@type\":\"SearchAction\",\"target\":{\"@type\":\"EntryPoint\",\"urlTemplate\":\"https:\/\/jornaltimoneiro.com.br\/?s={search_term_string}\"},\"query-input\":\"required name=search_term_string\"}],\"inLanguage\":\"pt-BR\"},{\"@type\":\"Organization\",\"@id\":\"https:\/\/jornaltimoneiro.com.br\/#organization\",\"name\":\"Jornal Timoneiro Canoas RS\",\"url\":\"https:\/\/jornaltimoneiro.com.br\/\",\"logo\":{\"@type\":\"ImageObject\",\"inLanguage\":\"pt-BR\",\"@id\":\"https:\/\/jornaltimoneiro.com.br\/#\/schema\/logo\/image\/\",\"url\":\"https:\/\/jornaltimoneiro.com.br\/wp-content\/uploads\/2023\/03\/logonovo.png\",\"contentUrl\":\"https:\/\/jornaltimoneiro.com.br\/wp-content\/uploads\/2023\/03\/logonovo.png\",\"width\":\"469\",\"height\":\"171\",\"caption\":\"Jornal Timoneiro Canoas RS\"},\"image\":{\"@id\":\"https:\/\/jornaltimoneiro.com.br\/#\/schema\/logo\/image\/\"},\"sameAs\":[\"https:\/\/www.facebook.com\/jornaltimoneiro\",\"https:\/\/twitter.com\/_OTimoneiro\",\"https:\/\/www.instagram.com\/jornaltimoneirocanoas\/\",\"https:\/\/www.youtube.com\/@jornalotimoneiro7927\"]},{\"@type\":\"Person\",\"@id\":\"https:\/\/jornaltimoneiro.com.br\/#\/schema\/person\/620efd1d8244466117482be494360b08\",\"name\":\"Reda\u00e7\u00e3o\",\"image\":{\"@type\":\"ImageObject\",\"inLanguage\":\"pt-BR\",\"@id\":\"https:\/\/jornaltimoneiro.com.br\/#\/schema\/person\/image\/\",\"url\":\"https:\/\/secure.gravatar.com\/avatar\/2f04e1b304682a8d9db336c7acd77f08?s=96&d=mm&r=g\",\"contentUrl\":\"https:\/\/secure.gravatar.com\/avatar\/2f04e1b304682a8d9db336c7acd77f08?s=96&d=mm&r=g\",\"caption\":\"Reda\u00e7\u00e3o\"},\"url\":\"https:\/\/jornaltimoneiro.com.br\/index.php\/author\/timoneirocanoas\/\"}]}<\/script>\n<!-- \/ Yoast SEO plugin. -->","yoast_head_json":{"title":"Luis Fernando Ver\u00edssimo na 31\u00ba Feira do Livro de Canoas - O Timoneiro Jornal Canoas RS","robots":{"index":"index","follow":"follow","max-snippet":"max-snippet:-1","max-image-preview":"max-image-preview:large","max-video-preview":"max-video-preview:-1"},"canonical":"https:\/\/jornaltimoneiro.com.br\/index.php\/2015\/06\/24\/luis-fernando-verissimo-na-31o-feira-do-livro-de-canoas\/","og_locale":"pt_BR","og_type":"article","og_title":"Luis Fernando Ver\u00edssimo na 31\u00ba Feira do Livro de Canoas - O Timoneiro Jornal Canoas RS","og_description":"Na quinta-feira, 25, o renomado escritor Luis Fernando Ver\u00edssimo estar\u00e1 na Feira do Livro de Canoas a partir das 19h30min, no audit\u00f3rio que leva seu nome, na Pra\u00e7a da Bandeira. Al\u00e9m de participar de um encontro mediado pelo professor S\u00e9rgius Gonzaga, participar\u00e1 de sess\u00e3o de aut\u00f3grafos do seu mais novo trabalho \u201cAmor Verissimo\u201d, publicado pela [&hellip;]","og_url":"https:\/\/jornaltimoneiro.com.br\/index.php\/2015\/06\/24\/luis-fernando-verissimo-na-31o-feira-do-livro-de-canoas\/","og_site_name":"O Timoneiro Jornal Canoas RS","article_publisher":"https:\/\/www.facebook.com\/jornaltimoneiro","article_published_time":"2015-06-24T18:19:19+00:00","author":"Reda\u00e7\u00e3o","twitter_card":"summary_large_image","twitter_creator":"@_OTimoneiro","twitter_site":"@_OTimoneiro","twitter_misc":{"Escrito por":"Reda\u00e7\u00e3o","Est. tempo de leitura":"2 minutos"},"schema":{"@context":"https:\/\/schema.org","@graph":[{"@type":"Article","@id":"https:\/\/jornaltimoneiro.com.br\/index.php\/2015\/06\/24\/luis-fernando-verissimo-na-31o-feira-do-livro-de-canoas\/#article","isPartOf":{"@id":"https:\/\/jornaltimoneiro.com.br\/index.php\/2015\/06\/24\/luis-fernando-verissimo-na-31o-feira-do-livro-de-canoas\/"},"author":{"name":"Reda\u00e7\u00e3o","@id":"https:\/\/jornaltimoneiro.com.br\/#\/schema\/person\/620efd1d8244466117482be494360b08"},"headline":"Luis Fernando Ver\u00edssimo na 31\u00ba Feira do Livro de Canoas","datePublished":"2015-06-24T18:19:19+00:00","dateModified":"2015-06-24T18:19:19+00:00","mainEntityOfPage":{"@id":"https:\/\/jornaltimoneiro.com.br\/index.php\/2015\/06\/24\/luis-fernando-verissimo-na-31o-feira-do-livro-de-canoas\/"},"wordCount":443,"commentCount":0,"publisher":{"@id":"https:\/\/jornaltimoneiro.com.br\/#organization"},"articleSection":["Comunidade","Destaques","Geral","Not\u00edcias"],"inLanguage":"pt-BR","potentialAction":[{"@type":"CommentAction","name":"Comment","target":["https:\/\/jornaltimoneiro.com.br\/index.php\/2015\/06\/24\/luis-fernando-verissimo-na-31o-feira-do-livro-de-canoas\/#respond"]}]},{"@type":"WebPage","@id":"https:\/\/jornaltimoneiro.com.br\/index.php\/2015\/06\/24\/luis-fernando-verissimo-na-31o-feira-do-livro-de-canoas\/","url":"https:\/\/jornaltimoneiro.com.br\/index.php\/2015\/06\/24\/luis-fernando-verissimo-na-31o-feira-do-livro-de-canoas\/","name":"Luis Fernando Ver\u00edssimo na 31\u00ba Feira do Livro de Canoas - O Timoneiro Jornal Canoas RS","isPartOf":{"@id":"https:\/\/jornaltimoneiro.com.br\/#website"},"datePublished":"2015-06-24T18:19:19+00:00","dateModified":"2015-06-24T18:19:19+00:00","breadcrumb":{"@id":"https:\/\/jornaltimoneiro.com.br\/index.php\/2015\/06\/24\/luis-fernando-verissimo-na-31o-feira-do-livro-de-canoas\/#breadcrumb"},"inLanguage":"pt-BR","potentialAction":[{"@type":"ReadAction","target":["https:\/\/jornaltimoneiro.com.br\/index.php\/2015\/06\/24\/luis-fernando-verissimo-na-31o-feira-do-livro-de-canoas\/"]}]},{"@type":"BreadcrumbList","@id":"https:\/\/jornaltimoneiro.com.br\/index.php\/2015\/06\/24\/luis-fernando-verissimo-na-31o-feira-do-livro-de-canoas\/#breadcrumb","itemListElement":[{"@type":"ListItem","position":1,"name":"In\u00edcio","item":"https:\/\/jornaltimoneiro.com.br\/"},{"@type":"ListItem","position":2,"name":"Luis Fernando Ver\u00edssimo na 31\u00ba Feira do Livro de Canoas"}]},{"@type":"WebSite","@id":"https:\/\/jornaltimoneiro.com.br\/#website","url":"https:\/\/jornaltimoneiro.com.br\/","name":"Jornal Timoneiro Canoas RS","description":"Jornal O Timoneiro, o verdadeiro jornal de Canoas","publisher":{"@id":"https:\/\/jornaltimoneiro.com.br\/#organization"},"potentialAction":[{"@type":"SearchAction","target":{"@type":"EntryPoint","urlTemplate":"https:\/\/jornaltimoneiro.com.br\/?s={search_term_string}"},"query-input":"required name=search_term_string"}],"inLanguage":"pt-BR"},{"@type":"Organization","@id":"https:\/\/jornaltimoneiro.com.br\/#organization","name":"Jornal Timoneiro Canoas RS","url":"https:\/\/jornaltimoneiro.com.br\/","logo":{"@type":"ImageObject","inLanguage":"pt-BR","@id":"https:\/\/jornaltimoneiro.com.br\/#\/schema\/logo\/image\/","url":"https:\/\/jornaltimoneiro.com.br\/wp-content\/uploads\/2023\/03\/logonovo.png","contentUrl":"https:\/\/jornaltimoneiro.com.br\/wp-content\/uploads\/2023\/03\/logonovo.png","width":"469","height":"171","caption":"Jornal Timoneiro Canoas RS"},"image":{"@id":"https:\/\/jornaltimoneiro.com.br\/#\/schema\/logo\/image\/"},"sameAs":["https:\/\/www.facebook.com\/jornaltimoneiro","https:\/\/twitter.com\/_OTimoneiro","https:\/\/www.instagram.com\/jornaltimoneirocanoas\/","https:\/\/www.youtube.com\/@jornalotimoneiro7927"]},{"@type":"Person","@id":"https:\/\/jornaltimoneiro.com.br\/#\/schema\/person\/620efd1d8244466117482be494360b08","name":"Reda\u00e7\u00e3o","image":{"@type":"ImageObject","inLanguage":"pt-BR","@id":"https:\/\/jornaltimoneiro.com.br\/#\/schema\/person\/image\/","url":"https:\/\/secure.gravatar.com\/avatar\/2f04e1b304682a8d9db336c7acd77f08?s=96&d=mm&r=g","contentUrl":"https:\/\/secure.gravatar.com\/avatar\/2f04e1b304682a8d9db336c7acd77f08?s=96&d=mm&r=g","caption":"Reda\u00e7\u00e3o"},"url":"https:\/\/jornaltimoneiro.com.br\/index.php\/author\/timoneirocanoas\/"}]}},"_links":{"self":[{"href":"https:\/\/jornaltimoneiro.com.br\/index.php\/wp-json\/wp\/v2\/posts\/437"}],"collection":[{"href":"https:\/\/jornaltimoneiro.com.br\/index.php\/wp-json\/wp\/v2\/posts"}],"about":[{"href":"https:\/\/jornaltimoneiro.com.br\/index.php\/wp-json\/wp\/v2\/types\/post"}],"author":[{"embeddable":true,"href":"https:\/\/jornaltimoneiro.com.br\/index.php\/wp-json\/wp\/v2\/users\/1"}],"replies":[{"embeddable":true,"href":"https:\/\/jornaltimoneiro.com.br\/index.php\/wp-json\/wp\/v2\/comments?post=437"}],"version-history":[{"count":0,"href":"https:\/\/jornaltimoneiro.com.br\/index.php\/wp-json\/wp\/v2\/posts\/437\/revisions"}],"wp:featuredmedia":[{"embeddable":true,"href":"https:\/\/jornaltimoneiro.com.br\/index.php\/wp-json\/"}],"wp:attachment":[{"href":"https:\/\/jornaltimoneiro.com.br\/index.php\/wp-json\/wp\/v2\/media?parent=437"}],"wp:term":[{"taxonomy":"category","embeddable":true,"href":"https:\/\/jornaltimoneiro.com.br\/index.php\/wp-json\/wp\/v2\/categories?post=437"},{"taxonomy":"post_tag","embeddable":true,"href":"https:\/\/jornaltimoneiro.com.br\/index.php\/wp-json\/wp\/v2\/tags?post=437"}],"curies":[{"name":"wp","href":"https:\/\/api.w.org\/{rel}","templated":true}]}}