{"id":42662,"date":"2026-09-06T11:22:55","date_gmt":"2026-09-06T14:22:55","guid":{"rendered":"https:\/\/jornaltimoneiro.com.br\/?p=42662"},"modified":"2026-09-06T11:22:55","modified_gmt":"2026-09-06T14:22:55","slug":"simples-nacional-2027-opcao-deve-ser-solicitada-em-setembro-de-2026","status":"publish","type":"post","link":"https:\/\/jornaltimoneiro.com.br\/index.php\/2026\/09\/06\/simples-nacional-2027-opcao-deve-ser-solicitada-em-setembro-de-2026\/","title":{"rendered":"Simples Nacional ter\u00e1 novo prazo para 2027; veja at\u00e9 quando as empresas podem solicitar"},"content":{"rendered":"<p class=\"isSelectedEnd\">As empresas que pretendem ingressar ou reingressar no Simples Nacional em 2027 ter\u00e3o um novo prazo para fazer a solicita\u00e7\u00e3o. A op\u00e7\u00e3o dever\u00e1 ser realizada entre 1\u00ba e 30 de setembro de 2026, exclusivamente pelo <a href=\"https:\/\/www8.receita.fazenda.gov.br\/simplesnacional\/\" target=\"_blank\" rel=\"noopener\">Portal do Simples Nacional.<\/a><\/p>\n<p class=\"isSelectedEnd\">A mudan\u00e7a vale para empresas que j\u00e1 possuem CNPJ e altera o calend\u00e1rio utilizado at\u00e9 ent\u00e3o. A partir deste ano, a solicita\u00e7\u00e3o deixa de ser feita em janeiro e passa a ocorrer em setembro do ano anterior ao in\u00edcio da vig\u00eancia do regime. Assim, o pedido feito em setembro de 2026 ter\u00e1 validade a partir de 1\u00ba de janeiro de 2027.<\/p>\n<p>A altera\u00e7\u00e3o foi estabelecida pela Lei Complementar 214\/2025 e regulamentada pelo Comit\u00ea Gestor do Simples Nacional (CGSN).<\/p>\n<h4>IBS e CBS<\/h4>\n<p class=\"isSelectedEnd\">Durante o mesmo per\u00edodo, empresas que j\u00e1 est\u00e3o no Simples Nacional ou que solicitarem a op\u00e7\u00e3o pelo regime poder\u00e3o escolher a apura\u00e7\u00e3o e o recolhimento do Imposto sobre Bens e Servi\u00e7os (IBS) e da Contribui\u00e7\u00e3o sobre Bens e Servi\u00e7os (CBS) pelo regime regular.<\/p>\n<p>A escolha dever\u00e1 ser feita no Portal do Simples Nacional e ter\u00e1 efeitos no primeiro semestre de 2027. Os demais tributos continuar\u00e3o sendo recolhidos pelo regime simplificado.<\/p>\n<h4>Reingresso ap\u00f3s exclus\u00e3o<\/h4>\n<p class=\"isSelectedEnd\">A nova regra tamb\u00e9m alcan\u00e7a empresas que foram exclu\u00eddas do Simples Nacional em 2026 por causa de d\u00e9bitos e pretendem voltar ao regime em 2027.<\/p>\n<p class=\"isSelectedEnd\">Nesses casos, a empresa permanece enquadrada no Simples Nacional at\u00e9 o fim de 2026, mas a exclus\u00e3o passa a produzir efeitos a partir de 1\u00ba de janeiro de 2027. Para retornar ao regime, ser\u00e1 necess\u00e1rio fazer uma nova solicita\u00e7\u00e3o entre 1\u00ba e 30 de setembro de 2026 e atender \u00e0s condi\u00e7\u00f5es exigidas.<\/p>\n<h4>Como fazer a solicita\u00e7\u00e3o<\/h4>\n<p class=\"isSelectedEnd\">O pedido deve ser realizado no <a href=\"https:\/\/www8.receita.fazenda.gov.br\/simplesnacional\/\" target=\"_blank\" rel=\"noopener\">Portal do Simples Nacional<\/a>, no caminho \u201cSimples Servi\u00e7os\u201d &gt; \u201cOp\u00e7\u00e3o\u201d &gt; \u201cSolicita\u00e7\u00e3o de Op\u00e7\u00e3o pelo Simples Nacional\u201d.<\/p>\n<p class=\"isSelectedEnd\">A an\u00e1lise \u00e9 feita conjuntamente pela Receita Federal, Receita Estadual e munic\u00edpios. O andamento e o resultado podem ser acompanhados pelo pr\u00f3prio portal.<\/p>\n<p class=\"isSelectedEnd\">Caso existam d\u00e9bitos que impe\u00e7am a op\u00e7\u00e3o, a situa\u00e7\u00e3o ser\u00e1 informada durante o processo. As pend\u00eancias poder\u00e3o ser regularizadas antes da formaliza\u00e7\u00e3o do pedido. Se a solicita\u00e7\u00e3o for feita sem a regulariza\u00e7\u00e3o, poder\u00e1 ser emitido um Termo de Indeferimento, com prazo de 30 dias para quitar ou regularizar os d\u00e9bitos.<\/p>\n<p class=\"isSelectedEnd\">A consulta de pend\u00eancias junto \u00e0 Receita Estadual pode ser feita pelo aplicativo <a href=\"https:\/\/minhaempresa.receita.rs.gov.br\/inicial\" target=\"_blank\" rel=\"noopener\">Minha Empresa<\/a>.<\/p>\n<h4>Novo calend\u00e1rio<\/h4>\n<p>Com a mudan\u00e7a, n\u00e3o haver\u00e1 em janeiro de 2027 um per\u00edodo de op\u00e7\u00e3o pelo Simples Nacional para CNPJs j\u00e1 constitu\u00eddos. Para empresas que desejam ingressar ou retornar ao regime no ano-calend\u00e1rio de 2027, o prazo ser\u00e1 setembro de 2026.<\/p>\n","protected":false},"excerpt":{"rendered":"<p>As empresas que pretendem ingressar ou reingressar no Simples Nacional em 2027 ter\u00e3o um novo prazo para fazer a solicita\u00e7\u00e3o. A op\u00e7\u00e3o dever\u00e1 ser realizada entre 1\u00ba e 30 de setembro de 2026, exclusivamente pelo Portal do Simples Nacional. A mudan\u00e7a vale para empresas que j\u00e1 possuem CNPJ e altera o calend\u00e1rio utilizado at\u00e9 ent\u00e3o. [&hellip;]<\/p>\n","protected":false},"author":1,"featured_media":42663,"comment_status":"open","ping_status":"open","sticky":false,"template":"","format":"standard","meta":{"amp_status":"","footnotes":""},"categories":[3766],"tags":[31,190,4179,5232],"class_list":["post-42662","post","type-post","status-publish","format-standard","has-post-thumbnail","hentry","category-fazenda","tag-canoas","tag-featured","tag-receita-federal","tag-simples-nacional"],"yoast_head":"<!-- This site is optimized with the Yoast SEO plugin v20.5 - https:\/\/yoast.com\/wordpress\/plugins\/seo\/ -->\n<title>Simples Nacional ter\u00e1 novo prazo para 2027; veja at\u00e9 quando as empresas podem solicitar - O Timoneiro Jornal Canoas RS<\/title>\n<meta name=\"description\" content=\"Empresas que desejam ingressar ou reingressar no Simples Nacional em 2027 devem fazer a solicita\u00e7\u00e3o entre 1\u00ba e 30 de setembro de 2026.\" \/>\n<meta name=\"robots\" content=\"index, follow, max-snippet:-1, max-image-preview:large, max-video-preview:-1\" \/>\n<link rel=\"canonical\" href=\"https:\/\/jornaltimoneiro.com.br\/index.php\/2026\/09\/06\/simples-nacional-2027-opcao-deve-ser-solicitada-em-setembro-de-2026\/\" \/>\n<meta property=\"og:locale\" content=\"pt_BR\" \/>\n<meta property=\"og:type\" content=\"article\" \/>\n<meta property=\"og:title\" content=\"Simples Nacional ter\u00e1 novo prazo para 2027; veja at\u00e9 quando as empresas podem solicitar - O Timoneiro Jornal Canoas RS\" \/>\n<meta property=\"og:description\" content=\"Empresas que desejam ingressar ou reingressar no Simples Nacional em 2027 devem fazer a solicita\u00e7\u00e3o entre 1\u00ba e 30 de setembro de 2026.\" \/>\n<meta property=\"og:url\" content=\"https:\/\/jornaltimoneiro.com.br\/index.php\/2026\/09\/06\/simples-nacional-2027-opcao-deve-ser-solicitada-em-setembro-de-2026\/\" \/>\n<meta property=\"og:site_name\" content=\"O Timoneiro Jornal Canoas RS\" \/>\n<meta property=\"article:publisher\" content=\"https:\/\/www.facebook.com\/jornaltimoneiro\" \/>\n<meta property=\"article:published_time\" content=\"2026-09-06T14:22:55+00:00\" \/>\n<meta property=\"og:image\" content=\"https:\/\/jornaltimoneiro.com.br\/wp-content\/uploads\/2026\/09\/OIP_2_480x480.webp\" \/>\n\t<meta property=\"og:image:width\" content=\"480\" \/>\n\t<meta property=\"og:image:height\" content=\"338\" \/>\n\t<meta property=\"og:image:type\" content=\"image\/webp\" \/>\n<meta name=\"author\" content=\"Reda\u00e7\u00e3o\" \/>\n<meta name=\"twitter:card\" content=\"summary_large_image\" \/>\n<meta name=\"twitter:creator\" content=\"@_OTimoneiro\" \/>\n<meta name=\"twitter:site\" content=\"@_OTimoneiro\" \/>\n<meta name=\"twitter:label1\" content=\"Escrito por\" \/>\n\t<meta name=\"twitter:data1\" content=\"Reda\u00e7\u00e3o\" \/>\n\t<meta name=\"twitter:label2\" content=\"Est. tempo de leitura\" \/>\n\t<meta name=\"twitter:data2\" content=\"3 minutos\" \/>\n<script type=\"application\/ld+json\" class=\"yoast-schema-graph\">{\"@context\":\"https:\/\/schema.org\",\"@graph\":[{\"@type\":\"Article\",\"@id\":\"https:\/\/jornaltimoneiro.com.br\/index.php\/2026\/09\/06\/simples-nacional-2027-opcao-deve-ser-solicitada-em-setembro-de-2026\/#article\",\"isPartOf\":{\"@id\":\"https:\/\/jornaltimoneiro.com.br\/index.php\/2026\/09\/06\/simples-nacional-2027-opcao-deve-ser-solicitada-em-setembro-de-2026\/\"},\"author\":{\"name\":\"Reda\u00e7\u00e3o\",\"@id\":\"https:\/\/jornaltimoneiro.com.br\/#\/schema\/person\/620efd1d8244466117482be494360b08\"},\"headline\":\"Simples Nacional ter\u00e1 novo prazo para 2027; veja at\u00e9 quando as empresas podem solicitar\",\"datePublished\":\"2026-09-06T14:22:55+00:00\",\"dateModified\":\"2026-09-06T14:22:55+00:00\",\"mainEntityOfPage\":{\"@id\":\"https:\/\/jornaltimoneiro.com.br\/index.php\/2026\/09\/06\/simples-nacional-2027-opcao-deve-ser-solicitada-em-setembro-de-2026\/\"},\"wordCount\":471,\"commentCount\":0,\"publisher\":{\"@id\":\"https:\/\/jornaltimoneiro.com.br\/#organization\"},\"keywords\":[\"canoas\",\"featured\",\"receita federal\",\"simples nacional\"],\"articleSection\":[\"Fazenda\"],\"inLanguage\":\"pt-BR\",\"potentialAction\":[{\"@type\":\"CommentAction\",\"name\":\"Comment\",\"target\":[\"https:\/\/jornaltimoneiro.com.br\/index.php\/2026\/09\/06\/simples-nacional-2027-opcao-deve-ser-solicitada-em-setembro-de-2026\/#respond\"]}]},{\"@type\":\"WebPage\",\"@id\":\"https:\/\/jornaltimoneiro.com.br\/index.php\/2026\/09\/06\/simples-nacional-2027-opcao-deve-ser-solicitada-em-setembro-de-2026\/\",\"url\":\"https:\/\/jornaltimoneiro.com.br\/index.php\/2026\/09\/06\/simples-nacional-2027-opcao-deve-ser-solicitada-em-setembro-de-2026\/\",\"name\":\"Simples Nacional ter\u00e1 novo prazo para 2027; veja at\u00e9 quando as empresas podem solicitar - O Timoneiro Jornal Canoas RS\",\"isPartOf\":{\"@id\":\"https:\/\/jornaltimoneiro.com.br\/#website\"},\"datePublished\":\"2026-09-06T14:22:55+00:00\",\"dateModified\":\"2026-09-06T14:22:55+00:00\",\"description\":\"Empresas que desejam ingressar ou reingressar no Simples Nacional em 2027 devem fazer a solicita\u00e7\u00e3o entre 1\u00ba e 30 de setembro de 2026.\",\"breadcrumb\":{\"@id\":\"https:\/\/jornaltimoneiro.com.br\/index.php\/2026\/09\/06\/simples-nacional-2027-opcao-deve-ser-solicitada-em-setembro-de-2026\/#breadcrumb\"},\"inLanguage\":\"pt-BR\",\"potentialAction\":[{\"@type\":\"ReadAction\",\"target\":[\"https:\/\/jornaltimoneiro.com.br\/index.php\/2026\/09\/06\/simples-nacional-2027-opcao-deve-ser-solicitada-em-setembro-de-2026\/\"]}]},{\"@type\":\"BreadcrumbList\",\"@id\":\"https:\/\/jornaltimoneiro.com.br\/index.php\/2026\/09\/06\/simples-nacional-2027-opcao-deve-ser-solicitada-em-setembro-de-2026\/#breadcrumb\",\"itemListElement\":[{\"@type\":\"ListItem\",\"position\":1,\"name\":\"In\u00edcio\",\"item\":\"https:\/\/jornaltimoneiro.com.br\/\"},{\"@type\":\"ListItem\",\"position\":2,\"name\":\"Simples Nacional ter\u00e1 novo prazo para 2027; veja at\u00e9 quando as empresas podem solicitar\"}]},{\"@type\":\"WebSite\",\"@id\":\"https:\/\/jornaltimoneiro.com.br\/#website\",\"url\":\"https:\/\/jornaltimoneiro.com.br\/\",\"name\":\"Jornal Timoneiro Canoas RS\",\"description\":\"Jornal O Timoneiro, o verdadeiro jornal de Canoas\",\"publisher\":{\"@id\":\"https:\/\/jornaltimoneiro.com.br\/#organization\"},\"potentialAction\":[{\"@type\":\"SearchAction\",\"target\":{\"@type\":\"EntryPoint\",\"urlTemplate\":\"https:\/\/jornaltimoneiro.com.br\/?s={search_term_string}\"},\"query-input\":\"required name=search_term_string\"}],\"inLanguage\":\"pt-BR\"},{\"@type\":\"Organization\",\"@id\":\"https:\/\/jornaltimoneiro.com.br\/#organization\",\"name\":\"Jornal Timoneiro Canoas RS\",\"url\":\"https:\/\/jornaltimoneiro.com.br\/\",\"logo\":{\"@type\":\"ImageObject\",\"inLanguage\":\"pt-BR\",\"@id\":\"https:\/\/jornaltimoneiro.com.br\/#\/schema\/logo\/image\/\",\"url\":\"https:\/\/jornaltimoneiro.com.br\/wp-content\/uploads\/2023\/03\/logonovo.png\",\"contentUrl\":\"https:\/\/jornaltimoneiro.com.br\/wp-content\/uploads\/2023\/03\/logonovo.png\",\"width\":\"469\",\"height\":\"171\",\"caption\":\"Jornal Timoneiro Canoas RS\"},\"image\":{\"@id\":\"https:\/\/jornaltimoneiro.com.br\/#\/schema\/logo\/image\/\"},\"sameAs\":[\"https:\/\/www.facebook.com\/jornaltimoneiro\",\"https:\/\/twitter.com\/_OTimoneiro\",\"https:\/\/www.instagram.com\/jornaltimoneirocanoas\/\",\"https:\/\/www.youtube.com\/@jornalotimoneiro7927\"]},{\"@type\":\"Person\",\"@id\":\"https:\/\/jornaltimoneiro.com.br\/#\/schema\/person\/620efd1d8244466117482be494360b08\",\"name\":\"Reda\u00e7\u00e3o\",\"image\":{\"@type\":\"ImageObject\",\"inLanguage\":\"pt-BR\",\"@id\":\"https:\/\/jornaltimoneiro.com.br\/#\/schema\/person\/image\/\",\"url\":\"https:\/\/secure.gravatar.com\/avatar\/2f04e1b304682a8d9db336c7acd77f08?s=96&d=mm&r=g\",\"contentUrl\":\"https:\/\/secure.gravatar.com\/avatar\/2f04e1b304682a8d9db336c7acd77f08?s=96&d=mm&r=g\",\"caption\":\"Reda\u00e7\u00e3o\"},\"url\":\"https:\/\/jornaltimoneiro.com.br\/index.php\/author\/timoneirocanoas\/\"}]}<\/script>\n<!-- \/ Yoast SEO plugin. -->","yoast_head_json":{"title":"Simples Nacional ter\u00e1 novo prazo para 2027; veja at\u00e9 quando as empresas podem solicitar - O Timoneiro Jornal Canoas RS","description":"Empresas que desejam ingressar ou reingressar no Simples Nacional em 2027 devem fazer a solicita\u00e7\u00e3o entre 1\u00ba e 30 de setembro de 2026.","robots":{"index":"index","follow":"follow","max-snippet":"max-snippet:-1","max-image-preview":"max-image-preview:large","max-video-preview":"max-video-preview:-1"},"canonical":"https:\/\/jornaltimoneiro.com.br\/index.php\/2026\/09\/06\/simples-nacional-2027-opcao-deve-ser-solicitada-em-setembro-de-2026\/","og_locale":"pt_BR","og_type":"article","og_title":"Simples Nacional ter\u00e1 novo prazo para 2027; veja at\u00e9 quando as empresas podem solicitar - O Timoneiro Jornal Canoas RS","og_description":"Empresas que desejam ingressar ou reingressar no Simples Nacional em 2027 devem fazer a solicita\u00e7\u00e3o entre 1\u00ba e 30 de setembro de 2026.","og_url":"https:\/\/jornaltimoneiro.com.br\/index.php\/2026\/09\/06\/simples-nacional-2027-opcao-deve-ser-solicitada-em-setembro-de-2026\/","og_site_name":"O Timoneiro Jornal Canoas RS","article_publisher":"https:\/\/www.facebook.com\/jornaltimoneiro","article_published_time":"2026-09-06T14:22:55+00:00","og_image":[{"width":"480","height":"338","url":"https:\/\/jornaltimoneiro.com.br\/wp-content\/uploads\/2026\/09\/OIP_2_480x480.webp","type":"image\/webp"}],"author":"Reda\u00e7\u00e3o","twitter_card":"summary_large_image","twitter_creator":"@_OTimoneiro","twitter_site":"@_OTimoneiro","twitter_misc":{"Escrito por":"Reda\u00e7\u00e3o","Est. tempo de leitura":"3 minutos"},"schema":{"@context":"https:\/\/schema.org","@graph":[{"@type":"Article","@id":"https:\/\/jornaltimoneiro.com.br\/index.php\/2026\/09\/06\/simples-nacional-2027-opcao-deve-ser-solicitada-em-setembro-de-2026\/#article","isPartOf":{"@id":"https:\/\/jornaltimoneiro.com.br\/index.php\/2026\/09\/06\/simples-nacional-2027-opcao-deve-ser-solicitada-em-setembro-de-2026\/"},"author":{"name":"Reda\u00e7\u00e3o","@id":"https:\/\/jornaltimoneiro.com.br\/#\/schema\/person\/620efd1d8244466117482be494360b08"},"headline":"Simples Nacional ter\u00e1 novo prazo para 2027; veja at\u00e9 quando as empresas podem solicitar","datePublished":"2026-09-06T14:22:55+00:00","dateModified":"2026-09-06T14:22:55+00:00","mainEntityOfPage":{"@id":"https:\/\/jornaltimoneiro.com.br\/index.php\/2026\/09\/06\/simples-nacional-2027-opcao-deve-ser-solicitada-em-setembro-de-2026\/"},"wordCount":471,"commentCount":0,"publisher":{"@id":"https:\/\/jornaltimoneiro.com.br\/#organization"},"keywords":["canoas","featured","receita federal","simples nacional"],"articleSection":["Fazenda"],"inLanguage":"pt-BR","potentialAction":[{"@type":"CommentAction","name":"Comment","target":["https:\/\/jornaltimoneiro.com.br\/index.php\/2026\/09\/06\/simples-nacional-2027-opcao-deve-ser-solicitada-em-setembro-de-2026\/#respond"]}]},{"@type":"WebPage","@id":"https:\/\/jornaltimoneiro.com.br\/index.php\/2026\/09\/06\/simples-nacional-2027-opcao-deve-ser-solicitada-em-setembro-de-2026\/","url":"https:\/\/jornaltimoneiro.com.br\/index.php\/2026\/09\/06\/simples-nacional-2027-opcao-deve-ser-solicitada-em-setembro-de-2026\/","name":"Simples Nacional ter\u00e1 novo prazo para 2027; veja at\u00e9 quando as empresas podem solicitar - O Timoneiro Jornal Canoas RS","isPartOf":{"@id":"https:\/\/jornaltimoneiro.com.br\/#website"},"datePublished":"2026-09-06T14:22:55+00:00","dateModified":"2026-09-06T14:22:55+00:00","description":"Empresas que desejam ingressar ou reingressar no Simples Nacional em 2027 devem fazer a solicita\u00e7\u00e3o entre 1\u00ba e 30 de setembro de 2026.","breadcrumb":{"@id":"https:\/\/jornaltimoneiro.com.br\/index.php\/2026\/09\/06\/simples-nacional-2027-opcao-deve-ser-solicitada-em-setembro-de-2026\/#breadcrumb"},"inLanguage":"pt-BR","potentialAction":[{"@type":"ReadAction","target":["https:\/\/jornaltimoneiro.com.br\/index.php\/2026\/09\/06\/simples-nacional-2027-opcao-deve-ser-solicitada-em-setembro-de-2026\/"]}]},{"@type":"BreadcrumbList","@id":"https:\/\/jornaltimoneiro.com.br\/index.php\/2026\/09\/06\/simples-nacional-2027-opcao-deve-ser-solicitada-em-setembro-de-2026\/#breadcrumb","itemListElement":[{"@type":"ListItem","position":1,"name":"In\u00edcio","item":"https:\/\/jornaltimoneiro.com.br\/"},{"@type":"ListItem","position":2,"name":"Simples Nacional ter\u00e1 novo prazo para 2027; veja at\u00e9 quando as empresas podem solicitar"}]},{"@type":"WebSite","@id":"https:\/\/jornaltimoneiro.com.br\/#website","url":"https:\/\/jornaltimoneiro.com.br\/","name":"Jornal Timoneiro Canoas RS","description":"Jornal O Timoneiro, o verdadeiro jornal de Canoas","publisher":{"@id":"https:\/\/jornaltimoneiro.com.br\/#organization"},"potentialAction":[{"@type":"SearchAction","target":{"@type":"EntryPoint","urlTemplate":"https:\/\/jornaltimoneiro.com.br\/?s={search_term_string}"},"query-input":"required name=search_term_string"}],"inLanguage":"pt-BR"},{"@type":"Organization","@id":"https:\/\/jornaltimoneiro.com.br\/#organization","name":"Jornal Timoneiro Canoas RS","url":"https:\/\/jornaltimoneiro.com.br\/","logo":{"@type":"ImageObject","inLanguage":"pt-BR","@id":"https:\/\/jornaltimoneiro.com.br\/#\/schema\/logo\/image\/","url":"https:\/\/jornaltimoneiro.com.br\/wp-content\/uploads\/2023\/03\/logonovo.png","contentUrl":"https:\/\/jornaltimoneiro.com.br\/wp-content\/uploads\/2023\/03\/logonovo.png","width":"469","height":"171","caption":"Jornal Timoneiro Canoas RS"},"image":{"@id":"https:\/\/jornaltimoneiro.com.br\/#\/schema\/logo\/image\/"},"sameAs":["https:\/\/www.facebook.com\/jornaltimoneiro","https:\/\/twitter.com\/_OTimoneiro","https:\/\/www.instagram.com\/jornaltimoneirocanoas\/","https:\/\/www.youtube.com\/@jornalotimoneiro7927"]},{"@type":"Person","@id":"https:\/\/jornaltimoneiro.com.br\/#\/schema\/person\/620efd1d8244466117482be494360b08","name":"Reda\u00e7\u00e3o","image":{"@type":"ImageObject","inLanguage":"pt-BR","@id":"https:\/\/jornaltimoneiro.com.br\/#\/schema\/person\/image\/","url":"https:\/\/secure.gravatar.com\/avatar\/2f04e1b304682a8d9db336c7acd77f08?s=96&d=mm&r=g","contentUrl":"https:\/\/secure.gravatar.com\/avatar\/2f04e1b304682a8d9db336c7acd77f08?s=96&d=mm&r=g","caption":"Reda\u00e7\u00e3o"},"url":"https:\/\/jornaltimoneiro.com.br\/index.php\/author\/timoneirocanoas\/"}]}},"_links":{"self":[{"href":"https:\/\/jornaltimoneiro.com.br\/index.php\/wp-json\/wp\/v2\/posts\/42662"}],"collection":[{"href":"https:\/\/jornaltimoneiro.com.br\/index.php\/wp-json\/wp\/v2\/posts"}],"about":[{"href":"https:\/\/jornaltimoneiro.com.br\/index.php\/wp-json\/wp\/v2\/types\/post"}],"author":[{"embeddable":true,"href":"https:\/\/jornaltimoneiro.com.br\/index.php\/wp-json\/wp\/v2\/users\/1"}],"replies":[{"embeddable":true,"href":"https:\/\/jornaltimoneiro.com.br\/index.php\/wp-json\/wp\/v2\/comments?post=42662"}],"version-history":[{"count":1,"href":"https:\/\/jornaltimoneiro.com.br\/index.php\/wp-json\/wp\/v2\/posts\/42662\/revisions"}],"predecessor-version":[{"id":42664,"href":"https:\/\/jornaltimoneiro.com.br\/index.php\/wp-json\/wp\/v2\/posts\/42662\/revisions\/42664"}],"wp:featuredmedia":[{"embeddable":true,"href":"https:\/\/jornaltimoneiro.com.br\/index.php\/wp-json\/wp\/v2\/media\/42663"}],"wp:attachment":[{"href":"https:\/\/jornaltimoneiro.com.br\/index.php\/wp-json\/wp\/v2\/media?parent=42662"}],"wp:term":[{"taxonomy":"category","embeddable":true,"href":"https:\/\/jornaltimoneiro.com.br\/index.php\/wp-json\/wp\/v2\/categories?post=42662"},{"taxonomy":"post_tag","embeddable":true,"href":"https:\/\/jornaltimoneiro.com.br\/index.php\/wp-json\/wp\/v2\/tags?post=42662"}],"curies":[{"name":"wp","href":"https:\/\/api.w.org\/{rel}","templated":true}]}}