{"id":42659,"date":"2026-09-04T10:55:24","date_gmt":"2026-09-04T13:55:24","guid":{"rendered":"https:\/\/jornaltimoneiro.com.br\/?p=42659"},"modified":"2026-09-06T10:56:06","modified_gmt":"2026-09-06T13:56:06","slug":"corsan-acoes-limpeza-dez-municipios-gauchos-setembro","status":"publish","type":"post","link":"https:\/\/jornaltimoneiro.com.br\/index.php\/2026\/09\/04\/corsan-acoes-limpeza-dez-municipios-gauchos-setembro\/","title":{"rendered":"Corsan mobiliza dez cidades ga\u00fachas pelo Dia Mundial da Limpeza"},"content":{"rendered":"<p class=\"isSelectedEnd\">A Corsan realizar\u00e1, ao longo de setembro, a\u00e7\u00f5es de limpeza e conscientiza\u00e7\u00e3o sobre o descarte inadequado de res\u00edduos em dez munic\u00edpios do Rio Grande do Sul. A programa\u00e7\u00e3o integra o World Cleanup Day, conhecido como Dia Mundial da Limpeza, celebrado em 20 de setembro.<\/p>\n<p class=\"isSelectedEnd\">As atividades contar\u00e3o com a participa\u00e7\u00e3o de colaboradores volunt\u00e1rios da companhia, estudantes, professores, moradores, prefeituras, cooperativas e outras entidades parceiras.<\/p>\n<p class=\"isSelectedEnd\">A iniciativa busca chamar aten\u00e7\u00e3o para o impacto do descarte irregular de res\u00edduos. Materiais deixados nas ruas podem ser levados pela chuva para sistemas de drenagem, arroios, rios e praias. Quando descartados nas redes de esgoto, tamb\u00e9m podem provocar obstru\u00e7\u00f5es e prejudicar o funcionamento do sistema.<\/p>\n<p class=\"isSelectedEnd\">Entre os res\u00edduos que podem causar problemas est\u00e3o pl\u00e1sticos, \u00f3leo de cozinha e outros materiais que n\u00e3o devem ser destinados \u00e0s redes de esgoto ou \u00e0s estruturas de drenagem.<\/p>\n<p class=\"isSelectedEnd\">O World Cleanup Day \u00e9 um movimento internacional que re\u00fane volunt\u00e1rios em a\u00e7\u00f5es de limpeza e conscientiza\u00e7\u00e3o sobre o descarte de res\u00edduos, o consumo e a preserva\u00e7\u00e3o dos espa\u00e7os p\u00fablicos.<\/p>\n<p class=\"isSelectedEnd\">Segundo o gerente de Responsabilidade Social da Corsan, Willian Carvalho, a proposta \u00e9 relacionar o descarte de res\u00edduos aos impactos na cidade, na \u00e1gua e no saneamento.<\/p>\n<blockquote><p>\u201cQuando nossos volunt\u00e1rios se unem a escolas, moradores, prefeituras e entidades, a a\u00e7\u00e3o vai al\u00e9m da retirada dos res\u00edduos. A mobiliza\u00e7\u00e3o ajuda a mostrar, na pr\u00e1tica, que aquilo que descartamos tem um destino e que nossas escolhas interferem na cidade e no ambiente\u201d, afirma.<\/p><\/blockquote>\n<h4>Programa\u00e7\u00e3o nos munic\u00edpios<\/h4>\n<p>3 a 11 de setembro &#8211; Passo Fundo<br \/>\nRealiza\u00e7\u00e3o de DDS (Di\u00e1logo Di\u00e1rio de Seguran\u00e7a), sobre arrecada\u00e7\u00e3o de recipientes de vidro, em parceria com a Cooperativa Cootraempo; organiza\u00e7\u00e3o e limpeza dos espa\u00e7os f\u00edsicos e digitais de trabalho e limpeza do entorno da Superintend\u00eancia da Corsan, incluindo ruas, cal\u00e7adas e \u00e1reas pr\u00f3ximas.<\/p>\n<p>6 de setembro &#8211; Alegrete<br \/>\nMutir\u00e3o de limpeza na Pra\u00e7a Get\u00falio Vargas ap\u00f3s o desfile das escolas alusivo ao Dia da Independ\u00eancia. A Corsan tamb\u00e9m disponibilizar\u00e1 um bebedouro aos participantes.<\/p>\n<p>7 de setembro &#8211; Cruz Alta<br \/>\nA\u00e7\u00e3o no entorno da Pra\u00e7a General Firmino de Paula, com coleta de tampinhas, separa\u00e7\u00e3o de res\u00edduos em Ecopontos e recebimento de \u00f3leo de cozinha usado. Uma amostra de sab\u00e3o produzido a partir do \u00f3leo recolhido ajudar\u00e1 a demonstrar as possibilidades de reaproveitamento do res\u00edduo. A atividade ter\u00e1 participa\u00e7\u00e3o da Secretaria Municipal do Meio Ambiente e da Cooperativa Unicca.<\/p>\n<p>11 de setembro &#8211; Passo Fundo<br \/>\nMobiliza\u00e7\u00e3o para arrecada\u00e7\u00e3o de recipientes de vidro, em parceria com a Cooperativa Cootraempo, organiza\u00e7\u00e3o e limpeza dos espa\u00e7os f\u00edsicos e digitais de trabalho e limpeza do entorno da Superintend\u00eancia da Corsan, incluindo ruas e cal\u00e7adas.<\/p>\n<p>15 de setembro &#8211; Carlos Barbosa<br \/>\nMutir\u00e3o de limpeza no Parque da Esta\u00e7\u00e3o com alunos do 5\u00ba ano da EMEF Carlos Barbosa e orienta\u00e7\u00f5es sobre sustentabilidade, descarte correto de res\u00edduos, saneamento e preserva\u00e7\u00e3o dos espa\u00e7os p\u00fablicos. A a\u00e7\u00e3o \u00e9 realizada em parceria com as secretarias municipais de Educa\u00e7\u00e3o e do Esporte.<\/p>\n<p>20 de setembro &#8211; Bento Gon\u00e7alves<br \/>\nMutir\u00e3o de limpeza no bairro Vila Nova com volunt\u00e1rios e lideran\u00e7as comunit\u00e1rias, integrado \u00e0s a\u00e7\u00f5es Bota Fora e de combate \u00e0 dengue promovidas pelas secretarias municipais de Meio Ambiente e Sa\u00fade.<\/p>\n<p>21 de setembro &#8211; Sapiranga<br \/>\nMutir\u00e3o no bairro Voo Livre, com volunt\u00e1rios da Corsan e participa\u00e7\u00e3o da comunidade escolar do Centro Municipal de Educa\u00e7\u00e3o Ayrton Senna.<\/p>\n<p>21 de setembro &#8211; Canoas<br \/>\nLimpeza do banhado junto \u00e0 Pra\u00e7a Nelson Mandela, no bairro Guajuviras, e plantio de mudas nativas, com participa\u00e7\u00e3o da comunidade escolar da EMEF Paulo Freire, secretarias municipais de Meio Ambiente e Educa\u00e7\u00e3o, equipe do Conex\u00f5es Sustent\u00e1veis e Cooperativa de Reciclagem Renascer.<\/p>\n<p>25 de setembro &#8211; Rio Grande<br \/>\nMutir\u00e3o de limpeza nas dunas da Praia do Cassino, com participa\u00e7\u00e3o de volunt\u00e1rios da Corsan. A Prefeitura far\u00e1 o recolhimento dos res\u00edduos coletados.<\/p>\n<p>26 de setembro &#8211; Tramanda\u00ed<br \/>\nLimpeza da praia com volunt\u00e1rios, comunidade, \u00f3rg\u00e3os p\u00fablicos e parceiro reciclador. A atividade tamb\u00e9m dar\u00e1 visibilidade aos Ecopontos de coleta de \u00f3leo de cozinha usado e \u00e0 import\u00e2ncia de evitar que o res\u00edduo seja descartado na rede de esgoto ou no meio ambiente.<\/p>\n<p>28 de setembro &#8211; Santa Maria<br \/>\nLimpeza e conserva\u00e7\u00e3o do entorno da EMEF Renato Nocchi Zimermann, com participa\u00e7\u00e3o de volunt\u00e1rios da Corsan e da comunidade escolar no recolhimento, identifica\u00e7\u00e3o e destina\u00e7\u00e3o adequada dos res\u00edduos.<\/p>\n<p>Embora adaptadas \u00e0s caracter\u00edsticas de cada munic\u00edpio, as a\u00e7\u00f5es partem de um mesmo princ\u00edpio: cuidar da \u00e1gua e do saneamento \u00e9 comportamental e come\u00e7a antes que o res\u00edduo chegue \u00e0s redes, aos rios, \u00e0s praias e ao meio ambiente.<\/p>\n","protected":false},"excerpt":{"rendered":"<p>A Corsan realizar\u00e1, ao longo de setembro, a\u00e7\u00f5es de limpeza e conscientiza\u00e7\u00e3o sobre o descarte inadequado de res\u00edduos em dez munic\u00edpios do Rio Grande do Sul. A programa\u00e7\u00e3o integra o World Cleanup Day, conhecido como Dia Mundial da Limpeza, celebrado em 20 de setembro. As atividades contar\u00e3o com a participa\u00e7\u00e3o de colaboradores volunt\u00e1rios da companhia, [&hellip;]<\/p>\n","protected":false},"author":1,"featured_media":42660,"comment_status":"open","ping_status":"open","sticky":false,"template":"","format":"standard","meta":{"amp_status":"","footnotes":""},"categories":[5158],"tags":[31,868,1159],"class_list":["post-42659","post","type-post","status-publish","format-standard","has-post-thumbnail","hentry","category-corsan","tag-canoas","tag-corsan","tag-noticias"],"yoast_head":"<!-- This site is optimized with the Yoast SEO plugin v20.5 - https:\/\/yoast.com\/wordpress\/plugins\/seo\/ -->\n<title>Corsan mobiliza dez cidades ga\u00fachas pelo Dia Mundial da Limpeza - O Timoneiro Jornal Canoas RS<\/title>\n<meta name=\"description\" content=\"Corsan promove a\u00e7\u00f5es de limpeza em dez munic\u00edpios ga\u00fachos durante setembro para alertar sobre o descarte irregular de res\u00edduos e seus impactos.\" \/>\n<meta name=\"robots\" content=\"index, follow, max-snippet:-1, max-image-preview:large, max-video-preview:-1\" \/>\n<link rel=\"canonical\" href=\"https:\/\/jornaltimoneiro.com.br\/index.php\/2026\/09\/04\/corsan-acoes-limpeza-dez-municipios-gauchos-setembro\/\" \/>\n<meta property=\"og:locale\" content=\"pt_BR\" \/>\n<meta property=\"og:type\" content=\"article\" \/>\n<meta property=\"og:title\" content=\"Corsan mobiliza dez cidades ga\u00fachas pelo Dia Mundial da Limpeza - O Timoneiro Jornal Canoas RS\" \/>\n<meta property=\"og:description\" content=\"Corsan promove a\u00e7\u00f5es de limpeza em dez munic\u00edpios ga\u00fachos durante setembro para alertar sobre o descarte irregular de res\u00edduos e seus impactos.\" \/>\n<meta property=\"og:url\" content=\"https:\/\/jornaltimoneiro.com.br\/index.php\/2026\/09\/04\/corsan-acoes-limpeza-dez-municipios-gauchos-setembro\/\" \/>\n<meta property=\"og:site_name\" content=\"O Timoneiro Jornal Canoas RS\" \/>\n<meta property=\"article:publisher\" content=\"https:\/\/www.facebook.com\/jornaltimoneiro\" \/>\n<meta property=\"article:published_time\" content=\"2026-09-04T13:55:24+00:00\" \/>\n<meta property=\"article:modified_time\" content=\"2026-09-06T13:56:06+00:00\" \/>\n<meta property=\"og:image\" content=\"https:\/\/jornaltimoneiro.com.br\/wp-content\/uploads\/2026\/09\/WhatsApp-Image-2026-09-04-at-15.03.16.jpeg\" \/>\n\t<meta property=\"og:image:width\" content=\"1080\" \/>\n\t<meta property=\"og:image:height\" content=\"720\" \/>\n\t<meta property=\"og:image:type\" content=\"image\/jpeg\" \/>\n<meta name=\"author\" content=\"Reda\u00e7\u00e3o\" \/>\n<meta name=\"twitter:card\" content=\"summary_large_image\" \/>\n<meta name=\"twitter:creator\" content=\"@_OTimoneiro\" \/>\n<meta name=\"twitter:site\" content=\"@_OTimoneiro\" \/>\n<meta name=\"twitter:label1\" content=\"Escrito por\" \/>\n\t<meta name=\"twitter:data1\" content=\"Reda\u00e7\u00e3o\" \/>\n\t<meta name=\"twitter:label2\" content=\"Est. tempo de leitura\" \/>\n\t<meta name=\"twitter:data2\" content=\"5 minutos\" \/>\n<script type=\"application\/ld+json\" class=\"yoast-schema-graph\">{\"@context\":\"https:\/\/schema.org\",\"@graph\":[{\"@type\":\"Article\",\"@id\":\"https:\/\/jornaltimoneiro.com.br\/index.php\/2026\/09\/04\/corsan-acoes-limpeza-dez-municipios-gauchos-setembro\/#article\",\"isPartOf\":{\"@id\":\"https:\/\/jornaltimoneiro.com.br\/index.php\/2026\/09\/04\/corsan-acoes-limpeza-dez-municipios-gauchos-setembro\/\"},\"author\":{\"name\":\"Reda\u00e7\u00e3o\",\"@id\":\"https:\/\/jornaltimoneiro.com.br\/#\/schema\/person\/620efd1d8244466117482be494360b08\"},\"headline\":\"Corsan mobiliza dez cidades ga\u00fachas pelo Dia Mundial da Limpeza\",\"datePublished\":\"2026-09-04T13:55:24+00:00\",\"dateModified\":\"2026-09-06T13:56:06+00:00\",\"mainEntityOfPage\":{\"@id\":\"https:\/\/jornaltimoneiro.com.br\/index.php\/2026\/09\/04\/corsan-acoes-limpeza-dez-municipios-gauchos-setembro\/\"},\"wordCount\":840,\"commentCount\":0,\"publisher\":{\"@id\":\"https:\/\/jornaltimoneiro.com.br\/#organization\"},\"keywords\":[\"canoas\",\"corsan\",\"not\u00edcias\"],\"articleSection\":[\"Corsan\"],\"inLanguage\":\"pt-BR\",\"potentialAction\":[{\"@type\":\"CommentAction\",\"name\":\"Comment\",\"target\":[\"https:\/\/jornaltimoneiro.com.br\/index.php\/2026\/09\/04\/corsan-acoes-limpeza-dez-municipios-gauchos-setembro\/#respond\"]}]},{\"@type\":\"WebPage\",\"@id\":\"https:\/\/jornaltimoneiro.com.br\/index.php\/2026\/09\/04\/corsan-acoes-limpeza-dez-municipios-gauchos-setembro\/\",\"url\":\"https:\/\/jornaltimoneiro.com.br\/index.php\/2026\/09\/04\/corsan-acoes-limpeza-dez-municipios-gauchos-setembro\/\",\"name\":\"Corsan mobiliza dez cidades ga\u00fachas pelo Dia Mundial da Limpeza - O Timoneiro Jornal Canoas RS\",\"isPartOf\":{\"@id\":\"https:\/\/jornaltimoneiro.com.br\/#website\"},\"datePublished\":\"2026-09-04T13:55:24+00:00\",\"dateModified\":\"2026-09-06T13:56:06+00:00\",\"description\":\"Corsan promove a\u00e7\u00f5es de limpeza em dez munic\u00edpios ga\u00fachos durante setembro para alertar sobre o descarte irregular de res\u00edduos e seus impactos.\",\"breadcrumb\":{\"@id\":\"https:\/\/jornaltimoneiro.com.br\/index.php\/2026\/09\/04\/corsan-acoes-limpeza-dez-municipios-gauchos-setembro\/#breadcrumb\"},\"inLanguage\":\"pt-BR\",\"potentialAction\":[{\"@type\":\"ReadAction\",\"target\":[\"https:\/\/jornaltimoneiro.com.br\/index.php\/2026\/09\/04\/corsan-acoes-limpeza-dez-municipios-gauchos-setembro\/\"]}]},{\"@type\":\"BreadcrumbList\",\"@id\":\"https:\/\/jornaltimoneiro.com.br\/index.php\/2026\/09\/04\/corsan-acoes-limpeza-dez-municipios-gauchos-setembro\/#breadcrumb\",\"itemListElement\":[{\"@type\":\"ListItem\",\"position\":1,\"name\":\"In\u00edcio\",\"item\":\"https:\/\/jornaltimoneiro.com.br\/\"},{\"@type\":\"ListItem\",\"position\":2,\"name\":\"Corsan mobiliza dez cidades ga\u00fachas pelo Dia Mundial da Limpeza\"}]},{\"@type\":\"WebSite\",\"@id\":\"https:\/\/jornaltimoneiro.com.br\/#website\",\"url\":\"https:\/\/jornaltimoneiro.com.br\/\",\"name\":\"Jornal Timoneiro Canoas RS\",\"description\":\"Jornal O Timoneiro, o verdadeiro jornal de Canoas\",\"publisher\":{\"@id\":\"https:\/\/jornaltimoneiro.com.br\/#organization\"},\"potentialAction\":[{\"@type\":\"SearchAction\",\"target\":{\"@type\":\"EntryPoint\",\"urlTemplate\":\"https:\/\/jornaltimoneiro.com.br\/?s={search_term_string}\"},\"query-input\":\"required name=search_term_string\"}],\"inLanguage\":\"pt-BR\"},{\"@type\":\"Organization\",\"@id\":\"https:\/\/jornaltimoneiro.com.br\/#organization\",\"name\":\"Jornal Timoneiro Canoas RS\",\"url\":\"https:\/\/jornaltimoneiro.com.br\/\",\"logo\":{\"@type\":\"ImageObject\",\"inLanguage\":\"pt-BR\",\"@id\":\"https:\/\/jornaltimoneiro.com.br\/#\/schema\/logo\/image\/\",\"url\":\"https:\/\/jornaltimoneiro.com.br\/wp-content\/uploads\/2023\/03\/logonovo.png\",\"contentUrl\":\"https:\/\/jornaltimoneiro.com.br\/wp-content\/uploads\/2023\/03\/logonovo.png\",\"width\":\"469\",\"height\":\"171\",\"caption\":\"Jornal Timoneiro Canoas RS\"},\"image\":{\"@id\":\"https:\/\/jornaltimoneiro.com.br\/#\/schema\/logo\/image\/\"},\"sameAs\":[\"https:\/\/www.facebook.com\/jornaltimoneiro\",\"https:\/\/twitter.com\/_OTimoneiro\",\"https:\/\/www.instagram.com\/jornaltimoneirocanoas\/\",\"https:\/\/www.youtube.com\/@jornalotimoneiro7927\"]},{\"@type\":\"Person\",\"@id\":\"https:\/\/jornaltimoneiro.com.br\/#\/schema\/person\/620efd1d8244466117482be494360b08\",\"name\":\"Reda\u00e7\u00e3o\",\"image\":{\"@type\":\"ImageObject\",\"inLanguage\":\"pt-BR\",\"@id\":\"https:\/\/jornaltimoneiro.com.br\/#\/schema\/person\/image\/\",\"url\":\"https:\/\/secure.gravatar.com\/avatar\/2f04e1b304682a8d9db336c7acd77f08?s=96&d=mm&r=g\",\"contentUrl\":\"https:\/\/secure.gravatar.com\/avatar\/2f04e1b304682a8d9db336c7acd77f08?s=96&d=mm&r=g\",\"caption\":\"Reda\u00e7\u00e3o\"},\"url\":\"https:\/\/jornaltimoneiro.com.br\/index.php\/author\/timoneirocanoas\/\"}]}<\/script>\n<!-- \/ Yoast SEO plugin. -->","yoast_head_json":{"title":"Corsan mobiliza dez cidades ga\u00fachas pelo Dia Mundial da Limpeza - O Timoneiro Jornal Canoas RS","description":"Corsan promove a\u00e7\u00f5es de limpeza em dez munic\u00edpios ga\u00fachos durante setembro para alertar sobre o descarte irregular de res\u00edduos e seus impactos.","robots":{"index":"index","follow":"follow","max-snippet":"max-snippet:-1","max-image-preview":"max-image-preview:large","max-video-preview":"max-video-preview:-1"},"canonical":"https:\/\/jornaltimoneiro.com.br\/index.php\/2026\/09\/04\/corsan-acoes-limpeza-dez-municipios-gauchos-setembro\/","og_locale":"pt_BR","og_type":"article","og_title":"Corsan mobiliza dez cidades ga\u00fachas pelo Dia Mundial da Limpeza - O Timoneiro Jornal Canoas RS","og_description":"Corsan promove a\u00e7\u00f5es de limpeza em dez munic\u00edpios ga\u00fachos durante setembro para alertar sobre o descarte irregular de res\u00edduos e seus impactos.","og_url":"https:\/\/jornaltimoneiro.com.br\/index.php\/2026\/09\/04\/corsan-acoes-limpeza-dez-municipios-gauchos-setembro\/","og_site_name":"O Timoneiro Jornal Canoas RS","article_publisher":"https:\/\/www.facebook.com\/jornaltimoneiro","article_published_time":"2026-09-04T13:55:24+00:00","article_modified_time":"2026-09-06T13:56:06+00:00","og_image":[{"width":"1080","height":"720","url":"https:\/\/jornaltimoneiro.com.br\/wp-content\/uploads\/2026\/09\/WhatsApp-Image-2026-09-04-at-15.03.16.jpeg","type":"image\/jpeg"}],"author":"Reda\u00e7\u00e3o","twitter_card":"summary_large_image","twitter_creator":"@_OTimoneiro","twitter_site":"@_OTimoneiro","twitter_misc":{"Escrito por":"Reda\u00e7\u00e3o","Est. tempo de leitura":"5 minutos"},"schema":{"@context":"https:\/\/schema.org","@graph":[{"@type":"Article","@id":"https:\/\/jornaltimoneiro.com.br\/index.php\/2026\/09\/04\/corsan-acoes-limpeza-dez-municipios-gauchos-setembro\/#article","isPartOf":{"@id":"https:\/\/jornaltimoneiro.com.br\/index.php\/2026\/09\/04\/corsan-acoes-limpeza-dez-municipios-gauchos-setembro\/"},"author":{"name":"Reda\u00e7\u00e3o","@id":"https:\/\/jornaltimoneiro.com.br\/#\/schema\/person\/620efd1d8244466117482be494360b08"},"headline":"Corsan mobiliza dez cidades ga\u00fachas pelo Dia Mundial da Limpeza","datePublished":"2026-09-04T13:55:24+00:00","dateModified":"2026-09-06T13:56:06+00:00","mainEntityOfPage":{"@id":"https:\/\/jornaltimoneiro.com.br\/index.php\/2026\/09\/04\/corsan-acoes-limpeza-dez-municipios-gauchos-setembro\/"},"wordCount":840,"commentCount":0,"publisher":{"@id":"https:\/\/jornaltimoneiro.com.br\/#organization"},"keywords":["canoas","corsan","not\u00edcias"],"articleSection":["Corsan"],"inLanguage":"pt-BR","potentialAction":[{"@type":"CommentAction","name":"Comment","target":["https:\/\/jornaltimoneiro.com.br\/index.php\/2026\/09\/04\/corsan-acoes-limpeza-dez-municipios-gauchos-setembro\/#respond"]}]},{"@type":"WebPage","@id":"https:\/\/jornaltimoneiro.com.br\/index.php\/2026\/09\/04\/corsan-acoes-limpeza-dez-municipios-gauchos-setembro\/","url":"https:\/\/jornaltimoneiro.com.br\/index.php\/2026\/09\/04\/corsan-acoes-limpeza-dez-municipios-gauchos-setembro\/","name":"Corsan mobiliza dez cidades ga\u00fachas pelo Dia Mundial da Limpeza - O Timoneiro Jornal Canoas RS","isPartOf":{"@id":"https:\/\/jornaltimoneiro.com.br\/#website"},"datePublished":"2026-09-04T13:55:24+00:00","dateModified":"2026-09-06T13:56:06+00:00","description":"Corsan promove a\u00e7\u00f5es de limpeza em dez munic\u00edpios ga\u00fachos durante setembro para alertar sobre o descarte irregular de res\u00edduos e seus impactos.","breadcrumb":{"@id":"https:\/\/jornaltimoneiro.com.br\/index.php\/2026\/09\/04\/corsan-acoes-limpeza-dez-municipios-gauchos-setembro\/#breadcrumb"},"inLanguage":"pt-BR","potentialAction":[{"@type":"ReadAction","target":["https:\/\/jornaltimoneiro.com.br\/index.php\/2026\/09\/04\/corsan-acoes-limpeza-dez-municipios-gauchos-setembro\/"]}]},{"@type":"BreadcrumbList","@id":"https:\/\/jornaltimoneiro.com.br\/index.php\/2026\/09\/04\/corsan-acoes-limpeza-dez-municipios-gauchos-setembro\/#breadcrumb","itemListElement":[{"@type":"ListItem","position":1,"name":"In\u00edcio","item":"https:\/\/jornaltimoneiro.com.br\/"},{"@type":"ListItem","position":2,"name":"Corsan mobiliza dez cidades ga\u00fachas pelo Dia Mundial da Limpeza"}]},{"@type":"WebSite","@id":"https:\/\/jornaltimoneiro.com.br\/#website","url":"https:\/\/jornaltimoneiro.com.br\/","name":"Jornal Timoneiro Canoas RS","description":"Jornal O Timoneiro, o verdadeiro jornal de Canoas","publisher":{"@id":"https:\/\/jornaltimoneiro.com.br\/#organization"},"potentialAction":[{"@type":"SearchAction","target":{"@type":"EntryPoint","urlTemplate":"https:\/\/jornaltimoneiro.com.br\/?s={search_term_string}"},"query-input":"required name=search_term_string"}],"inLanguage":"pt-BR"},{"@type":"Organization","@id":"https:\/\/jornaltimoneiro.com.br\/#organization","name":"Jornal Timoneiro Canoas RS","url":"https:\/\/jornaltimoneiro.com.br\/","logo":{"@type":"ImageObject","inLanguage":"pt-BR","@id":"https:\/\/jornaltimoneiro.com.br\/#\/schema\/logo\/image\/","url":"https:\/\/jornaltimoneiro.com.br\/wp-content\/uploads\/2023\/03\/logonovo.png","contentUrl":"https:\/\/jornaltimoneiro.com.br\/wp-content\/uploads\/2023\/03\/logonovo.png","width":"469","height":"171","caption":"Jornal Timoneiro Canoas RS"},"image":{"@id":"https:\/\/jornaltimoneiro.com.br\/#\/schema\/logo\/image\/"},"sameAs":["https:\/\/www.facebook.com\/jornaltimoneiro","https:\/\/twitter.com\/_OTimoneiro","https:\/\/www.instagram.com\/jornaltimoneirocanoas\/","https:\/\/www.youtube.com\/@jornalotimoneiro7927"]},{"@type":"Person","@id":"https:\/\/jornaltimoneiro.com.br\/#\/schema\/person\/620efd1d8244466117482be494360b08","name":"Reda\u00e7\u00e3o","image":{"@type":"ImageObject","inLanguage":"pt-BR","@id":"https:\/\/jornaltimoneiro.com.br\/#\/schema\/person\/image\/","url":"https:\/\/secure.gravatar.com\/avatar\/2f04e1b304682a8d9db336c7acd77f08?s=96&d=mm&r=g","contentUrl":"https:\/\/secure.gravatar.com\/avatar\/2f04e1b304682a8d9db336c7acd77f08?s=96&d=mm&r=g","caption":"Reda\u00e7\u00e3o"},"url":"https:\/\/jornaltimoneiro.com.br\/index.php\/author\/timoneirocanoas\/"}]}},"_links":{"self":[{"href":"https:\/\/jornaltimoneiro.com.br\/index.php\/wp-json\/wp\/v2\/posts\/42659"}],"collection":[{"href":"https:\/\/jornaltimoneiro.com.br\/index.php\/wp-json\/wp\/v2\/posts"}],"about":[{"href":"https:\/\/jornaltimoneiro.com.br\/index.php\/wp-json\/wp\/v2\/types\/post"}],"author":[{"embeddable":true,"href":"https:\/\/jornaltimoneiro.com.br\/index.php\/wp-json\/wp\/v2\/users\/1"}],"replies":[{"embeddable":true,"href":"https:\/\/jornaltimoneiro.com.br\/index.php\/wp-json\/wp\/v2\/comments?post=42659"}],"version-history":[{"count":1,"href":"https:\/\/jornaltimoneiro.com.br\/index.php\/wp-json\/wp\/v2\/posts\/42659\/revisions"}],"predecessor-version":[{"id":42661,"href":"https:\/\/jornaltimoneiro.com.br\/index.php\/wp-json\/wp\/v2\/posts\/42659\/revisions\/42661"}],"wp:featuredmedia":[{"embeddable":true,"href":"https:\/\/jornaltimoneiro.com.br\/index.php\/wp-json\/wp\/v2\/media\/42660"}],"wp:attachment":[{"href":"https:\/\/jornaltimoneiro.com.br\/index.php\/wp-json\/wp\/v2\/media?parent=42659"}],"wp:term":[{"taxonomy":"category","embeddable":true,"href":"https:\/\/jornaltimoneiro.com.br\/index.php\/wp-json\/wp\/v2\/categories?post=42659"},{"taxonomy":"post_tag","embeddable":true,"href":"https:\/\/jornaltimoneiro.com.br\/index.php\/wp-json\/wp\/v2\/tags?post=42659"}],"curies":[{"name":"wp","href":"https:\/\/api.w.org\/{rel}","templated":true}]}}