{"id":42656,"date":"2026-09-04T10:32:35","date_gmt":"2026-09-04T13:32:35","guid":{"rendered":"https:\/\/jornaltimoneiro.com.br\/?p=42656"},"modified":"2026-09-06T10:45:31","modified_gmt":"2026-09-06T13:45:31","slug":"15-jovens-partiu-futuro-intercambio-missoes","status":"publish","type":"post","link":"https:\/\/jornaltimoneiro.com.br\/index.php\/2026\/09\/04\/15-jovens-partiu-futuro-intercambio-missoes\/","title":{"rendered":"Jovens ga\u00fachos s\u00e3o selecionados para interc\u00e2mbio em celebra\u00e7\u00e3o aos 400 anos das Miss\u00f5es Jesu\u00edticas"},"content":{"rendered":"<p class=\"isSelectedEnd\">Quinze jovens do Programa Partiu Futuro Reconstru\u00e7\u00e3o foram selecionados para participar do interc\u00e2mbio cultural \u201cPartiu Miss\u00f5es \u2013 Uma viagem de conhecimento e inspira\u00e7\u00e3o por dois mundos\u201d. A viagem est\u00e1 prevista para novembro e ter\u00e1 passagens por Barcelona, na Espanha, al\u00e9m de territ\u00f3rios da Argentina, do Paraguai e de S\u00e3o Miguel das Miss\u00f5es, no Rio Grande do Sul.<\/p>\n<p class=\"isSelectedEnd\">A iniciativa ocorre no ano em que s\u00e3o celebrados os 400 anos das Miss\u00f5es Jesu\u00edticas no Rio Grande do Sul. Durante a viagem, os participantes ter\u00e3o contato com diferentes contextos hist\u00f3ricos e culturais relacionados \u00e0s Miss\u00f5es.<\/p>\n<p class=\"isSelectedEnd\">Os selecionados foram escolhidos entre 750 jovens inscritos no processo seletivo. Na primeira etapa, foram considerados crit\u00e9rios relacionados \u00e0 participa\u00e7\u00e3o no programa, como frequ\u00eancia nas atividades te\u00f3ricas e pr\u00e1ticas e presen\u00e7a no refor\u00e7o escolar.<\/p>\n<p class=\"isSelectedEnd\">Os candidatos classificados para a segunda fase precisaram produzir um v\u00eddeo de at\u00e9 um minuto e 30 segundos respondendo \u00e0 pergunta sobre o interesse em participar do interc\u00e2mbio e representar o Programa Partiu Futuro Reconstru\u00e7\u00e3o.<\/p>\n<p class=\"isSelectedEnd\">A avalia\u00e7\u00e3o considerou aspectos como comunica\u00e7\u00e3o, criatividade, trajet\u00f3ria pessoal, hist\u00f3ria de vida, capacidade de representa\u00e7\u00e3o institucional, rela\u00e7\u00e3o com os objetivos da viagem e cumprimento do tempo determinado. Das 15 vagas, nove foram destinadas a jovens do p\u00fablico feminino e seis ao masculino.<\/p>\n<p class=\"isSelectedEnd\">Com a sele\u00e7\u00e3o conclu\u00edda, os participantes iniciam os preparativos para a viagem. Entre as etapas previstas est\u00e3o a emiss\u00e3o dos passaportes e orienta\u00e7\u00f5es sobre a experi\u00eancia internacional.<\/p>\n<p class=\"isSelectedEnd\">Segundo a organiza\u00e7\u00e3o, as despesas com passagens a\u00e9reas, hospedagem, alimenta\u00e7\u00e3o, traslados e atividades oficiais ser\u00e3o custeadas pela Dem\u00e0 Aprendiz, institui\u00e7\u00e3o formadora e tecnologia social da Renapsi.<\/p>\n<p class=\"isSelectedEnd\">Para o diretor da Dem\u00e0 na Regi\u00e3o Sul, Eurico Meira da Costa, a viagem permitir\u00e1 aos jovens conhecer novas culturas e realidades.<\/p>\n<blockquote>\n<p class=\"isSelectedEnd\">\u201cQueremos que esses jovens percebam que suas trajet\u00f3rias podem lev\u00e1-los muito al\u00e9m dos espa\u00e7os que j\u00e1 conhecem. Essa jornada permitir\u00e1 que tenham contato com novas culturas, conhe\u00e7am diferentes realidades e, ao mesmo tempo, reconhe\u00e7am o valor da pr\u00f3pria hist\u00f3ria\u201d, afirmou.<\/p>\n<\/blockquote>\n<p>O secret\u00e1rio estadual de Desenvolvimento Social, Gustavo Saldanha, tamb\u00e9m comentou a iniciativa.<\/p>\n<blockquote><p>\u201cOs 15 participantes ter\u00e3o a oportunidade de conhecer outras realidades, ampliar seus horizontes e levar consigo novos aprendizados\u201d, declarou.<\/p><\/blockquote>\n<h4>Conhe\u00e7a os 15 jovens selecionados para o interc\u00e2mbio:<\/h4>\n<ul>\n<li>Amanda da Rosa Machado &#8211; Tramanda\u00ed<\/li>\n<li>Hadassa da Silva Alves &#8211; Gua\u00edba<\/li>\n<li>J\u00falia Thurmer de Oliveira &#8211; Rio Grande<\/li>\n<li>Kau\u00e3 Eduardo Oliveira Rodrigues &#8211; Canoas<\/li>\n<li>Kau\u00e3 Oliveira Duarte &#8211; Viam\u00e3o<\/li>\n<li>Kauane da Silva Viliano &#8211; Sapucaia do Sul<\/li>\n<li>Lauro Henrique Rehr de Almeida &#8211; Montenegro<\/li>\n<li>Lohana Borba Vidal Lackmann &#8211; Rio Grande<\/li>\n<li>Mateus Correa Cavalcanti da Silveira &#8211; Montenegro<\/li>\n<li>Mirieli Souza Soares &#8211; Pelotas<\/li>\n<li>Natiele Mello Leote da Silva &#8211; Canoas<\/li>\n<li>Rafael Mauri Mehret &#8211; Triunfo<\/li>\n<li>Ticiane Cardoso Lisboa &#8211; Viam\u00e3o<\/li>\n<li>Tomie Kawakami de Oliveira Vaz &#8211; Viam\u00e3o<\/li>\n<li>Yasmin Luiza Cursino Moraes &#8211; Canoas<\/li>\n<\/ul>\n<h4>Sobre o Programa Partiu Futuro Reconstru\u00e7\u00e3o<\/h4>\n<p>O Partiu Futuro Reconstru\u00e7\u00e3o \u00e9 realizado pelo Governo do Rio Grande do Sul, por meio da Secretaria de Desenvolvimento Social (Sedes), em parceria com a Dem\u00e0 Aprendiz, tecnologia social da Renapsi. A iniciativa \u00e9 destinada a jovens com idade entre 14 e 22 anos, egressos ou matriculados na rede p\u00fablica de ensino, inscritos no Cadastro \u00danico (Cad\u00danico) e que foram impactados pelas enchentes de maio de 2024 ou residem em munic\u00edpios integrados ao Programa RS Seguro.<\/p>\n<p>Atualmente, o programa atende 2.785 jovens em 75 munic\u00edpios ga\u00fachos. Desse total, a Dem\u00e0 Aprendiz \u00e9 respons\u00e1vel pelo acompanhamento de 1.840 participantes em 30 cidades. A tecnologia social conduz a capacita\u00e7\u00e3o te\u00f3rica e monitora as atividades pr\u00e1ticas em \u00f3rg\u00e3os p\u00fablicos estaduais e municipais, aliando o aprendizado \u00e0 cidadania e ao desenvolvimento integral para o mundo do trabalho.<\/p>\n<p>Os jovens recebem bolsa-aux\u00edlio de R$ 894,52 para uma jornada de 20 horas semanais, vale-alimenta\u00e7\u00e3o de R$ 550 e vale-transporte, quando necess\u00e1rio. Possuem carteira assinada e acesso a todos os direitos garantidos por lei, como FGTS, INSS, f\u00e9rias e 13\u00ba sal\u00e1rio. Tamb\u00e9m contam com acompanhamento psicossocial, orienta\u00e7\u00e3o jur\u00eddica, refor\u00e7o escolar, servi\u00e7o de telemedicina e seguro.<\/p>\n<p>Mais informa\u00e7\u00f5es sobre o interc\u00e2mbio e os jovens selecionados podem ser conferidas no site\u00a0<a href=\"https:\/\/renapsi.org.br\/\" target=\"_blank\" rel=\"noopener\">https:\/\/renapsi.org.br\/<\/a>.<\/p>\n","protected":false},"excerpt":{"rendered":"<p>Quinze jovens do Programa Partiu Futuro Reconstru\u00e7\u00e3o foram selecionados para participar do interc\u00e2mbio cultural \u201cPartiu Miss\u00f5es \u2013 Uma viagem de conhecimento e inspira\u00e7\u00e3o por dois mundos\u201d. A viagem est\u00e1 prevista para novembro e ter\u00e1 passagens por Barcelona, na Espanha, al\u00e9m de territ\u00f3rios da Argentina, do Paraguai e de S\u00e3o Miguel das Miss\u00f5es, no Rio Grande [&hellip;]<\/p>\n","protected":false},"author":1,"featured_media":42657,"comment_status":"open","ping_status":"open","sticky":false,"template":"","format":"standard","meta":{"amp_status":"","footnotes":""},"categories":[2210],"tags":[31,64,1377,1270,3367],"class_list":["post-42656","post","type-post","status-publish","format-standard","has-post-thumbnail","hentry","category-educacao","tag-canoas","tag-educacao","tag-feat","tag-intercambio","tag-partiu-futuro-reconstrucao"],"yoast_head":"<!-- This site is optimized with the Yoast SEO plugin v20.5 - https:\/\/yoast.com\/wordpress\/plugins\/seo\/ -->\n<title>Jovens ga\u00fachos s\u00e3o selecionados para interc\u00e2mbio em celebra\u00e7\u00e3o aos 400 anos das Miss\u00f5es Jesu\u00edticas - O Timoneiro Jornal Canoas RS<\/title>\n<meta name=\"description\" content=\"Quinze jovens do Partiu Futuro Reconstru\u00e7\u00e3o foram selecionados para interc\u00e2mbio por Barcelona, Argentina, Paraguai e S\u00e3o Miguel das Miss\u00f5es.\" \/>\n<meta name=\"robots\" content=\"index, follow, max-snippet:-1, max-image-preview:large, max-video-preview:-1\" \/>\n<link rel=\"canonical\" href=\"https:\/\/jornaltimoneiro.com.br\/index.php\/2026\/09\/04\/15-jovens-partiu-futuro-intercambio-missoes\/\" \/>\n<meta property=\"og:locale\" content=\"pt_BR\" \/>\n<meta property=\"og:type\" content=\"article\" \/>\n<meta property=\"og:title\" content=\"Jovens ga\u00fachos s\u00e3o selecionados para interc\u00e2mbio em celebra\u00e7\u00e3o aos 400 anos das Miss\u00f5es Jesu\u00edticas - O Timoneiro Jornal Canoas RS\" \/>\n<meta property=\"og:description\" content=\"Quinze jovens do Partiu Futuro Reconstru\u00e7\u00e3o foram selecionados para interc\u00e2mbio por Barcelona, Argentina, Paraguai e S\u00e3o Miguel das Miss\u00f5es.\" \/>\n<meta property=\"og:url\" content=\"https:\/\/jornaltimoneiro.com.br\/index.php\/2026\/09\/04\/15-jovens-partiu-futuro-intercambio-missoes\/\" \/>\n<meta property=\"og:site_name\" content=\"O Timoneiro Jornal Canoas RS\" \/>\n<meta property=\"article:publisher\" content=\"https:\/\/www.facebook.com\/jornaltimoneiro\" \/>\n<meta property=\"article:published_time\" content=\"2026-09-04T13:32:35+00:00\" \/>\n<meta property=\"article:modified_time\" content=\"2026-09-06T13:45:31+00:00\" \/>\n<meta property=\"og:image\" content=\"https:\/\/jornaltimoneiro.com.br\/wp-content\/uploads\/2026\/09\/Selecionados-intercambio-2026.jpeg\" \/>\n\t<meta property=\"og:image:width\" content=\"1920\" \/>\n\t<meta property=\"og:image:height\" content=\"1080\" \/>\n\t<meta property=\"og:image:type\" content=\"image\/jpeg\" \/>\n<meta name=\"author\" content=\"Reda\u00e7\u00e3o\" \/>\n<meta name=\"twitter:card\" content=\"summary_large_image\" \/>\n<meta name=\"twitter:creator\" content=\"@_OTimoneiro\" \/>\n<meta name=\"twitter:site\" content=\"@_OTimoneiro\" \/>\n<meta name=\"twitter:label1\" content=\"Escrito por\" \/>\n\t<meta name=\"twitter:data1\" content=\"Reda\u00e7\u00e3o\" \/>\n\t<meta name=\"twitter:label2\" content=\"Est. tempo de leitura\" \/>\n\t<meta name=\"twitter:data2\" content=\"4 minutos\" \/>\n<script type=\"application\/ld+json\" class=\"yoast-schema-graph\">{\"@context\":\"https:\/\/schema.org\",\"@graph\":[{\"@type\":\"Article\",\"@id\":\"https:\/\/jornaltimoneiro.com.br\/index.php\/2026\/09\/04\/15-jovens-partiu-futuro-intercambio-missoes\/#article\",\"isPartOf\":{\"@id\":\"https:\/\/jornaltimoneiro.com.br\/index.php\/2026\/09\/04\/15-jovens-partiu-futuro-intercambio-missoes\/\"},\"author\":{\"name\":\"Reda\u00e7\u00e3o\",\"@id\":\"https:\/\/jornaltimoneiro.com.br\/#\/schema\/person\/620efd1d8244466117482be494360b08\"},\"headline\":\"Jovens ga\u00fachos s\u00e3o selecionados para interc\u00e2mbio em celebra\u00e7\u00e3o aos 400 anos das Miss\u00f5es Jesu\u00edticas\",\"datePublished\":\"2026-09-04T13:32:35+00:00\",\"dateModified\":\"2026-09-06T13:45:31+00:00\",\"mainEntityOfPage\":{\"@id\":\"https:\/\/jornaltimoneiro.com.br\/index.php\/2026\/09\/04\/15-jovens-partiu-futuro-intercambio-missoes\/\"},\"wordCount\":745,\"commentCount\":0,\"publisher\":{\"@id\":\"https:\/\/jornaltimoneiro.com.br\/#organization\"},\"keywords\":[\"canoas\",\"Educa\u00e7\u00e3o\",\"feat\",\"interc\u00e2mbio\",\"partiu futuro reconstru\u00e7\u00e3o\"],\"articleSection\":[\"Educa\u00e7\u00e3o\"],\"inLanguage\":\"pt-BR\",\"potentialAction\":[{\"@type\":\"CommentAction\",\"name\":\"Comment\",\"target\":[\"https:\/\/jornaltimoneiro.com.br\/index.php\/2026\/09\/04\/15-jovens-partiu-futuro-intercambio-missoes\/#respond\"]}]},{\"@type\":\"WebPage\",\"@id\":\"https:\/\/jornaltimoneiro.com.br\/index.php\/2026\/09\/04\/15-jovens-partiu-futuro-intercambio-missoes\/\",\"url\":\"https:\/\/jornaltimoneiro.com.br\/index.php\/2026\/09\/04\/15-jovens-partiu-futuro-intercambio-missoes\/\",\"name\":\"Jovens ga\u00fachos s\u00e3o selecionados para interc\u00e2mbio em celebra\u00e7\u00e3o aos 400 anos das Miss\u00f5es Jesu\u00edticas - O Timoneiro Jornal Canoas RS\",\"isPartOf\":{\"@id\":\"https:\/\/jornaltimoneiro.com.br\/#website\"},\"datePublished\":\"2026-09-04T13:32:35+00:00\",\"dateModified\":\"2026-09-06T13:45:31+00:00\",\"description\":\"Quinze jovens do Partiu Futuro Reconstru\u00e7\u00e3o foram selecionados para interc\u00e2mbio por Barcelona, Argentina, Paraguai e S\u00e3o Miguel das Miss\u00f5es.\",\"breadcrumb\":{\"@id\":\"https:\/\/jornaltimoneiro.com.br\/index.php\/2026\/09\/04\/15-jovens-partiu-futuro-intercambio-missoes\/#breadcrumb\"},\"inLanguage\":\"pt-BR\",\"potentialAction\":[{\"@type\":\"ReadAction\",\"target\":[\"https:\/\/jornaltimoneiro.com.br\/index.php\/2026\/09\/04\/15-jovens-partiu-futuro-intercambio-missoes\/\"]}]},{\"@type\":\"BreadcrumbList\",\"@id\":\"https:\/\/jornaltimoneiro.com.br\/index.php\/2026\/09\/04\/15-jovens-partiu-futuro-intercambio-missoes\/#breadcrumb\",\"itemListElement\":[{\"@type\":\"ListItem\",\"position\":1,\"name\":\"In\u00edcio\",\"item\":\"https:\/\/jornaltimoneiro.com.br\/\"},{\"@type\":\"ListItem\",\"position\":2,\"name\":\"Jovens ga\u00fachos s\u00e3o selecionados para interc\u00e2mbio em celebra\u00e7\u00e3o aos 400 anos das Miss\u00f5es Jesu\u00edticas\"}]},{\"@type\":\"WebSite\",\"@id\":\"https:\/\/jornaltimoneiro.com.br\/#website\",\"url\":\"https:\/\/jornaltimoneiro.com.br\/\",\"name\":\"Jornal Timoneiro Canoas RS\",\"description\":\"Jornal O Timoneiro, o verdadeiro jornal de Canoas\",\"publisher\":{\"@id\":\"https:\/\/jornaltimoneiro.com.br\/#organization\"},\"potentialAction\":[{\"@type\":\"SearchAction\",\"target\":{\"@type\":\"EntryPoint\",\"urlTemplate\":\"https:\/\/jornaltimoneiro.com.br\/?s={search_term_string}\"},\"query-input\":\"required name=search_term_string\"}],\"inLanguage\":\"pt-BR\"},{\"@type\":\"Organization\",\"@id\":\"https:\/\/jornaltimoneiro.com.br\/#organization\",\"name\":\"Jornal Timoneiro Canoas RS\",\"url\":\"https:\/\/jornaltimoneiro.com.br\/\",\"logo\":{\"@type\":\"ImageObject\",\"inLanguage\":\"pt-BR\",\"@id\":\"https:\/\/jornaltimoneiro.com.br\/#\/schema\/logo\/image\/\",\"url\":\"https:\/\/jornaltimoneiro.com.br\/wp-content\/uploads\/2023\/03\/logonovo.png\",\"contentUrl\":\"https:\/\/jornaltimoneiro.com.br\/wp-content\/uploads\/2023\/03\/logonovo.png\",\"width\":\"469\",\"height\":\"171\",\"caption\":\"Jornal Timoneiro Canoas RS\"},\"image\":{\"@id\":\"https:\/\/jornaltimoneiro.com.br\/#\/schema\/logo\/image\/\"},\"sameAs\":[\"https:\/\/www.facebook.com\/jornaltimoneiro\",\"https:\/\/twitter.com\/_OTimoneiro\",\"https:\/\/www.instagram.com\/jornaltimoneirocanoas\/\",\"https:\/\/www.youtube.com\/@jornalotimoneiro7927\"]},{\"@type\":\"Person\",\"@id\":\"https:\/\/jornaltimoneiro.com.br\/#\/schema\/person\/620efd1d8244466117482be494360b08\",\"name\":\"Reda\u00e7\u00e3o\",\"image\":{\"@type\":\"ImageObject\",\"inLanguage\":\"pt-BR\",\"@id\":\"https:\/\/jornaltimoneiro.com.br\/#\/schema\/person\/image\/\",\"url\":\"https:\/\/secure.gravatar.com\/avatar\/2f04e1b304682a8d9db336c7acd77f08?s=96&d=mm&r=g\",\"contentUrl\":\"https:\/\/secure.gravatar.com\/avatar\/2f04e1b304682a8d9db336c7acd77f08?s=96&d=mm&r=g\",\"caption\":\"Reda\u00e7\u00e3o\"},\"url\":\"https:\/\/jornaltimoneiro.com.br\/index.php\/author\/timoneirocanoas\/\"}]}<\/script>\n<!-- \/ Yoast SEO plugin. -->","yoast_head_json":{"title":"Jovens ga\u00fachos s\u00e3o selecionados para interc\u00e2mbio em celebra\u00e7\u00e3o aos 400 anos das Miss\u00f5es Jesu\u00edticas - O Timoneiro Jornal Canoas RS","description":"Quinze jovens do Partiu Futuro Reconstru\u00e7\u00e3o foram selecionados para interc\u00e2mbio por Barcelona, Argentina, Paraguai e S\u00e3o Miguel das Miss\u00f5es.","robots":{"index":"index","follow":"follow","max-snippet":"max-snippet:-1","max-image-preview":"max-image-preview:large","max-video-preview":"max-video-preview:-1"},"canonical":"https:\/\/jornaltimoneiro.com.br\/index.php\/2026\/09\/04\/15-jovens-partiu-futuro-intercambio-missoes\/","og_locale":"pt_BR","og_type":"article","og_title":"Jovens ga\u00fachos s\u00e3o selecionados para interc\u00e2mbio em celebra\u00e7\u00e3o aos 400 anos das Miss\u00f5es Jesu\u00edticas - O Timoneiro Jornal Canoas RS","og_description":"Quinze jovens do Partiu Futuro Reconstru\u00e7\u00e3o foram selecionados para interc\u00e2mbio por Barcelona, Argentina, Paraguai e S\u00e3o Miguel das Miss\u00f5es.","og_url":"https:\/\/jornaltimoneiro.com.br\/index.php\/2026\/09\/04\/15-jovens-partiu-futuro-intercambio-missoes\/","og_site_name":"O Timoneiro Jornal Canoas RS","article_publisher":"https:\/\/www.facebook.com\/jornaltimoneiro","article_published_time":"2026-09-04T13:32:35+00:00","article_modified_time":"2026-09-06T13:45:31+00:00","og_image":[{"width":"1920","height":"1080","url":"https:\/\/jornaltimoneiro.com.br\/wp-content\/uploads\/2026\/09\/Selecionados-intercambio-2026.jpeg","type":"image\/jpeg"}],"author":"Reda\u00e7\u00e3o","twitter_card":"summary_large_image","twitter_creator":"@_OTimoneiro","twitter_site":"@_OTimoneiro","twitter_misc":{"Escrito por":"Reda\u00e7\u00e3o","Est. tempo de leitura":"4 minutos"},"schema":{"@context":"https:\/\/schema.org","@graph":[{"@type":"Article","@id":"https:\/\/jornaltimoneiro.com.br\/index.php\/2026\/09\/04\/15-jovens-partiu-futuro-intercambio-missoes\/#article","isPartOf":{"@id":"https:\/\/jornaltimoneiro.com.br\/index.php\/2026\/09\/04\/15-jovens-partiu-futuro-intercambio-missoes\/"},"author":{"name":"Reda\u00e7\u00e3o","@id":"https:\/\/jornaltimoneiro.com.br\/#\/schema\/person\/620efd1d8244466117482be494360b08"},"headline":"Jovens ga\u00fachos s\u00e3o selecionados para interc\u00e2mbio em celebra\u00e7\u00e3o aos 400 anos das Miss\u00f5es Jesu\u00edticas","datePublished":"2026-09-04T13:32:35+00:00","dateModified":"2026-09-06T13:45:31+00:00","mainEntityOfPage":{"@id":"https:\/\/jornaltimoneiro.com.br\/index.php\/2026\/09\/04\/15-jovens-partiu-futuro-intercambio-missoes\/"},"wordCount":745,"commentCount":0,"publisher":{"@id":"https:\/\/jornaltimoneiro.com.br\/#organization"},"keywords":["canoas","Educa\u00e7\u00e3o","feat","interc\u00e2mbio","partiu futuro reconstru\u00e7\u00e3o"],"articleSection":["Educa\u00e7\u00e3o"],"inLanguage":"pt-BR","potentialAction":[{"@type":"CommentAction","name":"Comment","target":["https:\/\/jornaltimoneiro.com.br\/index.php\/2026\/09\/04\/15-jovens-partiu-futuro-intercambio-missoes\/#respond"]}]},{"@type":"WebPage","@id":"https:\/\/jornaltimoneiro.com.br\/index.php\/2026\/09\/04\/15-jovens-partiu-futuro-intercambio-missoes\/","url":"https:\/\/jornaltimoneiro.com.br\/index.php\/2026\/09\/04\/15-jovens-partiu-futuro-intercambio-missoes\/","name":"Jovens ga\u00fachos s\u00e3o selecionados para interc\u00e2mbio em celebra\u00e7\u00e3o aos 400 anos das Miss\u00f5es Jesu\u00edticas - O Timoneiro Jornal Canoas RS","isPartOf":{"@id":"https:\/\/jornaltimoneiro.com.br\/#website"},"datePublished":"2026-09-04T13:32:35+00:00","dateModified":"2026-09-06T13:45:31+00:00","description":"Quinze jovens do Partiu Futuro Reconstru\u00e7\u00e3o foram selecionados para interc\u00e2mbio por Barcelona, Argentina, Paraguai e S\u00e3o Miguel das Miss\u00f5es.","breadcrumb":{"@id":"https:\/\/jornaltimoneiro.com.br\/index.php\/2026\/09\/04\/15-jovens-partiu-futuro-intercambio-missoes\/#breadcrumb"},"inLanguage":"pt-BR","potentialAction":[{"@type":"ReadAction","target":["https:\/\/jornaltimoneiro.com.br\/index.php\/2026\/09\/04\/15-jovens-partiu-futuro-intercambio-missoes\/"]}]},{"@type":"BreadcrumbList","@id":"https:\/\/jornaltimoneiro.com.br\/index.php\/2026\/09\/04\/15-jovens-partiu-futuro-intercambio-missoes\/#breadcrumb","itemListElement":[{"@type":"ListItem","position":1,"name":"In\u00edcio","item":"https:\/\/jornaltimoneiro.com.br\/"},{"@type":"ListItem","position":2,"name":"Jovens ga\u00fachos s\u00e3o selecionados para interc\u00e2mbio em celebra\u00e7\u00e3o aos 400 anos das Miss\u00f5es Jesu\u00edticas"}]},{"@type":"WebSite","@id":"https:\/\/jornaltimoneiro.com.br\/#website","url":"https:\/\/jornaltimoneiro.com.br\/","name":"Jornal Timoneiro Canoas RS","description":"Jornal O Timoneiro, o verdadeiro jornal de Canoas","publisher":{"@id":"https:\/\/jornaltimoneiro.com.br\/#organization"},"potentialAction":[{"@type":"SearchAction","target":{"@type":"EntryPoint","urlTemplate":"https:\/\/jornaltimoneiro.com.br\/?s={search_term_string}"},"query-input":"required name=search_term_string"}],"inLanguage":"pt-BR"},{"@type":"Organization","@id":"https:\/\/jornaltimoneiro.com.br\/#organization","name":"Jornal Timoneiro Canoas RS","url":"https:\/\/jornaltimoneiro.com.br\/","logo":{"@type":"ImageObject","inLanguage":"pt-BR","@id":"https:\/\/jornaltimoneiro.com.br\/#\/schema\/logo\/image\/","url":"https:\/\/jornaltimoneiro.com.br\/wp-content\/uploads\/2023\/03\/logonovo.png","contentUrl":"https:\/\/jornaltimoneiro.com.br\/wp-content\/uploads\/2023\/03\/logonovo.png","width":"469","height":"171","caption":"Jornal Timoneiro Canoas RS"},"image":{"@id":"https:\/\/jornaltimoneiro.com.br\/#\/schema\/logo\/image\/"},"sameAs":["https:\/\/www.facebook.com\/jornaltimoneiro","https:\/\/twitter.com\/_OTimoneiro","https:\/\/www.instagram.com\/jornaltimoneirocanoas\/","https:\/\/www.youtube.com\/@jornalotimoneiro7927"]},{"@type":"Person","@id":"https:\/\/jornaltimoneiro.com.br\/#\/schema\/person\/620efd1d8244466117482be494360b08","name":"Reda\u00e7\u00e3o","image":{"@type":"ImageObject","inLanguage":"pt-BR","@id":"https:\/\/jornaltimoneiro.com.br\/#\/schema\/person\/image\/","url":"https:\/\/secure.gravatar.com\/avatar\/2f04e1b304682a8d9db336c7acd77f08?s=96&d=mm&r=g","contentUrl":"https:\/\/secure.gravatar.com\/avatar\/2f04e1b304682a8d9db336c7acd77f08?s=96&d=mm&r=g","caption":"Reda\u00e7\u00e3o"},"url":"https:\/\/jornaltimoneiro.com.br\/index.php\/author\/timoneirocanoas\/"}]}},"_links":{"self":[{"href":"https:\/\/jornaltimoneiro.com.br\/index.php\/wp-json\/wp\/v2\/posts\/42656"}],"collection":[{"href":"https:\/\/jornaltimoneiro.com.br\/index.php\/wp-json\/wp\/v2\/posts"}],"about":[{"href":"https:\/\/jornaltimoneiro.com.br\/index.php\/wp-json\/wp\/v2\/types\/post"}],"author":[{"embeddable":true,"href":"https:\/\/jornaltimoneiro.com.br\/index.php\/wp-json\/wp\/v2\/users\/1"}],"replies":[{"embeddable":true,"href":"https:\/\/jornaltimoneiro.com.br\/index.php\/wp-json\/wp\/v2\/comments?post=42656"}],"version-history":[{"count":1,"href":"https:\/\/jornaltimoneiro.com.br\/index.php\/wp-json\/wp\/v2\/posts\/42656\/revisions"}],"predecessor-version":[{"id":42658,"href":"https:\/\/jornaltimoneiro.com.br\/index.php\/wp-json\/wp\/v2\/posts\/42656\/revisions\/42658"}],"wp:featuredmedia":[{"embeddable":true,"href":"https:\/\/jornaltimoneiro.com.br\/index.php\/wp-json\/wp\/v2\/media\/42657"}],"wp:attachment":[{"href":"https:\/\/jornaltimoneiro.com.br\/index.php\/wp-json\/wp\/v2\/media?parent=42656"}],"wp:term":[{"taxonomy":"category","embeddable":true,"href":"https:\/\/jornaltimoneiro.com.br\/index.php\/wp-json\/wp\/v2\/categories?post=42656"},{"taxonomy":"post_tag","embeddable":true,"href":"https:\/\/jornaltimoneiro.com.br\/index.php\/wp-json\/wp\/v2\/tags?post=42656"}],"curies":[{"name":"wp","href":"https:\/\/api.w.org\/{rel}","templated":true}]}}