{"id":42653,"date":"2026-09-04T10:27:15","date_gmt":"2026-09-04T13:27:15","guid":{"rendered":"https:\/\/jornaltimoneiro.com.br\/?p=42653"},"modified":"2026-09-04T10:27:15","modified_gmt":"2026-09-04T13:27:15","slug":"servicos-publicos-canoas-feriado","status":"publish","type":"post","link":"https:\/\/jornaltimoneiro.com.br\/index.php\/2026\/09\/04\/servicos-publicos-canoas-feriado\/","title":{"rendered":"Saiba como funcionam os servi\u00e7os municipais no Dia da Independ\u00eancia do Brasil em Canoas"},"content":{"rendered":"<p>Confira, a seguir, o que estar\u00e1 aberto, fechado ou em regime de plant\u00e3o durante o feriado:<\/p>\n<p>Secretaria Municipal de Assist\u00eancia Social (SMAS)<br \/>\nN\u00e3o haver\u00e1 atividades administrativas.<br \/>\nRestaurantes Populares e Albergue Municipal abertos.<\/p>\n<p>Secretaria Municipal de Bem-Estar Animal (SMBEA)<br \/>\nAberto das 10h \u00e0s 16h para emerg\u00eancias e urg\u00eancias com risco de \u00f3bito.<\/p>\n<p>Secretaria Municipal de Cultura e Turismo (SMCT)<br \/>\nN\u00e3o haver\u00e1 atividades administrativas.<\/p>\n<p>Secretaria Municipal de Defesa Civil e Resili\u00eancia Clim\u00e1tica (SMDCRC)<br \/>\nN\u00e3o haver\u00e1 atividades administrativas, com plant\u00e3o 24h atrav\u00e9s do WhatsApp (51) 98255-0805<\/p>\n<p>Secretaria de Desenvolvimento Econ\u00f4mico e Inova\u00e7\u00e3o (SMDEI)<br \/>\nN\u00e3o haver\u00e1 atividades administrativas, com equipe de fiscaliza\u00e7\u00e3o de plant\u00e3o.<\/p>\n<p>Secretaria Municipal de Desenvolvimento Urbano (SMDU)<br \/>\nN\u00e3o haver\u00e1 atividades administrativas, com plant\u00e3o de ronda de fiscaliza\u00e7\u00e3o preventiva \u00e0s ocupa\u00e7\u00f5es irregulares das \u00e1reas p\u00fablicas.<\/p>\n<p>Secretaria Municipal de Educa\u00e7\u00e3o (SME)<br \/>\nN\u00e3o haver\u00e1 atividades administrativas.<\/p>\n<p>Secretaria Municipal de Esporte e Lazer (SMEL)<br \/>\nN\u00e3o haver\u00e1 atividades administrativas.<\/p>\n<p>Secretaria Municipal da Fazenda (SMF)<br \/>\nAtendimento online atrav\u00e9s do site.<\/p>\n<p>Secretaria Municipal de Habita\u00e7\u00e3o e Regulariza\u00e7\u00e3o Fundi\u00e1ria (SMHRF)<br \/>\nN\u00e3o haver\u00e1 atividades administrativas.<\/p>\n<p>Secretaria Municipal de Meio Ambiente (SMMA)<br \/>\nN\u00e3o haver\u00e1 atividades administrativas.<br \/>\nFiscaliza\u00e7\u00e3o Ambiental: Equipes de plant\u00e3o no n\u00famero 153.<br \/>\nParques municipais: Abertos das 6h \u00e0s 23h.<br \/>\nMini Zoo: Aberto.<\/p>\n<p>Secretaria de Mobilidade Urbana (SMMU)<br \/>\nN\u00e3o haver\u00e1 atividades administrativas.<br \/>\nTransporte p\u00fablico: Os \u00f4nibus circulam com tabela de domingo.<br \/>\nTr\u00e2nsito: Plant\u00e3o 24 horas pelos n\u00fameros 156 ou (51) 3425-7629.<\/p>\n<p>Secretaria Municipal da Mulher, Cidadania e Inclus\u00e3o (SMMCI)<br \/>\nN\u00e3o haver\u00e1 atividades administrativas.<br \/>\nDisque Mulher: 24h, atrav\u00e9s do n\u00famero (51) 99275-8146, (den\u00fancias e acolhimento em situa\u00e7\u00f5es de viol\u00eancia contra a mulher)<\/p>\n<p>Conselho Tutelar:<br \/>\nAtendimento em plant\u00e3o pelo n\u00famero (51) 3467-2062 e ap\u00f3s \u00e0s 18h contatos pelo n\u00famero (51) 99327-5389.<\/p>\n<p>Secretaria Municipal de Obras e Reconstru\u00e7\u00e3o (SMOR)<br \/>\nN\u00e3o haver\u00e1 atividades administrativas. Havendo qualquer intercorr\u00eancia clim\u00e1tica, as equipes estar\u00e3o de sobreaviso. M\u00e1quina, caminh\u00e3o e hidrojato de plant\u00e3o (Das 8 \u00e0s 17h).<\/p>\n<p>Secretaria Municipal da Sa\u00fade (SMS)<br \/>\nSAMU atende 24h pelo fone 192;<br \/>\nHospitais atendendo normalmente 24h;<br \/>\nUPA do Idoso: fechada;<br \/>\nUPA Niter\u00f3i, UPA Boqueir\u00e3o e UPA Liberty: abertas com atendimento normal 24h;<br \/>\nUnidades B\u00e1sicas especializadas: fechadas;<br \/>\nCentro de Refer\u00eancia da Mulher: fechado;<br \/>\nFarm\u00e1cias B\u00e1sicas: fechadas;<br \/>\nCAPS Arco \u00cdris: fechado;<br \/>\nCAPS Novos Tempos: fechado;<br \/>\nCAPS Travessia, Recanto e Amanhecer: funcionar\u00e3o com equipe de plant\u00e3o 24h;<br \/>\nCERTEA: fechado.<\/p>\n<p>Secretaria Municipal de Seguran\u00e7a P\u00fablica (SMSP)<br \/>\nN\u00e3o haver\u00e1 atividades administrativas.<br \/>\nGuarda Municipal: Atendimento normal 24h atrav\u00e9s do n\u00famero 153.<br \/>\nCentro Integrado de comando e Controle (videomonitoramento): 24h.<\/p>\n<p>Secretaria Municipal de Servi\u00e7os e Zeladoria Urbana (SMSZU)<br \/>\nColeta de lixo e limpeza urbana: com atendimento normal;<br \/>\nPoda e corte de \u00e1rvores: plant\u00e3o;<br \/>\nAbastecimento de \u00e1gua pot\u00e1vel: plant\u00e3o;<br \/>\nIlumina\u00e7\u00e3o p\u00fablica e sem\u00e1foros: dispon\u00edvel 24h atrav\u00e9s do n\u00famero 08000021757 (aplicativo ilumina Canoas);<br \/>\nCemit\u00e9rios: abertos das 8h \u00e0s 12h e das 13h \u00e0s 17h;<br \/>\nPlant\u00e3o para sepultamentos: diretamente nos cemit\u00e9rios municipais (Santo Ant\u00f4nio e Ch\u00e1cara Barreto) das 8h \u00e0s 11h30 e das 13h \u00e0s 16h30;<br \/>\nEcopontos: Espumoso e Niter\u00f3i fechados, enquanto Naz\u00e1rio e Rio Branco abertos.<\/p>\n","protected":false},"excerpt":{"rendered":"<p>Confira, a seguir, o que estar\u00e1 aberto, fechado ou em regime de plant\u00e3o durante o feriado: Secretaria Municipal de Assist\u00eancia Social (SMAS) N\u00e3o haver\u00e1 atividades administrativas. Restaurantes Populares e Albergue Municipal abertos. Secretaria Municipal de Bem-Estar Animal (SMBEA) Aberto das 10h \u00e0s 16h para emerg\u00eancias e urg\u00eancias com risco de \u00f3bito. Secretaria Municipal de Cultura [&hellip;]<\/p>\n","protected":false},"author":1,"featured_media":38151,"comment_status":"open","ping_status":"open","sticky":false,"template":"","format":"standard","meta":{"amp_status":"","footnotes":""},"categories":[3234],"tags":[3325,31,190,1907],"class_list":["post-42653","post","type-post","status-publish","format-standard","has-post-thumbnail","hentry","category-servicos","tag-7-de-setembro","tag-canoas","tag-featured","tag-feriado"],"yoast_head":"<!-- This site is optimized with the Yoast SEO plugin v20.5 - https:\/\/yoast.com\/wordpress\/plugins\/seo\/ -->\n<title>Saiba como funcionam os servi\u00e7os municipais no Dia da Independ\u00eancia do Brasil em Canoas - O Timoneiro Jornal Canoas RS<\/title>\n<meta name=\"description\" content=\"Confira os servi\u00e7os p\u00fablicos de Canoas que estar\u00e3o abertos, fechados ou em regime de plant\u00e3o durante o feriado, com hor\u00e1rios e contatos.\" \/>\n<meta name=\"robots\" content=\"index, follow, max-snippet:-1, max-image-preview:large, max-video-preview:-1\" \/>\n<link rel=\"canonical\" href=\"https:\/\/jornaltimoneiro.com.br\/index.php\/2026\/09\/04\/servicos-publicos-canoas-feriado\/\" \/>\n<meta property=\"og:locale\" content=\"pt_BR\" \/>\n<meta property=\"og:type\" content=\"article\" \/>\n<meta property=\"og:title\" content=\"Saiba como funcionam os servi\u00e7os municipais no Dia da Independ\u00eancia do Brasil em Canoas - O Timoneiro Jornal Canoas RS\" \/>\n<meta property=\"og:description\" content=\"Confira os servi\u00e7os p\u00fablicos de Canoas que estar\u00e3o abertos, fechados ou em regime de plant\u00e3o durante o feriado, com hor\u00e1rios e contatos.\" \/>\n<meta property=\"og:url\" content=\"https:\/\/jornaltimoneiro.com.br\/index.php\/2026\/09\/04\/servicos-publicos-canoas-feriado\/\" \/>\n<meta property=\"og:site_name\" content=\"O Timoneiro Jornal Canoas RS\" \/>\n<meta property=\"article:publisher\" content=\"https:\/\/www.facebook.com\/jornaltimoneiro\" \/>\n<meta property=\"article:published_time\" content=\"2026-09-04T13:27:15+00:00\" \/>\n<meta property=\"og:image\" content=\"https:\/\/jornaltimoneiro.com.br\/wp-content\/uploads\/2025\/12\/04-06-25-FOTOS-PREFEITURA-CELULAR-E-CANOASTEC-REVISTA-BRUNA-OURIQUE-1-scaled-2-e1776271453990.jpg\" \/>\n\t<meta property=\"og:image:width\" content=\"1080\" \/>\n\t<meta property=\"og:image:height\" content=\"720\" \/>\n\t<meta property=\"og:image:type\" content=\"image\/jpeg\" \/>\n<meta name=\"author\" content=\"Reda\u00e7\u00e3o\" \/>\n<meta name=\"twitter:card\" content=\"summary_large_image\" \/>\n<meta name=\"twitter:creator\" content=\"@_OTimoneiro\" \/>\n<meta name=\"twitter:site\" content=\"@_OTimoneiro\" \/>\n<meta name=\"twitter:label1\" content=\"Escrito por\" \/>\n\t<meta name=\"twitter:data1\" content=\"Reda\u00e7\u00e3o\" \/>\n\t<meta name=\"twitter:label2\" content=\"Est. tempo de leitura\" \/>\n\t<meta name=\"twitter:data2\" content=\"3 minutos\" \/>\n<script type=\"application\/ld+json\" class=\"yoast-schema-graph\">{\"@context\":\"https:\/\/schema.org\",\"@graph\":[{\"@type\":\"Article\",\"@id\":\"https:\/\/jornaltimoneiro.com.br\/index.php\/2026\/09\/04\/servicos-publicos-canoas-feriado\/#article\",\"isPartOf\":{\"@id\":\"https:\/\/jornaltimoneiro.com.br\/index.php\/2026\/09\/04\/servicos-publicos-canoas-feriado\/\"},\"author\":{\"name\":\"Reda\u00e7\u00e3o\",\"@id\":\"https:\/\/jornaltimoneiro.com.br\/#\/schema\/person\/620efd1d8244466117482be494360b08\"},\"headline\":\"Saiba como funcionam os servi\u00e7os municipais no Dia da Independ\u00eancia do Brasil em Canoas\",\"datePublished\":\"2026-09-04T13:27:15+00:00\",\"dateModified\":\"2026-09-04T13:27:15+00:00\",\"mainEntityOfPage\":{\"@id\":\"https:\/\/jornaltimoneiro.com.br\/index.php\/2026\/09\/04\/servicos-publicos-canoas-feriado\/\"},\"wordCount\":567,\"commentCount\":0,\"publisher\":{\"@id\":\"https:\/\/jornaltimoneiro.com.br\/#organization\"},\"keywords\":[\"7 de setembro\",\"canoas\",\"featured\",\"feriado\"],\"articleSection\":[\"Servi\u00e7os\"],\"inLanguage\":\"pt-BR\",\"potentialAction\":[{\"@type\":\"CommentAction\",\"name\":\"Comment\",\"target\":[\"https:\/\/jornaltimoneiro.com.br\/index.php\/2026\/09\/04\/servicos-publicos-canoas-feriado\/#respond\"]}]},{\"@type\":\"WebPage\",\"@id\":\"https:\/\/jornaltimoneiro.com.br\/index.php\/2026\/09\/04\/servicos-publicos-canoas-feriado\/\",\"url\":\"https:\/\/jornaltimoneiro.com.br\/index.php\/2026\/09\/04\/servicos-publicos-canoas-feriado\/\",\"name\":\"Saiba como funcionam os servi\u00e7os municipais no Dia da Independ\u00eancia do Brasil em Canoas - O Timoneiro Jornal Canoas RS\",\"isPartOf\":{\"@id\":\"https:\/\/jornaltimoneiro.com.br\/#website\"},\"datePublished\":\"2026-09-04T13:27:15+00:00\",\"dateModified\":\"2026-09-04T13:27:15+00:00\",\"description\":\"Confira os servi\u00e7os p\u00fablicos de Canoas que estar\u00e3o abertos, fechados ou em regime de plant\u00e3o durante o feriado, com hor\u00e1rios e contatos.\",\"breadcrumb\":{\"@id\":\"https:\/\/jornaltimoneiro.com.br\/index.php\/2026\/09\/04\/servicos-publicos-canoas-feriado\/#breadcrumb\"},\"inLanguage\":\"pt-BR\",\"potentialAction\":[{\"@type\":\"ReadAction\",\"target\":[\"https:\/\/jornaltimoneiro.com.br\/index.php\/2026\/09\/04\/servicos-publicos-canoas-feriado\/\"]}]},{\"@type\":\"BreadcrumbList\",\"@id\":\"https:\/\/jornaltimoneiro.com.br\/index.php\/2026\/09\/04\/servicos-publicos-canoas-feriado\/#breadcrumb\",\"itemListElement\":[{\"@type\":\"ListItem\",\"position\":1,\"name\":\"In\u00edcio\",\"item\":\"https:\/\/jornaltimoneiro.com.br\/\"},{\"@type\":\"ListItem\",\"position\":2,\"name\":\"Saiba como funcionam os servi\u00e7os municipais no Dia da Independ\u00eancia do Brasil em Canoas\"}]},{\"@type\":\"WebSite\",\"@id\":\"https:\/\/jornaltimoneiro.com.br\/#website\",\"url\":\"https:\/\/jornaltimoneiro.com.br\/\",\"name\":\"Jornal Timoneiro Canoas RS\",\"description\":\"Jornal O Timoneiro, o verdadeiro jornal de Canoas\",\"publisher\":{\"@id\":\"https:\/\/jornaltimoneiro.com.br\/#organization\"},\"potentialAction\":[{\"@type\":\"SearchAction\",\"target\":{\"@type\":\"EntryPoint\",\"urlTemplate\":\"https:\/\/jornaltimoneiro.com.br\/?s={search_term_string}\"},\"query-input\":\"required name=search_term_string\"}],\"inLanguage\":\"pt-BR\"},{\"@type\":\"Organization\",\"@id\":\"https:\/\/jornaltimoneiro.com.br\/#organization\",\"name\":\"Jornal Timoneiro Canoas RS\",\"url\":\"https:\/\/jornaltimoneiro.com.br\/\",\"logo\":{\"@type\":\"ImageObject\",\"inLanguage\":\"pt-BR\",\"@id\":\"https:\/\/jornaltimoneiro.com.br\/#\/schema\/logo\/image\/\",\"url\":\"https:\/\/jornaltimoneiro.com.br\/wp-content\/uploads\/2023\/03\/logonovo.png\",\"contentUrl\":\"https:\/\/jornaltimoneiro.com.br\/wp-content\/uploads\/2023\/03\/logonovo.png\",\"width\":\"469\",\"height\":\"171\",\"caption\":\"Jornal Timoneiro Canoas RS\"},\"image\":{\"@id\":\"https:\/\/jornaltimoneiro.com.br\/#\/schema\/logo\/image\/\"},\"sameAs\":[\"https:\/\/www.facebook.com\/jornaltimoneiro\",\"https:\/\/twitter.com\/_OTimoneiro\",\"https:\/\/www.instagram.com\/jornaltimoneirocanoas\/\",\"https:\/\/www.youtube.com\/@jornalotimoneiro7927\"]},{\"@type\":\"Person\",\"@id\":\"https:\/\/jornaltimoneiro.com.br\/#\/schema\/person\/620efd1d8244466117482be494360b08\",\"name\":\"Reda\u00e7\u00e3o\",\"image\":{\"@type\":\"ImageObject\",\"inLanguage\":\"pt-BR\",\"@id\":\"https:\/\/jornaltimoneiro.com.br\/#\/schema\/person\/image\/\",\"url\":\"https:\/\/secure.gravatar.com\/avatar\/2f04e1b304682a8d9db336c7acd77f08?s=96&d=mm&r=g\",\"contentUrl\":\"https:\/\/secure.gravatar.com\/avatar\/2f04e1b304682a8d9db336c7acd77f08?s=96&d=mm&r=g\",\"caption\":\"Reda\u00e7\u00e3o\"},\"url\":\"https:\/\/jornaltimoneiro.com.br\/index.php\/author\/timoneirocanoas\/\"}]}<\/script>\n<!-- \/ Yoast SEO plugin. -->","yoast_head_json":{"title":"Saiba como funcionam os servi\u00e7os municipais no Dia da Independ\u00eancia do Brasil em Canoas - O Timoneiro Jornal Canoas RS","description":"Confira os servi\u00e7os p\u00fablicos de Canoas que estar\u00e3o abertos, fechados ou em regime de plant\u00e3o durante o feriado, com hor\u00e1rios e contatos.","robots":{"index":"index","follow":"follow","max-snippet":"max-snippet:-1","max-image-preview":"max-image-preview:large","max-video-preview":"max-video-preview:-1"},"canonical":"https:\/\/jornaltimoneiro.com.br\/index.php\/2026\/09\/04\/servicos-publicos-canoas-feriado\/","og_locale":"pt_BR","og_type":"article","og_title":"Saiba como funcionam os servi\u00e7os municipais no Dia da Independ\u00eancia do Brasil em Canoas - O Timoneiro Jornal Canoas RS","og_description":"Confira os servi\u00e7os p\u00fablicos de Canoas que estar\u00e3o abertos, fechados ou em regime de plant\u00e3o durante o feriado, com hor\u00e1rios e contatos.","og_url":"https:\/\/jornaltimoneiro.com.br\/index.php\/2026\/09\/04\/servicos-publicos-canoas-feriado\/","og_site_name":"O Timoneiro Jornal Canoas RS","article_publisher":"https:\/\/www.facebook.com\/jornaltimoneiro","article_published_time":"2026-09-04T13:27:15+00:00","og_image":[{"width":1080,"height":720,"url":"https:\/\/jornaltimoneiro.com.br\/wp-content\/uploads\/2025\/12\/04-06-25-FOTOS-PREFEITURA-CELULAR-E-CANOASTEC-REVISTA-BRUNA-OURIQUE-1-scaled-2-e1776271453990.jpg","type":"image\/jpeg"}],"author":"Reda\u00e7\u00e3o","twitter_card":"summary_large_image","twitter_creator":"@_OTimoneiro","twitter_site":"@_OTimoneiro","twitter_misc":{"Escrito por":"Reda\u00e7\u00e3o","Est. tempo de leitura":"3 minutos"},"schema":{"@context":"https:\/\/schema.org","@graph":[{"@type":"Article","@id":"https:\/\/jornaltimoneiro.com.br\/index.php\/2026\/09\/04\/servicos-publicos-canoas-feriado\/#article","isPartOf":{"@id":"https:\/\/jornaltimoneiro.com.br\/index.php\/2026\/09\/04\/servicos-publicos-canoas-feriado\/"},"author":{"name":"Reda\u00e7\u00e3o","@id":"https:\/\/jornaltimoneiro.com.br\/#\/schema\/person\/620efd1d8244466117482be494360b08"},"headline":"Saiba como funcionam os servi\u00e7os municipais no Dia da Independ\u00eancia do Brasil em Canoas","datePublished":"2026-09-04T13:27:15+00:00","dateModified":"2026-09-04T13:27:15+00:00","mainEntityOfPage":{"@id":"https:\/\/jornaltimoneiro.com.br\/index.php\/2026\/09\/04\/servicos-publicos-canoas-feriado\/"},"wordCount":567,"commentCount":0,"publisher":{"@id":"https:\/\/jornaltimoneiro.com.br\/#organization"},"keywords":["7 de setembro","canoas","featured","feriado"],"articleSection":["Servi\u00e7os"],"inLanguage":"pt-BR","potentialAction":[{"@type":"CommentAction","name":"Comment","target":["https:\/\/jornaltimoneiro.com.br\/index.php\/2026\/09\/04\/servicos-publicos-canoas-feriado\/#respond"]}]},{"@type":"WebPage","@id":"https:\/\/jornaltimoneiro.com.br\/index.php\/2026\/09\/04\/servicos-publicos-canoas-feriado\/","url":"https:\/\/jornaltimoneiro.com.br\/index.php\/2026\/09\/04\/servicos-publicos-canoas-feriado\/","name":"Saiba como funcionam os servi\u00e7os municipais no Dia da Independ\u00eancia do Brasil em Canoas - O Timoneiro Jornal Canoas RS","isPartOf":{"@id":"https:\/\/jornaltimoneiro.com.br\/#website"},"datePublished":"2026-09-04T13:27:15+00:00","dateModified":"2026-09-04T13:27:15+00:00","description":"Confira os servi\u00e7os p\u00fablicos de Canoas que estar\u00e3o abertos, fechados ou em regime de plant\u00e3o durante o feriado, com hor\u00e1rios e contatos.","breadcrumb":{"@id":"https:\/\/jornaltimoneiro.com.br\/index.php\/2026\/09\/04\/servicos-publicos-canoas-feriado\/#breadcrumb"},"inLanguage":"pt-BR","potentialAction":[{"@type":"ReadAction","target":["https:\/\/jornaltimoneiro.com.br\/index.php\/2026\/09\/04\/servicos-publicos-canoas-feriado\/"]}]},{"@type":"BreadcrumbList","@id":"https:\/\/jornaltimoneiro.com.br\/index.php\/2026\/09\/04\/servicos-publicos-canoas-feriado\/#breadcrumb","itemListElement":[{"@type":"ListItem","position":1,"name":"In\u00edcio","item":"https:\/\/jornaltimoneiro.com.br\/"},{"@type":"ListItem","position":2,"name":"Saiba como funcionam os servi\u00e7os municipais no Dia da Independ\u00eancia do Brasil em Canoas"}]},{"@type":"WebSite","@id":"https:\/\/jornaltimoneiro.com.br\/#website","url":"https:\/\/jornaltimoneiro.com.br\/","name":"Jornal Timoneiro Canoas RS","description":"Jornal O Timoneiro, o verdadeiro jornal de Canoas","publisher":{"@id":"https:\/\/jornaltimoneiro.com.br\/#organization"},"potentialAction":[{"@type":"SearchAction","target":{"@type":"EntryPoint","urlTemplate":"https:\/\/jornaltimoneiro.com.br\/?s={search_term_string}"},"query-input":"required name=search_term_string"}],"inLanguage":"pt-BR"},{"@type":"Organization","@id":"https:\/\/jornaltimoneiro.com.br\/#organization","name":"Jornal Timoneiro Canoas RS","url":"https:\/\/jornaltimoneiro.com.br\/","logo":{"@type":"ImageObject","inLanguage":"pt-BR","@id":"https:\/\/jornaltimoneiro.com.br\/#\/schema\/logo\/image\/","url":"https:\/\/jornaltimoneiro.com.br\/wp-content\/uploads\/2023\/03\/logonovo.png","contentUrl":"https:\/\/jornaltimoneiro.com.br\/wp-content\/uploads\/2023\/03\/logonovo.png","width":"469","height":"171","caption":"Jornal Timoneiro Canoas RS"},"image":{"@id":"https:\/\/jornaltimoneiro.com.br\/#\/schema\/logo\/image\/"},"sameAs":["https:\/\/www.facebook.com\/jornaltimoneiro","https:\/\/twitter.com\/_OTimoneiro","https:\/\/www.instagram.com\/jornaltimoneirocanoas\/","https:\/\/www.youtube.com\/@jornalotimoneiro7927"]},{"@type":"Person","@id":"https:\/\/jornaltimoneiro.com.br\/#\/schema\/person\/620efd1d8244466117482be494360b08","name":"Reda\u00e7\u00e3o","image":{"@type":"ImageObject","inLanguage":"pt-BR","@id":"https:\/\/jornaltimoneiro.com.br\/#\/schema\/person\/image\/","url":"https:\/\/secure.gravatar.com\/avatar\/2f04e1b304682a8d9db336c7acd77f08?s=96&d=mm&r=g","contentUrl":"https:\/\/secure.gravatar.com\/avatar\/2f04e1b304682a8d9db336c7acd77f08?s=96&d=mm&r=g","caption":"Reda\u00e7\u00e3o"},"url":"https:\/\/jornaltimoneiro.com.br\/index.php\/author\/timoneirocanoas\/"}]}},"_links":{"self":[{"href":"https:\/\/jornaltimoneiro.com.br\/index.php\/wp-json\/wp\/v2\/posts\/42653"}],"collection":[{"href":"https:\/\/jornaltimoneiro.com.br\/index.php\/wp-json\/wp\/v2\/posts"}],"about":[{"href":"https:\/\/jornaltimoneiro.com.br\/index.php\/wp-json\/wp\/v2\/types\/post"}],"author":[{"embeddable":true,"href":"https:\/\/jornaltimoneiro.com.br\/index.php\/wp-json\/wp\/v2\/users\/1"}],"replies":[{"embeddable":true,"href":"https:\/\/jornaltimoneiro.com.br\/index.php\/wp-json\/wp\/v2\/comments?post=42653"}],"version-history":[{"count":1,"href":"https:\/\/jornaltimoneiro.com.br\/index.php\/wp-json\/wp\/v2\/posts\/42653\/revisions"}],"predecessor-version":[{"id":42654,"href":"https:\/\/jornaltimoneiro.com.br\/index.php\/wp-json\/wp\/v2\/posts\/42653\/revisions\/42654"}],"wp:featuredmedia":[{"embeddable":true,"href":"https:\/\/jornaltimoneiro.com.br\/index.php\/wp-json\/wp\/v2\/media\/38151"}],"wp:attachment":[{"href":"https:\/\/jornaltimoneiro.com.br\/index.php\/wp-json\/wp\/v2\/media?parent=42653"}],"wp:term":[{"taxonomy":"category","embeddable":true,"href":"https:\/\/jornaltimoneiro.com.br\/index.php\/wp-json\/wp\/v2\/categories?post=42653"},{"taxonomy":"post_tag","embeddable":true,"href":"https:\/\/jornaltimoneiro.com.br\/index.php\/wp-json\/wp\/v2\/tags?post=42653"}],"curies":[{"name":"wp","href":"https:\/\/api.w.org\/{rel}","templated":true}]}}