{"id":42644,"date":"2026-09-03T09:18:30","date_gmt":"2026-09-03T12:18:30","guid":{"rendered":"https:\/\/jornaltimoneiro.com.br\/?p=42644"},"modified":"2026-09-04T09:20:43","modified_gmt":"2026-09-04T12:20:43","slug":"rompimento-adutora-afeta-abastecimento-agua-canoas","status":"publish","type":"post","link":"https:\/\/jornaltimoneiro.com.br\/index.php\/2026\/09\/03\/rompimento-adutora-afeta-abastecimento-agua-canoas\/","title":{"rendered":"Adutora da Corsan rompe e afeta distribui\u00e7\u00e3o de \u00e1gua em cinco bairros de Canoas"},"content":{"rendered":"<p>Uma adutora de 450 mil\u00edmetros rompeu nesta quinta-feira, 3, em Canoas, afetando o abastecimento de \u00e1gua em aproximadamente 35 mil im\u00f3veis. Equipes da Corsan trabalham no reparo da estrutura.<\/p>\n<p>Segundo a companhia, os registros da rede foram fechados para a execu\u00e7\u00e3o do servi\u00e7o, o que pode provocar interrup\u00e7\u00e3o tempor\u00e1ria ou oscila\u00e7\u00f5es na press\u00e3o da \u00e1gua nos bairros Brigadeira, S\u00e3o Jos\u00e9, Igara, Nossa Senhora das Gra\u00e7as, Marechal Rondon e Anchieta.<\/p>\n<p>A conclus\u00e3o do conserto est\u00e1 prevista para as 2h desta sexta-feira, 4. Ap\u00f3s o t\u00e9rmino do servi\u00e7o, o abastecimento dever\u00e1 ser retomado gradualmente, com previs\u00e3o de normaliza\u00e7\u00e3o a partir das 3h.<\/p>\n<p>Moradores que precisarem de informa\u00e7\u00f5es sobre o abastecimento podem entrar em contato com a Corsan pelo aplicativo da companhia, pela Ag\u00eancia Virtual, pelo WhatsApp (51) 99704-6644 ou pelo telefone 0800 646 6444.<\/p>\n","protected":false},"excerpt":{"rendered":"<p>Uma adutora de 450 mil\u00edmetros rompeu nesta quinta-feira, 3, em Canoas, afetando o abastecimento de \u00e1gua em aproximadamente 35 mil im\u00f3veis. Equipes da Corsan trabalham no reparo da estrutura. Segundo a companhia, os registros da rede foram fechados para a execu\u00e7\u00e3o do servi\u00e7o, o que pode provocar interrup\u00e7\u00e3o tempor\u00e1ria ou oscila\u00e7\u00f5es na press\u00e3o da \u00e1gua [&hellip;]<\/p>\n","protected":false},"author":1,"featured_media":42645,"comment_status":"open","ping_status":"open","sticky":false,"template":"","format":"standard","meta":{"amp_status":"","footnotes":""},"categories":[5158],"tags":[31,868,190,289],"class_list":["post-42644","post","type-post","status-publish","format-standard","has-post-thumbnail","hentry","category-corsan","tag-canoas","tag-corsan","tag-featured","tag-servicos"],"yoast_head":"<!-- This site is optimized with the Yoast SEO plugin v20.5 - https:\/\/yoast.com\/wordpress\/plugins\/seo\/ -->\n<title>Adutora da Corsan rompe e afeta distribui\u00e7\u00e3o de \u00e1gua em cinco bairros de Canoas - O Timoneiro Jornal Canoas RS<\/title>\n<meta name=\"description\" content=\"Rompimento de adutora afeta o abastecimento de \u00e1gua em seis bairros de Canoas. Reparo deve ser conclu\u00eddo durante a madrugada desta sexta-feira.\" \/>\n<meta name=\"robots\" content=\"index, follow, max-snippet:-1, max-image-preview:large, max-video-preview:-1\" \/>\n<link rel=\"canonical\" href=\"https:\/\/jornaltimoneiro.com.br\/index.php\/2026\/09\/03\/rompimento-adutora-afeta-abastecimento-agua-canoas\/\" \/>\n<meta property=\"og:locale\" content=\"pt_BR\" \/>\n<meta property=\"og:type\" content=\"article\" \/>\n<meta property=\"og:title\" content=\"Adutora da Corsan rompe e afeta distribui\u00e7\u00e3o de \u00e1gua em cinco bairros de Canoas - O Timoneiro Jornal Canoas RS\" \/>\n<meta property=\"og:description\" content=\"Rompimento de adutora afeta o abastecimento de \u00e1gua em seis bairros de Canoas. Reparo deve ser conclu\u00eddo durante a madrugada desta sexta-feira.\" \/>\n<meta property=\"og:url\" content=\"https:\/\/jornaltimoneiro.com.br\/index.php\/2026\/09\/03\/rompimento-adutora-afeta-abastecimento-agua-canoas\/\" \/>\n<meta property=\"og:site_name\" content=\"O Timoneiro Jornal Canoas RS\" \/>\n<meta property=\"article:publisher\" content=\"https:\/\/www.facebook.com\/jornaltimoneiro\" \/>\n<meta property=\"article:published_time\" content=\"2026-09-03T12:18:30+00:00\" \/>\n<meta property=\"article:modified_time\" content=\"2026-09-04T12:20:43+00:00\" \/>\n<meta property=\"og:image\" content=\"https:\/\/jornaltimoneiro.com.br\/wp-content\/uploads\/2026\/09\/IMG_4704.jpg\" \/>\n\t<meta property=\"og:image:width\" content=\"1170\" \/>\n\t<meta property=\"og:image:height\" content=\"700\" \/>\n\t<meta property=\"og:image:type\" content=\"image\/jpeg\" \/>\n<meta name=\"author\" content=\"Reda\u00e7\u00e3o\" \/>\n<meta name=\"twitter:card\" content=\"summary_large_image\" \/>\n<meta name=\"twitter:creator\" content=\"@_OTimoneiro\" \/>\n<meta name=\"twitter:site\" content=\"@_OTimoneiro\" \/>\n<meta name=\"twitter:label1\" content=\"Escrito por\" \/>\n\t<meta name=\"twitter:data1\" content=\"Reda\u00e7\u00e3o\" \/>\n\t<meta name=\"twitter:label2\" content=\"Est. tempo de leitura\" \/>\n\t<meta name=\"twitter:data2\" content=\"1 minuto\" \/>\n<script type=\"application\/ld+json\" class=\"yoast-schema-graph\">{\"@context\":\"https:\/\/schema.org\",\"@graph\":[{\"@type\":\"Article\",\"@id\":\"https:\/\/jornaltimoneiro.com.br\/index.php\/2026\/09\/03\/rompimento-adutora-afeta-abastecimento-agua-canoas\/#article\",\"isPartOf\":{\"@id\":\"https:\/\/jornaltimoneiro.com.br\/index.php\/2026\/09\/03\/rompimento-adutora-afeta-abastecimento-agua-canoas\/\"},\"author\":{\"name\":\"Reda\u00e7\u00e3o\",\"@id\":\"https:\/\/jornaltimoneiro.com.br\/#\/schema\/person\/620efd1d8244466117482be494360b08\"},\"headline\":\"Adutora da Corsan rompe e afeta distribui\u00e7\u00e3o de \u00e1gua em cinco bairros de Canoas\",\"datePublished\":\"2026-09-03T12:18:30+00:00\",\"dateModified\":\"2026-09-04T12:20:43+00:00\",\"mainEntityOfPage\":{\"@id\":\"https:\/\/jornaltimoneiro.com.br\/index.php\/2026\/09\/03\/rompimento-adutora-afeta-abastecimento-agua-canoas\/\"},\"wordCount\":157,\"commentCount\":0,\"publisher\":{\"@id\":\"https:\/\/jornaltimoneiro.com.br\/#organization\"},\"keywords\":[\"canoas\",\"corsan\",\"featured\",\"servi\u00e7os\"],\"articleSection\":[\"Corsan\"],\"inLanguage\":\"pt-BR\",\"potentialAction\":[{\"@type\":\"CommentAction\",\"name\":\"Comment\",\"target\":[\"https:\/\/jornaltimoneiro.com.br\/index.php\/2026\/09\/03\/rompimento-adutora-afeta-abastecimento-agua-canoas\/#respond\"]}]},{\"@type\":\"WebPage\",\"@id\":\"https:\/\/jornaltimoneiro.com.br\/index.php\/2026\/09\/03\/rompimento-adutora-afeta-abastecimento-agua-canoas\/\",\"url\":\"https:\/\/jornaltimoneiro.com.br\/index.php\/2026\/09\/03\/rompimento-adutora-afeta-abastecimento-agua-canoas\/\",\"name\":\"Adutora da Corsan rompe e afeta distribui\u00e7\u00e3o de \u00e1gua em cinco bairros de Canoas - O Timoneiro Jornal Canoas RS\",\"isPartOf\":{\"@id\":\"https:\/\/jornaltimoneiro.com.br\/#website\"},\"datePublished\":\"2026-09-03T12:18:30+00:00\",\"dateModified\":\"2026-09-04T12:20:43+00:00\",\"description\":\"Rompimento de adutora afeta o abastecimento de \u00e1gua em seis bairros de Canoas. Reparo deve ser conclu\u00eddo durante a madrugada desta sexta-feira.\",\"breadcrumb\":{\"@id\":\"https:\/\/jornaltimoneiro.com.br\/index.php\/2026\/09\/03\/rompimento-adutora-afeta-abastecimento-agua-canoas\/#breadcrumb\"},\"inLanguage\":\"pt-BR\",\"potentialAction\":[{\"@type\":\"ReadAction\",\"target\":[\"https:\/\/jornaltimoneiro.com.br\/index.php\/2026\/09\/03\/rompimento-adutora-afeta-abastecimento-agua-canoas\/\"]}]},{\"@type\":\"BreadcrumbList\",\"@id\":\"https:\/\/jornaltimoneiro.com.br\/index.php\/2026\/09\/03\/rompimento-adutora-afeta-abastecimento-agua-canoas\/#breadcrumb\",\"itemListElement\":[{\"@type\":\"ListItem\",\"position\":1,\"name\":\"In\u00edcio\",\"item\":\"https:\/\/jornaltimoneiro.com.br\/\"},{\"@type\":\"ListItem\",\"position\":2,\"name\":\"Adutora da Corsan rompe e afeta distribui\u00e7\u00e3o de \u00e1gua em cinco bairros de Canoas\"}]},{\"@type\":\"WebSite\",\"@id\":\"https:\/\/jornaltimoneiro.com.br\/#website\",\"url\":\"https:\/\/jornaltimoneiro.com.br\/\",\"name\":\"Jornal Timoneiro Canoas RS\",\"description\":\"Jornal O Timoneiro, o verdadeiro jornal de Canoas\",\"publisher\":{\"@id\":\"https:\/\/jornaltimoneiro.com.br\/#organization\"},\"potentialAction\":[{\"@type\":\"SearchAction\",\"target\":{\"@type\":\"EntryPoint\",\"urlTemplate\":\"https:\/\/jornaltimoneiro.com.br\/?s={search_term_string}\"},\"query-input\":\"required name=search_term_string\"}],\"inLanguage\":\"pt-BR\"},{\"@type\":\"Organization\",\"@id\":\"https:\/\/jornaltimoneiro.com.br\/#organization\",\"name\":\"Jornal Timoneiro Canoas RS\",\"url\":\"https:\/\/jornaltimoneiro.com.br\/\",\"logo\":{\"@type\":\"ImageObject\",\"inLanguage\":\"pt-BR\",\"@id\":\"https:\/\/jornaltimoneiro.com.br\/#\/schema\/logo\/image\/\",\"url\":\"https:\/\/jornaltimoneiro.com.br\/wp-content\/uploads\/2023\/03\/logonovo.png\",\"contentUrl\":\"https:\/\/jornaltimoneiro.com.br\/wp-content\/uploads\/2023\/03\/logonovo.png\",\"width\":\"469\",\"height\":\"171\",\"caption\":\"Jornal Timoneiro Canoas RS\"},\"image\":{\"@id\":\"https:\/\/jornaltimoneiro.com.br\/#\/schema\/logo\/image\/\"},\"sameAs\":[\"https:\/\/www.facebook.com\/jornaltimoneiro\",\"https:\/\/twitter.com\/_OTimoneiro\",\"https:\/\/www.instagram.com\/jornaltimoneirocanoas\/\",\"https:\/\/www.youtube.com\/@jornalotimoneiro7927\"]},{\"@type\":\"Person\",\"@id\":\"https:\/\/jornaltimoneiro.com.br\/#\/schema\/person\/620efd1d8244466117482be494360b08\",\"name\":\"Reda\u00e7\u00e3o\",\"image\":{\"@type\":\"ImageObject\",\"inLanguage\":\"pt-BR\",\"@id\":\"https:\/\/jornaltimoneiro.com.br\/#\/schema\/person\/image\/\",\"url\":\"https:\/\/secure.gravatar.com\/avatar\/2f04e1b304682a8d9db336c7acd77f08?s=96&d=mm&r=g\",\"contentUrl\":\"https:\/\/secure.gravatar.com\/avatar\/2f04e1b304682a8d9db336c7acd77f08?s=96&d=mm&r=g\",\"caption\":\"Reda\u00e7\u00e3o\"},\"url\":\"https:\/\/jornaltimoneiro.com.br\/index.php\/author\/timoneirocanoas\/\"}]}<\/script>\n<!-- \/ Yoast SEO plugin. -->","yoast_head_json":{"title":"Adutora da Corsan rompe e afeta distribui\u00e7\u00e3o de \u00e1gua em cinco bairros de Canoas - O Timoneiro Jornal Canoas RS","description":"Rompimento de adutora afeta o abastecimento de \u00e1gua em seis bairros de Canoas. Reparo deve ser conclu\u00eddo durante a madrugada desta sexta-feira.","robots":{"index":"index","follow":"follow","max-snippet":"max-snippet:-1","max-image-preview":"max-image-preview:large","max-video-preview":"max-video-preview:-1"},"canonical":"https:\/\/jornaltimoneiro.com.br\/index.php\/2026\/09\/03\/rompimento-adutora-afeta-abastecimento-agua-canoas\/","og_locale":"pt_BR","og_type":"article","og_title":"Adutora da Corsan rompe e afeta distribui\u00e7\u00e3o de \u00e1gua em cinco bairros de Canoas - O Timoneiro Jornal Canoas RS","og_description":"Rompimento de adutora afeta o abastecimento de \u00e1gua em seis bairros de Canoas. Reparo deve ser conclu\u00eddo durante a madrugada desta sexta-feira.","og_url":"https:\/\/jornaltimoneiro.com.br\/index.php\/2026\/09\/03\/rompimento-adutora-afeta-abastecimento-agua-canoas\/","og_site_name":"O Timoneiro Jornal Canoas RS","article_publisher":"https:\/\/www.facebook.com\/jornaltimoneiro","article_published_time":"2026-09-03T12:18:30+00:00","article_modified_time":"2026-09-04T12:20:43+00:00","og_image":[{"width":"1170","height":"700","url":"https:\/\/jornaltimoneiro.com.br\/wp-content\/uploads\/2026\/09\/IMG_4704.jpg","type":"image\/jpeg"}],"author":"Reda\u00e7\u00e3o","twitter_card":"summary_large_image","twitter_creator":"@_OTimoneiro","twitter_site":"@_OTimoneiro","twitter_misc":{"Escrito por":"Reda\u00e7\u00e3o","Est. tempo de leitura":"1 minuto"},"schema":{"@context":"https:\/\/schema.org","@graph":[{"@type":"Article","@id":"https:\/\/jornaltimoneiro.com.br\/index.php\/2026\/09\/03\/rompimento-adutora-afeta-abastecimento-agua-canoas\/#article","isPartOf":{"@id":"https:\/\/jornaltimoneiro.com.br\/index.php\/2026\/09\/03\/rompimento-adutora-afeta-abastecimento-agua-canoas\/"},"author":{"name":"Reda\u00e7\u00e3o","@id":"https:\/\/jornaltimoneiro.com.br\/#\/schema\/person\/620efd1d8244466117482be494360b08"},"headline":"Adutora da Corsan rompe e afeta distribui\u00e7\u00e3o de \u00e1gua em cinco bairros de Canoas","datePublished":"2026-09-03T12:18:30+00:00","dateModified":"2026-09-04T12:20:43+00:00","mainEntityOfPage":{"@id":"https:\/\/jornaltimoneiro.com.br\/index.php\/2026\/09\/03\/rompimento-adutora-afeta-abastecimento-agua-canoas\/"},"wordCount":157,"commentCount":0,"publisher":{"@id":"https:\/\/jornaltimoneiro.com.br\/#organization"},"keywords":["canoas","corsan","featured","servi\u00e7os"],"articleSection":["Corsan"],"inLanguage":"pt-BR","potentialAction":[{"@type":"CommentAction","name":"Comment","target":["https:\/\/jornaltimoneiro.com.br\/index.php\/2026\/09\/03\/rompimento-adutora-afeta-abastecimento-agua-canoas\/#respond"]}]},{"@type":"WebPage","@id":"https:\/\/jornaltimoneiro.com.br\/index.php\/2026\/09\/03\/rompimento-adutora-afeta-abastecimento-agua-canoas\/","url":"https:\/\/jornaltimoneiro.com.br\/index.php\/2026\/09\/03\/rompimento-adutora-afeta-abastecimento-agua-canoas\/","name":"Adutora da Corsan rompe e afeta distribui\u00e7\u00e3o de \u00e1gua em cinco bairros de Canoas - O Timoneiro Jornal Canoas RS","isPartOf":{"@id":"https:\/\/jornaltimoneiro.com.br\/#website"},"datePublished":"2026-09-03T12:18:30+00:00","dateModified":"2026-09-04T12:20:43+00:00","description":"Rompimento de adutora afeta o abastecimento de \u00e1gua em seis bairros de Canoas. Reparo deve ser conclu\u00eddo durante a madrugada desta sexta-feira.","breadcrumb":{"@id":"https:\/\/jornaltimoneiro.com.br\/index.php\/2026\/09\/03\/rompimento-adutora-afeta-abastecimento-agua-canoas\/#breadcrumb"},"inLanguage":"pt-BR","potentialAction":[{"@type":"ReadAction","target":["https:\/\/jornaltimoneiro.com.br\/index.php\/2026\/09\/03\/rompimento-adutora-afeta-abastecimento-agua-canoas\/"]}]},{"@type":"BreadcrumbList","@id":"https:\/\/jornaltimoneiro.com.br\/index.php\/2026\/09\/03\/rompimento-adutora-afeta-abastecimento-agua-canoas\/#breadcrumb","itemListElement":[{"@type":"ListItem","position":1,"name":"In\u00edcio","item":"https:\/\/jornaltimoneiro.com.br\/"},{"@type":"ListItem","position":2,"name":"Adutora da Corsan rompe e afeta distribui\u00e7\u00e3o de \u00e1gua em cinco bairros de Canoas"}]},{"@type":"WebSite","@id":"https:\/\/jornaltimoneiro.com.br\/#website","url":"https:\/\/jornaltimoneiro.com.br\/","name":"Jornal Timoneiro Canoas RS","description":"Jornal O Timoneiro, o verdadeiro jornal de Canoas","publisher":{"@id":"https:\/\/jornaltimoneiro.com.br\/#organization"},"potentialAction":[{"@type":"SearchAction","target":{"@type":"EntryPoint","urlTemplate":"https:\/\/jornaltimoneiro.com.br\/?s={search_term_string}"},"query-input":"required name=search_term_string"}],"inLanguage":"pt-BR"},{"@type":"Organization","@id":"https:\/\/jornaltimoneiro.com.br\/#organization","name":"Jornal Timoneiro Canoas RS","url":"https:\/\/jornaltimoneiro.com.br\/","logo":{"@type":"ImageObject","inLanguage":"pt-BR","@id":"https:\/\/jornaltimoneiro.com.br\/#\/schema\/logo\/image\/","url":"https:\/\/jornaltimoneiro.com.br\/wp-content\/uploads\/2023\/03\/logonovo.png","contentUrl":"https:\/\/jornaltimoneiro.com.br\/wp-content\/uploads\/2023\/03\/logonovo.png","width":"469","height":"171","caption":"Jornal Timoneiro Canoas RS"},"image":{"@id":"https:\/\/jornaltimoneiro.com.br\/#\/schema\/logo\/image\/"},"sameAs":["https:\/\/www.facebook.com\/jornaltimoneiro","https:\/\/twitter.com\/_OTimoneiro","https:\/\/www.instagram.com\/jornaltimoneirocanoas\/","https:\/\/www.youtube.com\/@jornalotimoneiro7927"]},{"@type":"Person","@id":"https:\/\/jornaltimoneiro.com.br\/#\/schema\/person\/620efd1d8244466117482be494360b08","name":"Reda\u00e7\u00e3o","image":{"@type":"ImageObject","inLanguage":"pt-BR","@id":"https:\/\/jornaltimoneiro.com.br\/#\/schema\/person\/image\/","url":"https:\/\/secure.gravatar.com\/avatar\/2f04e1b304682a8d9db336c7acd77f08?s=96&d=mm&r=g","contentUrl":"https:\/\/secure.gravatar.com\/avatar\/2f04e1b304682a8d9db336c7acd77f08?s=96&d=mm&r=g","caption":"Reda\u00e7\u00e3o"},"url":"https:\/\/jornaltimoneiro.com.br\/index.php\/author\/timoneirocanoas\/"}]}},"_links":{"self":[{"href":"https:\/\/jornaltimoneiro.com.br\/index.php\/wp-json\/wp\/v2\/posts\/42644"}],"collection":[{"href":"https:\/\/jornaltimoneiro.com.br\/index.php\/wp-json\/wp\/v2\/posts"}],"about":[{"href":"https:\/\/jornaltimoneiro.com.br\/index.php\/wp-json\/wp\/v2\/types\/post"}],"author":[{"embeddable":true,"href":"https:\/\/jornaltimoneiro.com.br\/index.php\/wp-json\/wp\/v2\/users\/1"}],"replies":[{"embeddable":true,"href":"https:\/\/jornaltimoneiro.com.br\/index.php\/wp-json\/wp\/v2\/comments?post=42644"}],"version-history":[{"count":1,"href":"https:\/\/jornaltimoneiro.com.br\/index.php\/wp-json\/wp\/v2\/posts\/42644\/revisions"}],"predecessor-version":[{"id":42646,"href":"https:\/\/jornaltimoneiro.com.br\/index.php\/wp-json\/wp\/v2\/posts\/42644\/revisions\/42646"}],"wp:featuredmedia":[{"embeddable":true,"href":"https:\/\/jornaltimoneiro.com.br\/index.php\/wp-json\/wp\/v2\/media\/42645"}],"wp:attachment":[{"href":"https:\/\/jornaltimoneiro.com.br\/index.php\/wp-json\/wp\/v2\/media?parent=42644"}],"wp:term":[{"taxonomy":"category","embeddable":true,"href":"https:\/\/jornaltimoneiro.com.br\/index.php\/wp-json\/wp\/v2\/categories?post=42644"},{"taxonomy":"post_tag","embeddable":true,"href":"https:\/\/jornaltimoneiro.com.br\/index.php\/wp-json\/wp\/v2\/tags?post=42644"}],"curies":[{"name":"wp","href":"https:\/\/api.w.org\/{rel}","templated":true}]}}