{"id":42635,"date":"2026-09-03T11:05:03","date_gmt":"2026-09-03T14:05:03","guid":{"rendered":"https:\/\/jornaltimoneiro.com.br\/?p=42635"},"modified":"2026-09-03T11:05:03","modified_gmt":"2026-09-03T14:05:03","slug":"governador-eduardo-leite-visita-ulbra-expointer-2026","status":"publish","type":"post","link":"https:\/\/jornaltimoneiro.com.br\/index.php\/2026\/09\/03\/governador-eduardo-leite-visita-ulbra-expointer-2026\/","title":{"rendered":"Leite visita espa\u00e7o da Ulbra e destaca qualifica\u00e7\u00e3o profissional na Expointer 2026"},"content":{"rendered":"<p>O governador do Rio Grande do Sul, Eduardo Leite, visitou, na ter\u00e7a-feira, 1\u00ba, o espa\u00e7o da Universidade Luterana do Brasil (Ulbra) na Expointer 2026, no Parque Estadual de Exposi\u00e7\u00f5es Assis Brasil, em Esteio.<\/p>\n<p>Durante a visita, Leite conheceu a estrutura montada pela institui\u00e7\u00e3o e ressaltou a import\u00e2ncia da participa\u00e7\u00e3o de universidades na feira, especialmente na forma\u00e7\u00e3o de profissionais para atender \u00e0s demandas do setor produtivo.<\/p>\n<blockquote><p>\u201cA forma\u00e7\u00e3o de capital humano \u00e9 cr\u00edtica para o desenvolvimento do Estado. O aumento de produtividade que a gente busca para desenvolver o nosso RS exige forma\u00e7\u00e3o de m\u00e3o de obra qualificada\u201d, afirmou.<\/p><\/blockquote>\n<p>A programa\u00e7\u00e3o da universidade durante a feira re\u00fane atividades acad\u00eamicas relacionadas a \u00e1reas como Engenharia, Medicina Veterin\u00e1ria, Agronomia, Direito e Educa\u00e7\u00e3o F\u00edsica. Os temas abordados incluem sustentabilidade, sa\u00fade, tecnologia, gest\u00e3o, agroneg\u00f3cio e qualidade de vida no campo.<\/p>\n<p>A Expointer 2026 ocorre no Parque Estadual de Exposi\u00e7\u00f5es Assis Brasil, em Esteio, e re\u00fane representantes de diferentes segmentos ligados \u00e0 agropecu\u00e1ria, ind\u00fastria, com\u00e9rcio, servi\u00e7os e inova\u00e7\u00e3o.<\/p>\n","protected":false},"excerpt":{"rendered":"<p>O governador do Rio Grande do Sul, Eduardo Leite, visitou, na ter\u00e7a-feira, 1\u00ba, o espa\u00e7o da Universidade Luterana do Brasil (Ulbra) na Expointer 2026, no Parque Estadual de Exposi\u00e7\u00f5es Assis Brasil, em Esteio. Durante a visita, Leite conheceu a estrutura montada pela institui\u00e7\u00e3o e ressaltou a import\u00e2ncia da participa\u00e7\u00e3o de universidades na feira, especialmente na [&hellip;]<\/p>\n","protected":false},"author":1,"featured_media":42636,"comment_status":"open","ping_status":"open","sticky":false,"template":"","format":"standard","meta":{"amp_status":"","footnotes":""},"categories":[20],"tags":[31,1377,126],"class_list":["post-42635","post","type-post","status-publish","format-standard","has-post-thumbnail","hentry","category-politica-noticias","tag-canoas","tag-feat","tag-politica"],"yoast_head":"<!-- This site is optimized with the Yoast SEO plugin v20.5 - https:\/\/yoast.com\/wordpress\/plugins\/seo\/ -->\n<title>Leite visita espa\u00e7o da Ulbra e destaca qualifica\u00e7\u00e3o profissional na Expointer 2026 - O Timoneiro Jornal Canoas RS<\/title>\n<meta name=\"description\" content=\"Governador Eduardo Leite visita espa\u00e7o da Ulbra na Expointer 2026 e destaca a import\u00e2ncia da forma\u00e7\u00e3o profissional para o desenvolvimento do Rio Grande do Sul.\" \/>\n<meta name=\"robots\" content=\"index, follow, max-snippet:-1, max-image-preview:large, max-video-preview:-1\" \/>\n<link rel=\"canonical\" href=\"https:\/\/jornaltimoneiro.com.br\/index.php\/2026\/09\/03\/governador-eduardo-leite-visita-ulbra-expointer-2026\/\" \/>\n<meta property=\"og:locale\" content=\"pt_BR\" \/>\n<meta property=\"og:type\" content=\"article\" \/>\n<meta property=\"og:title\" content=\"Leite visita espa\u00e7o da Ulbra e destaca qualifica\u00e7\u00e3o profissional na Expointer 2026 - O Timoneiro Jornal Canoas RS\" \/>\n<meta property=\"og:description\" content=\"Governador Eduardo Leite visita espa\u00e7o da Ulbra na Expointer 2026 e destaca a import\u00e2ncia da forma\u00e7\u00e3o profissional para o desenvolvimento do Rio Grande do Sul.\" \/>\n<meta property=\"og:url\" content=\"https:\/\/jornaltimoneiro.com.br\/index.php\/2026\/09\/03\/governador-eduardo-leite-visita-ulbra-expointer-2026\/\" \/>\n<meta property=\"og:site_name\" content=\"O Timoneiro Jornal Canoas RS\" \/>\n<meta property=\"article:publisher\" content=\"https:\/\/www.facebook.com\/jornaltimoneiro\" \/>\n<meta property=\"article:published_time\" content=\"2026-09-03T14:05:03+00:00\" \/>\n<meta property=\"og:image\" content=\"https:\/\/jornaltimoneiro.com.br\/wp-content\/uploads\/2026\/09\/WhatsApp-Image-2026-09-02-at-14.34.54.jpeg\" \/>\n\t<meta property=\"og:image:width\" content=\"1448\" \/>\n\t<meta property=\"og:image:height\" content=\"1086\" \/>\n\t<meta property=\"og:image:type\" content=\"image\/jpeg\" \/>\n<meta name=\"author\" content=\"Reda\u00e7\u00e3o\" \/>\n<meta name=\"twitter:card\" content=\"summary_large_image\" \/>\n<meta name=\"twitter:creator\" content=\"@_OTimoneiro\" \/>\n<meta name=\"twitter:site\" content=\"@_OTimoneiro\" \/>\n<meta name=\"twitter:label1\" content=\"Escrito por\" \/>\n\t<meta name=\"twitter:data1\" content=\"Reda\u00e7\u00e3o\" \/>\n\t<meta name=\"twitter:label2\" content=\"Est. tempo de leitura\" \/>\n\t<meta name=\"twitter:data2\" content=\"1 minuto\" \/>\n<script type=\"application\/ld+json\" class=\"yoast-schema-graph\">{\"@context\":\"https:\/\/schema.org\",\"@graph\":[{\"@type\":\"Article\",\"@id\":\"https:\/\/jornaltimoneiro.com.br\/index.php\/2026\/09\/03\/governador-eduardo-leite-visita-ulbra-expointer-2026\/#article\",\"isPartOf\":{\"@id\":\"https:\/\/jornaltimoneiro.com.br\/index.php\/2026\/09\/03\/governador-eduardo-leite-visita-ulbra-expointer-2026\/\"},\"author\":{\"name\":\"Reda\u00e7\u00e3o\",\"@id\":\"https:\/\/jornaltimoneiro.com.br\/#\/schema\/person\/620efd1d8244466117482be494360b08\"},\"headline\":\"Leite visita espa\u00e7o da Ulbra e destaca qualifica\u00e7\u00e3o profissional na Expointer 2026\",\"datePublished\":\"2026-09-03T14:05:03+00:00\",\"dateModified\":\"2026-09-03T14:05:03+00:00\",\"mainEntityOfPage\":{\"@id\":\"https:\/\/jornaltimoneiro.com.br\/index.php\/2026\/09\/03\/governador-eduardo-leite-visita-ulbra-expointer-2026\/\"},\"wordCount\":197,\"commentCount\":0,\"publisher\":{\"@id\":\"https:\/\/jornaltimoneiro.com.br\/#organization\"},\"keywords\":[\"canoas\",\"feat\",\"Pol\u00edtica\"],\"articleSection\":[\"Pol\u00edtica\"],\"inLanguage\":\"pt-BR\",\"potentialAction\":[{\"@type\":\"CommentAction\",\"name\":\"Comment\",\"target\":[\"https:\/\/jornaltimoneiro.com.br\/index.php\/2026\/09\/03\/governador-eduardo-leite-visita-ulbra-expointer-2026\/#respond\"]}]},{\"@type\":\"WebPage\",\"@id\":\"https:\/\/jornaltimoneiro.com.br\/index.php\/2026\/09\/03\/governador-eduardo-leite-visita-ulbra-expointer-2026\/\",\"url\":\"https:\/\/jornaltimoneiro.com.br\/index.php\/2026\/09\/03\/governador-eduardo-leite-visita-ulbra-expointer-2026\/\",\"name\":\"Leite visita espa\u00e7o da Ulbra e destaca qualifica\u00e7\u00e3o profissional na Expointer 2026 - O Timoneiro Jornal Canoas RS\",\"isPartOf\":{\"@id\":\"https:\/\/jornaltimoneiro.com.br\/#website\"},\"datePublished\":\"2026-09-03T14:05:03+00:00\",\"dateModified\":\"2026-09-03T14:05:03+00:00\",\"description\":\"Governador Eduardo Leite visita espa\u00e7o da Ulbra na Expointer 2026 e destaca a import\u00e2ncia da forma\u00e7\u00e3o profissional para o desenvolvimento do Rio Grande do Sul.\",\"breadcrumb\":{\"@id\":\"https:\/\/jornaltimoneiro.com.br\/index.php\/2026\/09\/03\/governador-eduardo-leite-visita-ulbra-expointer-2026\/#breadcrumb\"},\"inLanguage\":\"pt-BR\",\"potentialAction\":[{\"@type\":\"ReadAction\",\"target\":[\"https:\/\/jornaltimoneiro.com.br\/index.php\/2026\/09\/03\/governador-eduardo-leite-visita-ulbra-expointer-2026\/\"]}]},{\"@type\":\"BreadcrumbList\",\"@id\":\"https:\/\/jornaltimoneiro.com.br\/index.php\/2026\/09\/03\/governador-eduardo-leite-visita-ulbra-expointer-2026\/#breadcrumb\",\"itemListElement\":[{\"@type\":\"ListItem\",\"position\":1,\"name\":\"In\u00edcio\",\"item\":\"https:\/\/jornaltimoneiro.com.br\/\"},{\"@type\":\"ListItem\",\"position\":2,\"name\":\"Leite visita espa\u00e7o da Ulbra e destaca qualifica\u00e7\u00e3o profissional na Expointer 2026\"}]},{\"@type\":\"WebSite\",\"@id\":\"https:\/\/jornaltimoneiro.com.br\/#website\",\"url\":\"https:\/\/jornaltimoneiro.com.br\/\",\"name\":\"Jornal Timoneiro Canoas RS\",\"description\":\"Jornal O Timoneiro, o verdadeiro jornal de Canoas\",\"publisher\":{\"@id\":\"https:\/\/jornaltimoneiro.com.br\/#organization\"},\"potentialAction\":[{\"@type\":\"SearchAction\",\"target\":{\"@type\":\"EntryPoint\",\"urlTemplate\":\"https:\/\/jornaltimoneiro.com.br\/?s={search_term_string}\"},\"query-input\":\"required name=search_term_string\"}],\"inLanguage\":\"pt-BR\"},{\"@type\":\"Organization\",\"@id\":\"https:\/\/jornaltimoneiro.com.br\/#organization\",\"name\":\"Jornal Timoneiro Canoas RS\",\"url\":\"https:\/\/jornaltimoneiro.com.br\/\",\"logo\":{\"@type\":\"ImageObject\",\"inLanguage\":\"pt-BR\",\"@id\":\"https:\/\/jornaltimoneiro.com.br\/#\/schema\/logo\/image\/\",\"url\":\"https:\/\/jornaltimoneiro.com.br\/wp-content\/uploads\/2023\/03\/logonovo.png\",\"contentUrl\":\"https:\/\/jornaltimoneiro.com.br\/wp-content\/uploads\/2023\/03\/logonovo.png\",\"width\":\"469\",\"height\":\"171\",\"caption\":\"Jornal Timoneiro Canoas RS\"},\"image\":{\"@id\":\"https:\/\/jornaltimoneiro.com.br\/#\/schema\/logo\/image\/\"},\"sameAs\":[\"https:\/\/www.facebook.com\/jornaltimoneiro\",\"https:\/\/twitter.com\/_OTimoneiro\",\"https:\/\/www.instagram.com\/jornaltimoneirocanoas\/\",\"https:\/\/www.youtube.com\/@jornalotimoneiro7927\"]},{\"@type\":\"Person\",\"@id\":\"https:\/\/jornaltimoneiro.com.br\/#\/schema\/person\/620efd1d8244466117482be494360b08\",\"name\":\"Reda\u00e7\u00e3o\",\"image\":{\"@type\":\"ImageObject\",\"inLanguage\":\"pt-BR\",\"@id\":\"https:\/\/jornaltimoneiro.com.br\/#\/schema\/person\/image\/\",\"url\":\"https:\/\/secure.gravatar.com\/avatar\/2f04e1b304682a8d9db336c7acd77f08?s=96&d=mm&r=g\",\"contentUrl\":\"https:\/\/secure.gravatar.com\/avatar\/2f04e1b304682a8d9db336c7acd77f08?s=96&d=mm&r=g\",\"caption\":\"Reda\u00e7\u00e3o\"},\"url\":\"https:\/\/jornaltimoneiro.com.br\/index.php\/author\/timoneirocanoas\/\"}]}<\/script>\n<!-- \/ Yoast SEO plugin. -->","yoast_head_json":{"title":"Leite visita espa\u00e7o da Ulbra e destaca qualifica\u00e7\u00e3o profissional na Expointer 2026 - O Timoneiro Jornal Canoas RS","description":"Governador Eduardo Leite visita espa\u00e7o da Ulbra na Expointer 2026 e destaca a import\u00e2ncia da forma\u00e7\u00e3o profissional para o desenvolvimento do Rio Grande do Sul.","robots":{"index":"index","follow":"follow","max-snippet":"max-snippet:-1","max-image-preview":"max-image-preview:large","max-video-preview":"max-video-preview:-1"},"canonical":"https:\/\/jornaltimoneiro.com.br\/index.php\/2026\/09\/03\/governador-eduardo-leite-visita-ulbra-expointer-2026\/","og_locale":"pt_BR","og_type":"article","og_title":"Leite visita espa\u00e7o da Ulbra e destaca qualifica\u00e7\u00e3o profissional na Expointer 2026 - O Timoneiro Jornal Canoas RS","og_description":"Governador Eduardo Leite visita espa\u00e7o da Ulbra na Expointer 2026 e destaca a import\u00e2ncia da forma\u00e7\u00e3o profissional para o desenvolvimento do Rio Grande do Sul.","og_url":"https:\/\/jornaltimoneiro.com.br\/index.php\/2026\/09\/03\/governador-eduardo-leite-visita-ulbra-expointer-2026\/","og_site_name":"O Timoneiro Jornal Canoas RS","article_publisher":"https:\/\/www.facebook.com\/jornaltimoneiro","article_published_time":"2026-09-03T14:05:03+00:00","og_image":[{"width":"1448","height":"1086","url":"https:\/\/jornaltimoneiro.com.br\/wp-content\/uploads\/2026\/09\/WhatsApp-Image-2026-09-02-at-14.34.54.jpeg","type":"image\/jpeg"}],"author":"Reda\u00e7\u00e3o","twitter_card":"summary_large_image","twitter_creator":"@_OTimoneiro","twitter_site":"@_OTimoneiro","twitter_misc":{"Escrito por":"Reda\u00e7\u00e3o","Est. tempo de leitura":"1 minuto"},"schema":{"@context":"https:\/\/schema.org","@graph":[{"@type":"Article","@id":"https:\/\/jornaltimoneiro.com.br\/index.php\/2026\/09\/03\/governador-eduardo-leite-visita-ulbra-expointer-2026\/#article","isPartOf":{"@id":"https:\/\/jornaltimoneiro.com.br\/index.php\/2026\/09\/03\/governador-eduardo-leite-visita-ulbra-expointer-2026\/"},"author":{"name":"Reda\u00e7\u00e3o","@id":"https:\/\/jornaltimoneiro.com.br\/#\/schema\/person\/620efd1d8244466117482be494360b08"},"headline":"Leite visita espa\u00e7o da Ulbra e destaca qualifica\u00e7\u00e3o profissional na Expointer 2026","datePublished":"2026-09-03T14:05:03+00:00","dateModified":"2026-09-03T14:05:03+00:00","mainEntityOfPage":{"@id":"https:\/\/jornaltimoneiro.com.br\/index.php\/2026\/09\/03\/governador-eduardo-leite-visita-ulbra-expointer-2026\/"},"wordCount":197,"commentCount":0,"publisher":{"@id":"https:\/\/jornaltimoneiro.com.br\/#organization"},"keywords":["canoas","feat","Pol\u00edtica"],"articleSection":["Pol\u00edtica"],"inLanguage":"pt-BR","potentialAction":[{"@type":"CommentAction","name":"Comment","target":["https:\/\/jornaltimoneiro.com.br\/index.php\/2026\/09\/03\/governador-eduardo-leite-visita-ulbra-expointer-2026\/#respond"]}]},{"@type":"WebPage","@id":"https:\/\/jornaltimoneiro.com.br\/index.php\/2026\/09\/03\/governador-eduardo-leite-visita-ulbra-expointer-2026\/","url":"https:\/\/jornaltimoneiro.com.br\/index.php\/2026\/09\/03\/governador-eduardo-leite-visita-ulbra-expointer-2026\/","name":"Leite visita espa\u00e7o da Ulbra e destaca qualifica\u00e7\u00e3o profissional na Expointer 2026 - O Timoneiro Jornal Canoas RS","isPartOf":{"@id":"https:\/\/jornaltimoneiro.com.br\/#website"},"datePublished":"2026-09-03T14:05:03+00:00","dateModified":"2026-09-03T14:05:03+00:00","description":"Governador Eduardo Leite visita espa\u00e7o da Ulbra na Expointer 2026 e destaca a import\u00e2ncia da forma\u00e7\u00e3o profissional para o desenvolvimento do Rio Grande do Sul.","breadcrumb":{"@id":"https:\/\/jornaltimoneiro.com.br\/index.php\/2026\/09\/03\/governador-eduardo-leite-visita-ulbra-expointer-2026\/#breadcrumb"},"inLanguage":"pt-BR","potentialAction":[{"@type":"ReadAction","target":["https:\/\/jornaltimoneiro.com.br\/index.php\/2026\/09\/03\/governador-eduardo-leite-visita-ulbra-expointer-2026\/"]}]},{"@type":"BreadcrumbList","@id":"https:\/\/jornaltimoneiro.com.br\/index.php\/2026\/09\/03\/governador-eduardo-leite-visita-ulbra-expointer-2026\/#breadcrumb","itemListElement":[{"@type":"ListItem","position":1,"name":"In\u00edcio","item":"https:\/\/jornaltimoneiro.com.br\/"},{"@type":"ListItem","position":2,"name":"Leite visita espa\u00e7o da Ulbra e destaca qualifica\u00e7\u00e3o profissional na Expointer 2026"}]},{"@type":"WebSite","@id":"https:\/\/jornaltimoneiro.com.br\/#website","url":"https:\/\/jornaltimoneiro.com.br\/","name":"Jornal Timoneiro Canoas RS","description":"Jornal O Timoneiro, o verdadeiro jornal de Canoas","publisher":{"@id":"https:\/\/jornaltimoneiro.com.br\/#organization"},"potentialAction":[{"@type":"SearchAction","target":{"@type":"EntryPoint","urlTemplate":"https:\/\/jornaltimoneiro.com.br\/?s={search_term_string}"},"query-input":"required name=search_term_string"}],"inLanguage":"pt-BR"},{"@type":"Organization","@id":"https:\/\/jornaltimoneiro.com.br\/#organization","name":"Jornal Timoneiro Canoas RS","url":"https:\/\/jornaltimoneiro.com.br\/","logo":{"@type":"ImageObject","inLanguage":"pt-BR","@id":"https:\/\/jornaltimoneiro.com.br\/#\/schema\/logo\/image\/","url":"https:\/\/jornaltimoneiro.com.br\/wp-content\/uploads\/2023\/03\/logonovo.png","contentUrl":"https:\/\/jornaltimoneiro.com.br\/wp-content\/uploads\/2023\/03\/logonovo.png","width":"469","height":"171","caption":"Jornal Timoneiro Canoas RS"},"image":{"@id":"https:\/\/jornaltimoneiro.com.br\/#\/schema\/logo\/image\/"},"sameAs":["https:\/\/www.facebook.com\/jornaltimoneiro","https:\/\/twitter.com\/_OTimoneiro","https:\/\/www.instagram.com\/jornaltimoneirocanoas\/","https:\/\/www.youtube.com\/@jornalotimoneiro7927"]},{"@type":"Person","@id":"https:\/\/jornaltimoneiro.com.br\/#\/schema\/person\/620efd1d8244466117482be494360b08","name":"Reda\u00e7\u00e3o","image":{"@type":"ImageObject","inLanguage":"pt-BR","@id":"https:\/\/jornaltimoneiro.com.br\/#\/schema\/person\/image\/","url":"https:\/\/secure.gravatar.com\/avatar\/2f04e1b304682a8d9db336c7acd77f08?s=96&d=mm&r=g","contentUrl":"https:\/\/secure.gravatar.com\/avatar\/2f04e1b304682a8d9db336c7acd77f08?s=96&d=mm&r=g","caption":"Reda\u00e7\u00e3o"},"url":"https:\/\/jornaltimoneiro.com.br\/index.php\/author\/timoneirocanoas\/"}]}},"_links":{"self":[{"href":"https:\/\/jornaltimoneiro.com.br\/index.php\/wp-json\/wp\/v2\/posts\/42635"}],"collection":[{"href":"https:\/\/jornaltimoneiro.com.br\/index.php\/wp-json\/wp\/v2\/posts"}],"about":[{"href":"https:\/\/jornaltimoneiro.com.br\/index.php\/wp-json\/wp\/v2\/types\/post"}],"author":[{"embeddable":true,"href":"https:\/\/jornaltimoneiro.com.br\/index.php\/wp-json\/wp\/v2\/users\/1"}],"replies":[{"embeddable":true,"href":"https:\/\/jornaltimoneiro.com.br\/index.php\/wp-json\/wp\/v2\/comments?post=42635"}],"version-history":[{"count":1,"href":"https:\/\/jornaltimoneiro.com.br\/index.php\/wp-json\/wp\/v2\/posts\/42635\/revisions"}],"predecessor-version":[{"id":42637,"href":"https:\/\/jornaltimoneiro.com.br\/index.php\/wp-json\/wp\/v2\/posts\/42635\/revisions\/42637"}],"wp:featuredmedia":[{"embeddable":true,"href":"https:\/\/jornaltimoneiro.com.br\/index.php\/wp-json\/wp\/v2\/media\/42636"}],"wp:attachment":[{"href":"https:\/\/jornaltimoneiro.com.br\/index.php\/wp-json\/wp\/v2\/media?parent=42635"}],"wp:term":[{"taxonomy":"category","embeddable":true,"href":"https:\/\/jornaltimoneiro.com.br\/index.php\/wp-json\/wp\/v2\/categories?post=42635"},{"taxonomy":"post_tag","embeddable":true,"href":"https:\/\/jornaltimoneiro.com.br\/index.php\/wp-json\/wp\/v2\/tags?post=42635"}],"curies":[{"name":"wp","href":"https:\/\/api.w.org\/{rel}","templated":true}]}}