{"id":42618,"date":"2026-09-02T12:25:34","date_gmt":"2026-09-02T15:25:34","guid":{"rendered":"https:\/\/jornaltimoneiro.com.br\/?p=42618"},"modified":"2026-09-02T12:25:34","modified_gmt":"2026-09-02T15:25:34","slug":"tarifa-integrada-trensurb-transcal-r-11-39","status":"publish","type":"post","link":"https:\/\/jornaltimoneiro.com.br\/index.php\/2026\/09\/02\/tarifa-integrada-trensurb-transcal-r-11-39\/","title":{"rendered":"Tarifa integrada entre Trensurb e Transcal fica mais barata; veja o novo valor"},"content":{"rendered":"<p class=\"isSelectedEnd\">A tarifa de integra\u00e7\u00e3o entre os trens da Trensurb e os \u00f4nibus integrados da Transcal passou de R$ 12,15 para R$ 11,39 a partir de ter\u00e7a-feira, 1\u00ba. A integra\u00e7\u00e3o \u00e9 realizada por meio do cart\u00e3o TEU.<\/p>\n<p class=\"isSelectedEnd\">Sem o desconto, a soma das tarifas dos dois servi\u00e7os chega a R$ 12,65. Com a nova regra, a economia para o passageiro que utiliza a integra\u00e7\u00e3o passa a ser de 10%.<\/p>\n<p class=\"isSelectedEnd\">At\u00e9 ent\u00e3o, o desconto aplicado na integra\u00e7\u00e3o era concedido apenas sobre a parcela da Trensurb, resultando em uma redu\u00e7\u00e3o de 3,95% no valor total.<\/p>\n<p class=\"isSelectedEnd\">A mudan\u00e7a foi definida durante a renova\u00e7\u00e3o do termo de coopera\u00e7\u00e3o t\u00e9cnica que regulamenta a integra\u00e7\u00e3o entre os sistemas. Com o novo acordo, a Transcal tamb\u00e9m passou a aplicar desconto de 10% sobre sua parcela da tarifa.<\/p>\n<p>O novo valor \u00e9 v\u00e1lido para as viagens integradas realizadas com o cart\u00e3o TEU.<\/p>\n","protected":false},"excerpt":{"rendered":"<p>A tarifa de integra\u00e7\u00e3o entre os trens da Trensurb e os \u00f4nibus integrados da Transcal passou de R$ 12,15 para R$ 11,39 a partir de ter\u00e7a-feira, 1\u00ba. A integra\u00e7\u00e3o \u00e9 realizada por meio do cart\u00e3o TEU. Sem o desconto, a soma das tarifas dos dois servi\u00e7os chega a R$ 12,65. Com a nova regra, a [&hellip;]<\/p>\n","protected":false},"author":1,"featured_media":42619,"comment_status":"open","ping_status":"open","sticky":false,"template":"","format":"standard","meta":{"amp_status":"","footnotes":""},"categories":[2629],"tags":[31,190,688,250],"class_list":["post-42618","post","type-post","status-publish","format-standard","has-post-thumbnail","hentry","category-transporte","tag-canoas","tag-featured","tag-transporte","tag-trensurb"],"yoast_head":"<!-- This site is optimized with the Yoast SEO plugin v20.5 - https:\/\/yoast.com\/wordpress\/plugins\/seo\/ -->\n<title>Tarifa integrada entre Trensurb e Transcal fica mais barata; veja o novo valor - O Timoneiro Jornal Canoas RS<\/title>\n<meta name=\"description\" content=\"Tarifa integrada entre Trensurb e Transcal passa de R$ 12,15 para R$ 11,39 a partir de 1\u00ba de setembro, com desconto de 10%.\" \/>\n<meta name=\"robots\" content=\"index, follow, max-snippet:-1, max-image-preview:large, max-video-preview:-1\" \/>\n<link rel=\"canonical\" href=\"https:\/\/jornaltimoneiro.com.br\/index.php\/2026\/09\/02\/tarifa-integrada-trensurb-transcal-r-11-39\/\" \/>\n<meta property=\"og:locale\" content=\"pt_BR\" \/>\n<meta property=\"og:type\" content=\"article\" \/>\n<meta property=\"og:title\" content=\"Tarifa integrada entre Trensurb e Transcal fica mais barata; veja o novo valor - O Timoneiro Jornal Canoas RS\" \/>\n<meta property=\"og:description\" content=\"Tarifa integrada entre Trensurb e Transcal passa de R$ 12,15 para R$ 11,39 a partir de 1\u00ba de setembro, com desconto de 10%.\" \/>\n<meta property=\"og:url\" content=\"https:\/\/jornaltimoneiro.com.br\/index.php\/2026\/09\/02\/tarifa-integrada-trensurb-transcal-r-11-39\/\" \/>\n<meta property=\"og:site_name\" content=\"O Timoneiro Jornal Canoas RS\" \/>\n<meta property=\"article:publisher\" content=\"https:\/\/www.facebook.com\/jornaltimoneiro\" \/>\n<meta property=\"article:published_time\" content=\"2026-09-02T15:25:34+00:00\" \/>\n<meta property=\"og:image\" content=\"https:\/\/jornaltimoneiro.com.br\/wp-content\/uploads\/2026\/09\/IMG_4675.JPG.jpeg\" \/>\n\t<meta property=\"og:image:width\" content=\"797\" \/>\n\t<meta property=\"og:image:height\" content=\"1200\" \/>\n\t<meta property=\"og:image:type\" content=\"image\/jpeg\" \/>\n<meta name=\"author\" content=\"Reda\u00e7\u00e3o\" \/>\n<meta name=\"twitter:card\" content=\"summary_large_image\" \/>\n<meta name=\"twitter:creator\" content=\"@_OTimoneiro\" \/>\n<meta name=\"twitter:site\" content=\"@_OTimoneiro\" \/>\n<meta name=\"twitter:label1\" content=\"Escrito por\" \/>\n\t<meta name=\"twitter:data1\" content=\"Reda\u00e7\u00e3o\" \/>\n\t<meta name=\"twitter:label2\" content=\"Est. tempo de leitura\" \/>\n\t<meta name=\"twitter:data2\" content=\"1 minuto\" \/>\n<script type=\"application\/ld+json\" class=\"yoast-schema-graph\">{\"@context\":\"https:\/\/schema.org\",\"@graph\":[{\"@type\":\"Article\",\"@id\":\"https:\/\/jornaltimoneiro.com.br\/index.php\/2026\/09\/02\/tarifa-integrada-trensurb-transcal-r-11-39\/#article\",\"isPartOf\":{\"@id\":\"https:\/\/jornaltimoneiro.com.br\/index.php\/2026\/09\/02\/tarifa-integrada-trensurb-transcal-r-11-39\/\"},\"author\":{\"name\":\"Reda\u00e7\u00e3o\",\"@id\":\"https:\/\/jornaltimoneiro.com.br\/#\/schema\/person\/620efd1d8244466117482be494360b08\"},\"headline\":\"Tarifa integrada entre Trensurb e Transcal fica mais barata; veja o novo valor\",\"datePublished\":\"2026-09-02T15:25:34+00:00\",\"dateModified\":\"2026-09-02T15:25:34+00:00\",\"mainEntityOfPage\":{\"@id\":\"https:\/\/jornaltimoneiro.com.br\/index.php\/2026\/09\/02\/tarifa-integrada-trensurb-transcal-r-11-39\/\"},\"wordCount\":164,\"commentCount\":0,\"publisher\":{\"@id\":\"https:\/\/jornaltimoneiro.com.br\/#organization\"},\"keywords\":[\"canoas\",\"featured\",\"transporte\",\"trensurb\"],\"articleSection\":[\"Transporte\"],\"inLanguage\":\"pt-BR\",\"potentialAction\":[{\"@type\":\"CommentAction\",\"name\":\"Comment\",\"target\":[\"https:\/\/jornaltimoneiro.com.br\/index.php\/2026\/09\/02\/tarifa-integrada-trensurb-transcal-r-11-39\/#respond\"]}]},{\"@type\":\"WebPage\",\"@id\":\"https:\/\/jornaltimoneiro.com.br\/index.php\/2026\/09\/02\/tarifa-integrada-trensurb-transcal-r-11-39\/\",\"url\":\"https:\/\/jornaltimoneiro.com.br\/index.php\/2026\/09\/02\/tarifa-integrada-trensurb-transcal-r-11-39\/\",\"name\":\"Tarifa integrada entre Trensurb e Transcal fica mais barata; veja o novo valor - O Timoneiro Jornal Canoas RS\",\"isPartOf\":{\"@id\":\"https:\/\/jornaltimoneiro.com.br\/#website\"},\"datePublished\":\"2026-09-02T15:25:34+00:00\",\"dateModified\":\"2026-09-02T15:25:34+00:00\",\"description\":\"Tarifa integrada entre Trensurb e Transcal passa de R$ 12,15 para R$ 11,39 a partir de 1\u00ba de setembro, com desconto de 10%.\",\"breadcrumb\":{\"@id\":\"https:\/\/jornaltimoneiro.com.br\/index.php\/2026\/09\/02\/tarifa-integrada-trensurb-transcal-r-11-39\/#breadcrumb\"},\"inLanguage\":\"pt-BR\",\"potentialAction\":[{\"@type\":\"ReadAction\",\"target\":[\"https:\/\/jornaltimoneiro.com.br\/index.php\/2026\/09\/02\/tarifa-integrada-trensurb-transcal-r-11-39\/\"]}]},{\"@type\":\"BreadcrumbList\",\"@id\":\"https:\/\/jornaltimoneiro.com.br\/index.php\/2026\/09\/02\/tarifa-integrada-trensurb-transcal-r-11-39\/#breadcrumb\",\"itemListElement\":[{\"@type\":\"ListItem\",\"position\":1,\"name\":\"In\u00edcio\",\"item\":\"https:\/\/jornaltimoneiro.com.br\/\"},{\"@type\":\"ListItem\",\"position\":2,\"name\":\"Tarifa integrada entre Trensurb e Transcal fica mais barata; veja o novo valor\"}]},{\"@type\":\"WebSite\",\"@id\":\"https:\/\/jornaltimoneiro.com.br\/#website\",\"url\":\"https:\/\/jornaltimoneiro.com.br\/\",\"name\":\"Jornal Timoneiro Canoas RS\",\"description\":\"Jornal O Timoneiro, o verdadeiro jornal de Canoas\",\"publisher\":{\"@id\":\"https:\/\/jornaltimoneiro.com.br\/#organization\"},\"potentialAction\":[{\"@type\":\"SearchAction\",\"target\":{\"@type\":\"EntryPoint\",\"urlTemplate\":\"https:\/\/jornaltimoneiro.com.br\/?s={search_term_string}\"},\"query-input\":\"required name=search_term_string\"}],\"inLanguage\":\"pt-BR\"},{\"@type\":\"Organization\",\"@id\":\"https:\/\/jornaltimoneiro.com.br\/#organization\",\"name\":\"Jornal Timoneiro Canoas RS\",\"url\":\"https:\/\/jornaltimoneiro.com.br\/\",\"logo\":{\"@type\":\"ImageObject\",\"inLanguage\":\"pt-BR\",\"@id\":\"https:\/\/jornaltimoneiro.com.br\/#\/schema\/logo\/image\/\",\"url\":\"https:\/\/jornaltimoneiro.com.br\/wp-content\/uploads\/2023\/03\/logonovo.png\",\"contentUrl\":\"https:\/\/jornaltimoneiro.com.br\/wp-content\/uploads\/2023\/03\/logonovo.png\",\"width\":\"469\",\"height\":\"171\",\"caption\":\"Jornal Timoneiro Canoas RS\"},\"image\":{\"@id\":\"https:\/\/jornaltimoneiro.com.br\/#\/schema\/logo\/image\/\"},\"sameAs\":[\"https:\/\/www.facebook.com\/jornaltimoneiro\",\"https:\/\/twitter.com\/_OTimoneiro\",\"https:\/\/www.instagram.com\/jornaltimoneirocanoas\/\",\"https:\/\/www.youtube.com\/@jornalotimoneiro7927\"]},{\"@type\":\"Person\",\"@id\":\"https:\/\/jornaltimoneiro.com.br\/#\/schema\/person\/620efd1d8244466117482be494360b08\",\"name\":\"Reda\u00e7\u00e3o\",\"image\":{\"@type\":\"ImageObject\",\"inLanguage\":\"pt-BR\",\"@id\":\"https:\/\/jornaltimoneiro.com.br\/#\/schema\/person\/image\/\",\"url\":\"https:\/\/secure.gravatar.com\/avatar\/2f04e1b304682a8d9db336c7acd77f08?s=96&d=mm&r=g\",\"contentUrl\":\"https:\/\/secure.gravatar.com\/avatar\/2f04e1b304682a8d9db336c7acd77f08?s=96&d=mm&r=g\",\"caption\":\"Reda\u00e7\u00e3o\"},\"url\":\"https:\/\/jornaltimoneiro.com.br\/index.php\/author\/timoneirocanoas\/\"}]}<\/script>\n<!-- \/ Yoast SEO plugin. -->","yoast_head_json":{"title":"Tarifa integrada entre Trensurb e Transcal fica mais barata; veja o novo valor - O Timoneiro Jornal Canoas RS","description":"Tarifa integrada entre Trensurb e Transcal passa de R$ 12,15 para R$ 11,39 a partir de 1\u00ba de setembro, com desconto de 10%.","robots":{"index":"index","follow":"follow","max-snippet":"max-snippet:-1","max-image-preview":"max-image-preview:large","max-video-preview":"max-video-preview:-1"},"canonical":"https:\/\/jornaltimoneiro.com.br\/index.php\/2026\/09\/02\/tarifa-integrada-trensurb-transcal-r-11-39\/","og_locale":"pt_BR","og_type":"article","og_title":"Tarifa integrada entre Trensurb e Transcal fica mais barata; veja o novo valor - O Timoneiro Jornal Canoas RS","og_description":"Tarifa integrada entre Trensurb e Transcal passa de R$ 12,15 para R$ 11,39 a partir de 1\u00ba de setembro, com desconto de 10%.","og_url":"https:\/\/jornaltimoneiro.com.br\/index.php\/2026\/09\/02\/tarifa-integrada-trensurb-transcal-r-11-39\/","og_site_name":"O Timoneiro Jornal Canoas RS","article_publisher":"https:\/\/www.facebook.com\/jornaltimoneiro","article_published_time":"2026-09-02T15:25:34+00:00","og_image":[{"width":"797","height":"1200","url":"https:\/\/jornaltimoneiro.com.br\/wp-content\/uploads\/2026\/09\/IMG_4675.JPG.jpeg","type":"image\/jpeg"}],"author":"Reda\u00e7\u00e3o","twitter_card":"summary_large_image","twitter_creator":"@_OTimoneiro","twitter_site":"@_OTimoneiro","twitter_misc":{"Escrito por":"Reda\u00e7\u00e3o","Est. tempo de leitura":"1 minuto"},"schema":{"@context":"https:\/\/schema.org","@graph":[{"@type":"Article","@id":"https:\/\/jornaltimoneiro.com.br\/index.php\/2026\/09\/02\/tarifa-integrada-trensurb-transcal-r-11-39\/#article","isPartOf":{"@id":"https:\/\/jornaltimoneiro.com.br\/index.php\/2026\/09\/02\/tarifa-integrada-trensurb-transcal-r-11-39\/"},"author":{"name":"Reda\u00e7\u00e3o","@id":"https:\/\/jornaltimoneiro.com.br\/#\/schema\/person\/620efd1d8244466117482be494360b08"},"headline":"Tarifa integrada entre Trensurb e Transcal fica mais barata; veja o novo valor","datePublished":"2026-09-02T15:25:34+00:00","dateModified":"2026-09-02T15:25:34+00:00","mainEntityOfPage":{"@id":"https:\/\/jornaltimoneiro.com.br\/index.php\/2026\/09\/02\/tarifa-integrada-trensurb-transcal-r-11-39\/"},"wordCount":164,"commentCount":0,"publisher":{"@id":"https:\/\/jornaltimoneiro.com.br\/#organization"},"keywords":["canoas","featured","transporte","trensurb"],"articleSection":["Transporte"],"inLanguage":"pt-BR","potentialAction":[{"@type":"CommentAction","name":"Comment","target":["https:\/\/jornaltimoneiro.com.br\/index.php\/2026\/09\/02\/tarifa-integrada-trensurb-transcal-r-11-39\/#respond"]}]},{"@type":"WebPage","@id":"https:\/\/jornaltimoneiro.com.br\/index.php\/2026\/09\/02\/tarifa-integrada-trensurb-transcal-r-11-39\/","url":"https:\/\/jornaltimoneiro.com.br\/index.php\/2026\/09\/02\/tarifa-integrada-trensurb-transcal-r-11-39\/","name":"Tarifa integrada entre Trensurb e Transcal fica mais barata; veja o novo valor - O Timoneiro Jornal Canoas RS","isPartOf":{"@id":"https:\/\/jornaltimoneiro.com.br\/#website"},"datePublished":"2026-09-02T15:25:34+00:00","dateModified":"2026-09-02T15:25:34+00:00","description":"Tarifa integrada entre Trensurb e Transcal passa de R$ 12,15 para R$ 11,39 a partir de 1\u00ba de setembro, com desconto de 10%.","breadcrumb":{"@id":"https:\/\/jornaltimoneiro.com.br\/index.php\/2026\/09\/02\/tarifa-integrada-trensurb-transcal-r-11-39\/#breadcrumb"},"inLanguage":"pt-BR","potentialAction":[{"@type":"ReadAction","target":["https:\/\/jornaltimoneiro.com.br\/index.php\/2026\/09\/02\/tarifa-integrada-trensurb-transcal-r-11-39\/"]}]},{"@type":"BreadcrumbList","@id":"https:\/\/jornaltimoneiro.com.br\/index.php\/2026\/09\/02\/tarifa-integrada-trensurb-transcal-r-11-39\/#breadcrumb","itemListElement":[{"@type":"ListItem","position":1,"name":"In\u00edcio","item":"https:\/\/jornaltimoneiro.com.br\/"},{"@type":"ListItem","position":2,"name":"Tarifa integrada entre Trensurb e Transcal fica mais barata; veja o novo valor"}]},{"@type":"WebSite","@id":"https:\/\/jornaltimoneiro.com.br\/#website","url":"https:\/\/jornaltimoneiro.com.br\/","name":"Jornal Timoneiro Canoas RS","description":"Jornal O Timoneiro, o verdadeiro jornal de Canoas","publisher":{"@id":"https:\/\/jornaltimoneiro.com.br\/#organization"},"potentialAction":[{"@type":"SearchAction","target":{"@type":"EntryPoint","urlTemplate":"https:\/\/jornaltimoneiro.com.br\/?s={search_term_string}"},"query-input":"required name=search_term_string"}],"inLanguage":"pt-BR"},{"@type":"Organization","@id":"https:\/\/jornaltimoneiro.com.br\/#organization","name":"Jornal Timoneiro Canoas RS","url":"https:\/\/jornaltimoneiro.com.br\/","logo":{"@type":"ImageObject","inLanguage":"pt-BR","@id":"https:\/\/jornaltimoneiro.com.br\/#\/schema\/logo\/image\/","url":"https:\/\/jornaltimoneiro.com.br\/wp-content\/uploads\/2023\/03\/logonovo.png","contentUrl":"https:\/\/jornaltimoneiro.com.br\/wp-content\/uploads\/2023\/03\/logonovo.png","width":"469","height":"171","caption":"Jornal Timoneiro Canoas RS"},"image":{"@id":"https:\/\/jornaltimoneiro.com.br\/#\/schema\/logo\/image\/"},"sameAs":["https:\/\/www.facebook.com\/jornaltimoneiro","https:\/\/twitter.com\/_OTimoneiro","https:\/\/www.instagram.com\/jornaltimoneirocanoas\/","https:\/\/www.youtube.com\/@jornalotimoneiro7927"]},{"@type":"Person","@id":"https:\/\/jornaltimoneiro.com.br\/#\/schema\/person\/620efd1d8244466117482be494360b08","name":"Reda\u00e7\u00e3o","image":{"@type":"ImageObject","inLanguage":"pt-BR","@id":"https:\/\/jornaltimoneiro.com.br\/#\/schema\/person\/image\/","url":"https:\/\/secure.gravatar.com\/avatar\/2f04e1b304682a8d9db336c7acd77f08?s=96&d=mm&r=g","contentUrl":"https:\/\/secure.gravatar.com\/avatar\/2f04e1b304682a8d9db336c7acd77f08?s=96&d=mm&r=g","caption":"Reda\u00e7\u00e3o"},"url":"https:\/\/jornaltimoneiro.com.br\/index.php\/author\/timoneirocanoas\/"}]}},"_links":{"self":[{"href":"https:\/\/jornaltimoneiro.com.br\/index.php\/wp-json\/wp\/v2\/posts\/42618"}],"collection":[{"href":"https:\/\/jornaltimoneiro.com.br\/index.php\/wp-json\/wp\/v2\/posts"}],"about":[{"href":"https:\/\/jornaltimoneiro.com.br\/index.php\/wp-json\/wp\/v2\/types\/post"}],"author":[{"embeddable":true,"href":"https:\/\/jornaltimoneiro.com.br\/index.php\/wp-json\/wp\/v2\/users\/1"}],"replies":[{"embeddable":true,"href":"https:\/\/jornaltimoneiro.com.br\/index.php\/wp-json\/wp\/v2\/comments?post=42618"}],"version-history":[{"count":1,"href":"https:\/\/jornaltimoneiro.com.br\/index.php\/wp-json\/wp\/v2\/posts\/42618\/revisions"}],"predecessor-version":[{"id":42620,"href":"https:\/\/jornaltimoneiro.com.br\/index.php\/wp-json\/wp\/v2\/posts\/42618\/revisions\/42620"}],"wp:featuredmedia":[{"embeddable":true,"href":"https:\/\/jornaltimoneiro.com.br\/index.php\/wp-json\/wp\/v2\/media\/42619"}],"wp:attachment":[{"href":"https:\/\/jornaltimoneiro.com.br\/index.php\/wp-json\/wp\/v2\/media?parent=42618"}],"wp:term":[{"taxonomy":"category","embeddable":true,"href":"https:\/\/jornaltimoneiro.com.br\/index.php\/wp-json\/wp\/v2\/categories?post=42618"},{"taxonomy":"post_tag","embeddable":true,"href":"https:\/\/jornaltimoneiro.com.br\/index.php\/wp-json\/wp\/v2\/tags?post=42618"}],"curies":[{"name":"wp","href":"https:\/\/api.w.org\/{rel}","templated":true}]}}