{"id":42615,"date":"2026-09-02T12:09:38","date_gmt":"2026-09-02T15:09:38","guid":{"rendered":"https:\/\/jornaltimoneiro.com.br\/?p=42615"},"modified":"2026-09-02T12:09:38","modified_gmt":"2026-09-02T15:09:38","slug":"receita-estadual-simples-nacional-regularizacao-divergencias-2025","status":"publish","type":"post","link":"https:\/\/jornaltimoneiro.com.br\/index.php\/2026\/09\/02\/receita-estadual-simples-nacional-regularizacao-divergencias-2025\/","title":{"rendered":"Simples Nacional tem prazo para empresas corrigirem diverg\u00eancias apontadas pela Receita"},"content":{"rendered":"<p class=\"isSelectedEnd\">Contribuintes do Simples Nacional de diferentes setores t\u00eam at\u00e9 18 de setembro para regularizar diverg\u00eancias identificadas pela Receita Estadual do Rio Grande do Sul em uma a\u00e7\u00e3o de autorregulariza\u00e7\u00e3o. As inconsist\u00eancias s\u00e3o relacionadas aos valores de Receita Bruta declarados no Programa Gerador do Documento de Arrecada\u00e7\u00e3o do Simples Nacional Declarat\u00f3rio (PGDAS-D) e aos dados fiscais analisados pelo Fisco, referentes ao ano de 2025.<\/p>\n<p class=\"isSelectedEnd\">As diverg\u00eancias foram identificadas por meio de cruzamentos eletr\u00f4nicos entre as informa\u00e7\u00f5es declaradas pelas empresas e dados de documentos fiscais, incluindo notas fiscais eletr\u00f4nicas referentes \u00e0 aquisi\u00e7\u00e3o de mercadorias.<\/p>\n<p class=\"isSelectedEnd\">Para regularizar a situa\u00e7\u00e3o, o contribuinte deve verificar as informa\u00e7\u00f5es dispon\u00edveis na caixa postal eletr\u00f4nica da Receita Estadual e, quando necess\u00e1rio, retificar o PGDAS-D. Tamb\u00e9m \u00e9 poss\u00edvel apresentar justificativas e documentos que esclare\u00e7am ou afastem os ind\u00edcios apontados.<\/p>\n<p class=\"isSelectedEnd\">A comunica\u00e7\u00e3o sobre a autorregulariza\u00e7\u00e3o foi enviada aos contribuintes em 14 de agosto. As orienta\u00e7\u00f5es, os arquivos com os detalhes da apura\u00e7\u00e3o e o c\u00e1lculo da diverg\u00eancia podem ser consultados na \u00e1rea restrita do <a href=\"https:\/\/atendimento.receita.rs.gov.br\/pessoa-juridica-portal-e-cac\" target=\"_blank\" rel=\"noopener\">Portal e-CAC<\/a> da Receita Estadual, na aba \u201cAutorregulariza\u00e7\u00e3o\u201d.<\/p>\n<p class=\"isSelectedEnd\">O atendimento relacionado ao procedimento tamb\u00e9m deve ser feito pelo canal dispon\u00edvel nessa mesma aba, por meio da op\u00e7\u00e3o \u201cAcompanhar\/Solicitar Atendimento\u201d.<\/p>\n<h4>Poss\u00edvel exclus\u00e3o do Simples Nacional<\/h4>\n<p class=\"isSelectedEnd\">Segundo a Receita Estadual, as diverg\u00eancias identificadas podem caracterizar hip\u00f3tese de exclus\u00e3o do Simples Nacional, conforme previsto no artigo 29, inciso X, da Lei Complementar 123\/2006.<\/p>\n<p class=\"isSelectedEnd\">Quem n\u00e3o regularizar a situa\u00e7\u00e3o dentro do prazo ou n\u00e3o apresentar justificativa considerada suficiente poder\u00e1 receber um Termo de Exclus\u00e3o do regime. O caso tamb\u00e9m poder\u00e1 ser encaminhado para procedimento fiscal, com eventual cobran\u00e7a dos tributos devidos, acrescidos de juros e multa.<\/p>\n<p class=\"isSelectedEnd\">A an\u00e1lise considera, entre outros dados, a rela\u00e7\u00e3o entre as receitas tribut\u00e1veis de ICMS informadas no PGDAS-D e os valores das compras de mercadorias registrados em documentos fiscais.<\/p>\n<h4>Como a diverg\u00eancia \u00e9 calculada<\/h4>\n<p class=\"isSelectedEnd\">Para identificar poss\u00edveis omiss\u00f5es de receita, a Receita Estadual utiliza como refer\u00eancia o limite de 80% previsto na legisla\u00e7\u00e3o. Em regra, as aquisi\u00e7\u00f5es de mercadorias destinadas \u00e0 comercializa\u00e7\u00e3o ou industrializa\u00e7\u00e3o n\u00e3o podem superar 80% dos ingressos de recursos.<\/p>\n<p class=\"isSelectedEnd\">A partir desse c\u00e1lculo, o Fisco estima uma receita bruta m\u00ednima que seria necess\u00e1ria para justificar o volume de aquisi\u00e7\u00f5es registrado. Quando o valor declarado no PGDAS-D fica abaixo desse par\u00e2metro, a diferen\u00e7a \u00e9 considerada um ind\u00edcio de receita n\u00e3o declarada.<\/p>\n<p>Os contribuintes notificados devem conferir individualmente as informa\u00e7\u00f5es dispon\u00edveis no Portal e-CAC e realizar a regulariza\u00e7\u00e3o ou apresentar os esclarecimentos necess\u00e1rios at\u00e9 18 de setembro.<\/p>\n","protected":false},"excerpt":{"rendered":"<p>Contribuintes do Simples Nacional de diferentes setores t\u00eam at\u00e9 18 de setembro para regularizar diverg\u00eancias identificadas pela Receita Estadual do Rio Grande do Sul em uma a\u00e7\u00e3o de autorregulariza\u00e7\u00e3o. As inconsist\u00eancias s\u00e3o relacionadas aos valores de Receita Bruta declarados no Programa Gerador do Documento de Arrecada\u00e7\u00e3o do Simples Nacional Declarat\u00f3rio (PGDAS-D) e aos dados fiscais [&hellip;]<\/p>\n","protected":false},"author":1,"featured_media":42616,"comment_status":"open","ping_status":"open","sticky":false,"template":"","format":"standard","meta":{"amp_status":"","footnotes":""},"categories":[3766],"tags":[31,1377,4179,5232],"class_list":["post-42615","post","type-post","status-publish","format-standard","has-post-thumbnail","hentry","category-fazenda","tag-canoas","tag-feat","tag-receita-federal","tag-simples-nacional"],"yoast_head":"<!-- This site is optimized with the Yoast SEO plugin v20.5 - https:\/\/yoast.com\/wordpress\/plugins\/seo\/ -->\n<title>Simples Nacional tem prazo para empresas corrigirem diverg\u00eancias apontadas pela Receita - O Timoneiro Jornal Canoas RS<\/title>\n<meta name=\"description\" content=\"Contribuintes do Simples Nacional t\u00eam at\u00e9 18 de setembro para regularizar diverg\u00eancias apontadas pela Receita Estadual em dados de 2025.\" \/>\n<meta name=\"robots\" content=\"index, follow, max-snippet:-1, max-image-preview:large, max-video-preview:-1\" \/>\n<link rel=\"canonical\" href=\"https:\/\/jornaltimoneiro.com.br\/index.php\/2026\/09\/02\/receita-estadual-simples-nacional-regularizacao-divergencias-2025\/\" \/>\n<meta property=\"og:locale\" content=\"pt_BR\" \/>\n<meta property=\"og:type\" content=\"article\" \/>\n<meta property=\"og:title\" content=\"Simples Nacional tem prazo para empresas corrigirem diverg\u00eancias apontadas pela Receita - O Timoneiro Jornal Canoas RS\" \/>\n<meta property=\"og:description\" content=\"Contribuintes do Simples Nacional t\u00eam at\u00e9 18 de setembro para regularizar diverg\u00eancias apontadas pela Receita Estadual em dados de 2025.\" \/>\n<meta property=\"og:url\" content=\"https:\/\/jornaltimoneiro.com.br\/index.php\/2026\/09\/02\/receita-estadual-simples-nacional-regularizacao-divergencias-2025\/\" \/>\n<meta property=\"og:site_name\" content=\"O Timoneiro Jornal Canoas RS\" \/>\n<meta property=\"article:publisher\" content=\"https:\/\/www.facebook.com\/jornaltimoneiro\" \/>\n<meta property=\"article:published_time\" content=\"2026-09-02T15:09:38+00:00\" \/>\n<meta property=\"og:image\" content=\"https:\/\/jornaltimoneiro.com.br\/wp-content\/uploads\/2026\/09\/CNPJ-Legal-Simples-Nacional.webp\" \/>\n\t<meta property=\"og:image:width\" content=\"960\" \/>\n\t<meta property=\"og:image:height\" content=\"540\" \/>\n\t<meta property=\"og:image:type\" content=\"image\/webp\" \/>\n<meta name=\"author\" content=\"Reda\u00e7\u00e3o\" \/>\n<meta name=\"twitter:card\" content=\"summary_large_image\" \/>\n<meta name=\"twitter:creator\" content=\"@_OTimoneiro\" \/>\n<meta name=\"twitter:site\" content=\"@_OTimoneiro\" \/>\n<meta name=\"twitter:label1\" content=\"Escrito por\" \/>\n\t<meta name=\"twitter:data1\" content=\"Reda\u00e7\u00e3o\" \/>\n\t<meta name=\"twitter:label2\" content=\"Est. tempo de leitura\" \/>\n\t<meta name=\"twitter:data2\" content=\"3 minutos\" \/>\n<script type=\"application\/ld+json\" class=\"yoast-schema-graph\">{\"@context\":\"https:\/\/schema.org\",\"@graph\":[{\"@type\":\"Article\",\"@id\":\"https:\/\/jornaltimoneiro.com.br\/index.php\/2026\/09\/02\/receita-estadual-simples-nacional-regularizacao-divergencias-2025\/#article\",\"isPartOf\":{\"@id\":\"https:\/\/jornaltimoneiro.com.br\/index.php\/2026\/09\/02\/receita-estadual-simples-nacional-regularizacao-divergencias-2025\/\"},\"author\":{\"name\":\"Reda\u00e7\u00e3o\",\"@id\":\"https:\/\/jornaltimoneiro.com.br\/#\/schema\/person\/620efd1d8244466117482be494360b08\"},\"headline\":\"Simples Nacional tem prazo para empresas corrigirem diverg\u00eancias apontadas pela Receita\",\"datePublished\":\"2026-09-02T15:09:38+00:00\",\"dateModified\":\"2026-09-02T15:09:38+00:00\",\"mainEntityOfPage\":{\"@id\":\"https:\/\/jornaltimoneiro.com.br\/index.php\/2026\/09\/02\/receita-estadual-simples-nacional-regularizacao-divergencias-2025\/\"},\"wordCount\":470,\"commentCount\":0,\"publisher\":{\"@id\":\"https:\/\/jornaltimoneiro.com.br\/#organization\"},\"keywords\":[\"canoas\",\"feat\",\"receita federal\",\"simples nacional\"],\"articleSection\":[\"Fazenda\"],\"inLanguage\":\"pt-BR\",\"potentialAction\":[{\"@type\":\"CommentAction\",\"name\":\"Comment\",\"target\":[\"https:\/\/jornaltimoneiro.com.br\/index.php\/2026\/09\/02\/receita-estadual-simples-nacional-regularizacao-divergencias-2025\/#respond\"]}]},{\"@type\":\"WebPage\",\"@id\":\"https:\/\/jornaltimoneiro.com.br\/index.php\/2026\/09\/02\/receita-estadual-simples-nacional-regularizacao-divergencias-2025\/\",\"url\":\"https:\/\/jornaltimoneiro.com.br\/index.php\/2026\/09\/02\/receita-estadual-simples-nacional-regularizacao-divergencias-2025\/\",\"name\":\"Simples Nacional tem prazo para empresas corrigirem diverg\u00eancias apontadas pela Receita - O Timoneiro Jornal Canoas RS\",\"isPartOf\":{\"@id\":\"https:\/\/jornaltimoneiro.com.br\/#website\"},\"datePublished\":\"2026-09-02T15:09:38+00:00\",\"dateModified\":\"2026-09-02T15:09:38+00:00\",\"description\":\"Contribuintes do Simples Nacional t\u00eam at\u00e9 18 de setembro para regularizar diverg\u00eancias apontadas pela Receita Estadual em dados de 2025.\",\"breadcrumb\":{\"@id\":\"https:\/\/jornaltimoneiro.com.br\/index.php\/2026\/09\/02\/receita-estadual-simples-nacional-regularizacao-divergencias-2025\/#breadcrumb\"},\"inLanguage\":\"pt-BR\",\"potentialAction\":[{\"@type\":\"ReadAction\",\"target\":[\"https:\/\/jornaltimoneiro.com.br\/index.php\/2026\/09\/02\/receita-estadual-simples-nacional-regularizacao-divergencias-2025\/\"]}]},{\"@type\":\"BreadcrumbList\",\"@id\":\"https:\/\/jornaltimoneiro.com.br\/index.php\/2026\/09\/02\/receita-estadual-simples-nacional-regularizacao-divergencias-2025\/#breadcrumb\",\"itemListElement\":[{\"@type\":\"ListItem\",\"position\":1,\"name\":\"In\u00edcio\",\"item\":\"https:\/\/jornaltimoneiro.com.br\/\"},{\"@type\":\"ListItem\",\"position\":2,\"name\":\"Simples Nacional tem prazo para empresas corrigirem diverg\u00eancias apontadas pela Receita\"}]},{\"@type\":\"WebSite\",\"@id\":\"https:\/\/jornaltimoneiro.com.br\/#website\",\"url\":\"https:\/\/jornaltimoneiro.com.br\/\",\"name\":\"Jornal Timoneiro Canoas RS\",\"description\":\"Jornal O Timoneiro, o verdadeiro jornal de Canoas\",\"publisher\":{\"@id\":\"https:\/\/jornaltimoneiro.com.br\/#organization\"},\"potentialAction\":[{\"@type\":\"SearchAction\",\"target\":{\"@type\":\"EntryPoint\",\"urlTemplate\":\"https:\/\/jornaltimoneiro.com.br\/?s={search_term_string}\"},\"query-input\":\"required name=search_term_string\"}],\"inLanguage\":\"pt-BR\"},{\"@type\":\"Organization\",\"@id\":\"https:\/\/jornaltimoneiro.com.br\/#organization\",\"name\":\"Jornal Timoneiro Canoas RS\",\"url\":\"https:\/\/jornaltimoneiro.com.br\/\",\"logo\":{\"@type\":\"ImageObject\",\"inLanguage\":\"pt-BR\",\"@id\":\"https:\/\/jornaltimoneiro.com.br\/#\/schema\/logo\/image\/\",\"url\":\"https:\/\/jornaltimoneiro.com.br\/wp-content\/uploads\/2023\/03\/logonovo.png\",\"contentUrl\":\"https:\/\/jornaltimoneiro.com.br\/wp-content\/uploads\/2023\/03\/logonovo.png\",\"width\":\"469\",\"height\":\"171\",\"caption\":\"Jornal Timoneiro Canoas RS\"},\"image\":{\"@id\":\"https:\/\/jornaltimoneiro.com.br\/#\/schema\/logo\/image\/\"},\"sameAs\":[\"https:\/\/www.facebook.com\/jornaltimoneiro\",\"https:\/\/twitter.com\/_OTimoneiro\",\"https:\/\/www.instagram.com\/jornaltimoneirocanoas\/\",\"https:\/\/www.youtube.com\/@jornalotimoneiro7927\"]},{\"@type\":\"Person\",\"@id\":\"https:\/\/jornaltimoneiro.com.br\/#\/schema\/person\/620efd1d8244466117482be494360b08\",\"name\":\"Reda\u00e7\u00e3o\",\"image\":{\"@type\":\"ImageObject\",\"inLanguage\":\"pt-BR\",\"@id\":\"https:\/\/jornaltimoneiro.com.br\/#\/schema\/person\/image\/\",\"url\":\"https:\/\/secure.gravatar.com\/avatar\/2f04e1b304682a8d9db336c7acd77f08?s=96&d=mm&r=g\",\"contentUrl\":\"https:\/\/secure.gravatar.com\/avatar\/2f04e1b304682a8d9db336c7acd77f08?s=96&d=mm&r=g\",\"caption\":\"Reda\u00e7\u00e3o\"},\"url\":\"https:\/\/jornaltimoneiro.com.br\/index.php\/author\/timoneirocanoas\/\"}]}<\/script>\n<!-- \/ Yoast SEO plugin. -->","yoast_head_json":{"title":"Simples Nacional tem prazo para empresas corrigirem diverg\u00eancias apontadas pela Receita - O Timoneiro Jornal Canoas RS","description":"Contribuintes do Simples Nacional t\u00eam at\u00e9 18 de setembro para regularizar diverg\u00eancias apontadas pela Receita Estadual em dados de 2025.","robots":{"index":"index","follow":"follow","max-snippet":"max-snippet:-1","max-image-preview":"max-image-preview:large","max-video-preview":"max-video-preview:-1"},"canonical":"https:\/\/jornaltimoneiro.com.br\/index.php\/2026\/09\/02\/receita-estadual-simples-nacional-regularizacao-divergencias-2025\/","og_locale":"pt_BR","og_type":"article","og_title":"Simples Nacional tem prazo para empresas corrigirem diverg\u00eancias apontadas pela Receita - O Timoneiro Jornal Canoas RS","og_description":"Contribuintes do Simples Nacional t\u00eam at\u00e9 18 de setembro para regularizar diverg\u00eancias apontadas pela Receita Estadual em dados de 2025.","og_url":"https:\/\/jornaltimoneiro.com.br\/index.php\/2026\/09\/02\/receita-estadual-simples-nacional-regularizacao-divergencias-2025\/","og_site_name":"O Timoneiro Jornal Canoas RS","article_publisher":"https:\/\/www.facebook.com\/jornaltimoneiro","article_published_time":"2026-09-02T15:09:38+00:00","og_image":[{"width":"960","height":"540","url":"https:\/\/jornaltimoneiro.com.br\/wp-content\/uploads\/2026\/09\/CNPJ-Legal-Simples-Nacional.webp","type":"image\/webp"}],"author":"Reda\u00e7\u00e3o","twitter_card":"summary_large_image","twitter_creator":"@_OTimoneiro","twitter_site":"@_OTimoneiro","twitter_misc":{"Escrito por":"Reda\u00e7\u00e3o","Est. tempo de leitura":"3 minutos"},"schema":{"@context":"https:\/\/schema.org","@graph":[{"@type":"Article","@id":"https:\/\/jornaltimoneiro.com.br\/index.php\/2026\/09\/02\/receita-estadual-simples-nacional-regularizacao-divergencias-2025\/#article","isPartOf":{"@id":"https:\/\/jornaltimoneiro.com.br\/index.php\/2026\/09\/02\/receita-estadual-simples-nacional-regularizacao-divergencias-2025\/"},"author":{"name":"Reda\u00e7\u00e3o","@id":"https:\/\/jornaltimoneiro.com.br\/#\/schema\/person\/620efd1d8244466117482be494360b08"},"headline":"Simples Nacional tem prazo para empresas corrigirem diverg\u00eancias apontadas pela Receita","datePublished":"2026-09-02T15:09:38+00:00","dateModified":"2026-09-02T15:09:38+00:00","mainEntityOfPage":{"@id":"https:\/\/jornaltimoneiro.com.br\/index.php\/2026\/09\/02\/receita-estadual-simples-nacional-regularizacao-divergencias-2025\/"},"wordCount":470,"commentCount":0,"publisher":{"@id":"https:\/\/jornaltimoneiro.com.br\/#organization"},"keywords":["canoas","feat","receita federal","simples nacional"],"articleSection":["Fazenda"],"inLanguage":"pt-BR","potentialAction":[{"@type":"CommentAction","name":"Comment","target":["https:\/\/jornaltimoneiro.com.br\/index.php\/2026\/09\/02\/receita-estadual-simples-nacional-regularizacao-divergencias-2025\/#respond"]}]},{"@type":"WebPage","@id":"https:\/\/jornaltimoneiro.com.br\/index.php\/2026\/09\/02\/receita-estadual-simples-nacional-regularizacao-divergencias-2025\/","url":"https:\/\/jornaltimoneiro.com.br\/index.php\/2026\/09\/02\/receita-estadual-simples-nacional-regularizacao-divergencias-2025\/","name":"Simples Nacional tem prazo para empresas corrigirem diverg\u00eancias apontadas pela Receita - O Timoneiro Jornal Canoas RS","isPartOf":{"@id":"https:\/\/jornaltimoneiro.com.br\/#website"},"datePublished":"2026-09-02T15:09:38+00:00","dateModified":"2026-09-02T15:09:38+00:00","description":"Contribuintes do Simples Nacional t\u00eam at\u00e9 18 de setembro para regularizar diverg\u00eancias apontadas pela Receita Estadual em dados de 2025.","breadcrumb":{"@id":"https:\/\/jornaltimoneiro.com.br\/index.php\/2026\/09\/02\/receita-estadual-simples-nacional-regularizacao-divergencias-2025\/#breadcrumb"},"inLanguage":"pt-BR","potentialAction":[{"@type":"ReadAction","target":["https:\/\/jornaltimoneiro.com.br\/index.php\/2026\/09\/02\/receita-estadual-simples-nacional-regularizacao-divergencias-2025\/"]}]},{"@type":"BreadcrumbList","@id":"https:\/\/jornaltimoneiro.com.br\/index.php\/2026\/09\/02\/receita-estadual-simples-nacional-regularizacao-divergencias-2025\/#breadcrumb","itemListElement":[{"@type":"ListItem","position":1,"name":"In\u00edcio","item":"https:\/\/jornaltimoneiro.com.br\/"},{"@type":"ListItem","position":2,"name":"Simples Nacional tem prazo para empresas corrigirem diverg\u00eancias apontadas pela Receita"}]},{"@type":"WebSite","@id":"https:\/\/jornaltimoneiro.com.br\/#website","url":"https:\/\/jornaltimoneiro.com.br\/","name":"Jornal Timoneiro Canoas RS","description":"Jornal O Timoneiro, o verdadeiro jornal de Canoas","publisher":{"@id":"https:\/\/jornaltimoneiro.com.br\/#organization"},"potentialAction":[{"@type":"SearchAction","target":{"@type":"EntryPoint","urlTemplate":"https:\/\/jornaltimoneiro.com.br\/?s={search_term_string}"},"query-input":"required name=search_term_string"}],"inLanguage":"pt-BR"},{"@type":"Organization","@id":"https:\/\/jornaltimoneiro.com.br\/#organization","name":"Jornal Timoneiro Canoas RS","url":"https:\/\/jornaltimoneiro.com.br\/","logo":{"@type":"ImageObject","inLanguage":"pt-BR","@id":"https:\/\/jornaltimoneiro.com.br\/#\/schema\/logo\/image\/","url":"https:\/\/jornaltimoneiro.com.br\/wp-content\/uploads\/2023\/03\/logonovo.png","contentUrl":"https:\/\/jornaltimoneiro.com.br\/wp-content\/uploads\/2023\/03\/logonovo.png","width":"469","height":"171","caption":"Jornal Timoneiro Canoas RS"},"image":{"@id":"https:\/\/jornaltimoneiro.com.br\/#\/schema\/logo\/image\/"},"sameAs":["https:\/\/www.facebook.com\/jornaltimoneiro","https:\/\/twitter.com\/_OTimoneiro","https:\/\/www.instagram.com\/jornaltimoneirocanoas\/","https:\/\/www.youtube.com\/@jornalotimoneiro7927"]},{"@type":"Person","@id":"https:\/\/jornaltimoneiro.com.br\/#\/schema\/person\/620efd1d8244466117482be494360b08","name":"Reda\u00e7\u00e3o","image":{"@type":"ImageObject","inLanguage":"pt-BR","@id":"https:\/\/jornaltimoneiro.com.br\/#\/schema\/person\/image\/","url":"https:\/\/secure.gravatar.com\/avatar\/2f04e1b304682a8d9db336c7acd77f08?s=96&d=mm&r=g","contentUrl":"https:\/\/secure.gravatar.com\/avatar\/2f04e1b304682a8d9db336c7acd77f08?s=96&d=mm&r=g","caption":"Reda\u00e7\u00e3o"},"url":"https:\/\/jornaltimoneiro.com.br\/index.php\/author\/timoneirocanoas\/"}]}},"_links":{"self":[{"href":"https:\/\/jornaltimoneiro.com.br\/index.php\/wp-json\/wp\/v2\/posts\/42615"}],"collection":[{"href":"https:\/\/jornaltimoneiro.com.br\/index.php\/wp-json\/wp\/v2\/posts"}],"about":[{"href":"https:\/\/jornaltimoneiro.com.br\/index.php\/wp-json\/wp\/v2\/types\/post"}],"author":[{"embeddable":true,"href":"https:\/\/jornaltimoneiro.com.br\/index.php\/wp-json\/wp\/v2\/users\/1"}],"replies":[{"embeddable":true,"href":"https:\/\/jornaltimoneiro.com.br\/index.php\/wp-json\/wp\/v2\/comments?post=42615"}],"version-history":[{"count":1,"href":"https:\/\/jornaltimoneiro.com.br\/index.php\/wp-json\/wp\/v2\/posts\/42615\/revisions"}],"predecessor-version":[{"id":42617,"href":"https:\/\/jornaltimoneiro.com.br\/index.php\/wp-json\/wp\/v2\/posts\/42615\/revisions\/42617"}],"wp:featuredmedia":[{"embeddable":true,"href":"https:\/\/jornaltimoneiro.com.br\/index.php\/wp-json\/wp\/v2\/media\/42616"}],"wp:attachment":[{"href":"https:\/\/jornaltimoneiro.com.br\/index.php\/wp-json\/wp\/v2\/media?parent=42615"}],"wp:term":[{"taxonomy":"category","embeddable":true,"href":"https:\/\/jornaltimoneiro.com.br\/index.php\/wp-json\/wp\/v2\/categories?post=42615"},{"taxonomy":"post_tag","embeddable":true,"href":"https:\/\/jornaltimoneiro.com.br\/index.php\/wp-json\/wp\/v2\/tags?post=42615"}],"curies":[{"name":"wp","href":"https:\/\/api.w.org\/{rel}","templated":true}]}}