{"id":42593,"date":"2026-08-31T13:49:57","date_gmt":"2026-08-31T16:49:57","guid":{"rendered":"https:\/\/jornaltimoneiro.com.br\/?p=42593"},"modified":"2026-08-31T13:49:57","modified_gmt":"2026-08-31T16:49:57","slug":"vice-prefeito-rodrigo-busato-assume-prefeitura-de-canoas","status":"publish","type":"post","link":"https:\/\/jornaltimoneiro.com.br\/index.php\/2026\/08\/31\/vice-prefeito-rodrigo-busato-assume-prefeitura-de-canoas\/","title":{"rendered":"Vice-prefeito Rodrigo Busato assume Prefeitura de Canoas at\u00e9 8 de setembro"},"content":{"rendered":"<p>O vice-prefeito Rodrigo Busato assumiu, nesta segunda-feira, 31, o comando da Prefeitura de Canoas durante o per\u00edodo de f\u00e9rias do prefeito Airton Souza. Ele permanecer\u00e1 como prefeito em exerc\u00edcio at\u00e9 8 de setembro.<\/p>\n<p>Durante o per\u00edodo, Busato ficar\u00e1 \u00e0 frente das atividades da administra\u00e7\u00e3o municipal e acompanhar\u00e1 as a\u00e7\u00f5es em andamento nas diferentes \u00e1reas da Prefeitura.<\/p>\n<p>Entre os temas que ser\u00e3o acompanhados est\u00e3o as obras de reconstru\u00e7\u00e3o e as interven\u00e7\u00f5es nos diques e demais estruturas de prote\u00e7\u00e3o contra cheias.<\/p>\n<blockquote><p>\u201cEstarei de olho em toda a administra\u00e7\u00e3o, acompanhando de perto o trabalho das secretarias e as demandas da popula\u00e7\u00e3o. A reconstru\u00e7\u00e3o continuar\u00e1 sendo uma prioridade, especialmente as obras nos diques e nas estruturas de prote\u00e7\u00e3o da cidade. Ser\u00e3o dias de muito trabalho, di\u00e1logo e presen\u00e7a em Canoas\u201d, afirmou Rodrigo.<\/p><\/blockquote>\n<p>Tamb\u00e9m est\u00e3o previstas agendas relacionadas a servi\u00e7os, projetos e obras em diferentes regi\u00f5es do munic\u00edpio durante o per\u00edodo em que Busato estiver no comando da Prefeitura.<\/p>\n","protected":false},"excerpt":{"rendered":"<p>O vice-prefeito Rodrigo Busato assumiu, nesta segunda-feira, 31, o comando da Prefeitura de Canoas durante o per\u00edodo de f\u00e9rias do prefeito Airton Souza. Ele permanecer\u00e1 como prefeito em exerc\u00edcio at\u00e9 8 de setembro. Durante o per\u00edodo, Busato ficar\u00e1 \u00e0 frente das atividades da administra\u00e7\u00e3o municipal e acompanhar\u00e1 as a\u00e7\u00f5es em andamento nas diferentes \u00e1reas da [&hellip;]<\/p>\n","protected":false},"author":1,"featured_media":42594,"comment_status":"open","ping_status":"open","sticky":false,"template":"","format":"standard","meta":{"amp_status":"","footnotes":""},"categories":[20],"tags":[31,190,126,44],"class_list":["post-42593","post","type-post","status-publish","format-standard","has-post-thumbnail","hentry","category-politica-noticias","tag-canoas","tag-featured","tag-politica","tag-prefeitura-de-canoas"],"yoast_head":"<!-- This site is optimized with the Yoast SEO plugin v20.5 - https:\/\/yoast.com\/wordpress\/plugins\/seo\/ -->\n<title>Vice-prefeito Rodrigo Busato assume Prefeitura de Canoas at\u00e9 8 de setembro - O Timoneiro Jornal Canoas RS<\/title>\n<meta name=\"description\" content=\"Vice-prefeito Rodrigo Busato assume a Prefeitura de Canoas nesta segunda-feira (31) durante as f\u00e9rias de Airton Souza e fica no cargo at\u00e9 8 de setembro.\" \/>\n<meta name=\"robots\" content=\"index, follow, max-snippet:-1, max-image-preview:large, max-video-preview:-1\" \/>\n<link rel=\"canonical\" href=\"https:\/\/jornaltimoneiro.com.br\/index.php\/2026\/08\/31\/vice-prefeito-rodrigo-busato-assume-prefeitura-de-canoas\/\" \/>\n<meta property=\"og:locale\" content=\"pt_BR\" \/>\n<meta property=\"og:type\" content=\"article\" \/>\n<meta property=\"og:title\" content=\"Vice-prefeito Rodrigo Busato assume Prefeitura de Canoas at\u00e9 8 de setembro - O Timoneiro Jornal Canoas RS\" \/>\n<meta property=\"og:description\" content=\"Vice-prefeito Rodrigo Busato assume a Prefeitura de Canoas nesta segunda-feira (31) durante as f\u00e9rias de Airton Souza e fica no cargo at\u00e9 8 de setembro.\" \/>\n<meta property=\"og:url\" content=\"https:\/\/jornaltimoneiro.com.br\/index.php\/2026\/08\/31\/vice-prefeito-rodrigo-busato-assume-prefeitura-de-canoas\/\" \/>\n<meta property=\"og:site_name\" content=\"O Timoneiro Jornal Canoas RS\" \/>\n<meta property=\"article:publisher\" content=\"https:\/\/www.facebook.com\/jornaltimoneiro\" \/>\n<meta property=\"article:published_time\" content=\"2026-08-31T16:49:57+00:00\" \/>\n<meta property=\"og:image\" content=\"https:\/\/jornaltimoneiro.com.br\/wp-content\/uploads\/2026\/08\/06-08-26-RODRIGO-VISITA-DIQUE-MATO-GRANDE-BRUNO-OURIQUE-114.jpg-scaled.jpeg\" \/>\n\t<meta property=\"og:image:width\" content=\"2560\" \/>\n\t<meta property=\"og:image:height\" content=\"1707\" \/>\n\t<meta property=\"og:image:type\" content=\"image\/jpeg\" \/>\n<meta name=\"author\" content=\"Reda\u00e7\u00e3o\" \/>\n<meta name=\"twitter:card\" content=\"summary_large_image\" \/>\n<meta name=\"twitter:creator\" content=\"@_OTimoneiro\" \/>\n<meta name=\"twitter:site\" content=\"@_OTimoneiro\" \/>\n<meta name=\"twitter:label1\" content=\"Escrito por\" \/>\n\t<meta name=\"twitter:data1\" content=\"Reda\u00e7\u00e3o\" \/>\n\t<meta name=\"twitter:label2\" content=\"Est. tempo de leitura\" \/>\n\t<meta name=\"twitter:data2\" content=\"1 minuto\" \/>\n<script type=\"application\/ld+json\" class=\"yoast-schema-graph\">{\"@context\":\"https:\/\/schema.org\",\"@graph\":[{\"@type\":\"Article\",\"@id\":\"https:\/\/jornaltimoneiro.com.br\/index.php\/2026\/08\/31\/vice-prefeito-rodrigo-busato-assume-prefeitura-de-canoas\/#article\",\"isPartOf\":{\"@id\":\"https:\/\/jornaltimoneiro.com.br\/index.php\/2026\/08\/31\/vice-prefeito-rodrigo-busato-assume-prefeitura-de-canoas\/\"},\"author\":{\"name\":\"Reda\u00e7\u00e3o\",\"@id\":\"https:\/\/jornaltimoneiro.com.br\/#\/schema\/person\/620efd1d8244466117482be494360b08\"},\"headline\":\"Vice-prefeito Rodrigo Busato assume Prefeitura de Canoas at\u00e9 8 de setembro\",\"datePublished\":\"2026-08-31T16:49:57+00:00\",\"dateModified\":\"2026-08-31T16:49:57+00:00\",\"mainEntityOfPage\":{\"@id\":\"https:\/\/jornaltimoneiro.com.br\/index.php\/2026\/08\/31\/vice-prefeito-rodrigo-busato-assume-prefeitura-de-canoas\/\"},\"wordCount\":185,\"commentCount\":0,\"publisher\":{\"@id\":\"https:\/\/jornaltimoneiro.com.br\/#organization\"},\"keywords\":[\"canoas\",\"featured\",\"Pol\u00edtica\",\"Prefeitura de Canoas\"],\"articleSection\":[\"Pol\u00edtica\"],\"inLanguage\":\"pt-BR\",\"potentialAction\":[{\"@type\":\"CommentAction\",\"name\":\"Comment\",\"target\":[\"https:\/\/jornaltimoneiro.com.br\/index.php\/2026\/08\/31\/vice-prefeito-rodrigo-busato-assume-prefeitura-de-canoas\/#respond\"]}]},{\"@type\":\"WebPage\",\"@id\":\"https:\/\/jornaltimoneiro.com.br\/index.php\/2026\/08\/31\/vice-prefeito-rodrigo-busato-assume-prefeitura-de-canoas\/\",\"url\":\"https:\/\/jornaltimoneiro.com.br\/index.php\/2026\/08\/31\/vice-prefeito-rodrigo-busato-assume-prefeitura-de-canoas\/\",\"name\":\"Vice-prefeito Rodrigo Busato assume Prefeitura de Canoas at\u00e9 8 de setembro - O Timoneiro Jornal Canoas RS\",\"isPartOf\":{\"@id\":\"https:\/\/jornaltimoneiro.com.br\/#website\"},\"datePublished\":\"2026-08-31T16:49:57+00:00\",\"dateModified\":\"2026-08-31T16:49:57+00:00\",\"description\":\"Vice-prefeito Rodrigo Busato assume a Prefeitura de Canoas nesta segunda-feira (31) durante as f\u00e9rias de Airton Souza e fica no cargo at\u00e9 8 de setembro.\",\"breadcrumb\":{\"@id\":\"https:\/\/jornaltimoneiro.com.br\/index.php\/2026\/08\/31\/vice-prefeito-rodrigo-busato-assume-prefeitura-de-canoas\/#breadcrumb\"},\"inLanguage\":\"pt-BR\",\"potentialAction\":[{\"@type\":\"ReadAction\",\"target\":[\"https:\/\/jornaltimoneiro.com.br\/index.php\/2026\/08\/31\/vice-prefeito-rodrigo-busato-assume-prefeitura-de-canoas\/\"]}]},{\"@type\":\"BreadcrumbList\",\"@id\":\"https:\/\/jornaltimoneiro.com.br\/index.php\/2026\/08\/31\/vice-prefeito-rodrigo-busato-assume-prefeitura-de-canoas\/#breadcrumb\",\"itemListElement\":[{\"@type\":\"ListItem\",\"position\":1,\"name\":\"In\u00edcio\",\"item\":\"https:\/\/jornaltimoneiro.com.br\/\"},{\"@type\":\"ListItem\",\"position\":2,\"name\":\"Vice-prefeito Rodrigo Busato assume Prefeitura de Canoas at\u00e9 8 de setembro\"}]},{\"@type\":\"WebSite\",\"@id\":\"https:\/\/jornaltimoneiro.com.br\/#website\",\"url\":\"https:\/\/jornaltimoneiro.com.br\/\",\"name\":\"Jornal Timoneiro Canoas RS\",\"description\":\"Jornal O Timoneiro, o verdadeiro jornal de Canoas\",\"publisher\":{\"@id\":\"https:\/\/jornaltimoneiro.com.br\/#organization\"},\"potentialAction\":[{\"@type\":\"SearchAction\",\"target\":{\"@type\":\"EntryPoint\",\"urlTemplate\":\"https:\/\/jornaltimoneiro.com.br\/?s={search_term_string}\"},\"query-input\":\"required name=search_term_string\"}],\"inLanguage\":\"pt-BR\"},{\"@type\":\"Organization\",\"@id\":\"https:\/\/jornaltimoneiro.com.br\/#organization\",\"name\":\"Jornal Timoneiro Canoas RS\",\"url\":\"https:\/\/jornaltimoneiro.com.br\/\",\"logo\":{\"@type\":\"ImageObject\",\"inLanguage\":\"pt-BR\",\"@id\":\"https:\/\/jornaltimoneiro.com.br\/#\/schema\/logo\/image\/\",\"url\":\"https:\/\/jornaltimoneiro.com.br\/wp-content\/uploads\/2023\/03\/logonovo.png\",\"contentUrl\":\"https:\/\/jornaltimoneiro.com.br\/wp-content\/uploads\/2023\/03\/logonovo.png\",\"width\":\"469\",\"height\":\"171\",\"caption\":\"Jornal Timoneiro Canoas RS\"},\"image\":{\"@id\":\"https:\/\/jornaltimoneiro.com.br\/#\/schema\/logo\/image\/\"},\"sameAs\":[\"https:\/\/www.facebook.com\/jornaltimoneiro\",\"https:\/\/twitter.com\/_OTimoneiro\",\"https:\/\/www.instagram.com\/jornaltimoneirocanoas\/\",\"https:\/\/www.youtube.com\/@jornalotimoneiro7927\"]},{\"@type\":\"Person\",\"@id\":\"https:\/\/jornaltimoneiro.com.br\/#\/schema\/person\/620efd1d8244466117482be494360b08\",\"name\":\"Reda\u00e7\u00e3o\",\"image\":{\"@type\":\"ImageObject\",\"inLanguage\":\"pt-BR\",\"@id\":\"https:\/\/jornaltimoneiro.com.br\/#\/schema\/person\/image\/\",\"url\":\"https:\/\/secure.gravatar.com\/avatar\/2f04e1b304682a8d9db336c7acd77f08?s=96&d=mm&r=g\",\"contentUrl\":\"https:\/\/secure.gravatar.com\/avatar\/2f04e1b304682a8d9db336c7acd77f08?s=96&d=mm&r=g\",\"caption\":\"Reda\u00e7\u00e3o\"},\"url\":\"https:\/\/jornaltimoneiro.com.br\/index.php\/author\/timoneirocanoas\/\"}]}<\/script>\n<!-- \/ Yoast SEO plugin. -->","yoast_head_json":{"title":"Vice-prefeito Rodrigo Busato assume Prefeitura de Canoas at\u00e9 8 de setembro - O Timoneiro Jornal Canoas RS","description":"Vice-prefeito Rodrigo Busato assume a Prefeitura de Canoas nesta segunda-feira (31) durante as f\u00e9rias de Airton Souza e fica no cargo at\u00e9 8 de setembro.","robots":{"index":"index","follow":"follow","max-snippet":"max-snippet:-1","max-image-preview":"max-image-preview:large","max-video-preview":"max-video-preview:-1"},"canonical":"https:\/\/jornaltimoneiro.com.br\/index.php\/2026\/08\/31\/vice-prefeito-rodrigo-busato-assume-prefeitura-de-canoas\/","og_locale":"pt_BR","og_type":"article","og_title":"Vice-prefeito Rodrigo Busato assume Prefeitura de Canoas at\u00e9 8 de setembro - O Timoneiro Jornal Canoas RS","og_description":"Vice-prefeito Rodrigo Busato assume a Prefeitura de Canoas nesta segunda-feira (31) durante as f\u00e9rias de Airton Souza e fica no cargo at\u00e9 8 de setembro.","og_url":"https:\/\/jornaltimoneiro.com.br\/index.php\/2026\/08\/31\/vice-prefeito-rodrigo-busato-assume-prefeitura-de-canoas\/","og_site_name":"O Timoneiro Jornal Canoas RS","article_publisher":"https:\/\/www.facebook.com\/jornaltimoneiro","article_published_time":"2026-08-31T16:49:57+00:00","og_image":[{"width":"2560","height":"1707","url":"https:\/\/jornaltimoneiro.com.br\/wp-content\/uploads\/2026\/08\/06-08-26-RODRIGO-VISITA-DIQUE-MATO-GRANDE-BRUNO-OURIQUE-114.jpg-scaled.jpeg","type":"image\/jpeg"}],"author":"Reda\u00e7\u00e3o","twitter_card":"summary_large_image","twitter_creator":"@_OTimoneiro","twitter_site":"@_OTimoneiro","twitter_misc":{"Escrito por":"Reda\u00e7\u00e3o","Est. tempo de leitura":"1 minuto"},"schema":{"@context":"https:\/\/schema.org","@graph":[{"@type":"Article","@id":"https:\/\/jornaltimoneiro.com.br\/index.php\/2026\/08\/31\/vice-prefeito-rodrigo-busato-assume-prefeitura-de-canoas\/#article","isPartOf":{"@id":"https:\/\/jornaltimoneiro.com.br\/index.php\/2026\/08\/31\/vice-prefeito-rodrigo-busato-assume-prefeitura-de-canoas\/"},"author":{"name":"Reda\u00e7\u00e3o","@id":"https:\/\/jornaltimoneiro.com.br\/#\/schema\/person\/620efd1d8244466117482be494360b08"},"headline":"Vice-prefeito Rodrigo Busato assume Prefeitura de Canoas at\u00e9 8 de setembro","datePublished":"2026-08-31T16:49:57+00:00","dateModified":"2026-08-31T16:49:57+00:00","mainEntityOfPage":{"@id":"https:\/\/jornaltimoneiro.com.br\/index.php\/2026\/08\/31\/vice-prefeito-rodrigo-busato-assume-prefeitura-de-canoas\/"},"wordCount":185,"commentCount":0,"publisher":{"@id":"https:\/\/jornaltimoneiro.com.br\/#organization"},"keywords":["canoas","featured","Pol\u00edtica","Prefeitura de Canoas"],"articleSection":["Pol\u00edtica"],"inLanguage":"pt-BR","potentialAction":[{"@type":"CommentAction","name":"Comment","target":["https:\/\/jornaltimoneiro.com.br\/index.php\/2026\/08\/31\/vice-prefeito-rodrigo-busato-assume-prefeitura-de-canoas\/#respond"]}]},{"@type":"WebPage","@id":"https:\/\/jornaltimoneiro.com.br\/index.php\/2026\/08\/31\/vice-prefeito-rodrigo-busato-assume-prefeitura-de-canoas\/","url":"https:\/\/jornaltimoneiro.com.br\/index.php\/2026\/08\/31\/vice-prefeito-rodrigo-busato-assume-prefeitura-de-canoas\/","name":"Vice-prefeito Rodrigo Busato assume Prefeitura de Canoas at\u00e9 8 de setembro - O Timoneiro Jornal Canoas RS","isPartOf":{"@id":"https:\/\/jornaltimoneiro.com.br\/#website"},"datePublished":"2026-08-31T16:49:57+00:00","dateModified":"2026-08-31T16:49:57+00:00","description":"Vice-prefeito Rodrigo Busato assume a Prefeitura de Canoas nesta segunda-feira (31) durante as f\u00e9rias de Airton Souza e fica no cargo at\u00e9 8 de setembro.","breadcrumb":{"@id":"https:\/\/jornaltimoneiro.com.br\/index.php\/2026\/08\/31\/vice-prefeito-rodrigo-busato-assume-prefeitura-de-canoas\/#breadcrumb"},"inLanguage":"pt-BR","potentialAction":[{"@type":"ReadAction","target":["https:\/\/jornaltimoneiro.com.br\/index.php\/2026\/08\/31\/vice-prefeito-rodrigo-busato-assume-prefeitura-de-canoas\/"]}]},{"@type":"BreadcrumbList","@id":"https:\/\/jornaltimoneiro.com.br\/index.php\/2026\/08\/31\/vice-prefeito-rodrigo-busato-assume-prefeitura-de-canoas\/#breadcrumb","itemListElement":[{"@type":"ListItem","position":1,"name":"In\u00edcio","item":"https:\/\/jornaltimoneiro.com.br\/"},{"@type":"ListItem","position":2,"name":"Vice-prefeito Rodrigo Busato assume Prefeitura de Canoas at\u00e9 8 de setembro"}]},{"@type":"WebSite","@id":"https:\/\/jornaltimoneiro.com.br\/#website","url":"https:\/\/jornaltimoneiro.com.br\/","name":"Jornal Timoneiro Canoas RS","description":"Jornal O Timoneiro, o verdadeiro jornal de Canoas","publisher":{"@id":"https:\/\/jornaltimoneiro.com.br\/#organization"},"potentialAction":[{"@type":"SearchAction","target":{"@type":"EntryPoint","urlTemplate":"https:\/\/jornaltimoneiro.com.br\/?s={search_term_string}"},"query-input":"required name=search_term_string"}],"inLanguage":"pt-BR"},{"@type":"Organization","@id":"https:\/\/jornaltimoneiro.com.br\/#organization","name":"Jornal Timoneiro Canoas RS","url":"https:\/\/jornaltimoneiro.com.br\/","logo":{"@type":"ImageObject","inLanguage":"pt-BR","@id":"https:\/\/jornaltimoneiro.com.br\/#\/schema\/logo\/image\/","url":"https:\/\/jornaltimoneiro.com.br\/wp-content\/uploads\/2023\/03\/logonovo.png","contentUrl":"https:\/\/jornaltimoneiro.com.br\/wp-content\/uploads\/2023\/03\/logonovo.png","width":"469","height":"171","caption":"Jornal Timoneiro Canoas RS"},"image":{"@id":"https:\/\/jornaltimoneiro.com.br\/#\/schema\/logo\/image\/"},"sameAs":["https:\/\/www.facebook.com\/jornaltimoneiro","https:\/\/twitter.com\/_OTimoneiro","https:\/\/www.instagram.com\/jornaltimoneirocanoas\/","https:\/\/www.youtube.com\/@jornalotimoneiro7927"]},{"@type":"Person","@id":"https:\/\/jornaltimoneiro.com.br\/#\/schema\/person\/620efd1d8244466117482be494360b08","name":"Reda\u00e7\u00e3o","image":{"@type":"ImageObject","inLanguage":"pt-BR","@id":"https:\/\/jornaltimoneiro.com.br\/#\/schema\/person\/image\/","url":"https:\/\/secure.gravatar.com\/avatar\/2f04e1b304682a8d9db336c7acd77f08?s=96&d=mm&r=g","contentUrl":"https:\/\/secure.gravatar.com\/avatar\/2f04e1b304682a8d9db336c7acd77f08?s=96&d=mm&r=g","caption":"Reda\u00e7\u00e3o"},"url":"https:\/\/jornaltimoneiro.com.br\/index.php\/author\/timoneirocanoas\/"}]}},"_links":{"self":[{"href":"https:\/\/jornaltimoneiro.com.br\/index.php\/wp-json\/wp\/v2\/posts\/42593"}],"collection":[{"href":"https:\/\/jornaltimoneiro.com.br\/index.php\/wp-json\/wp\/v2\/posts"}],"about":[{"href":"https:\/\/jornaltimoneiro.com.br\/index.php\/wp-json\/wp\/v2\/types\/post"}],"author":[{"embeddable":true,"href":"https:\/\/jornaltimoneiro.com.br\/index.php\/wp-json\/wp\/v2\/users\/1"}],"replies":[{"embeddable":true,"href":"https:\/\/jornaltimoneiro.com.br\/index.php\/wp-json\/wp\/v2\/comments?post=42593"}],"version-history":[{"count":1,"href":"https:\/\/jornaltimoneiro.com.br\/index.php\/wp-json\/wp\/v2\/posts\/42593\/revisions"}],"predecessor-version":[{"id":42595,"href":"https:\/\/jornaltimoneiro.com.br\/index.php\/wp-json\/wp\/v2\/posts\/42593\/revisions\/42595"}],"wp:featuredmedia":[{"embeddable":true,"href":"https:\/\/jornaltimoneiro.com.br\/index.php\/wp-json\/wp\/v2\/media\/42594"}],"wp:attachment":[{"href":"https:\/\/jornaltimoneiro.com.br\/index.php\/wp-json\/wp\/v2\/media?parent=42593"}],"wp:term":[{"taxonomy":"category","embeddable":true,"href":"https:\/\/jornaltimoneiro.com.br\/index.php\/wp-json\/wp\/v2\/categories?post=42593"},{"taxonomy":"post_tag","embeddable":true,"href":"https:\/\/jornaltimoneiro.com.br\/index.php\/wp-json\/wp\/v2\/tags?post=42593"}],"curies":[{"name":"wp","href":"https:\/\/api.w.org\/{rel}","templated":true}]}}