{"id":42588,"date":"2026-08-31T09:13:59","date_gmt":"2026-08-31T12:13:59","guid":{"rendered":"https:\/\/jornaltimoneiro.com.br\/?p=42588"},"modified":"2026-08-31T09:13:59","modified_gmt":"2026-08-31T12:13:59","slug":"agencia-caixa-arrombada-canoas-duas-armas-levadas","status":"publish","type":"post","link":"https:\/\/jornaltimoneiro.com.br\/index.php\/2026\/08\/31\/agencia-caixa-arrombada-canoas-duas-armas-levadas\/","title":{"rendered":"Ag\u00eancia da Caixa \u00e9 arrombada durante a madrugada em Canoas; duas armas s\u00e3o levadas"},"content":{"rendered":"<p>Uma ag\u00eancia da Caixa Econ\u00f4mica Federal foi arrombada na madrugada desta segunda-feira, 31, na Avenida Santos Ferreira, no bairro Nossa Senhora das Gra\u00e7as, em Canoas, na Regi\u00e3o Metropolitana de Porto Alegre. Conforme a Pol\u00edcia Federal, duas armas de fogo foram levadas do local.<\/p>\n<p>A Brigada Militar foi acionada por volta das 3h. Quando os policiais chegaram \u00e0 ag\u00eancia, n\u00e3o havia mais ningu\u00e9m no interior da unidade.<\/p>\n<p>Durante a a\u00e7\u00e3o, vidros internos e da porta de entrada foram quebrados. Uma per\u00edcia realizada pela Pol\u00edcia Federal n\u00e3o identificou, at\u00e9 o momento, ind\u00edcios de que dinheiro tenha sido levado da ag\u00eancia.<\/p>\n<p>O local permanece isolado para a realiza\u00e7\u00e3o dos trabalhos da Pol\u00edcia Federal. At\u00e9 o momento, n\u00e3o h\u00e1 informa\u00e7\u00f5es sobre mudan\u00e7as no atendimento da unidade.<\/p>\n","protected":false},"excerpt":{"rendered":"<p>Uma ag\u00eancia da Caixa Econ\u00f4mica Federal foi arrombada na madrugada desta segunda-feira, 31, na Avenida Santos Ferreira, no bairro Nossa Senhora das Gra\u00e7as, em Canoas, na Regi\u00e3o Metropolitana de Porto Alegre. Conforme a Pol\u00edcia Federal, duas armas de fogo foram levadas do local. A Brigada Militar foi acionada por volta das 3h. Quando os policiais [&hellip;]<\/p>\n","protected":false},"author":1,"featured_media":42590,"comment_status":"open","ping_status":"open","sticky":false,"template":"","format":"standard","meta":{"amp_status":"","footnotes":""},"categories":[30],"tags":[1966,31,190,718],"class_list":["post-42588","post","type-post","status-publish","format-standard","has-post-thumbnail","hentry","category-policial","tag-caixa-economica-federal","tag-canoas","tag-featured","tag-policia-civil"],"yoast_head":"<!-- This site is optimized with the Yoast SEO plugin v20.5 - https:\/\/yoast.com\/wordpress\/plugins\/seo\/ -->\n<title>Ag\u00eancia da Caixa \u00e9 arrombada durante a madrugada em Canoas; duas armas s\u00e3o levadas - O Timoneiro Jornal Canoas RS<\/title>\n<meta name=\"description\" content=\"Ag\u00eancia da Caixa foi arrombada na madrugada desta segunda-feira (31), em Canoas. Duas armas foram levadas e PF investiga o caso.\" \/>\n<meta name=\"robots\" content=\"index, follow, max-snippet:-1, max-image-preview:large, max-video-preview:-1\" \/>\n<link rel=\"canonical\" href=\"https:\/\/jornaltimoneiro.com.br\/index.php\/2026\/08\/31\/agencia-caixa-arrombada-canoas-duas-armas-levadas\/\" \/>\n<meta property=\"og:locale\" content=\"pt_BR\" \/>\n<meta property=\"og:type\" content=\"article\" \/>\n<meta property=\"og:title\" content=\"Ag\u00eancia da Caixa \u00e9 arrombada durante a madrugada em Canoas; duas armas s\u00e3o levadas - O Timoneiro Jornal Canoas RS\" \/>\n<meta property=\"og:description\" content=\"Ag\u00eancia da Caixa foi arrombada na madrugada desta segunda-feira (31), em Canoas. Duas armas foram levadas e PF investiga o caso.\" \/>\n<meta property=\"og:url\" content=\"https:\/\/jornaltimoneiro.com.br\/index.php\/2026\/08\/31\/agencia-caixa-arrombada-canoas-duas-armas-levadas\/\" \/>\n<meta property=\"og:site_name\" content=\"O Timoneiro Jornal Canoas RS\" \/>\n<meta property=\"article:publisher\" content=\"https:\/\/www.facebook.com\/jornaltimoneiro\" \/>\n<meta property=\"article:published_time\" content=\"2026-08-31T12:13:59+00:00\" \/>\n<meta property=\"og:image\" content=\"https:\/\/jornaltimoneiro.com.br\/wp-content\/uploads\/2026\/08\/WhatsApp-Image-2026-08-31-at-09.13.04.jpeg\" \/>\n\t<meta property=\"og:image:width\" content=\"1200\" \/>\n\t<meta property=\"og:image:height\" content=\"1600\" \/>\n\t<meta property=\"og:image:type\" content=\"image\/jpeg\" \/>\n<meta name=\"author\" content=\"Reda\u00e7\u00e3o\" \/>\n<meta name=\"twitter:card\" content=\"summary_large_image\" \/>\n<meta name=\"twitter:creator\" content=\"@_OTimoneiro\" \/>\n<meta name=\"twitter:site\" content=\"@_OTimoneiro\" \/>\n<meta name=\"twitter:label1\" content=\"Escrito por\" \/>\n\t<meta name=\"twitter:data1\" content=\"Reda\u00e7\u00e3o\" \/>\n\t<meta name=\"twitter:label2\" content=\"Est. tempo de leitura\" \/>\n\t<meta name=\"twitter:data2\" content=\"1 minuto\" \/>\n<script type=\"application\/ld+json\" class=\"yoast-schema-graph\">{\"@context\":\"https:\/\/schema.org\",\"@graph\":[{\"@type\":\"Article\",\"@id\":\"https:\/\/jornaltimoneiro.com.br\/index.php\/2026\/08\/31\/agencia-caixa-arrombada-canoas-duas-armas-levadas\/#article\",\"isPartOf\":{\"@id\":\"https:\/\/jornaltimoneiro.com.br\/index.php\/2026\/08\/31\/agencia-caixa-arrombada-canoas-duas-armas-levadas\/\"},\"author\":{\"name\":\"Reda\u00e7\u00e3o\",\"@id\":\"https:\/\/jornaltimoneiro.com.br\/#\/schema\/person\/620efd1d8244466117482be494360b08\"},\"headline\":\"Ag\u00eancia da Caixa \u00e9 arrombada durante a madrugada em Canoas; duas armas s\u00e3o levadas\",\"datePublished\":\"2026-08-31T12:13:59+00:00\",\"dateModified\":\"2026-08-31T12:13:59+00:00\",\"mainEntityOfPage\":{\"@id\":\"https:\/\/jornaltimoneiro.com.br\/index.php\/2026\/08\/31\/agencia-caixa-arrombada-canoas-duas-armas-levadas\/\"},\"wordCount\":154,\"commentCount\":0,\"publisher\":{\"@id\":\"https:\/\/jornaltimoneiro.com.br\/#organization\"},\"keywords\":[\"Caixa econ\u00f4mica federal\",\"canoas\",\"featured\",\"pol\u00edcia civil\"],\"articleSection\":[\"Policial\"],\"inLanguage\":\"pt-BR\",\"potentialAction\":[{\"@type\":\"CommentAction\",\"name\":\"Comment\",\"target\":[\"https:\/\/jornaltimoneiro.com.br\/index.php\/2026\/08\/31\/agencia-caixa-arrombada-canoas-duas-armas-levadas\/#respond\"]}]},{\"@type\":\"WebPage\",\"@id\":\"https:\/\/jornaltimoneiro.com.br\/index.php\/2026\/08\/31\/agencia-caixa-arrombada-canoas-duas-armas-levadas\/\",\"url\":\"https:\/\/jornaltimoneiro.com.br\/index.php\/2026\/08\/31\/agencia-caixa-arrombada-canoas-duas-armas-levadas\/\",\"name\":\"Ag\u00eancia da Caixa \u00e9 arrombada durante a madrugada em Canoas; duas armas s\u00e3o levadas - O Timoneiro Jornal Canoas RS\",\"isPartOf\":{\"@id\":\"https:\/\/jornaltimoneiro.com.br\/#website\"},\"datePublished\":\"2026-08-31T12:13:59+00:00\",\"dateModified\":\"2026-08-31T12:13:59+00:00\",\"description\":\"Ag\u00eancia da Caixa foi arrombada na madrugada desta segunda-feira (31), em Canoas. Duas armas foram levadas e PF investiga o caso.\",\"breadcrumb\":{\"@id\":\"https:\/\/jornaltimoneiro.com.br\/index.php\/2026\/08\/31\/agencia-caixa-arrombada-canoas-duas-armas-levadas\/#breadcrumb\"},\"inLanguage\":\"pt-BR\",\"potentialAction\":[{\"@type\":\"ReadAction\",\"target\":[\"https:\/\/jornaltimoneiro.com.br\/index.php\/2026\/08\/31\/agencia-caixa-arrombada-canoas-duas-armas-levadas\/\"]}]},{\"@type\":\"BreadcrumbList\",\"@id\":\"https:\/\/jornaltimoneiro.com.br\/index.php\/2026\/08\/31\/agencia-caixa-arrombada-canoas-duas-armas-levadas\/#breadcrumb\",\"itemListElement\":[{\"@type\":\"ListItem\",\"position\":1,\"name\":\"In\u00edcio\",\"item\":\"https:\/\/jornaltimoneiro.com.br\/\"},{\"@type\":\"ListItem\",\"position\":2,\"name\":\"Ag\u00eancia da Caixa \u00e9 arrombada durante a madrugada em Canoas; duas armas s\u00e3o levadas\"}]},{\"@type\":\"WebSite\",\"@id\":\"https:\/\/jornaltimoneiro.com.br\/#website\",\"url\":\"https:\/\/jornaltimoneiro.com.br\/\",\"name\":\"Jornal Timoneiro Canoas RS\",\"description\":\"Jornal O Timoneiro, o verdadeiro jornal de Canoas\",\"publisher\":{\"@id\":\"https:\/\/jornaltimoneiro.com.br\/#organization\"},\"potentialAction\":[{\"@type\":\"SearchAction\",\"target\":{\"@type\":\"EntryPoint\",\"urlTemplate\":\"https:\/\/jornaltimoneiro.com.br\/?s={search_term_string}\"},\"query-input\":\"required name=search_term_string\"}],\"inLanguage\":\"pt-BR\"},{\"@type\":\"Organization\",\"@id\":\"https:\/\/jornaltimoneiro.com.br\/#organization\",\"name\":\"Jornal Timoneiro Canoas RS\",\"url\":\"https:\/\/jornaltimoneiro.com.br\/\",\"logo\":{\"@type\":\"ImageObject\",\"inLanguage\":\"pt-BR\",\"@id\":\"https:\/\/jornaltimoneiro.com.br\/#\/schema\/logo\/image\/\",\"url\":\"https:\/\/jornaltimoneiro.com.br\/wp-content\/uploads\/2023\/03\/logonovo.png\",\"contentUrl\":\"https:\/\/jornaltimoneiro.com.br\/wp-content\/uploads\/2023\/03\/logonovo.png\",\"width\":\"469\",\"height\":\"171\",\"caption\":\"Jornal Timoneiro Canoas RS\"},\"image\":{\"@id\":\"https:\/\/jornaltimoneiro.com.br\/#\/schema\/logo\/image\/\"},\"sameAs\":[\"https:\/\/www.facebook.com\/jornaltimoneiro\",\"https:\/\/twitter.com\/_OTimoneiro\",\"https:\/\/www.instagram.com\/jornaltimoneirocanoas\/\",\"https:\/\/www.youtube.com\/@jornalotimoneiro7927\"]},{\"@type\":\"Person\",\"@id\":\"https:\/\/jornaltimoneiro.com.br\/#\/schema\/person\/620efd1d8244466117482be494360b08\",\"name\":\"Reda\u00e7\u00e3o\",\"image\":{\"@type\":\"ImageObject\",\"inLanguage\":\"pt-BR\",\"@id\":\"https:\/\/jornaltimoneiro.com.br\/#\/schema\/person\/image\/\",\"url\":\"https:\/\/secure.gravatar.com\/avatar\/2f04e1b304682a8d9db336c7acd77f08?s=96&d=mm&r=g\",\"contentUrl\":\"https:\/\/secure.gravatar.com\/avatar\/2f04e1b304682a8d9db336c7acd77f08?s=96&d=mm&r=g\",\"caption\":\"Reda\u00e7\u00e3o\"},\"url\":\"https:\/\/jornaltimoneiro.com.br\/index.php\/author\/timoneirocanoas\/\"}]}<\/script>\n<!-- \/ Yoast SEO plugin. -->","yoast_head_json":{"title":"Ag\u00eancia da Caixa \u00e9 arrombada durante a madrugada em Canoas; duas armas s\u00e3o levadas - O Timoneiro Jornal Canoas RS","description":"Ag\u00eancia da Caixa foi arrombada na madrugada desta segunda-feira (31), em Canoas. Duas armas foram levadas e PF investiga o caso.","robots":{"index":"index","follow":"follow","max-snippet":"max-snippet:-1","max-image-preview":"max-image-preview:large","max-video-preview":"max-video-preview:-1"},"canonical":"https:\/\/jornaltimoneiro.com.br\/index.php\/2026\/08\/31\/agencia-caixa-arrombada-canoas-duas-armas-levadas\/","og_locale":"pt_BR","og_type":"article","og_title":"Ag\u00eancia da Caixa \u00e9 arrombada durante a madrugada em Canoas; duas armas s\u00e3o levadas - O Timoneiro Jornal Canoas RS","og_description":"Ag\u00eancia da Caixa foi arrombada na madrugada desta segunda-feira (31), em Canoas. Duas armas foram levadas e PF investiga o caso.","og_url":"https:\/\/jornaltimoneiro.com.br\/index.php\/2026\/08\/31\/agencia-caixa-arrombada-canoas-duas-armas-levadas\/","og_site_name":"O Timoneiro Jornal Canoas RS","article_publisher":"https:\/\/www.facebook.com\/jornaltimoneiro","article_published_time":"2026-08-31T12:13:59+00:00","og_image":[{"width":"1200","height":"1600","url":"https:\/\/jornaltimoneiro.com.br\/wp-content\/uploads\/2026\/08\/WhatsApp-Image-2026-08-31-at-09.13.04.jpeg","type":"image\/jpeg"}],"author":"Reda\u00e7\u00e3o","twitter_card":"summary_large_image","twitter_creator":"@_OTimoneiro","twitter_site":"@_OTimoneiro","twitter_misc":{"Escrito por":"Reda\u00e7\u00e3o","Est. tempo de leitura":"1 minuto"},"schema":{"@context":"https:\/\/schema.org","@graph":[{"@type":"Article","@id":"https:\/\/jornaltimoneiro.com.br\/index.php\/2026\/08\/31\/agencia-caixa-arrombada-canoas-duas-armas-levadas\/#article","isPartOf":{"@id":"https:\/\/jornaltimoneiro.com.br\/index.php\/2026\/08\/31\/agencia-caixa-arrombada-canoas-duas-armas-levadas\/"},"author":{"name":"Reda\u00e7\u00e3o","@id":"https:\/\/jornaltimoneiro.com.br\/#\/schema\/person\/620efd1d8244466117482be494360b08"},"headline":"Ag\u00eancia da Caixa \u00e9 arrombada durante a madrugada em Canoas; duas armas s\u00e3o levadas","datePublished":"2026-08-31T12:13:59+00:00","dateModified":"2026-08-31T12:13:59+00:00","mainEntityOfPage":{"@id":"https:\/\/jornaltimoneiro.com.br\/index.php\/2026\/08\/31\/agencia-caixa-arrombada-canoas-duas-armas-levadas\/"},"wordCount":154,"commentCount":0,"publisher":{"@id":"https:\/\/jornaltimoneiro.com.br\/#organization"},"keywords":["Caixa econ\u00f4mica federal","canoas","featured","pol\u00edcia civil"],"articleSection":["Policial"],"inLanguage":"pt-BR","potentialAction":[{"@type":"CommentAction","name":"Comment","target":["https:\/\/jornaltimoneiro.com.br\/index.php\/2026\/08\/31\/agencia-caixa-arrombada-canoas-duas-armas-levadas\/#respond"]}]},{"@type":"WebPage","@id":"https:\/\/jornaltimoneiro.com.br\/index.php\/2026\/08\/31\/agencia-caixa-arrombada-canoas-duas-armas-levadas\/","url":"https:\/\/jornaltimoneiro.com.br\/index.php\/2026\/08\/31\/agencia-caixa-arrombada-canoas-duas-armas-levadas\/","name":"Ag\u00eancia da Caixa \u00e9 arrombada durante a madrugada em Canoas; duas armas s\u00e3o levadas - O Timoneiro Jornal Canoas RS","isPartOf":{"@id":"https:\/\/jornaltimoneiro.com.br\/#website"},"datePublished":"2026-08-31T12:13:59+00:00","dateModified":"2026-08-31T12:13:59+00:00","description":"Ag\u00eancia da Caixa foi arrombada na madrugada desta segunda-feira (31), em Canoas. Duas armas foram levadas e PF investiga o caso.","breadcrumb":{"@id":"https:\/\/jornaltimoneiro.com.br\/index.php\/2026\/08\/31\/agencia-caixa-arrombada-canoas-duas-armas-levadas\/#breadcrumb"},"inLanguage":"pt-BR","potentialAction":[{"@type":"ReadAction","target":["https:\/\/jornaltimoneiro.com.br\/index.php\/2026\/08\/31\/agencia-caixa-arrombada-canoas-duas-armas-levadas\/"]}]},{"@type":"BreadcrumbList","@id":"https:\/\/jornaltimoneiro.com.br\/index.php\/2026\/08\/31\/agencia-caixa-arrombada-canoas-duas-armas-levadas\/#breadcrumb","itemListElement":[{"@type":"ListItem","position":1,"name":"In\u00edcio","item":"https:\/\/jornaltimoneiro.com.br\/"},{"@type":"ListItem","position":2,"name":"Ag\u00eancia da Caixa \u00e9 arrombada durante a madrugada em Canoas; duas armas s\u00e3o levadas"}]},{"@type":"WebSite","@id":"https:\/\/jornaltimoneiro.com.br\/#website","url":"https:\/\/jornaltimoneiro.com.br\/","name":"Jornal Timoneiro Canoas RS","description":"Jornal O Timoneiro, o verdadeiro jornal de Canoas","publisher":{"@id":"https:\/\/jornaltimoneiro.com.br\/#organization"},"potentialAction":[{"@type":"SearchAction","target":{"@type":"EntryPoint","urlTemplate":"https:\/\/jornaltimoneiro.com.br\/?s={search_term_string}"},"query-input":"required name=search_term_string"}],"inLanguage":"pt-BR"},{"@type":"Organization","@id":"https:\/\/jornaltimoneiro.com.br\/#organization","name":"Jornal Timoneiro Canoas RS","url":"https:\/\/jornaltimoneiro.com.br\/","logo":{"@type":"ImageObject","inLanguage":"pt-BR","@id":"https:\/\/jornaltimoneiro.com.br\/#\/schema\/logo\/image\/","url":"https:\/\/jornaltimoneiro.com.br\/wp-content\/uploads\/2023\/03\/logonovo.png","contentUrl":"https:\/\/jornaltimoneiro.com.br\/wp-content\/uploads\/2023\/03\/logonovo.png","width":"469","height":"171","caption":"Jornal Timoneiro Canoas RS"},"image":{"@id":"https:\/\/jornaltimoneiro.com.br\/#\/schema\/logo\/image\/"},"sameAs":["https:\/\/www.facebook.com\/jornaltimoneiro","https:\/\/twitter.com\/_OTimoneiro","https:\/\/www.instagram.com\/jornaltimoneirocanoas\/","https:\/\/www.youtube.com\/@jornalotimoneiro7927"]},{"@type":"Person","@id":"https:\/\/jornaltimoneiro.com.br\/#\/schema\/person\/620efd1d8244466117482be494360b08","name":"Reda\u00e7\u00e3o","image":{"@type":"ImageObject","inLanguage":"pt-BR","@id":"https:\/\/jornaltimoneiro.com.br\/#\/schema\/person\/image\/","url":"https:\/\/secure.gravatar.com\/avatar\/2f04e1b304682a8d9db336c7acd77f08?s=96&d=mm&r=g","contentUrl":"https:\/\/secure.gravatar.com\/avatar\/2f04e1b304682a8d9db336c7acd77f08?s=96&d=mm&r=g","caption":"Reda\u00e7\u00e3o"},"url":"https:\/\/jornaltimoneiro.com.br\/index.php\/author\/timoneirocanoas\/"}]}},"_links":{"self":[{"href":"https:\/\/jornaltimoneiro.com.br\/index.php\/wp-json\/wp\/v2\/posts\/42588"}],"collection":[{"href":"https:\/\/jornaltimoneiro.com.br\/index.php\/wp-json\/wp\/v2\/posts"}],"about":[{"href":"https:\/\/jornaltimoneiro.com.br\/index.php\/wp-json\/wp\/v2\/types\/post"}],"author":[{"embeddable":true,"href":"https:\/\/jornaltimoneiro.com.br\/index.php\/wp-json\/wp\/v2\/users\/1"}],"replies":[{"embeddable":true,"href":"https:\/\/jornaltimoneiro.com.br\/index.php\/wp-json\/wp\/v2\/comments?post=42588"}],"version-history":[{"count":1,"href":"https:\/\/jornaltimoneiro.com.br\/index.php\/wp-json\/wp\/v2\/posts\/42588\/revisions"}],"predecessor-version":[{"id":42591,"href":"https:\/\/jornaltimoneiro.com.br\/index.php\/wp-json\/wp\/v2\/posts\/42588\/revisions\/42591"}],"wp:featuredmedia":[{"embeddable":true,"href":"https:\/\/jornaltimoneiro.com.br\/index.php\/wp-json\/wp\/v2\/media\/42590"}],"wp:attachment":[{"href":"https:\/\/jornaltimoneiro.com.br\/index.php\/wp-json\/wp\/v2\/media?parent=42588"}],"wp:term":[{"taxonomy":"category","embeddable":true,"href":"https:\/\/jornaltimoneiro.com.br\/index.php\/wp-json\/wp\/v2\/categories?post=42588"},{"taxonomy":"post_tag","embeddable":true,"href":"https:\/\/jornaltimoneiro.com.br\/index.php\/wp-json\/wp\/v2\/tags?post=42588"}],"curies":[{"name":"wp","href":"https:\/\/api.w.org\/{rel}","templated":true}]}}