{"id":4094,"date":"2016-06-17T13:51:03","date_gmt":"2016-06-17T16:51:03","guid":{"rendered":"http:\/\/otimoneiro.com.br\/?p=4094"},"modified":"2016-06-17T13:51:03","modified_gmt":"2016-06-17T16:51:03","slug":"sindilojas-aperta-o-cerco-contra-o-comercio-ilegal-no-centro","status":"publish","type":"post","link":"https:\/\/jornaltimoneiro.com.br\/index.php\/2016\/06\/17\/sindilojas-aperta-o-cerco-contra-o-comercio-ilegal-no-centro\/","title":{"rendered":"Sindilojas aperta o cerco contra o com\u00e9rcio ilegal no centro"},"content":{"rendered":"<div id=\"attachment_4095\" style=\"width: 620px\" class=\"wp-caption aligncenter\"><a href=\"http:\/\/otimoneiro.com.br\/wp-content\/uploads\/2016\/06\/DSC09211.jpg\"><img decoding=\"async\" aria-describedby=\"caption-attachment-4095\" class=\" wp-image-4095\" src=\"http:\/\/otimoneiro.com.br\/wp-content\/uploads\/2016\/06\/DSC09211-1024x683.jpg\" alt=\"Vendedores ambulantes est\u00e3o cada vez em maior n\u00famero no centro. Foto: Bruno Lara\/OT.\" width=\"610\" height=\"407\" \/><\/a><p id=\"caption-attachment-4095\" class=\"wp-caption-text\">Vendedores ambulantes est\u00e3o cada vez em maior n\u00famero no centro. Foto: Bruno Lara\/OT.<\/p><\/div>\n<p>&nbsp;<\/p>\n<p style=\"text-align: right;\">Por <em><strong>Bruno Lara\u00a0<\/strong><\/em>e<\/p>\n<p style=\"text-align: right;\"><strong><em>\u00c9merson Vasconcelos<\/em><\/strong><\/p>\n<p>&nbsp;<\/p>\n<p>Na \u00faltima quarta-feira, 15, no almo\u00e7o de confraterniza\u00e7\u00e3o da reuni\u00e3o ordin\u00e1ria de diretoria do Sindilojas Canoas, a principal pauta foi a prolifera\u00e7\u00e3o do com\u00e9rcio ilegal na cidade. O presidente em exerc\u00edcio da entidade, Itamar Tadeu Barboza da Silva e v\u00e1rios dos demais participantes questionaram veementemente o secret\u00e1rio municipal de Desenvolvimento Econ\u00f4mico (SMDE), Francisco Valmor Marques de \u00c1vila, sobre os vendedores ambulantes que se instalam cada vez mais no Centro da cidade. Tadeu argumentou que eles se instalam de forma irregular e comercializam produtos piratas, concorrendo de forma desleal com o com\u00e9rcio legalizado.<\/p>\n<h3>Pirataria<\/h3>\n<p>E n\u00e3o s\u00e3o apenas os ambulantes que se classificam como uma preocupa\u00e7\u00e3o para o Sindilojas. Estabelecimentos com loja f\u00edsica em ponto f\u00edsico tamb\u00e9m vem trabalhando com produtos piratas, que muitas vezes oferecem riscos \u00e0 sa\u00fade do consumidor, como no caso de \u00f3culos falsificados. O presidente licenciado do Sindicato, Den\u00e9rio Neumann Denerio, que tamb\u00e9m participou do almo\u00e7o, lembrou que h\u00e1 cerca de tr\u00eas anos a pirataria chegou a cair neste mercado, mas por pouco tempo: &#8220;O Brasil deu uma ensaiada de sairmos para ter qualidade. Come\u00e7ou a se olhar a qualidade. Depois foi caindo e hoje estamos no extremo. O consumidor, l\u00e1 na ponta, \u00e9 a grande v\u00edtima e ele n\u00e3o sabe o que est\u00e1 acontecendo, n\u00e3o tem ideia de que est\u00e1 comprando uma lente sem qualidade\u201d.<\/p>\n<p>Segundo ele, \u201cdas cerca de 65 \u00f3ticas funcionando em Canoas, um grande grupo n\u00e3o est\u00e1 legalizado. Sem diploma, sem qualidade nenhuma, e est\u00e1 funcionando. Aquelas que est\u00e3o mais organizadas s\u00e3o as que s\u00e3o fiscalizadas&#8221;, criticou.<\/p>\n<h3>Mercado\u00a0dominado<\/h3>\n<p>Roberto Vargas, representante do Sindi\u00f3ticas na reuni\u00e3o, disse que a pirataria j\u00e1 constitui mais da metade do mercado do setor. \u201cA ilegalidade assume, no nosso mercado, uma posi\u00e7\u00e3o assustadora e um preju\u00edzo igualmente assustador. Existem, na verdade, grandes estruturas criminosas por tr\u00e1s dessas vendas ambulantes. O com\u00e9rcio de \u00f3tica hoje, ilegal, representa 60% do com\u00e9rcio de \u00f3tica\u201d, apontou.<\/p>\n<p>Vargas ainda voltou a pontuar a respeito dos ambulantes, opinando que muitas vezes eles alegam, para n\u00e3o serem impedidos de vender nas ruas, que s\u00e3o de origem ind\u00edgena. \u201cA venda por ind\u00edgenas n\u00e3o se pode combater, pois est\u00e1 protegida em legisla\u00e7\u00e3o federal, mas o produto n\u00e3o est\u00e1. O que se pode questionar n\u00e3o \u00e9 a ocupa\u00e7\u00e3o do espa\u00e7o, mas o produto em si comercializado, n\u00e3o pode ser pirataria\u201d, disse.<\/p>\n<h3>Problema de pol\u00edcia?<\/h3>\n<p>Representando a SMDE, \u00c1vila afirmou que os fiscais de sua secretaria s\u00f3 podem recolher mercadorias, mas que o trabalho de reprimir estas vendas informais seria da pol\u00edcia. \u201cOs \u00edndios tem um certo privil\u00e9gio, mas eu penso diferente. Eles n\u00e3o podem ter um tratamento desigual. A ex-secret\u00e1ria Simone leite negociou com os \u00edndios para colocar suas bancas em cinco espa\u00e7os no munic\u00edpio para vender artesanato e existe um decreto feito pelo prefeito Jairo Jorge, que pro\u00edbe a instala\u00e7\u00e3o de novos ambulantes no centro da cidade. Meu compromisso \u00e9, junto com o pessoal da Funai, reestabelecer os cinco locais e que vendam apenas artesanato\u201d, se compromete.<\/p>\n<p>Segundo o secret\u00e1rio, em 2014, a Prefeitura apreendeu 2.779 mercadorias. Neste ano, por\u00e9m, apenas nos \u00faltimos dois meses foram apreendias 2.035 mercadorias ilegais. Questionado sobre a discrep\u00e2ncia nos n\u00fameros de apreens\u00f5es entre o ano passado e este, Francisco apontou que se d\u00e1 em fun\u00e7\u00e3o do quadro de funcion\u00e1rios. \u201cAgregou-se fiscais. Eramos quatro no Desenvolvimento Econ\u00f4mico. Com o \u00faltimo concurso recebemos mais tr\u00eas fiscais. Isso permitiu que, al\u00e9m dos trabalhos burocr\u00e1ticos, mas pessoas pudessem ir para a rua e fazer essa a\u00e7\u00e3o\u201d, resumiu.<\/p>\n","protected":false},"excerpt":{"rendered":"<p>&nbsp; Por Bruno Lara\u00a0e \u00c9merson Vasconcelos &nbsp; Na \u00faltima quarta-feira, 15, no almo\u00e7o de confraterniza\u00e7\u00e3o da reuni\u00e3o ordin\u00e1ria de diretoria do Sindilojas Canoas, a principal pauta foi a prolifera\u00e7\u00e3o do com\u00e9rcio ilegal na cidade. O presidente em exerc\u00edcio da entidade, Itamar Tadeu Barboza da Silva e v\u00e1rios dos demais participantes questionaram veementemente o secret\u00e1rio municipal [&hellip;]<\/p>\n","protected":false},"author":1,"featured_media":4095,"comment_status":"open","ping_status":"open","sticky":false,"template":"","format":"standard","meta":{"amp_status":"","footnotes":""},"categories":[25,19,28,22],"tags":[],"class_list":["post-4094","post","type-post","status-publish","format-standard","has-post-thumbnail","hentry","category-comunidade","category-destaques","category-especiais","category-noticias"],"yoast_head":"<!-- This site is optimized with the Yoast SEO plugin v20.5 - https:\/\/yoast.com\/wordpress\/plugins\/seo\/ -->\n<title>Sindilojas aperta o cerco contra o com\u00e9rcio ilegal no centro - O Timoneiro Jornal Canoas RS<\/title>\n<meta name=\"robots\" content=\"index, follow, max-snippet:-1, max-image-preview:large, max-video-preview:-1\" \/>\n<link rel=\"canonical\" href=\"https:\/\/jornaltimoneiro.com.br\/index.php\/2016\/06\/17\/sindilojas-aperta-o-cerco-contra-o-comercio-ilegal-no-centro\/\" \/>\n<meta property=\"og:locale\" content=\"pt_BR\" \/>\n<meta property=\"og:type\" content=\"article\" \/>\n<meta property=\"og:title\" content=\"Sindilojas aperta o cerco contra o com\u00e9rcio ilegal no centro - O Timoneiro Jornal Canoas RS\" \/>\n<meta property=\"og:description\" content=\"&nbsp; Por Bruno Lara\u00a0e \u00c9merson Vasconcelos &nbsp; Na \u00faltima quarta-feira, 15, no almo\u00e7o de confraterniza\u00e7\u00e3o da reuni\u00e3o ordin\u00e1ria de diretoria do Sindilojas Canoas, a principal pauta foi a prolifera\u00e7\u00e3o do com\u00e9rcio ilegal na cidade. O presidente em exerc\u00edcio da entidade, Itamar Tadeu Barboza da Silva e v\u00e1rios dos demais participantes questionaram veementemente o secret\u00e1rio municipal [&hellip;]\" \/>\n<meta property=\"og:url\" content=\"https:\/\/jornaltimoneiro.com.br\/index.php\/2016\/06\/17\/sindilojas-aperta-o-cerco-contra-o-comercio-ilegal-no-centro\/\" \/>\n<meta property=\"og:site_name\" content=\"O Timoneiro Jornal Canoas RS\" \/>\n<meta property=\"article:publisher\" content=\"https:\/\/www.facebook.com\/jornaltimoneiro\" \/>\n<meta property=\"article:published_time\" content=\"2016-06-17T16:51:03+00:00\" \/>\n<meta name=\"author\" content=\"Reda\u00e7\u00e3o\" \/>\n<meta name=\"twitter:card\" content=\"summary_large_image\" \/>\n<meta name=\"twitter:creator\" content=\"@_OTimoneiro\" \/>\n<meta name=\"twitter:site\" content=\"@_OTimoneiro\" \/>\n<meta name=\"twitter:label1\" content=\"Escrito por\" \/>\n\t<meta name=\"twitter:data1\" content=\"Reda\u00e7\u00e3o\" \/>\n\t<meta name=\"twitter:label2\" content=\"Est. tempo de leitura\" \/>\n\t<meta name=\"twitter:data2\" content=\"3 minutos\" \/>\n<script type=\"application\/ld+json\" class=\"yoast-schema-graph\">{\"@context\":\"https:\/\/schema.org\",\"@graph\":[{\"@type\":\"Article\",\"@id\":\"https:\/\/jornaltimoneiro.com.br\/index.php\/2016\/06\/17\/sindilojas-aperta-o-cerco-contra-o-comercio-ilegal-no-centro\/#article\",\"isPartOf\":{\"@id\":\"https:\/\/jornaltimoneiro.com.br\/index.php\/2016\/06\/17\/sindilojas-aperta-o-cerco-contra-o-comercio-ilegal-no-centro\/\"},\"author\":{\"name\":\"Reda\u00e7\u00e3o\",\"@id\":\"https:\/\/jornaltimoneiro.com.br\/#\/schema\/person\/620efd1d8244466117482be494360b08\"},\"headline\":\"Sindilojas aperta o cerco contra o com\u00e9rcio ilegal no centro\",\"datePublished\":\"2016-06-17T16:51:03+00:00\",\"dateModified\":\"2016-06-17T16:51:03+00:00\",\"mainEntityOfPage\":{\"@id\":\"https:\/\/jornaltimoneiro.com.br\/index.php\/2016\/06\/17\/sindilojas-aperta-o-cerco-contra-o-comercio-ilegal-no-centro\/\"},\"wordCount\":673,\"commentCount\":0,\"publisher\":{\"@id\":\"https:\/\/jornaltimoneiro.com.br\/#organization\"},\"articleSection\":[\"Comunidade\",\"Destaques\",\"Especiais\",\"Not\u00edcias\"],\"inLanguage\":\"pt-BR\",\"potentialAction\":[{\"@type\":\"CommentAction\",\"name\":\"Comment\",\"target\":[\"https:\/\/jornaltimoneiro.com.br\/index.php\/2016\/06\/17\/sindilojas-aperta-o-cerco-contra-o-comercio-ilegal-no-centro\/#respond\"]}]},{\"@type\":\"WebPage\",\"@id\":\"https:\/\/jornaltimoneiro.com.br\/index.php\/2016\/06\/17\/sindilojas-aperta-o-cerco-contra-o-comercio-ilegal-no-centro\/\",\"url\":\"https:\/\/jornaltimoneiro.com.br\/index.php\/2016\/06\/17\/sindilojas-aperta-o-cerco-contra-o-comercio-ilegal-no-centro\/\",\"name\":\"Sindilojas aperta o cerco contra o com\u00e9rcio ilegal no centro - O Timoneiro Jornal Canoas RS\",\"isPartOf\":{\"@id\":\"https:\/\/jornaltimoneiro.com.br\/#website\"},\"datePublished\":\"2016-06-17T16:51:03+00:00\",\"dateModified\":\"2016-06-17T16:51:03+00:00\",\"breadcrumb\":{\"@id\":\"https:\/\/jornaltimoneiro.com.br\/index.php\/2016\/06\/17\/sindilojas-aperta-o-cerco-contra-o-comercio-ilegal-no-centro\/#breadcrumb\"},\"inLanguage\":\"pt-BR\",\"potentialAction\":[{\"@type\":\"ReadAction\",\"target\":[\"https:\/\/jornaltimoneiro.com.br\/index.php\/2016\/06\/17\/sindilojas-aperta-o-cerco-contra-o-comercio-ilegal-no-centro\/\"]}]},{\"@type\":\"BreadcrumbList\",\"@id\":\"https:\/\/jornaltimoneiro.com.br\/index.php\/2016\/06\/17\/sindilojas-aperta-o-cerco-contra-o-comercio-ilegal-no-centro\/#breadcrumb\",\"itemListElement\":[{\"@type\":\"ListItem\",\"position\":1,\"name\":\"In\u00edcio\",\"item\":\"https:\/\/jornaltimoneiro.com.br\/\"},{\"@type\":\"ListItem\",\"position\":2,\"name\":\"Sindilojas aperta o cerco contra o com\u00e9rcio ilegal no centro\"}]},{\"@type\":\"WebSite\",\"@id\":\"https:\/\/jornaltimoneiro.com.br\/#website\",\"url\":\"https:\/\/jornaltimoneiro.com.br\/\",\"name\":\"Jornal Timoneiro Canoas RS\",\"description\":\"Jornal O Timoneiro, o verdadeiro jornal de Canoas\",\"publisher\":{\"@id\":\"https:\/\/jornaltimoneiro.com.br\/#organization\"},\"potentialAction\":[{\"@type\":\"SearchAction\",\"target\":{\"@type\":\"EntryPoint\",\"urlTemplate\":\"https:\/\/jornaltimoneiro.com.br\/?s={search_term_string}\"},\"query-input\":\"required name=search_term_string\"}],\"inLanguage\":\"pt-BR\"},{\"@type\":\"Organization\",\"@id\":\"https:\/\/jornaltimoneiro.com.br\/#organization\",\"name\":\"Jornal Timoneiro Canoas RS\",\"url\":\"https:\/\/jornaltimoneiro.com.br\/\",\"logo\":{\"@type\":\"ImageObject\",\"inLanguage\":\"pt-BR\",\"@id\":\"https:\/\/jornaltimoneiro.com.br\/#\/schema\/logo\/image\/\",\"url\":\"https:\/\/jornaltimoneiro.com.br\/wp-content\/uploads\/2023\/03\/logonovo.png\",\"contentUrl\":\"https:\/\/jornaltimoneiro.com.br\/wp-content\/uploads\/2023\/03\/logonovo.png\",\"width\":\"469\",\"height\":\"171\",\"caption\":\"Jornal Timoneiro Canoas RS\"},\"image\":{\"@id\":\"https:\/\/jornaltimoneiro.com.br\/#\/schema\/logo\/image\/\"},\"sameAs\":[\"https:\/\/www.facebook.com\/jornaltimoneiro\",\"https:\/\/twitter.com\/_OTimoneiro\",\"https:\/\/www.instagram.com\/jornaltimoneirocanoas\/\",\"https:\/\/www.youtube.com\/@jornalotimoneiro7927\"]},{\"@type\":\"Person\",\"@id\":\"https:\/\/jornaltimoneiro.com.br\/#\/schema\/person\/620efd1d8244466117482be494360b08\",\"name\":\"Reda\u00e7\u00e3o\",\"image\":{\"@type\":\"ImageObject\",\"inLanguage\":\"pt-BR\",\"@id\":\"https:\/\/jornaltimoneiro.com.br\/#\/schema\/person\/image\/\",\"url\":\"https:\/\/secure.gravatar.com\/avatar\/2f04e1b304682a8d9db336c7acd77f08?s=96&d=mm&r=g\",\"contentUrl\":\"https:\/\/secure.gravatar.com\/avatar\/2f04e1b304682a8d9db336c7acd77f08?s=96&d=mm&r=g\",\"caption\":\"Reda\u00e7\u00e3o\"},\"url\":\"https:\/\/jornaltimoneiro.com.br\/index.php\/author\/timoneirocanoas\/\"}]}<\/script>\n<!-- \/ Yoast SEO plugin. -->","yoast_head_json":{"title":"Sindilojas aperta o cerco contra o com\u00e9rcio ilegal no centro - O Timoneiro Jornal Canoas RS","robots":{"index":"index","follow":"follow","max-snippet":"max-snippet:-1","max-image-preview":"max-image-preview:large","max-video-preview":"max-video-preview:-1"},"canonical":"https:\/\/jornaltimoneiro.com.br\/index.php\/2016\/06\/17\/sindilojas-aperta-o-cerco-contra-o-comercio-ilegal-no-centro\/","og_locale":"pt_BR","og_type":"article","og_title":"Sindilojas aperta o cerco contra o com\u00e9rcio ilegal no centro - O Timoneiro Jornal Canoas RS","og_description":"&nbsp; Por Bruno Lara\u00a0e \u00c9merson Vasconcelos &nbsp; Na \u00faltima quarta-feira, 15, no almo\u00e7o de confraterniza\u00e7\u00e3o da reuni\u00e3o ordin\u00e1ria de diretoria do Sindilojas Canoas, a principal pauta foi a prolifera\u00e7\u00e3o do com\u00e9rcio ilegal na cidade. O presidente em exerc\u00edcio da entidade, Itamar Tadeu Barboza da Silva e v\u00e1rios dos demais participantes questionaram veementemente o secret\u00e1rio municipal [&hellip;]","og_url":"https:\/\/jornaltimoneiro.com.br\/index.php\/2016\/06\/17\/sindilojas-aperta-o-cerco-contra-o-comercio-ilegal-no-centro\/","og_site_name":"O Timoneiro Jornal Canoas RS","article_publisher":"https:\/\/www.facebook.com\/jornaltimoneiro","article_published_time":"2016-06-17T16:51:03+00:00","author":"Reda\u00e7\u00e3o","twitter_card":"summary_large_image","twitter_creator":"@_OTimoneiro","twitter_site":"@_OTimoneiro","twitter_misc":{"Escrito por":"Reda\u00e7\u00e3o","Est. tempo de leitura":"3 minutos"},"schema":{"@context":"https:\/\/schema.org","@graph":[{"@type":"Article","@id":"https:\/\/jornaltimoneiro.com.br\/index.php\/2016\/06\/17\/sindilojas-aperta-o-cerco-contra-o-comercio-ilegal-no-centro\/#article","isPartOf":{"@id":"https:\/\/jornaltimoneiro.com.br\/index.php\/2016\/06\/17\/sindilojas-aperta-o-cerco-contra-o-comercio-ilegal-no-centro\/"},"author":{"name":"Reda\u00e7\u00e3o","@id":"https:\/\/jornaltimoneiro.com.br\/#\/schema\/person\/620efd1d8244466117482be494360b08"},"headline":"Sindilojas aperta o cerco contra o com\u00e9rcio ilegal no centro","datePublished":"2016-06-17T16:51:03+00:00","dateModified":"2016-06-17T16:51:03+00:00","mainEntityOfPage":{"@id":"https:\/\/jornaltimoneiro.com.br\/index.php\/2016\/06\/17\/sindilojas-aperta-o-cerco-contra-o-comercio-ilegal-no-centro\/"},"wordCount":673,"commentCount":0,"publisher":{"@id":"https:\/\/jornaltimoneiro.com.br\/#organization"},"articleSection":["Comunidade","Destaques","Especiais","Not\u00edcias"],"inLanguage":"pt-BR","potentialAction":[{"@type":"CommentAction","name":"Comment","target":["https:\/\/jornaltimoneiro.com.br\/index.php\/2016\/06\/17\/sindilojas-aperta-o-cerco-contra-o-comercio-ilegal-no-centro\/#respond"]}]},{"@type":"WebPage","@id":"https:\/\/jornaltimoneiro.com.br\/index.php\/2016\/06\/17\/sindilojas-aperta-o-cerco-contra-o-comercio-ilegal-no-centro\/","url":"https:\/\/jornaltimoneiro.com.br\/index.php\/2016\/06\/17\/sindilojas-aperta-o-cerco-contra-o-comercio-ilegal-no-centro\/","name":"Sindilojas aperta o cerco contra o com\u00e9rcio ilegal no centro - O Timoneiro Jornal Canoas RS","isPartOf":{"@id":"https:\/\/jornaltimoneiro.com.br\/#website"},"datePublished":"2016-06-17T16:51:03+00:00","dateModified":"2016-06-17T16:51:03+00:00","breadcrumb":{"@id":"https:\/\/jornaltimoneiro.com.br\/index.php\/2016\/06\/17\/sindilojas-aperta-o-cerco-contra-o-comercio-ilegal-no-centro\/#breadcrumb"},"inLanguage":"pt-BR","potentialAction":[{"@type":"ReadAction","target":["https:\/\/jornaltimoneiro.com.br\/index.php\/2016\/06\/17\/sindilojas-aperta-o-cerco-contra-o-comercio-ilegal-no-centro\/"]}]},{"@type":"BreadcrumbList","@id":"https:\/\/jornaltimoneiro.com.br\/index.php\/2016\/06\/17\/sindilojas-aperta-o-cerco-contra-o-comercio-ilegal-no-centro\/#breadcrumb","itemListElement":[{"@type":"ListItem","position":1,"name":"In\u00edcio","item":"https:\/\/jornaltimoneiro.com.br\/"},{"@type":"ListItem","position":2,"name":"Sindilojas aperta o cerco contra o com\u00e9rcio ilegal no centro"}]},{"@type":"WebSite","@id":"https:\/\/jornaltimoneiro.com.br\/#website","url":"https:\/\/jornaltimoneiro.com.br\/","name":"Jornal Timoneiro Canoas RS","description":"Jornal O Timoneiro, o verdadeiro jornal de Canoas","publisher":{"@id":"https:\/\/jornaltimoneiro.com.br\/#organization"},"potentialAction":[{"@type":"SearchAction","target":{"@type":"EntryPoint","urlTemplate":"https:\/\/jornaltimoneiro.com.br\/?s={search_term_string}"},"query-input":"required name=search_term_string"}],"inLanguage":"pt-BR"},{"@type":"Organization","@id":"https:\/\/jornaltimoneiro.com.br\/#organization","name":"Jornal Timoneiro Canoas RS","url":"https:\/\/jornaltimoneiro.com.br\/","logo":{"@type":"ImageObject","inLanguage":"pt-BR","@id":"https:\/\/jornaltimoneiro.com.br\/#\/schema\/logo\/image\/","url":"https:\/\/jornaltimoneiro.com.br\/wp-content\/uploads\/2023\/03\/logonovo.png","contentUrl":"https:\/\/jornaltimoneiro.com.br\/wp-content\/uploads\/2023\/03\/logonovo.png","width":"469","height":"171","caption":"Jornal Timoneiro Canoas RS"},"image":{"@id":"https:\/\/jornaltimoneiro.com.br\/#\/schema\/logo\/image\/"},"sameAs":["https:\/\/www.facebook.com\/jornaltimoneiro","https:\/\/twitter.com\/_OTimoneiro","https:\/\/www.instagram.com\/jornaltimoneirocanoas\/","https:\/\/www.youtube.com\/@jornalotimoneiro7927"]},{"@type":"Person","@id":"https:\/\/jornaltimoneiro.com.br\/#\/schema\/person\/620efd1d8244466117482be494360b08","name":"Reda\u00e7\u00e3o","image":{"@type":"ImageObject","inLanguage":"pt-BR","@id":"https:\/\/jornaltimoneiro.com.br\/#\/schema\/person\/image\/","url":"https:\/\/secure.gravatar.com\/avatar\/2f04e1b304682a8d9db336c7acd77f08?s=96&d=mm&r=g","contentUrl":"https:\/\/secure.gravatar.com\/avatar\/2f04e1b304682a8d9db336c7acd77f08?s=96&d=mm&r=g","caption":"Reda\u00e7\u00e3o"},"url":"https:\/\/jornaltimoneiro.com.br\/index.php\/author\/timoneirocanoas\/"}]}},"_links":{"self":[{"href":"https:\/\/jornaltimoneiro.com.br\/index.php\/wp-json\/wp\/v2\/posts\/4094"}],"collection":[{"href":"https:\/\/jornaltimoneiro.com.br\/index.php\/wp-json\/wp\/v2\/posts"}],"about":[{"href":"https:\/\/jornaltimoneiro.com.br\/index.php\/wp-json\/wp\/v2\/types\/post"}],"author":[{"embeddable":true,"href":"https:\/\/jornaltimoneiro.com.br\/index.php\/wp-json\/wp\/v2\/users\/1"}],"replies":[{"embeddable":true,"href":"https:\/\/jornaltimoneiro.com.br\/index.php\/wp-json\/wp\/v2\/comments?post=4094"}],"version-history":[{"count":0,"href":"https:\/\/jornaltimoneiro.com.br\/index.php\/wp-json\/wp\/v2\/posts\/4094\/revisions"}],"wp:featuredmedia":[{"embeddable":true,"href":"https:\/\/jornaltimoneiro.com.br\/index.php\/wp-json\/"}],"wp:attachment":[{"href":"https:\/\/jornaltimoneiro.com.br\/index.php\/wp-json\/wp\/v2\/media?parent=4094"}],"wp:term":[{"taxonomy":"category","embeddable":true,"href":"https:\/\/jornaltimoneiro.com.br\/index.php\/wp-json\/wp\/v2\/categories?post=4094"},{"taxonomy":"post_tag","embeddable":true,"href":"https:\/\/jornaltimoneiro.com.br\/index.php\/wp-json\/wp\/v2\/tags?post=4094"}],"curies":[{"name":"wp","href":"https:\/\/api.w.org\/{rel}","templated":true}]}}