{"id":409,"date":"2015-06-23T12:07:25","date_gmt":"2015-06-23T15:07:25","guid":{"rendered":"http:\/\/otimoneiro.com.br\/?p=409"},"modified":"2015-06-23T12:07:25","modified_gmt":"2015-06-23T15:07:25","slug":"eleita-a-executiva-do-pdt-para-os-proximos-dois-anos","status":"publish","type":"post","link":"https:\/\/jornaltimoneiro.com.br\/index.php\/2015\/06\/23\/eleita-a-executiva-do-pdt-para-os-proximos-dois-anos\/","title":{"rendered":"Eleita a Executiva do PDT para os pr\u00f3ximos dois anos"},"content":{"rendered":"<p style=\"text-align: justify;\">O Partido Democr\u00e1tico Trabalhista (PDT) de Canoas escolheu sua Executiva no s\u00e1bado, 13 de junho. Segundo os organizadores, 652 filiados foram votar na nova e \u00fanica chapa, que reconduziu pela s\u00e9tima vez, Lademir Silveira como presidente. Deniz Molarinho ficou como primeiro vice, seguido do vereador Juares Hoy, eleito segundo vice. Alcy Paulo de Oliveira\u00a0(o Cica), Secret\u00e1rio de Obras do munic\u00edpio, ficou como secret\u00e1rio do partido e Juliano Dias Furquim (subprefeito da regi\u00e3o sudeste) como tesoureiro. Ant\u00f4nio Dedom\u00eanico e Marcus Vinicius Machado (secret\u00e1rio da subprefeitura da regi\u00e3o central) ficam como primeiro e segundo suplentes, respectivamente.<\/p>\n<p style=\"text-align: justify;\">Lademir Silveira, presidente do PDT e secret\u00e1rio adjunto da Secretaria Municipal de Obras (SMO) do munic\u00edpio, afirmou ao jornal <strong>O Timoneiro<\/strong> que o partido instituiu cinco novas secretarias. \u201cIsso trar\u00e1 um diferencial\u201d, afirma. S\u00e3o elas:<\/p>\n<p style=\"text-align: justify;\">Secretaria dos Movimentos e \u00d3rg\u00e3o de Ponta: M\u00edriam Ag\u00e1pia Chevarria<\/p>\n<p style=\"text-align: justify;\">Secretaria de Diversidade: Sidiclei Mancy (Secret\u00e1rio\u00a0especial da Coordenadoria Municipal de Pol\u00edticas para Igualdade Racial de Canoas).<\/p>\n<p style=\"text-align: justify;\">Secretaria da Mobilidade: Marcio Freitas<\/p>\n<p style=\"text-align: justify;\">Secretaria dos Aposentados e Pensionistas: Paulo Menna Barreto<\/p>\n<p style=\"text-align: justify;\">Secretaria de Comunica\u00e7\u00e3o: Odelto Capeletti<\/p>\n<div id=\"attachment_410\" style=\"width: 481px\" class=\"wp-caption aligncenter\"><a href=\"http:\/\/otimoneiro.com.br\/wp-content\/uploads\/2015\/06\/Executiva-PDT-2015.jpg\"><img decoding=\"async\" aria-describedby=\"caption-attachment-410\" class=\"wp-image-410 \" src=\"http:\/\/otimoneiro.com.br\/wp-content\/uploads\/2015\/06\/Executiva-PDT-2015-1024x576.jpg\" alt=\"Executiva PDT 2015. Foto: Assessoria PDT\" width=\"471\" height=\"265\" \/><\/a><p id=\"caption-attachment-410\" class=\"wp-caption-text\">Executiva PDT 2015. Foto: Assessoria PDT<\/p><\/div>\n<p style=\"text-align: justify;\">Em entrevista, Lademir foi enf\u00e1tico ao afirmar que a sigla est\u00e1 aliada a base do governo e que continua desta forma. \u201cTemos ali os tr\u00eas vereadores, Juares, que participar\u00e1 da conven\u00e7\u00e3o querendo ser candidato a Prefeito. A conven\u00e7\u00e3o decidir\u00e1 isso. Mas n\u00e3o mudou nada\u201d, conclui.<\/p>\n<p style=\"text-align: justify;\">Sobre estar a frente do PDT pela s\u00e9tima vez, afirmou que a Executiva mudou. \u201cTodo o partido, toda institui\u00e7\u00e3o, sempre uma oxigena\u00e7\u00e3o \u00e9 v\u00e1lida. N\u00f3s fizemos uma renova\u00e7\u00e3o significativa na Executiva. Me sinto, cada vez mais, com uma maior responsabilidade. N\u00e3o houve chapa de oposi\u00e7\u00e3o. Isso n\u00e3o nos envaidece, pelo contr\u00e1rio, cada vez mais responsabilidade\u201d, afirma.<\/p>\n<p style=\"text-align: justify;\">Segundo ele, o Partido Democr\u00e1tico Trabalhista \u00e9 o maior de Canoas em n\u00famero de filiados somando 9.512 ao todo. \u201cTemos a consci\u00eancia da responsabilidade de conduzir tr\u00eas vereadores muito bem votados na C\u00e2mara dos Vereadores\u201d, conclui.<\/p>\n<p style=\"text-align: justify;\">Para Lademir, o partido definir\u00e1 em sua conven\u00e7\u00e3o o rumo para a elei\u00e7\u00e3o de 2016, mas argumenta que a tend\u00eancia \u00e9 continuarem coma base do governo. \u201cO partido vai definir isso no momento oportuno que \u00e9 a conven\u00e7\u00e3o (maio de 2016). Uma s\u00e9rie de discuss\u00f5es ser\u00e3o iniciadas (at\u00e9 l\u00e1). H\u00e1 uma tend\u00eancia forte no diret\u00f3rio de continuar com a alian\u00e7a com o partido dos trabalhadores. Nossa inten\u00e7\u00e3o \u00e9 continuar a parceria. N\u00e3o \u00e9 uma decis\u00e3o, \u00e9 uma tend\u00eancia. \u00c9 uma parceria salutar, digna, que correspondeu muito com a expectativa do partido em Canoas. Vamos ver quem estar\u00e1 a frente na elei\u00e7\u00e3o. Se o candidato ser\u00e1 o PDT ou do PT\u201d, termina.<\/p>\n","protected":false},"excerpt":{"rendered":"<p>H\u00e1 uma tend\u00eancia forte no diret\u00f3rio de continuar com a alian\u00e7a com o partido dos trabalhadores. Nossa inten\u00e7\u00e3o \u00e9 continuar a parceria. N\u00e3o \u00e9 uma decis\u00e3o, \u00e9 uma tend\u00eancia. \u00c9 uma parceria salutar, digna, que correspondeu muito com a expectativa do partido em Canoas. Vamos ver quem estar\u00e1 a frente na elei\u00e7\u00e3o. Se o candidato ser\u00e1 o PDT ou do PT\u201d. Lademir Silveira, Secretario adjunto de obras de Canoas e presidente do PDT municipal. <\/p>\n","protected":false},"author":1,"featured_media":0,"comment_status":"open","ping_status":"open","sticky":false,"template":"","format":"standard","meta":{"amp_status":"","footnotes":""},"categories":[19,22,20],"tags":[],"class_list":["post-409","post","type-post","status-publish","format-standard","hentry","category-destaques","category-noticias","category-politica-noticias"],"yoast_head":"<!-- This site is optimized with the Yoast SEO plugin v20.5 - https:\/\/yoast.com\/wordpress\/plugins\/seo\/ -->\n<title>Eleita a Executiva do PDT para os pr\u00f3ximos dois anos - O Timoneiro Jornal Canoas RS<\/title>\n<meta name=\"robots\" content=\"index, follow, max-snippet:-1, max-image-preview:large, max-video-preview:-1\" \/>\n<link rel=\"canonical\" href=\"https:\/\/jornaltimoneiro.com.br\/index.php\/2015\/06\/23\/eleita-a-executiva-do-pdt-para-os-proximos-dois-anos\/\" \/>\n<meta property=\"og:locale\" content=\"pt_BR\" \/>\n<meta property=\"og:type\" content=\"article\" \/>\n<meta property=\"og:title\" content=\"Eleita a Executiva do PDT para os pr\u00f3ximos dois anos - O Timoneiro Jornal Canoas RS\" \/>\n<meta property=\"og:description\" content=\"H\u00e1 uma tend\u00eancia forte no diret\u00f3rio de continuar com a alian\u00e7a com o partido dos trabalhadores. Nossa inten\u00e7\u00e3o \u00e9 continuar a parceria. N\u00e3o \u00e9 uma decis\u00e3o, \u00e9 uma tend\u00eancia. \u00c9 uma parceria salutar, digna, que correspondeu muito com a expectativa do partido em Canoas. Vamos ver quem estar\u00e1 a frente na elei\u00e7\u00e3o. Se o candidato ser\u00e1 o PDT ou do PT\u201d. Lademir Silveira, Secretario adjunto de obras de Canoas e presidente do PDT municipal.\" \/>\n<meta property=\"og:url\" content=\"https:\/\/jornaltimoneiro.com.br\/index.php\/2015\/06\/23\/eleita-a-executiva-do-pdt-para-os-proximos-dois-anos\/\" \/>\n<meta property=\"og:site_name\" content=\"O Timoneiro Jornal Canoas RS\" \/>\n<meta property=\"article:publisher\" content=\"https:\/\/www.facebook.com\/jornaltimoneiro\" \/>\n<meta property=\"article:published_time\" content=\"2015-06-23T15:07:25+00:00\" \/>\n<meta property=\"og:image\" content=\"http:\/\/otimoneiro.com.br\/wp-content\/uploads\/2015\/06\/Executiva-PDT-2015-1024x576.jpg\" \/>\n<meta name=\"author\" content=\"Reda\u00e7\u00e3o\" \/>\n<meta name=\"twitter:card\" content=\"summary_large_image\" \/>\n<meta name=\"twitter:creator\" content=\"@_OTimoneiro\" \/>\n<meta name=\"twitter:site\" content=\"@_OTimoneiro\" \/>\n<meta name=\"twitter:label1\" content=\"Escrito por\" \/>\n\t<meta name=\"twitter:data1\" content=\"Reda\u00e7\u00e3o\" \/>\n\t<meta name=\"twitter:label2\" content=\"Est. tempo de leitura\" \/>\n\t<meta name=\"twitter:data2\" content=\"2 minutos\" \/>\n<script type=\"application\/ld+json\" class=\"yoast-schema-graph\">{\"@context\":\"https:\/\/schema.org\",\"@graph\":[{\"@type\":\"Article\",\"@id\":\"https:\/\/jornaltimoneiro.com.br\/index.php\/2015\/06\/23\/eleita-a-executiva-do-pdt-para-os-proximos-dois-anos\/#article\",\"isPartOf\":{\"@id\":\"https:\/\/jornaltimoneiro.com.br\/index.php\/2015\/06\/23\/eleita-a-executiva-do-pdt-para-os-proximos-dois-anos\/\"},\"author\":{\"name\":\"Reda\u00e7\u00e3o\",\"@id\":\"https:\/\/jornaltimoneiro.com.br\/#\/schema\/person\/620efd1d8244466117482be494360b08\"},\"headline\":\"Eleita a Executiva do PDT para os pr\u00f3ximos dois anos\",\"datePublished\":\"2015-06-23T15:07:25+00:00\",\"dateModified\":\"2015-06-23T15:07:25+00:00\",\"mainEntityOfPage\":{\"@id\":\"https:\/\/jornaltimoneiro.com.br\/index.php\/2015\/06\/23\/eleita-a-executiva-do-pdt-para-os-proximos-dois-anos\/\"},\"wordCount\":488,\"commentCount\":0,\"publisher\":{\"@id\":\"https:\/\/jornaltimoneiro.com.br\/#organization\"},\"articleSection\":[\"Destaques\",\"Not\u00edcias\",\"Pol\u00edtica\"],\"inLanguage\":\"pt-BR\",\"potentialAction\":[{\"@type\":\"CommentAction\",\"name\":\"Comment\",\"target\":[\"https:\/\/jornaltimoneiro.com.br\/index.php\/2015\/06\/23\/eleita-a-executiva-do-pdt-para-os-proximos-dois-anos\/#respond\"]}]},{\"@type\":\"WebPage\",\"@id\":\"https:\/\/jornaltimoneiro.com.br\/index.php\/2015\/06\/23\/eleita-a-executiva-do-pdt-para-os-proximos-dois-anos\/\",\"url\":\"https:\/\/jornaltimoneiro.com.br\/index.php\/2015\/06\/23\/eleita-a-executiva-do-pdt-para-os-proximos-dois-anos\/\",\"name\":\"Eleita a Executiva do PDT para os pr\u00f3ximos dois anos - O Timoneiro Jornal Canoas RS\",\"isPartOf\":{\"@id\":\"https:\/\/jornaltimoneiro.com.br\/#website\"},\"datePublished\":\"2015-06-23T15:07:25+00:00\",\"dateModified\":\"2015-06-23T15:07:25+00:00\",\"breadcrumb\":{\"@id\":\"https:\/\/jornaltimoneiro.com.br\/index.php\/2015\/06\/23\/eleita-a-executiva-do-pdt-para-os-proximos-dois-anos\/#breadcrumb\"},\"inLanguage\":\"pt-BR\",\"potentialAction\":[{\"@type\":\"ReadAction\",\"target\":[\"https:\/\/jornaltimoneiro.com.br\/index.php\/2015\/06\/23\/eleita-a-executiva-do-pdt-para-os-proximos-dois-anos\/\"]}]},{\"@type\":\"BreadcrumbList\",\"@id\":\"https:\/\/jornaltimoneiro.com.br\/index.php\/2015\/06\/23\/eleita-a-executiva-do-pdt-para-os-proximos-dois-anos\/#breadcrumb\",\"itemListElement\":[{\"@type\":\"ListItem\",\"position\":1,\"name\":\"In\u00edcio\",\"item\":\"https:\/\/jornaltimoneiro.com.br\/\"},{\"@type\":\"ListItem\",\"position\":2,\"name\":\"Eleita a Executiva do PDT para os pr\u00f3ximos dois anos\"}]},{\"@type\":\"WebSite\",\"@id\":\"https:\/\/jornaltimoneiro.com.br\/#website\",\"url\":\"https:\/\/jornaltimoneiro.com.br\/\",\"name\":\"Jornal Timoneiro Canoas RS\",\"description\":\"Jornal O Timoneiro, o verdadeiro jornal de Canoas\",\"publisher\":{\"@id\":\"https:\/\/jornaltimoneiro.com.br\/#organization\"},\"potentialAction\":[{\"@type\":\"SearchAction\",\"target\":{\"@type\":\"EntryPoint\",\"urlTemplate\":\"https:\/\/jornaltimoneiro.com.br\/?s={search_term_string}\"},\"query-input\":\"required name=search_term_string\"}],\"inLanguage\":\"pt-BR\"},{\"@type\":\"Organization\",\"@id\":\"https:\/\/jornaltimoneiro.com.br\/#organization\",\"name\":\"Jornal Timoneiro Canoas RS\",\"url\":\"https:\/\/jornaltimoneiro.com.br\/\",\"logo\":{\"@type\":\"ImageObject\",\"inLanguage\":\"pt-BR\",\"@id\":\"https:\/\/jornaltimoneiro.com.br\/#\/schema\/logo\/image\/\",\"url\":\"https:\/\/jornaltimoneiro.com.br\/wp-content\/uploads\/2023\/03\/logonovo.png\",\"contentUrl\":\"https:\/\/jornaltimoneiro.com.br\/wp-content\/uploads\/2023\/03\/logonovo.png\",\"width\":\"469\",\"height\":\"171\",\"caption\":\"Jornal Timoneiro Canoas RS\"},\"image\":{\"@id\":\"https:\/\/jornaltimoneiro.com.br\/#\/schema\/logo\/image\/\"},\"sameAs\":[\"https:\/\/www.facebook.com\/jornaltimoneiro\",\"https:\/\/twitter.com\/_OTimoneiro\",\"https:\/\/www.instagram.com\/jornaltimoneirocanoas\/\",\"https:\/\/www.youtube.com\/@jornalotimoneiro7927\"]},{\"@type\":\"Person\",\"@id\":\"https:\/\/jornaltimoneiro.com.br\/#\/schema\/person\/620efd1d8244466117482be494360b08\",\"name\":\"Reda\u00e7\u00e3o\",\"image\":{\"@type\":\"ImageObject\",\"inLanguage\":\"pt-BR\",\"@id\":\"https:\/\/jornaltimoneiro.com.br\/#\/schema\/person\/image\/\",\"url\":\"https:\/\/secure.gravatar.com\/avatar\/2f04e1b304682a8d9db336c7acd77f08?s=96&d=mm&r=g\",\"contentUrl\":\"https:\/\/secure.gravatar.com\/avatar\/2f04e1b304682a8d9db336c7acd77f08?s=96&d=mm&r=g\",\"caption\":\"Reda\u00e7\u00e3o\"},\"url\":\"https:\/\/jornaltimoneiro.com.br\/index.php\/author\/timoneirocanoas\/\"}]}<\/script>\n<!-- \/ Yoast SEO plugin. -->","yoast_head_json":{"title":"Eleita a Executiva do PDT para os pr\u00f3ximos dois anos - O Timoneiro Jornal Canoas RS","robots":{"index":"index","follow":"follow","max-snippet":"max-snippet:-1","max-image-preview":"max-image-preview:large","max-video-preview":"max-video-preview:-1"},"canonical":"https:\/\/jornaltimoneiro.com.br\/index.php\/2015\/06\/23\/eleita-a-executiva-do-pdt-para-os-proximos-dois-anos\/","og_locale":"pt_BR","og_type":"article","og_title":"Eleita a Executiva do PDT para os pr\u00f3ximos dois anos - O Timoneiro Jornal Canoas RS","og_description":"H\u00e1 uma tend\u00eancia forte no diret\u00f3rio de continuar com a alian\u00e7a com o partido dos trabalhadores. Nossa inten\u00e7\u00e3o \u00e9 continuar a parceria. N\u00e3o \u00e9 uma decis\u00e3o, \u00e9 uma tend\u00eancia. \u00c9 uma parceria salutar, digna, que correspondeu muito com a expectativa do partido em Canoas. Vamos ver quem estar\u00e1 a frente na elei\u00e7\u00e3o. Se o candidato ser\u00e1 o PDT ou do PT\u201d. Lademir Silveira, Secretario adjunto de obras de Canoas e presidente do PDT municipal.","og_url":"https:\/\/jornaltimoneiro.com.br\/index.php\/2015\/06\/23\/eleita-a-executiva-do-pdt-para-os-proximos-dois-anos\/","og_site_name":"O Timoneiro Jornal Canoas RS","article_publisher":"https:\/\/www.facebook.com\/jornaltimoneiro","article_published_time":"2015-06-23T15:07:25+00:00","og_image":[{"url":"http:\/\/otimoneiro.com.br\/wp-content\/uploads\/2015\/06\/Executiva-PDT-2015-1024x576.jpg"}],"author":"Reda\u00e7\u00e3o","twitter_card":"summary_large_image","twitter_creator":"@_OTimoneiro","twitter_site":"@_OTimoneiro","twitter_misc":{"Escrito por":"Reda\u00e7\u00e3o","Est. tempo de leitura":"2 minutos"},"schema":{"@context":"https:\/\/schema.org","@graph":[{"@type":"Article","@id":"https:\/\/jornaltimoneiro.com.br\/index.php\/2015\/06\/23\/eleita-a-executiva-do-pdt-para-os-proximos-dois-anos\/#article","isPartOf":{"@id":"https:\/\/jornaltimoneiro.com.br\/index.php\/2015\/06\/23\/eleita-a-executiva-do-pdt-para-os-proximos-dois-anos\/"},"author":{"name":"Reda\u00e7\u00e3o","@id":"https:\/\/jornaltimoneiro.com.br\/#\/schema\/person\/620efd1d8244466117482be494360b08"},"headline":"Eleita a Executiva do PDT para os pr\u00f3ximos dois anos","datePublished":"2015-06-23T15:07:25+00:00","dateModified":"2015-06-23T15:07:25+00:00","mainEntityOfPage":{"@id":"https:\/\/jornaltimoneiro.com.br\/index.php\/2015\/06\/23\/eleita-a-executiva-do-pdt-para-os-proximos-dois-anos\/"},"wordCount":488,"commentCount":0,"publisher":{"@id":"https:\/\/jornaltimoneiro.com.br\/#organization"},"articleSection":["Destaques","Not\u00edcias","Pol\u00edtica"],"inLanguage":"pt-BR","potentialAction":[{"@type":"CommentAction","name":"Comment","target":["https:\/\/jornaltimoneiro.com.br\/index.php\/2015\/06\/23\/eleita-a-executiva-do-pdt-para-os-proximos-dois-anos\/#respond"]}]},{"@type":"WebPage","@id":"https:\/\/jornaltimoneiro.com.br\/index.php\/2015\/06\/23\/eleita-a-executiva-do-pdt-para-os-proximos-dois-anos\/","url":"https:\/\/jornaltimoneiro.com.br\/index.php\/2015\/06\/23\/eleita-a-executiva-do-pdt-para-os-proximos-dois-anos\/","name":"Eleita a Executiva do PDT para os pr\u00f3ximos dois anos - O Timoneiro Jornal Canoas RS","isPartOf":{"@id":"https:\/\/jornaltimoneiro.com.br\/#website"},"datePublished":"2015-06-23T15:07:25+00:00","dateModified":"2015-06-23T15:07:25+00:00","breadcrumb":{"@id":"https:\/\/jornaltimoneiro.com.br\/index.php\/2015\/06\/23\/eleita-a-executiva-do-pdt-para-os-proximos-dois-anos\/#breadcrumb"},"inLanguage":"pt-BR","potentialAction":[{"@type":"ReadAction","target":["https:\/\/jornaltimoneiro.com.br\/index.php\/2015\/06\/23\/eleita-a-executiva-do-pdt-para-os-proximos-dois-anos\/"]}]},{"@type":"BreadcrumbList","@id":"https:\/\/jornaltimoneiro.com.br\/index.php\/2015\/06\/23\/eleita-a-executiva-do-pdt-para-os-proximos-dois-anos\/#breadcrumb","itemListElement":[{"@type":"ListItem","position":1,"name":"In\u00edcio","item":"https:\/\/jornaltimoneiro.com.br\/"},{"@type":"ListItem","position":2,"name":"Eleita a Executiva do PDT para os pr\u00f3ximos dois anos"}]},{"@type":"WebSite","@id":"https:\/\/jornaltimoneiro.com.br\/#website","url":"https:\/\/jornaltimoneiro.com.br\/","name":"Jornal Timoneiro Canoas RS","description":"Jornal O Timoneiro, o verdadeiro jornal de Canoas","publisher":{"@id":"https:\/\/jornaltimoneiro.com.br\/#organization"},"potentialAction":[{"@type":"SearchAction","target":{"@type":"EntryPoint","urlTemplate":"https:\/\/jornaltimoneiro.com.br\/?s={search_term_string}"},"query-input":"required name=search_term_string"}],"inLanguage":"pt-BR"},{"@type":"Organization","@id":"https:\/\/jornaltimoneiro.com.br\/#organization","name":"Jornal Timoneiro Canoas RS","url":"https:\/\/jornaltimoneiro.com.br\/","logo":{"@type":"ImageObject","inLanguage":"pt-BR","@id":"https:\/\/jornaltimoneiro.com.br\/#\/schema\/logo\/image\/","url":"https:\/\/jornaltimoneiro.com.br\/wp-content\/uploads\/2023\/03\/logonovo.png","contentUrl":"https:\/\/jornaltimoneiro.com.br\/wp-content\/uploads\/2023\/03\/logonovo.png","width":"469","height":"171","caption":"Jornal Timoneiro Canoas RS"},"image":{"@id":"https:\/\/jornaltimoneiro.com.br\/#\/schema\/logo\/image\/"},"sameAs":["https:\/\/www.facebook.com\/jornaltimoneiro","https:\/\/twitter.com\/_OTimoneiro","https:\/\/www.instagram.com\/jornaltimoneirocanoas\/","https:\/\/www.youtube.com\/@jornalotimoneiro7927"]},{"@type":"Person","@id":"https:\/\/jornaltimoneiro.com.br\/#\/schema\/person\/620efd1d8244466117482be494360b08","name":"Reda\u00e7\u00e3o","image":{"@type":"ImageObject","inLanguage":"pt-BR","@id":"https:\/\/jornaltimoneiro.com.br\/#\/schema\/person\/image\/","url":"https:\/\/secure.gravatar.com\/avatar\/2f04e1b304682a8d9db336c7acd77f08?s=96&d=mm&r=g","contentUrl":"https:\/\/secure.gravatar.com\/avatar\/2f04e1b304682a8d9db336c7acd77f08?s=96&d=mm&r=g","caption":"Reda\u00e7\u00e3o"},"url":"https:\/\/jornaltimoneiro.com.br\/index.php\/author\/timoneirocanoas\/"}]}},"_links":{"self":[{"href":"https:\/\/jornaltimoneiro.com.br\/index.php\/wp-json\/wp\/v2\/posts\/409"}],"collection":[{"href":"https:\/\/jornaltimoneiro.com.br\/index.php\/wp-json\/wp\/v2\/posts"}],"about":[{"href":"https:\/\/jornaltimoneiro.com.br\/index.php\/wp-json\/wp\/v2\/types\/post"}],"author":[{"embeddable":true,"href":"https:\/\/jornaltimoneiro.com.br\/index.php\/wp-json\/wp\/v2\/users\/1"}],"replies":[{"embeddable":true,"href":"https:\/\/jornaltimoneiro.com.br\/index.php\/wp-json\/wp\/v2\/comments?post=409"}],"version-history":[{"count":0,"href":"https:\/\/jornaltimoneiro.com.br\/index.php\/wp-json\/wp\/v2\/posts\/409\/revisions"}],"wp:attachment":[{"href":"https:\/\/jornaltimoneiro.com.br\/index.php\/wp-json\/wp\/v2\/media?parent=409"}],"wp:term":[{"taxonomy":"category","embeddable":true,"href":"https:\/\/jornaltimoneiro.com.br\/index.php\/wp-json\/wp\/v2\/categories?post=409"},{"taxonomy":"post_tag","embeddable":true,"href":"https:\/\/jornaltimoneiro.com.br\/index.php\/wp-json\/wp\/v2\/tags?post=409"}],"curies":[{"name":"wp","href":"https:\/\/api.w.org\/{rel}","templated":true}]}}