{"id":4087,"date":"2016-06-17T11:30:49","date_gmt":"2016-06-17T14:30:49","guid":{"rendered":"http:\/\/otimoneiro.com.br\/?p=4087"},"modified":"2016-06-17T11:30:49","modified_gmt":"2016-06-17T14:30:49","slug":"coleta-seletiva-de-canoas-tem-cronograma-alterado","status":"publish","type":"post","link":"https:\/\/jornaltimoneiro.com.br\/index.php\/2016\/06\/17\/coleta-seletiva-de-canoas-tem-cronograma-alterado\/","title":{"rendered":"Coleta seletiva de Canoas  tem cronograma alterado"},"content":{"rendered":"<div id=\"attachment_4088\" style=\"width: 604px\" class=\"wp-caption aligncenter\"><a href=\"http:\/\/otimoneiro.com.br\/wp-content\/uploads\/2016\/06\/media__MG_1744.jpg\"><img decoding=\"async\" aria-describedby=\"caption-attachment-4088\" class=\" wp-image-4088\" src=\"http:\/\/otimoneiro.com.br\/wp-content\/uploads\/2016\/06\/media__MG_1744.jpg\" alt=\"Coleta seletiva. Foto: PMC.\" width=\"594\" height=\"396\" \/><\/a><p id=\"caption-attachment-4088\" class=\"wp-caption-text\">Coleta seletiva. Foto: PMC.<\/p><\/div>\n<p>Desde 2010 \u00e9 realizada na cidade a coleta seletiva, exclusivamente feita por cooperativas de recicladores da cidade que ajudam a dar o destino correto aos res\u00edduos descartados pela popula\u00e7\u00e3o. A Secretaria Municipal de Meio Ambiente, em conformidade ao que determina o Plano Municipal de Coleta Seletiva, far\u00e1 mudan\u00e7as de roteiros e turnos para a coleta, que entrar\u00e3o em vigor a partir do dia 4 de julho.<br \/>\nEm alguns bairros a mudan\u00e7a foi no dia em que a coleta ser\u00e1 realizada. N\u00e3o \u00e9 o caso do bairro Niter\u00f3i, que teve a coleta estendida para mais um dia na semana. As mudan\u00e7as, segundo o \u00f3rg\u00e3o, se deram a partir de estudos da Secretaria Municipal do Meio Ambiente para aproximar os roteiros aos galp\u00f5es\/cooperativas diminuindo custos e dist\u00e2ncias. Assim, as cooperativas passar\u00e3o a atuar nos quadrantes onde est\u00e3o instaladas. Nas regi\u00f5es Nordeste e Sudeste, a coleta ser\u00e1 feita pelas cooperativas Renascer e Coorlas. Nas regi\u00f5es Noroeste e Sudoeste, pela Coopecamate e Coopermag.<br \/>\nA Coleta Seletiva em Canoas \u00e9 realizada por quatro cooperativas de recicladores (Renascer, Cooarlas, Coopecamate e Coopermag) e por mais duas (Cooperativa M\u00e3os Dadas e Coopersol), que tratam exclusivamente da triagem dos res\u00edduos recolhidos. Juntas, somam diretamente mais de 500 pessoas.<\/p>\n<p>Para o secret\u00e1rio municipal de Meio Ambiente, Carlos Todeschini, \u201co trato adequado dos res\u00edduos recicl\u00e1veis se tornou mais uma maneira de garantir renda e de dar o destino correto ao lixo que pode, novamente, se transformar em mat\u00e9ria-prima. Em tempos de crise, a reciclagem dentro das condi\u00e7\u00f5es adequadas e regulamentada, se tornou um meio de vida com dignidade\u201d.<\/p>\n<h3>O que \u00e9 recicl\u00e1vel<\/h3>\n<p><strong>Pl\u00e1stico em geral:<\/strong> copos, garrafas, sacos e sacolas, embalagens PET, canos e tubos de PVC, embalagens de produtos de higiene e limpeza.<br \/>\n<strong>Papel e papel\u00e3o:<\/strong> jornais, revistas, cadernos, aparas de papel, cartolinas e papel cart\u00e3o e caixas.<br \/>\n<strong>Vidros:<\/strong> embalagens de vidro em geral. Vidros quebrados devem ser embalados para evitar cortes no manuseio.<br \/>\n<strong>Metais, alum\u00ednio e a\u00e7o:<\/strong> panelas, torneiras, latas de refrigerante, cerveja, ferragens, chapas, cobre e enlatados.<br \/>\n<strong>Sucatas:<\/strong> de ferro, cobre e arame.<br \/>\nEmbalagens de Tetra Pack: suco, leite e iogurte.<\/p>\n","protected":false},"excerpt":{"rendered":"<p>Desde 2010 \u00e9 realizada na cidade a coleta seletiva, exclusivamente feita por cooperativas de recicladores da cidade que ajudam a dar o destino correto aos res\u00edduos descartados pela popula\u00e7\u00e3o. A Secretaria Municipal de Meio Ambiente, em conformidade ao que determina o Plano Municipal de Coleta Seletiva, far\u00e1 mudan\u00e7as de roteiros e turnos para a coleta, [&hellip;]<\/p>\n","protected":false},"author":1,"featured_media":4088,"comment_status":"open","ping_status":"open","sticky":false,"template":"","format":"standard","meta":{"amp_status":"","footnotes":""},"categories":[25,19,22],"tags":[],"class_list":["post-4087","post","type-post","status-publish","format-standard","has-post-thumbnail","hentry","category-comunidade","category-destaques","category-noticias"],"yoast_head":"<!-- This site is optimized with the Yoast SEO plugin v20.5 - https:\/\/yoast.com\/wordpress\/plugins\/seo\/ -->\n<title>Coleta seletiva de Canoas tem cronograma alterado - O Timoneiro Jornal Canoas RS<\/title>\n<meta name=\"robots\" content=\"index, follow, max-snippet:-1, max-image-preview:large, max-video-preview:-1\" \/>\n<link rel=\"canonical\" href=\"https:\/\/jornaltimoneiro.com.br\/index.php\/2016\/06\/17\/coleta-seletiva-de-canoas-tem-cronograma-alterado\/\" \/>\n<meta property=\"og:locale\" content=\"pt_BR\" \/>\n<meta property=\"og:type\" content=\"article\" \/>\n<meta property=\"og:title\" content=\"Coleta seletiva de Canoas tem cronograma alterado - O Timoneiro Jornal Canoas RS\" \/>\n<meta property=\"og:description\" content=\"Desde 2010 \u00e9 realizada na cidade a coleta seletiva, exclusivamente feita por cooperativas de recicladores da cidade que ajudam a dar o destino correto aos res\u00edduos descartados pela popula\u00e7\u00e3o. A Secretaria Municipal de Meio Ambiente, em conformidade ao que determina o Plano Municipal de Coleta Seletiva, far\u00e1 mudan\u00e7as de roteiros e turnos para a coleta, [&hellip;]\" \/>\n<meta property=\"og:url\" content=\"https:\/\/jornaltimoneiro.com.br\/index.php\/2016\/06\/17\/coleta-seletiva-de-canoas-tem-cronograma-alterado\/\" \/>\n<meta property=\"og:site_name\" content=\"O Timoneiro Jornal Canoas RS\" \/>\n<meta property=\"article:publisher\" content=\"https:\/\/www.facebook.com\/jornaltimoneiro\" \/>\n<meta property=\"article:published_time\" content=\"2016-06-17T14:30:49+00:00\" \/>\n<meta name=\"author\" content=\"Reda\u00e7\u00e3o\" \/>\n<meta name=\"twitter:card\" content=\"summary_large_image\" \/>\n<meta name=\"twitter:creator\" content=\"@_OTimoneiro\" \/>\n<meta name=\"twitter:site\" content=\"@_OTimoneiro\" \/>\n<meta name=\"twitter:label1\" content=\"Escrito por\" \/>\n\t<meta name=\"twitter:data1\" content=\"Reda\u00e7\u00e3o\" \/>\n\t<meta name=\"twitter:label2\" content=\"Est. tempo de leitura\" \/>\n\t<meta name=\"twitter:data2\" content=\"2 minutos\" \/>\n<script type=\"application\/ld+json\" class=\"yoast-schema-graph\">{\"@context\":\"https:\/\/schema.org\",\"@graph\":[{\"@type\":\"Article\",\"@id\":\"https:\/\/jornaltimoneiro.com.br\/index.php\/2016\/06\/17\/coleta-seletiva-de-canoas-tem-cronograma-alterado\/#article\",\"isPartOf\":{\"@id\":\"https:\/\/jornaltimoneiro.com.br\/index.php\/2016\/06\/17\/coleta-seletiva-de-canoas-tem-cronograma-alterado\/\"},\"author\":{\"name\":\"Reda\u00e7\u00e3o\",\"@id\":\"https:\/\/jornaltimoneiro.com.br\/#\/schema\/person\/620efd1d8244466117482be494360b08\"},\"headline\":\"Coleta seletiva de Canoas tem cronograma alterado\",\"datePublished\":\"2016-06-17T14:30:49+00:00\",\"dateModified\":\"2016-06-17T14:30:49+00:00\",\"mainEntityOfPage\":{\"@id\":\"https:\/\/jornaltimoneiro.com.br\/index.php\/2016\/06\/17\/coleta-seletiva-de-canoas-tem-cronograma-alterado\/\"},\"wordCount\":384,\"commentCount\":0,\"publisher\":{\"@id\":\"https:\/\/jornaltimoneiro.com.br\/#organization\"},\"articleSection\":[\"Comunidade\",\"Destaques\",\"Not\u00edcias\"],\"inLanguage\":\"pt-BR\",\"potentialAction\":[{\"@type\":\"CommentAction\",\"name\":\"Comment\",\"target\":[\"https:\/\/jornaltimoneiro.com.br\/index.php\/2016\/06\/17\/coleta-seletiva-de-canoas-tem-cronograma-alterado\/#respond\"]}]},{\"@type\":\"WebPage\",\"@id\":\"https:\/\/jornaltimoneiro.com.br\/index.php\/2016\/06\/17\/coleta-seletiva-de-canoas-tem-cronograma-alterado\/\",\"url\":\"https:\/\/jornaltimoneiro.com.br\/index.php\/2016\/06\/17\/coleta-seletiva-de-canoas-tem-cronograma-alterado\/\",\"name\":\"Coleta seletiva de Canoas tem cronograma alterado - O Timoneiro Jornal Canoas RS\",\"isPartOf\":{\"@id\":\"https:\/\/jornaltimoneiro.com.br\/#website\"},\"datePublished\":\"2016-06-17T14:30:49+00:00\",\"dateModified\":\"2016-06-17T14:30:49+00:00\",\"breadcrumb\":{\"@id\":\"https:\/\/jornaltimoneiro.com.br\/index.php\/2016\/06\/17\/coleta-seletiva-de-canoas-tem-cronograma-alterado\/#breadcrumb\"},\"inLanguage\":\"pt-BR\",\"potentialAction\":[{\"@type\":\"ReadAction\",\"target\":[\"https:\/\/jornaltimoneiro.com.br\/index.php\/2016\/06\/17\/coleta-seletiva-de-canoas-tem-cronograma-alterado\/\"]}]},{\"@type\":\"BreadcrumbList\",\"@id\":\"https:\/\/jornaltimoneiro.com.br\/index.php\/2016\/06\/17\/coleta-seletiva-de-canoas-tem-cronograma-alterado\/#breadcrumb\",\"itemListElement\":[{\"@type\":\"ListItem\",\"position\":1,\"name\":\"In\u00edcio\",\"item\":\"https:\/\/jornaltimoneiro.com.br\/\"},{\"@type\":\"ListItem\",\"position\":2,\"name\":\"Coleta seletiva de Canoas tem cronograma alterado\"}]},{\"@type\":\"WebSite\",\"@id\":\"https:\/\/jornaltimoneiro.com.br\/#website\",\"url\":\"https:\/\/jornaltimoneiro.com.br\/\",\"name\":\"Jornal Timoneiro Canoas RS\",\"description\":\"Jornal O Timoneiro, o verdadeiro jornal de Canoas\",\"publisher\":{\"@id\":\"https:\/\/jornaltimoneiro.com.br\/#organization\"},\"potentialAction\":[{\"@type\":\"SearchAction\",\"target\":{\"@type\":\"EntryPoint\",\"urlTemplate\":\"https:\/\/jornaltimoneiro.com.br\/?s={search_term_string}\"},\"query-input\":\"required name=search_term_string\"}],\"inLanguage\":\"pt-BR\"},{\"@type\":\"Organization\",\"@id\":\"https:\/\/jornaltimoneiro.com.br\/#organization\",\"name\":\"Jornal Timoneiro Canoas RS\",\"url\":\"https:\/\/jornaltimoneiro.com.br\/\",\"logo\":{\"@type\":\"ImageObject\",\"inLanguage\":\"pt-BR\",\"@id\":\"https:\/\/jornaltimoneiro.com.br\/#\/schema\/logo\/image\/\",\"url\":\"https:\/\/jornaltimoneiro.com.br\/wp-content\/uploads\/2023\/03\/logonovo.png\",\"contentUrl\":\"https:\/\/jornaltimoneiro.com.br\/wp-content\/uploads\/2023\/03\/logonovo.png\",\"width\":\"469\",\"height\":\"171\",\"caption\":\"Jornal Timoneiro Canoas RS\"},\"image\":{\"@id\":\"https:\/\/jornaltimoneiro.com.br\/#\/schema\/logo\/image\/\"},\"sameAs\":[\"https:\/\/www.facebook.com\/jornaltimoneiro\",\"https:\/\/twitter.com\/_OTimoneiro\",\"https:\/\/www.instagram.com\/jornaltimoneirocanoas\/\",\"https:\/\/www.youtube.com\/@jornalotimoneiro7927\"]},{\"@type\":\"Person\",\"@id\":\"https:\/\/jornaltimoneiro.com.br\/#\/schema\/person\/620efd1d8244466117482be494360b08\",\"name\":\"Reda\u00e7\u00e3o\",\"image\":{\"@type\":\"ImageObject\",\"inLanguage\":\"pt-BR\",\"@id\":\"https:\/\/jornaltimoneiro.com.br\/#\/schema\/person\/image\/\",\"url\":\"https:\/\/secure.gravatar.com\/avatar\/2f04e1b304682a8d9db336c7acd77f08?s=96&d=mm&r=g\",\"contentUrl\":\"https:\/\/secure.gravatar.com\/avatar\/2f04e1b304682a8d9db336c7acd77f08?s=96&d=mm&r=g\",\"caption\":\"Reda\u00e7\u00e3o\"},\"url\":\"https:\/\/jornaltimoneiro.com.br\/index.php\/author\/timoneirocanoas\/\"}]}<\/script>\n<!-- \/ Yoast SEO plugin. -->","yoast_head_json":{"title":"Coleta seletiva de Canoas tem cronograma alterado - O Timoneiro Jornal Canoas RS","robots":{"index":"index","follow":"follow","max-snippet":"max-snippet:-1","max-image-preview":"max-image-preview:large","max-video-preview":"max-video-preview:-1"},"canonical":"https:\/\/jornaltimoneiro.com.br\/index.php\/2016\/06\/17\/coleta-seletiva-de-canoas-tem-cronograma-alterado\/","og_locale":"pt_BR","og_type":"article","og_title":"Coleta seletiva de Canoas tem cronograma alterado - O Timoneiro Jornal Canoas RS","og_description":"Desde 2010 \u00e9 realizada na cidade a coleta seletiva, exclusivamente feita por cooperativas de recicladores da cidade que ajudam a dar o destino correto aos res\u00edduos descartados pela popula\u00e7\u00e3o. A Secretaria Municipal de Meio Ambiente, em conformidade ao que determina o Plano Municipal de Coleta Seletiva, far\u00e1 mudan\u00e7as de roteiros e turnos para a coleta, [&hellip;]","og_url":"https:\/\/jornaltimoneiro.com.br\/index.php\/2016\/06\/17\/coleta-seletiva-de-canoas-tem-cronograma-alterado\/","og_site_name":"O Timoneiro Jornal Canoas RS","article_publisher":"https:\/\/www.facebook.com\/jornaltimoneiro","article_published_time":"2016-06-17T14:30:49+00:00","author":"Reda\u00e7\u00e3o","twitter_card":"summary_large_image","twitter_creator":"@_OTimoneiro","twitter_site":"@_OTimoneiro","twitter_misc":{"Escrito por":"Reda\u00e7\u00e3o","Est. tempo de leitura":"2 minutos"},"schema":{"@context":"https:\/\/schema.org","@graph":[{"@type":"Article","@id":"https:\/\/jornaltimoneiro.com.br\/index.php\/2016\/06\/17\/coleta-seletiva-de-canoas-tem-cronograma-alterado\/#article","isPartOf":{"@id":"https:\/\/jornaltimoneiro.com.br\/index.php\/2016\/06\/17\/coleta-seletiva-de-canoas-tem-cronograma-alterado\/"},"author":{"name":"Reda\u00e7\u00e3o","@id":"https:\/\/jornaltimoneiro.com.br\/#\/schema\/person\/620efd1d8244466117482be494360b08"},"headline":"Coleta seletiva de Canoas tem cronograma alterado","datePublished":"2016-06-17T14:30:49+00:00","dateModified":"2016-06-17T14:30:49+00:00","mainEntityOfPage":{"@id":"https:\/\/jornaltimoneiro.com.br\/index.php\/2016\/06\/17\/coleta-seletiva-de-canoas-tem-cronograma-alterado\/"},"wordCount":384,"commentCount":0,"publisher":{"@id":"https:\/\/jornaltimoneiro.com.br\/#organization"},"articleSection":["Comunidade","Destaques","Not\u00edcias"],"inLanguage":"pt-BR","potentialAction":[{"@type":"CommentAction","name":"Comment","target":["https:\/\/jornaltimoneiro.com.br\/index.php\/2016\/06\/17\/coleta-seletiva-de-canoas-tem-cronograma-alterado\/#respond"]}]},{"@type":"WebPage","@id":"https:\/\/jornaltimoneiro.com.br\/index.php\/2016\/06\/17\/coleta-seletiva-de-canoas-tem-cronograma-alterado\/","url":"https:\/\/jornaltimoneiro.com.br\/index.php\/2016\/06\/17\/coleta-seletiva-de-canoas-tem-cronograma-alterado\/","name":"Coleta seletiva de Canoas tem cronograma alterado - O Timoneiro Jornal Canoas RS","isPartOf":{"@id":"https:\/\/jornaltimoneiro.com.br\/#website"},"datePublished":"2016-06-17T14:30:49+00:00","dateModified":"2016-06-17T14:30:49+00:00","breadcrumb":{"@id":"https:\/\/jornaltimoneiro.com.br\/index.php\/2016\/06\/17\/coleta-seletiva-de-canoas-tem-cronograma-alterado\/#breadcrumb"},"inLanguage":"pt-BR","potentialAction":[{"@type":"ReadAction","target":["https:\/\/jornaltimoneiro.com.br\/index.php\/2016\/06\/17\/coleta-seletiva-de-canoas-tem-cronograma-alterado\/"]}]},{"@type":"BreadcrumbList","@id":"https:\/\/jornaltimoneiro.com.br\/index.php\/2016\/06\/17\/coleta-seletiva-de-canoas-tem-cronograma-alterado\/#breadcrumb","itemListElement":[{"@type":"ListItem","position":1,"name":"In\u00edcio","item":"https:\/\/jornaltimoneiro.com.br\/"},{"@type":"ListItem","position":2,"name":"Coleta seletiva de Canoas tem cronograma alterado"}]},{"@type":"WebSite","@id":"https:\/\/jornaltimoneiro.com.br\/#website","url":"https:\/\/jornaltimoneiro.com.br\/","name":"Jornal Timoneiro Canoas RS","description":"Jornal O Timoneiro, o verdadeiro jornal de Canoas","publisher":{"@id":"https:\/\/jornaltimoneiro.com.br\/#organization"},"potentialAction":[{"@type":"SearchAction","target":{"@type":"EntryPoint","urlTemplate":"https:\/\/jornaltimoneiro.com.br\/?s={search_term_string}"},"query-input":"required name=search_term_string"}],"inLanguage":"pt-BR"},{"@type":"Organization","@id":"https:\/\/jornaltimoneiro.com.br\/#organization","name":"Jornal Timoneiro Canoas RS","url":"https:\/\/jornaltimoneiro.com.br\/","logo":{"@type":"ImageObject","inLanguage":"pt-BR","@id":"https:\/\/jornaltimoneiro.com.br\/#\/schema\/logo\/image\/","url":"https:\/\/jornaltimoneiro.com.br\/wp-content\/uploads\/2023\/03\/logonovo.png","contentUrl":"https:\/\/jornaltimoneiro.com.br\/wp-content\/uploads\/2023\/03\/logonovo.png","width":"469","height":"171","caption":"Jornal Timoneiro Canoas RS"},"image":{"@id":"https:\/\/jornaltimoneiro.com.br\/#\/schema\/logo\/image\/"},"sameAs":["https:\/\/www.facebook.com\/jornaltimoneiro","https:\/\/twitter.com\/_OTimoneiro","https:\/\/www.instagram.com\/jornaltimoneirocanoas\/","https:\/\/www.youtube.com\/@jornalotimoneiro7927"]},{"@type":"Person","@id":"https:\/\/jornaltimoneiro.com.br\/#\/schema\/person\/620efd1d8244466117482be494360b08","name":"Reda\u00e7\u00e3o","image":{"@type":"ImageObject","inLanguage":"pt-BR","@id":"https:\/\/jornaltimoneiro.com.br\/#\/schema\/person\/image\/","url":"https:\/\/secure.gravatar.com\/avatar\/2f04e1b304682a8d9db336c7acd77f08?s=96&d=mm&r=g","contentUrl":"https:\/\/secure.gravatar.com\/avatar\/2f04e1b304682a8d9db336c7acd77f08?s=96&d=mm&r=g","caption":"Reda\u00e7\u00e3o"},"url":"https:\/\/jornaltimoneiro.com.br\/index.php\/author\/timoneirocanoas\/"}]}},"_links":{"self":[{"href":"https:\/\/jornaltimoneiro.com.br\/index.php\/wp-json\/wp\/v2\/posts\/4087"}],"collection":[{"href":"https:\/\/jornaltimoneiro.com.br\/index.php\/wp-json\/wp\/v2\/posts"}],"about":[{"href":"https:\/\/jornaltimoneiro.com.br\/index.php\/wp-json\/wp\/v2\/types\/post"}],"author":[{"embeddable":true,"href":"https:\/\/jornaltimoneiro.com.br\/index.php\/wp-json\/wp\/v2\/users\/1"}],"replies":[{"embeddable":true,"href":"https:\/\/jornaltimoneiro.com.br\/index.php\/wp-json\/wp\/v2\/comments?post=4087"}],"version-history":[{"count":0,"href":"https:\/\/jornaltimoneiro.com.br\/index.php\/wp-json\/wp\/v2\/posts\/4087\/revisions"}],"wp:featuredmedia":[{"embeddable":true,"href":"https:\/\/jornaltimoneiro.com.br\/index.php\/wp-json\/"}],"wp:attachment":[{"href":"https:\/\/jornaltimoneiro.com.br\/index.php\/wp-json\/wp\/v2\/media?parent=4087"}],"wp:term":[{"taxonomy":"category","embeddable":true,"href":"https:\/\/jornaltimoneiro.com.br\/index.php\/wp-json\/wp\/v2\/categories?post=4087"},{"taxonomy":"post_tag","embeddable":true,"href":"https:\/\/jornaltimoneiro.com.br\/index.php\/wp-json\/wp\/v2\/tags?post=4087"}],"curies":[{"name":"wp","href":"https:\/\/api.w.org\/{rel}","templated":true}]}}