{"id":40524,"date":"2026-04-30T09:21:15","date_gmt":"2026-04-30T12:21:15","guid":{"rendered":"https:\/\/jornaltimoneiro.com.br\/?p=40524"},"modified":"2026-04-30T09:21:15","modified_gmt":"2026-04-30T12:21:15","slug":"uti-neonatal-hospital-femina-retoma-atendimento-apos-surto-superbacteria-porto-alegre","status":"publish","type":"post","link":"https:\/\/jornaltimoneiro.com.br\/index.php\/2026\/04\/30\/uti-neonatal-hospital-femina-retoma-atendimento-apos-surto-superbacteria-porto-alegre\/","title":{"rendered":"UTI neonatal do Hospital F\u00eamina retoma atendimentos ap\u00f3s surto de superbact\u00e9ria em Porto Alegre"},"content":{"rendered":"<p data-start=\"0\" data-end=\"179\">A Unidade de Terapia Intensiva (UTI) neonatal do Hospital F\u00eamina, em <span class=\"hover:entity-accent entity-underline inline cursor-pointer align-baseline\"><span class=\"whitespace-normal\">Porto Alegre<\/span><\/span>, retomou o atendimento a pacientes ap\u00f3s ficar mais de dez dias fechada.<\/p>\n<p data-start=\"181\" data-end=\"415\" data-is-last-node=\"\" data-is-only-node=\"\">A interrup\u00e7\u00e3o ocorreu devido ao controle de um surto causado por uma superbact\u00e9ria. Durante o per\u00edodo, foram adotadas medidas de conten\u00e7\u00e3o e desinfec\u00e7\u00e3o no setor. Com a normaliza\u00e7\u00e3o do ambiente, a unidade voltou a operar regularmente.<\/p>\n<h4 data-start=\"611\" data-end=\"630\"><strong data-start=\"611\" data-end=\"630\">Relembre o caso<\/strong><\/h4>\n<p data-start=\"632\" data-end=\"773\">Um rec\u00e9m-nascido extremamente prematuro, com 26 semanas de gesta\u00e7\u00e3o, morreu ap\u00f3s testar positivo para a bact\u00e9ria na UTI Neonatal do hospital.<\/p>\n<p data-start=\"775\" data-end=\"1082\">O microrganismo, classificado como pan-resistente, foi identificado no dia 16. Ao todo, 34 pacientes estavam internados na unidade no momento do surto. Quatro beb\u00eas testaram positivo, incluindo o rec\u00e9m-nascido que morreu. Os outros tr\u00eas permanecem em estado est\u00e1vel, isolados e sob acompanhamento exclusivo.<\/p>\n<p data-start=\"1084\" data-end=\"1225\">Diante da situa\u00e7\u00e3o, o hospital suspendeu novas interna\u00e7\u00f5es e passou a encaminhar gestantes de alto risco para outras maternidades da Capital.<\/p>\n<p data-start=\"1227\" data-end=\"1521\" data-is-last-node=\"\" data-is-only-node=\"\">Segundo o <span class=\"hover:entity-accent entity-underline inline cursor-pointer align-baseline\"><span class=\"whitespace-normal\">Grupo Hospitalar Concei\u00e7\u00e3o<\/span><\/span>, respons\u00e1vel pela unidade, os \u00f3rg\u00e3os de sa\u00fade foram notificados e as equipes seguem atuando para evitar novos casos. A Secretaria Municipal e a Secretaria Estadual de Sa\u00fade tamb\u00e9m acompanham a situa\u00e7\u00e3o e auxiliam no redirecionamento de pacientes.<\/p>\n<h4>Superbact\u00e9ria<\/h4>\n<p data-start=\"1822\" data-end=\"2160\" data-is-last-node=\"\" data-is-only-node=\"\">A\u00a0<em data-start=\"1824\" data-end=\"1849\">Acinetobacter baumannii<\/em>\u00a0\u00e9 um pat\u00f3geno associado a infec\u00e7\u00f5es hospitalares, com maior risco em pacientes internados por longos per\u00edodos e com o sistema imunol\u00f3gico fragilizado. A bact\u00e9ria tamb\u00e9m apresenta resist\u00eancia a antibi\u00f3ticos de \u00faltima linha, como os carbapen\u00eamicos, o que dificulta o tratamento e aumenta o risco de complica\u00e7\u00f5es.<\/p>\n","protected":false},"excerpt":{"rendered":"<p>A Unidade de Terapia Intensiva (UTI) neonatal do Hospital F\u00eamina, em Porto Alegre, retomou o atendimento a pacientes ap\u00f3s ficar mais de dez dias fechada. A interrup\u00e7\u00e3o ocorreu devido ao controle de um surto causado por uma superbact\u00e9ria. Durante o per\u00edodo, foram adotadas medidas de conten\u00e7\u00e3o e desinfec\u00e7\u00e3o no setor. Com a normaliza\u00e7\u00e3o do ambiente, [&hellip;]<\/p>\n","protected":false},"author":2,"featured_media":40525,"comment_status":"open","ping_status":"open","sticky":false,"template":"","format":"standard","meta":{"amp_status":"","footnotes":""},"categories":[26],"tags":[31,1377,121,189],"class_list":["post-40524","post","type-post","status-publish","format-standard","has-post-thumbnail","hentry","category-saude","tag-canoas","tag-feat","tag-porto-alegre","tag-saude"],"yoast_head":"<!-- This site is optimized with the Yoast SEO plugin v20.5 - https:\/\/yoast.com\/wordpress\/plugins\/seo\/ -->\n<title>UTI neonatal do Hospital F\u00eamina retoma atendimentos ap\u00f3s surto de superbact\u00e9ria em Porto Alegre - O Timoneiro Jornal Canoas RS<\/title>\n<meta name=\"description\" content=\"UTI neonatal do Hospital F\u00eamina retoma atendimentos ap\u00f3s mais de dez dias fechada por surto de superbact\u00e9ria que causou a morte de um rec\u00e9m-nascido.\" \/>\n<meta name=\"robots\" content=\"index, follow, max-snippet:-1, max-image-preview:large, max-video-preview:-1\" \/>\n<link rel=\"canonical\" href=\"https:\/\/jornaltimoneiro.com.br\/index.php\/2026\/04\/30\/uti-neonatal-hospital-femina-retoma-atendimento-apos-surto-superbacteria-porto-alegre\/\" \/>\n<meta property=\"og:locale\" content=\"pt_BR\" \/>\n<meta property=\"og:type\" content=\"article\" \/>\n<meta property=\"og:title\" content=\"UTI neonatal do Hospital F\u00eamina retoma atendimentos ap\u00f3s surto de superbact\u00e9ria em Porto Alegre - O Timoneiro Jornal Canoas RS\" \/>\n<meta property=\"og:description\" content=\"UTI neonatal do Hospital F\u00eamina retoma atendimentos ap\u00f3s mais de dez dias fechada por surto de superbact\u00e9ria que causou a morte de um rec\u00e9m-nascido.\" \/>\n<meta property=\"og:url\" content=\"https:\/\/jornaltimoneiro.com.br\/index.php\/2026\/04\/30\/uti-neonatal-hospital-femina-retoma-atendimento-apos-surto-superbacteria-porto-alegre\/\" \/>\n<meta property=\"og:site_name\" content=\"O Timoneiro Jornal Canoas RS\" \/>\n<meta property=\"article:publisher\" content=\"https:\/\/www.facebook.com\/jornaltimoneiro\" \/>\n<meta property=\"article:published_time\" content=\"2026-04-30T12:21:15+00:00\" \/>\n<meta property=\"og:image\" content=\"https:\/\/jornaltimoneiro.com.br\/wp-content\/uploads\/2026\/04\/648e2f3a7d8087d15aa5c3e84ec7e21e-scaled.jpg\" \/>\n\t<meta property=\"og:image:width\" content=\"2560\" \/>\n\t<meta property=\"og:image:height\" content=\"1707\" \/>\n\t<meta property=\"og:image:type\" content=\"image\/jpeg\" \/>\n<meta name=\"author\" content=\"Reda\u00e7\u00e3o\" \/>\n<meta name=\"twitter:card\" content=\"summary_large_image\" \/>\n<meta name=\"twitter:creator\" content=\"@_OTimoneiro\" \/>\n<meta name=\"twitter:site\" content=\"@_OTimoneiro\" \/>\n<meta name=\"twitter:label1\" content=\"Escrito por\" \/>\n\t<meta name=\"twitter:data1\" content=\"Reda\u00e7\u00e3o\" \/>\n\t<meta name=\"twitter:label2\" content=\"Est. tempo de leitura\" \/>\n\t<meta name=\"twitter:data2\" content=\"2 minutos\" \/>\n<script type=\"application\/ld+json\" class=\"yoast-schema-graph\">{\"@context\":\"https:\/\/schema.org\",\"@graph\":[{\"@type\":\"Article\",\"@id\":\"https:\/\/jornaltimoneiro.com.br\/index.php\/2026\/04\/30\/uti-neonatal-hospital-femina-retoma-atendimento-apos-surto-superbacteria-porto-alegre\/#article\",\"isPartOf\":{\"@id\":\"https:\/\/jornaltimoneiro.com.br\/index.php\/2026\/04\/30\/uti-neonatal-hospital-femina-retoma-atendimento-apos-surto-superbacteria-porto-alegre\/\"},\"author\":{\"name\":\"Reda\u00e7\u00e3o\",\"@id\":\"https:\/\/jornaltimoneiro.com.br\/#\/schema\/person\/f63482f1a02b1a9592707865e509ab40\"},\"headline\":\"UTI neonatal do Hospital F\u00eamina retoma atendimentos ap\u00f3s surto de superbact\u00e9ria em Porto Alegre\",\"datePublished\":\"2026-04-30T12:21:15+00:00\",\"dateModified\":\"2026-04-30T12:21:15+00:00\",\"mainEntityOfPage\":{\"@id\":\"https:\/\/jornaltimoneiro.com.br\/index.php\/2026\/04\/30\/uti-neonatal-hospital-femina-retoma-atendimento-apos-surto-superbacteria-porto-alegre\/\"},\"wordCount\":290,\"commentCount\":0,\"publisher\":{\"@id\":\"https:\/\/jornaltimoneiro.com.br\/#organization\"},\"keywords\":[\"canoas\",\"feat\",\"Porto Alegre\",\"sa\u00fade\"],\"articleSection\":[\"Sa\u00fade\"],\"inLanguage\":\"pt-BR\",\"potentialAction\":[{\"@type\":\"CommentAction\",\"name\":\"Comment\",\"target\":[\"https:\/\/jornaltimoneiro.com.br\/index.php\/2026\/04\/30\/uti-neonatal-hospital-femina-retoma-atendimento-apos-surto-superbacteria-porto-alegre\/#respond\"]}]},{\"@type\":\"WebPage\",\"@id\":\"https:\/\/jornaltimoneiro.com.br\/index.php\/2026\/04\/30\/uti-neonatal-hospital-femina-retoma-atendimento-apos-surto-superbacteria-porto-alegre\/\",\"url\":\"https:\/\/jornaltimoneiro.com.br\/index.php\/2026\/04\/30\/uti-neonatal-hospital-femina-retoma-atendimento-apos-surto-superbacteria-porto-alegre\/\",\"name\":\"UTI neonatal do Hospital F\u00eamina retoma atendimentos ap\u00f3s surto de superbact\u00e9ria em Porto Alegre - O Timoneiro Jornal Canoas RS\",\"isPartOf\":{\"@id\":\"https:\/\/jornaltimoneiro.com.br\/#website\"},\"datePublished\":\"2026-04-30T12:21:15+00:00\",\"dateModified\":\"2026-04-30T12:21:15+00:00\",\"description\":\"UTI neonatal do Hospital F\u00eamina retoma atendimentos ap\u00f3s mais de dez dias fechada por surto de superbact\u00e9ria que causou a morte de um rec\u00e9m-nascido.\",\"breadcrumb\":{\"@id\":\"https:\/\/jornaltimoneiro.com.br\/index.php\/2026\/04\/30\/uti-neonatal-hospital-femina-retoma-atendimento-apos-surto-superbacteria-porto-alegre\/#breadcrumb\"},\"inLanguage\":\"pt-BR\",\"potentialAction\":[{\"@type\":\"ReadAction\",\"target\":[\"https:\/\/jornaltimoneiro.com.br\/index.php\/2026\/04\/30\/uti-neonatal-hospital-femina-retoma-atendimento-apos-surto-superbacteria-porto-alegre\/\"]}]},{\"@type\":\"BreadcrumbList\",\"@id\":\"https:\/\/jornaltimoneiro.com.br\/index.php\/2026\/04\/30\/uti-neonatal-hospital-femina-retoma-atendimento-apos-surto-superbacteria-porto-alegre\/#breadcrumb\",\"itemListElement\":[{\"@type\":\"ListItem\",\"position\":1,\"name\":\"In\u00edcio\",\"item\":\"https:\/\/jornaltimoneiro.com.br\/\"},{\"@type\":\"ListItem\",\"position\":2,\"name\":\"UTI neonatal do Hospital F\u00eamina retoma atendimentos ap\u00f3s surto de superbact\u00e9ria em Porto Alegre\"}]},{\"@type\":\"WebSite\",\"@id\":\"https:\/\/jornaltimoneiro.com.br\/#website\",\"url\":\"https:\/\/jornaltimoneiro.com.br\/\",\"name\":\"Jornal Timoneiro Canoas RS\",\"description\":\"Jornal O Timoneiro, o verdadeiro jornal de Canoas\",\"publisher\":{\"@id\":\"https:\/\/jornaltimoneiro.com.br\/#organization\"},\"potentialAction\":[{\"@type\":\"SearchAction\",\"target\":{\"@type\":\"EntryPoint\",\"urlTemplate\":\"https:\/\/jornaltimoneiro.com.br\/?s={search_term_string}\"},\"query-input\":\"required name=search_term_string\"}],\"inLanguage\":\"pt-BR\"},{\"@type\":\"Organization\",\"@id\":\"https:\/\/jornaltimoneiro.com.br\/#organization\",\"name\":\"Jornal Timoneiro Canoas RS\",\"url\":\"https:\/\/jornaltimoneiro.com.br\/\",\"logo\":{\"@type\":\"ImageObject\",\"inLanguage\":\"pt-BR\",\"@id\":\"https:\/\/jornaltimoneiro.com.br\/#\/schema\/logo\/image\/\",\"url\":\"https:\/\/jornaltimoneiro.com.br\/wp-content\/uploads\/2023\/03\/logonovo.png\",\"contentUrl\":\"https:\/\/jornaltimoneiro.com.br\/wp-content\/uploads\/2023\/03\/logonovo.png\",\"width\":\"469\",\"height\":\"171\",\"caption\":\"Jornal Timoneiro Canoas RS\"},\"image\":{\"@id\":\"https:\/\/jornaltimoneiro.com.br\/#\/schema\/logo\/image\/\"},\"sameAs\":[\"https:\/\/www.facebook.com\/jornaltimoneiro\",\"https:\/\/twitter.com\/_OTimoneiro\",\"https:\/\/www.instagram.com\/jornaltimoneirocanoas\/\",\"https:\/\/www.youtube.com\/@jornalotimoneiro7927\"]},{\"@type\":\"Person\",\"@id\":\"https:\/\/jornaltimoneiro.com.br\/#\/schema\/person\/f63482f1a02b1a9592707865e509ab40\",\"name\":\"Reda\u00e7\u00e3o\",\"image\":{\"@type\":\"ImageObject\",\"inLanguage\":\"pt-BR\",\"@id\":\"https:\/\/jornaltimoneiro.com.br\/#\/schema\/person\/image\/\",\"url\":\"https:\/\/jornaltimoneiro.com.br\/wp-content\/uploads\/2023\/03\/download.jpeg\",\"contentUrl\":\"https:\/\/jornaltimoneiro.com.br\/wp-content\/uploads\/2023\/03\/download.jpeg\",\"caption\":\"Reda\u00e7\u00e3o\"},\"url\":\"https:\/\/jornaltimoneiro.com.br\/index.php\/author\/simone-dutra\/\"}]}<\/script>\n<!-- \/ Yoast SEO plugin. -->","yoast_head_json":{"title":"UTI neonatal do Hospital F\u00eamina retoma atendimentos ap\u00f3s surto de superbact\u00e9ria em Porto Alegre - O Timoneiro Jornal Canoas RS","description":"UTI neonatal do Hospital F\u00eamina retoma atendimentos ap\u00f3s mais de dez dias fechada por surto de superbact\u00e9ria que causou a morte de um rec\u00e9m-nascido.","robots":{"index":"index","follow":"follow","max-snippet":"max-snippet:-1","max-image-preview":"max-image-preview:large","max-video-preview":"max-video-preview:-1"},"canonical":"https:\/\/jornaltimoneiro.com.br\/index.php\/2026\/04\/30\/uti-neonatal-hospital-femina-retoma-atendimento-apos-surto-superbacteria-porto-alegre\/","og_locale":"pt_BR","og_type":"article","og_title":"UTI neonatal do Hospital F\u00eamina retoma atendimentos ap\u00f3s surto de superbact\u00e9ria em Porto Alegre - O Timoneiro Jornal Canoas RS","og_description":"UTI neonatal do Hospital F\u00eamina retoma atendimentos ap\u00f3s mais de dez dias fechada por surto de superbact\u00e9ria que causou a morte de um rec\u00e9m-nascido.","og_url":"https:\/\/jornaltimoneiro.com.br\/index.php\/2026\/04\/30\/uti-neonatal-hospital-femina-retoma-atendimento-apos-surto-superbacteria-porto-alegre\/","og_site_name":"O Timoneiro Jornal Canoas RS","article_publisher":"https:\/\/www.facebook.com\/jornaltimoneiro","article_published_time":"2026-04-30T12:21:15+00:00","og_image":[{"width":"2560","height":"1707","url":"https:\/\/jornaltimoneiro.com.br\/wp-content\/uploads\/2026\/04\/648e2f3a7d8087d15aa5c3e84ec7e21e-scaled.jpg","type":"image\/jpeg"}],"author":"Reda\u00e7\u00e3o","twitter_card":"summary_large_image","twitter_creator":"@_OTimoneiro","twitter_site":"@_OTimoneiro","twitter_misc":{"Escrito por":"Reda\u00e7\u00e3o","Est. tempo de leitura":"2 minutos"},"schema":{"@context":"https:\/\/schema.org","@graph":[{"@type":"Article","@id":"https:\/\/jornaltimoneiro.com.br\/index.php\/2026\/04\/30\/uti-neonatal-hospital-femina-retoma-atendimento-apos-surto-superbacteria-porto-alegre\/#article","isPartOf":{"@id":"https:\/\/jornaltimoneiro.com.br\/index.php\/2026\/04\/30\/uti-neonatal-hospital-femina-retoma-atendimento-apos-surto-superbacteria-porto-alegre\/"},"author":{"name":"Reda\u00e7\u00e3o","@id":"https:\/\/jornaltimoneiro.com.br\/#\/schema\/person\/f63482f1a02b1a9592707865e509ab40"},"headline":"UTI neonatal do Hospital F\u00eamina retoma atendimentos ap\u00f3s surto de superbact\u00e9ria em Porto Alegre","datePublished":"2026-04-30T12:21:15+00:00","dateModified":"2026-04-30T12:21:15+00:00","mainEntityOfPage":{"@id":"https:\/\/jornaltimoneiro.com.br\/index.php\/2026\/04\/30\/uti-neonatal-hospital-femina-retoma-atendimento-apos-surto-superbacteria-porto-alegre\/"},"wordCount":290,"commentCount":0,"publisher":{"@id":"https:\/\/jornaltimoneiro.com.br\/#organization"},"keywords":["canoas","feat","Porto Alegre","sa\u00fade"],"articleSection":["Sa\u00fade"],"inLanguage":"pt-BR","potentialAction":[{"@type":"CommentAction","name":"Comment","target":["https:\/\/jornaltimoneiro.com.br\/index.php\/2026\/04\/30\/uti-neonatal-hospital-femina-retoma-atendimento-apos-surto-superbacteria-porto-alegre\/#respond"]}]},{"@type":"WebPage","@id":"https:\/\/jornaltimoneiro.com.br\/index.php\/2026\/04\/30\/uti-neonatal-hospital-femina-retoma-atendimento-apos-surto-superbacteria-porto-alegre\/","url":"https:\/\/jornaltimoneiro.com.br\/index.php\/2026\/04\/30\/uti-neonatal-hospital-femina-retoma-atendimento-apos-surto-superbacteria-porto-alegre\/","name":"UTI neonatal do Hospital F\u00eamina retoma atendimentos ap\u00f3s surto de superbact\u00e9ria em Porto Alegre - O Timoneiro Jornal Canoas RS","isPartOf":{"@id":"https:\/\/jornaltimoneiro.com.br\/#website"},"datePublished":"2026-04-30T12:21:15+00:00","dateModified":"2026-04-30T12:21:15+00:00","description":"UTI neonatal do Hospital F\u00eamina retoma atendimentos ap\u00f3s mais de dez dias fechada por surto de superbact\u00e9ria que causou a morte de um rec\u00e9m-nascido.","breadcrumb":{"@id":"https:\/\/jornaltimoneiro.com.br\/index.php\/2026\/04\/30\/uti-neonatal-hospital-femina-retoma-atendimento-apos-surto-superbacteria-porto-alegre\/#breadcrumb"},"inLanguage":"pt-BR","potentialAction":[{"@type":"ReadAction","target":["https:\/\/jornaltimoneiro.com.br\/index.php\/2026\/04\/30\/uti-neonatal-hospital-femina-retoma-atendimento-apos-surto-superbacteria-porto-alegre\/"]}]},{"@type":"BreadcrumbList","@id":"https:\/\/jornaltimoneiro.com.br\/index.php\/2026\/04\/30\/uti-neonatal-hospital-femina-retoma-atendimento-apos-surto-superbacteria-porto-alegre\/#breadcrumb","itemListElement":[{"@type":"ListItem","position":1,"name":"In\u00edcio","item":"https:\/\/jornaltimoneiro.com.br\/"},{"@type":"ListItem","position":2,"name":"UTI neonatal do Hospital F\u00eamina retoma atendimentos ap\u00f3s surto de superbact\u00e9ria em Porto Alegre"}]},{"@type":"WebSite","@id":"https:\/\/jornaltimoneiro.com.br\/#website","url":"https:\/\/jornaltimoneiro.com.br\/","name":"Jornal Timoneiro Canoas RS","description":"Jornal O Timoneiro, o verdadeiro jornal de Canoas","publisher":{"@id":"https:\/\/jornaltimoneiro.com.br\/#organization"},"potentialAction":[{"@type":"SearchAction","target":{"@type":"EntryPoint","urlTemplate":"https:\/\/jornaltimoneiro.com.br\/?s={search_term_string}"},"query-input":"required name=search_term_string"}],"inLanguage":"pt-BR"},{"@type":"Organization","@id":"https:\/\/jornaltimoneiro.com.br\/#organization","name":"Jornal Timoneiro Canoas RS","url":"https:\/\/jornaltimoneiro.com.br\/","logo":{"@type":"ImageObject","inLanguage":"pt-BR","@id":"https:\/\/jornaltimoneiro.com.br\/#\/schema\/logo\/image\/","url":"https:\/\/jornaltimoneiro.com.br\/wp-content\/uploads\/2023\/03\/logonovo.png","contentUrl":"https:\/\/jornaltimoneiro.com.br\/wp-content\/uploads\/2023\/03\/logonovo.png","width":"469","height":"171","caption":"Jornal Timoneiro Canoas RS"},"image":{"@id":"https:\/\/jornaltimoneiro.com.br\/#\/schema\/logo\/image\/"},"sameAs":["https:\/\/www.facebook.com\/jornaltimoneiro","https:\/\/twitter.com\/_OTimoneiro","https:\/\/www.instagram.com\/jornaltimoneirocanoas\/","https:\/\/www.youtube.com\/@jornalotimoneiro7927"]},{"@type":"Person","@id":"https:\/\/jornaltimoneiro.com.br\/#\/schema\/person\/f63482f1a02b1a9592707865e509ab40","name":"Reda\u00e7\u00e3o","image":{"@type":"ImageObject","inLanguage":"pt-BR","@id":"https:\/\/jornaltimoneiro.com.br\/#\/schema\/person\/image\/","url":"https:\/\/jornaltimoneiro.com.br\/wp-content\/uploads\/2023\/03\/download.jpeg","contentUrl":"https:\/\/jornaltimoneiro.com.br\/wp-content\/uploads\/2023\/03\/download.jpeg","caption":"Reda\u00e7\u00e3o"},"url":"https:\/\/jornaltimoneiro.com.br\/index.php\/author\/simone-dutra\/"}]}},"_links":{"self":[{"href":"https:\/\/jornaltimoneiro.com.br\/index.php\/wp-json\/wp\/v2\/posts\/40524"}],"collection":[{"href":"https:\/\/jornaltimoneiro.com.br\/index.php\/wp-json\/wp\/v2\/posts"}],"about":[{"href":"https:\/\/jornaltimoneiro.com.br\/index.php\/wp-json\/wp\/v2\/types\/post"}],"author":[{"embeddable":true,"href":"https:\/\/jornaltimoneiro.com.br\/index.php\/wp-json\/wp\/v2\/users\/2"}],"replies":[{"embeddable":true,"href":"https:\/\/jornaltimoneiro.com.br\/index.php\/wp-json\/wp\/v2\/comments?post=40524"}],"version-history":[{"count":1,"href":"https:\/\/jornaltimoneiro.com.br\/index.php\/wp-json\/wp\/v2\/posts\/40524\/revisions"}],"predecessor-version":[{"id":40526,"href":"https:\/\/jornaltimoneiro.com.br\/index.php\/wp-json\/wp\/v2\/posts\/40524\/revisions\/40526"}],"wp:featuredmedia":[{"embeddable":true,"href":"https:\/\/jornaltimoneiro.com.br\/index.php\/wp-json\/wp\/v2\/media\/40525"}],"wp:attachment":[{"href":"https:\/\/jornaltimoneiro.com.br\/index.php\/wp-json\/wp\/v2\/media?parent=40524"}],"wp:term":[{"taxonomy":"category","embeddable":true,"href":"https:\/\/jornaltimoneiro.com.br\/index.php\/wp-json\/wp\/v2\/categories?post=40524"},{"taxonomy":"post_tag","embeddable":true,"href":"https:\/\/jornaltimoneiro.com.br\/index.php\/wp-json\/wp\/v2\/tags?post=40524"}],"curies":[{"name":"wp","href":"https:\/\/api.w.org\/{rel}","templated":true}]}}