{"id":40516,"date":"2026-04-29T17:20:51","date_gmt":"2026-04-29T20:20:51","guid":{"rendered":"https:\/\/jornaltimoneiro.com.br\/?p=40516"},"modified":"2026-04-29T17:24:00","modified_gmt":"2026-04-29T20:24:00","slug":"camara-de-canoas-entrega-titulo-de-cidadao-canoense-ao-pastor-sinesio-luis-da-silva-neto","status":"publish","type":"post","link":"https:\/\/jornaltimoneiro.com.br\/index.php\/2026\/04\/29\/camara-de-canoas-entrega-titulo-de-cidadao-canoense-ao-pastor-sinesio-luis-da-silva-neto\/","title":{"rendered":"C\u00e2mara de Canoas concede t\u00edtulo de Cidad\u00e3o Canoense ao pastor Sin\u00e9sio Luis da Silva Neto"},"content":{"rendered":"<p>A C\u00e2mara Municipal de Canoas realizou, na ter\u00e7a-feira, 28, a entrega do t\u00edtulo de Cidad\u00e3o Canoense ao pastor Sin\u00e9sio Luis da Silva Neto, l\u00edder da Igreja Batista da Lagoinha no munic\u00edpio. A homenagem reconhece os servi\u00e7os prestados \u00e0 comunidade, com destaque para a atua\u00e7\u00e3o social e comunit\u00e1ria desenvolvida na cidade.<\/p>\n<p>Natural de Mari, na Para\u00edba, Sin\u00e9sio chegou ao Rio Grande do Sul ainda jovem e passou a viver em Canoas em 2007. Formado em Direito, atuou como advogado antes de iniciar a trajet\u00f3ria pastoral. Em 2017, fundou a Igreja Batista da Lagoinha de Canoas, que come\u00e7ou em sua resid\u00eancia e atualmente re\u00fane mais de 3 mil membros.<\/p>\n<p>A proposta da homenagem foi apresentada pela vereadora Larissa Rodrigues (PL), que destacou a trajet\u00f3ria do pastor e a participa\u00e7\u00e3o em a\u00e7\u00f5es comunit\u00e1rias, especialmente durante a enchente de 2024, quando liderou mobiliza\u00e7\u00f5es de volunt\u00e1rios e a\u00e7\u00f5es de resgate nos bairros F\u00e1tima e Rio Branco.<\/p>\n<blockquote><p>\u201cMais do que uma homenagem, este reconhecimento representa a gratid\u00e3o da nossa cidade a algu\u00e9m que escolheu Canoas para construir a sua hist\u00f3ria e seu compromisso com as pessoas\u201d, afirmou a vereadora.<\/p><\/blockquote>\n<p>O presidente da C\u00e2mara, vereador Abmael Almeida, tamb\u00e9m ressaltou o crescimento da igreja ao longo dos anos e a atua\u00e7\u00e3o social da institui\u00e7\u00e3o no munic\u00edpio. Segundo ele, o trabalho desenvolvido pela Lagoinha contribui de forma significativa para a comunidade canoense.<\/p>\n<p>Al\u00e9m da atua\u00e7\u00e3o religiosa, Sin\u00e9sio \u00e9 um dos fundadores do Instituto Transformando Hist\u00f3rias, organiza\u00e7\u00e3o que oferece apoio psicol\u00f3gico, jur\u00eddico e capacita\u00e7\u00e3o profissional, al\u00e9m de promover a\u00e7\u00f5es sociais voltadas \u00e0 popula\u00e7\u00e3o em situa\u00e7\u00e3o de vulnerabilidade.<\/p>\n<p>Ao receber a honraria, o pastor agradeceu o reconhecimento e refor\u00e7ou o compromisso com a cidade.<\/p>\n<blockquote><p>\u201cRecebo este t\u00edtulo com gratid\u00e3o e senso de responsabilidade. Canoas \u00e9 o lugar onde constru\u00ed minha hist\u00f3ria e onde sigo servindo \u00e0 comunidade com prop\u00f3sito\u201d, declarou.<\/p><\/blockquote>\n","protected":false},"excerpt":{"rendered":"<p>A C\u00e2mara Municipal de Canoas realizou, na ter\u00e7a-feira, 28, a entrega do t\u00edtulo de Cidad\u00e3o Canoense ao pastor Sin\u00e9sio Luis da Silva Neto, l\u00edder da Igreja Batista da Lagoinha no munic\u00edpio. A homenagem reconhece os servi\u00e7os prestados \u00e0 comunidade, com destaque para a atua\u00e7\u00e3o social e comunit\u00e1ria desenvolvida na cidade. Natural de Mari, na Para\u00edba, [&hellip;]<\/p>\n","protected":false},"author":2,"featured_media":40517,"comment_status":"open","ping_status":"open","sticky":false,"template":"","format":"standard","meta":{"amp_status":"","footnotes":""},"categories":[20],"tags":[31,1377,126,1515],"class_list":["post-40516","post","type-post","status-publish","format-standard","has-post-thumbnail","hentry","category-politica-noticias","tag-canoas","tag-feat","tag-politica","tag-titulo-cidadao-canoense"],"yoast_head":"<!-- This site is optimized with the Yoast SEO plugin v20.5 - https:\/\/yoast.com\/wordpress\/plugins\/seo\/ -->\n<title>C\u00e2mara de Canoas concede t\u00edtulo de Cidad\u00e3o Canoense ao pastor Sin\u00e9sio Luis da Silva Neto - O Timoneiro Jornal Canoas RS<\/title>\n<meta name=\"description\" content=\"C\u00e2mara de Canoas entrega t\u00edtulo de Cidad\u00e3o Canoense ao pastor Sin\u00e9sio Luis da Silva Neto em reconhecimento pelos servi\u00e7os prestados \u00e0 comunidade.\" \/>\n<meta name=\"robots\" content=\"index, follow, max-snippet:-1, max-image-preview:large, max-video-preview:-1\" \/>\n<link rel=\"canonical\" href=\"https:\/\/jornaltimoneiro.com.br\/index.php\/2026\/04\/29\/camara-de-canoas-entrega-titulo-de-cidadao-canoense-ao-pastor-sinesio-luis-da-silva-neto\/\" \/>\n<meta property=\"og:locale\" content=\"pt_BR\" \/>\n<meta property=\"og:type\" content=\"article\" \/>\n<meta property=\"og:title\" content=\"C\u00e2mara de Canoas concede t\u00edtulo de Cidad\u00e3o Canoense ao pastor Sin\u00e9sio Luis da Silva Neto - O Timoneiro Jornal Canoas RS\" \/>\n<meta property=\"og:description\" content=\"C\u00e2mara de Canoas entrega t\u00edtulo de Cidad\u00e3o Canoense ao pastor Sin\u00e9sio Luis da Silva Neto em reconhecimento pelos servi\u00e7os prestados \u00e0 comunidade.\" \/>\n<meta property=\"og:url\" content=\"https:\/\/jornaltimoneiro.com.br\/index.php\/2026\/04\/29\/camara-de-canoas-entrega-titulo-de-cidadao-canoense-ao-pastor-sinesio-luis-da-silva-neto\/\" \/>\n<meta property=\"og:site_name\" content=\"O Timoneiro Jornal Canoas RS\" \/>\n<meta property=\"article:publisher\" content=\"https:\/\/www.facebook.com\/jornaltimoneiro\" \/>\n<meta property=\"article:published_time\" content=\"2026-04-29T20:20:51+00:00\" \/>\n<meta property=\"article:modified_time\" content=\"2026-04-29T20:24:00+00:00\" \/>\n<meta property=\"og:image\" content=\"https:\/\/jornaltimoneiro.com.br\/wp-content\/uploads\/2026\/04\/313b151d-c823-49cc-b555-cb3041f29508.jpeg\" \/>\n\t<meta property=\"og:image:width\" content=\"1600\" \/>\n\t<meta property=\"og:image:height\" content=\"1066\" \/>\n\t<meta property=\"og:image:type\" content=\"image\/jpeg\" \/>\n<meta name=\"author\" content=\"Reda\u00e7\u00e3o\" \/>\n<meta name=\"twitter:card\" content=\"summary_large_image\" \/>\n<meta name=\"twitter:creator\" content=\"@_OTimoneiro\" \/>\n<meta name=\"twitter:site\" content=\"@_OTimoneiro\" \/>\n<meta name=\"twitter:label1\" content=\"Escrito por\" \/>\n\t<meta name=\"twitter:data1\" content=\"Reda\u00e7\u00e3o\" \/>\n\t<meta name=\"twitter:label2\" content=\"Est. tempo de leitura\" \/>\n\t<meta name=\"twitter:data2\" content=\"2 minutos\" \/>\n<script type=\"application\/ld+json\" class=\"yoast-schema-graph\">{\"@context\":\"https:\/\/schema.org\",\"@graph\":[{\"@type\":\"Article\",\"@id\":\"https:\/\/jornaltimoneiro.com.br\/index.php\/2026\/04\/29\/camara-de-canoas-entrega-titulo-de-cidadao-canoense-ao-pastor-sinesio-luis-da-silva-neto\/#article\",\"isPartOf\":{\"@id\":\"https:\/\/jornaltimoneiro.com.br\/index.php\/2026\/04\/29\/camara-de-canoas-entrega-titulo-de-cidadao-canoense-ao-pastor-sinesio-luis-da-silva-neto\/\"},\"author\":{\"name\":\"Reda\u00e7\u00e3o\",\"@id\":\"https:\/\/jornaltimoneiro.com.br\/#\/schema\/person\/f63482f1a02b1a9592707865e509ab40\"},\"headline\":\"C\u00e2mara de Canoas concede t\u00edtulo de Cidad\u00e3o Canoense ao pastor Sin\u00e9sio Luis da Silva Neto\",\"datePublished\":\"2026-04-29T20:20:51+00:00\",\"dateModified\":\"2026-04-29T20:24:00+00:00\",\"mainEntityOfPage\":{\"@id\":\"https:\/\/jornaltimoneiro.com.br\/index.php\/2026\/04\/29\/camara-de-canoas-entrega-titulo-de-cidadao-canoense-ao-pastor-sinesio-luis-da-silva-neto\/\"},\"wordCount\":357,\"commentCount\":0,\"publisher\":{\"@id\":\"https:\/\/jornaltimoneiro.com.br\/#organization\"},\"keywords\":[\"canoas\",\"feat\",\"Pol\u00edtica\",\"T\u00edtulo Cidad\u00e3o Canoense\"],\"articleSection\":[\"Pol\u00edtica\"],\"inLanguage\":\"pt-BR\",\"potentialAction\":[{\"@type\":\"CommentAction\",\"name\":\"Comment\",\"target\":[\"https:\/\/jornaltimoneiro.com.br\/index.php\/2026\/04\/29\/camara-de-canoas-entrega-titulo-de-cidadao-canoense-ao-pastor-sinesio-luis-da-silva-neto\/#respond\"]}]},{\"@type\":\"WebPage\",\"@id\":\"https:\/\/jornaltimoneiro.com.br\/index.php\/2026\/04\/29\/camara-de-canoas-entrega-titulo-de-cidadao-canoense-ao-pastor-sinesio-luis-da-silva-neto\/\",\"url\":\"https:\/\/jornaltimoneiro.com.br\/index.php\/2026\/04\/29\/camara-de-canoas-entrega-titulo-de-cidadao-canoense-ao-pastor-sinesio-luis-da-silva-neto\/\",\"name\":\"C\u00e2mara de Canoas concede t\u00edtulo de Cidad\u00e3o Canoense ao pastor Sin\u00e9sio Luis da Silva Neto - O Timoneiro Jornal Canoas RS\",\"isPartOf\":{\"@id\":\"https:\/\/jornaltimoneiro.com.br\/#website\"},\"datePublished\":\"2026-04-29T20:20:51+00:00\",\"dateModified\":\"2026-04-29T20:24:00+00:00\",\"description\":\"C\u00e2mara de Canoas entrega t\u00edtulo de Cidad\u00e3o Canoense ao pastor Sin\u00e9sio Luis da Silva Neto em reconhecimento pelos servi\u00e7os prestados \u00e0 comunidade.\",\"breadcrumb\":{\"@id\":\"https:\/\/jornaltimoneiro.com.br\/index.php\/2026\/04\/29\/camara-de-canoas-entrega-titulo-de-cidadao-canoense-ao-pastor-sinesio-luis-da-silva-neto\/#breadcrumb\"},\"inLanguage\":\"pt-BR\",\"potentialAction\":[{\"@type\":\"ReadAction\",\"target\":[\"https:\/\/jornaltimoneiro.com.br\/index.php\/2026\/04\/29\/camara-de-canoas-entrega-titulo-de-cidadao-canoense-ao-pastor-sinesio-luis-da-silva-neto\/\"]}]},{\"@type\":\"BreadcrumbList\",\"@id\":\"https:\/\/jornaltimoneiro.com.br\/index.php\/2026\/04\/29\/camara-de-canoas-entrega-titulo-de-cidadao-canoense-ao-pastor-sinesio-luis-da-silva-neto\/#breadcrumb\",\"itemListElement\":[{\"@type\":\"ListItem\",\"position\":1,\"name\":\"In\u00edcio\",\"item\":\"https:\/\/jornaltimoneiro.com.br\/\"},{\"@type\":\"ListItem\",\"position\":2,\"name\":\"C\u00e2mara de Canoas concede t\u00edtulo de Cidad\u00e3o Canoense ao pastor Sin\u00e9sio Luis da Silva Neto\"}]},{\"@type\":\"WebSite\",\"@id\":\"https:\/\/jornaltimoneiro.com.br\/#website\",\"url\":\"https:\/\/jornaltimoneiro.com.br\/\",\"name\":\"Jornal Timoneiro Canoas RS\",\"description\":\"Jornal O Timoneiro, o verdadeiro jornal de Canoas\",\"publisher\":{\"@id\":\"https:\/\/jornaltimoneiro.com.br\/#organization\"},\"potentialAction\":[{\"@type\":\"SearchAction\",\"target\":{\"@type\":\"EntryPoint\",\"urlTemplate\":\"https:\/\/jornaltimoneiro.com.br\/?s={search_term_string}\"},\"query-input\":\"required name=search_term_string\"}],\"inLanguage\":\"pt-BR\"},{\"@type\":\"Organization\",\"@id\":\"https:\/\/jornaltimoneiro.com.br\/#organization\",\"name\":\"Jornal Timoneiro Canoas RS\",\"url\":\"https:\/\/jornaltimoneiro.com.br\/\",\"logo\":{\"@type\":\"ImageObject\",\"inLanguage\":\"pt-BR\",\"@id\":\"https:\/\/jornaltimoneiro.com.br\/#\/schema\/logo\/image\/\",\"url\":\"https:\/\/jornaltimoneiro.com.br\/wp-content\/uploads\/2023\/03\/logonovo.png\",\"contentUrl\":\"https:\/\/jornaltimoneiro.com.br\/wp-content\/uploads\/2023\/03\/logonovo.png\",\"width\":\"469\",\"height\":\"171\",\"caption\":\"Jornal Timoneiro Canoas RS\"},\"image\":{\"@id\":\"https:\/\/jornaltimoneiro.com.br\/#\/schema\/logo\/image\/\"},\"sameAs\":[\"https:\/\/www.facebook.com\/jornaltimoneiro\",\"https:\/\/twitter.com\/_OTimoneiro\",\"https:\/\/www.instagram.com\/jornaltimoneirocanoas\/\",\"https:\/\/www.youtube.com\/@jornalotimoneiro7927\"]},{\"@type\":\"Person\",\"@id\":\"https:\/\/jornaltimoneiro.com.br\/#\/schema\/person\/f63482f1a02b1a9592707865e509ab40\",\"name\":\"Reda\u00e7\u00e3o\",\"image\":{\"@type\":\"ImageObject\",\"inLanguage\":\"pt-BR\",\"@id\":\"https:\/\/jornaltimoneiro.com.br\/#\/schema\/person\/image\/\",\"url\":\"https:\/\/jornaltimoneiro.com.br\/wp-content\/uploads\/2023\/03\/download.jpeg\",\"contentUrl\":\"https:\/\/jornaltimoneiro.com.br\/wp-content\/uploads\/2023\/03\/download.jpeg\",\"caption\":\"Reda\u00e7\u00e3o\"},\"url\":\"https:\/\/jornaltimoneiro.com.br\/index.php\/author\/simone-dutra\/\"}]}<\/script>\n<!-- \/ Yoast SEO plugin. -->","yoast_head_json":{"title":"C\u00e2mara de Canoas concede t\u00edtulo de Cidad\u00e3o Canoense ao pastor Sin\u00e9sio Luis da Silva Neto - O Timoneiro Jornal Canoas RS","description":"C\u00e2mara de Canoas entrega t\u00edtulo de Cidad\u00e3o Canoense ao pastor Sin\u00e9sio Luis da Silva Neto em reconhecimento pelos servi\u00e7os prestados \u00e0 comunidade.","robots":{"index":"index","follow":"follow","max-snippet":"max-snippet:-1","max-image-preview":"max-image-preview:large","max-video-preview":"max-video-preview:-1"},"canonical":"https:\/\/jornaltimoneiro.com.br\/index.php\/2026\/04\/29\/camara-de-canoas-entrega-titulo-de-cidadao-canoense-ao-pastor-sinesio-luis-da-silva-neto\/","og_locale":"pt_BR","og_type":"article","og_title":"C\u00e2mara de Canoas concede t\u00edtulo de Cidad\u00e3o Canoense ao pastor Sin\u00e9sio Luis da Silva Neto - O Timoneiro Jornal Canoas RS","og_description":"C\u00e2mara de Canoas entrega t\u00edtulo de Cidad\u00e3o Canoense ao pastor Sin\u00e9sio Luis da Silva Neto em reconhecimento pelos servi\u00e7os prestados \u00e0 comunidade.","og_url":"https:\/\/jornaltimoneiro.com.br\/index.php\/2026\/04\/29\/camara-de-canoas-entrega-titulo-de-cidadao-canoense-ao-pastor-sinesio-luis-da-silva-neto\/","og_site_name":"O Timoneiro Jornal Canoas RS","article_publisher":"https:\/\/www.facebook.com\/jornaltimoneiro","article_published_time":"2026-04-29T20:20:51+00:00","article_modified_time":"2026-04-29T20:24:00+00:00","og_image":[{"width":"1600","height":"1066","url":"https:\/\/jornaltimoneiro.com.br\/wp-content\/uploads\/2026\/04\/313b151d-c823-49cc-b555-cb3041f29508.jpeg","type":"image\/jpeg"}],"author":"Reda\u00e7\u00e3o","twitter_card":"summary_large_image","twitter_creator":"@_OTimoneiro","twitter_site":"@_OTimoneiro","twitter_misc":{"Escrito por":"Reda\u00e7\u00e3o","Est. tempo de leitura":"2 minutos"},"schema":{"@context":"https:\/\/schema.org","@graph":[{"@type":"Article","@id":"https:\/\/jornaltimoneiro.com.br\/index.php\/2026\/04\/29\/camara-de-canoas-entrega-titulo-de-cidadao-canoense-ao-pastor-sinesio-luis-da-silva-neto\/#article","isPartOf":{"@id":"https:\/\/jornaltimoneiro.com.br\/index.php\/2026\/04\/29\/camara-de-canoas-entrega-titulo-de-cidadao-canoense-ao-pastor-sinesio-luis-da-silva-neto\/"},"author":{"name":"Reda\u00e7\u00e3o","@id":"https:\/\/jornaltimoneiro.com.br\/#\/schema\/person\/f63482f1a02b1a9592707865e509ab40"},"headline":"C\u00e2mara de Canoas concede t\u00edtulo de Cidad\u00e3o Canoense ao pastor Sin\u00e9sio Luis da Silva Neto","datePublished":"2026-04-29T20:20:51+00:00","dateModified":"2026-04-29T20:24:00+00:00","mainEntityOfPage":{"@id":"https:\/\/jornaltimoneiro.com.br\/index.php\/2026\/04\/29\/camara-de-canoas-entrega-titulo-de-cidadao-canoense-ao-pastor-sinesio-luis-da-silva-neto\/"},"wordCount":357,"commentCount":0,"publisher":{"@id":"https:\/\/jornaltimoneiro.com.br\/#organization"},"keywords":["canoas","feat","Pol\u00edtica","T\u00edtulo Cidad\u00e3o Canoense"],"articleSection":["Pol\u00edtica"],"inLanguage":"pt-BR","potentialAction":[{"@type":"CommentAction","name":"Comment","target":["https:\/\/jornaltimoneiro.com.br\/index.php\/2026\/04\/29\/camara-de-canoas-entrega-titulo-de-cidadao-canoense-ao-pastor-sinesio-luis-da-silva-neto\/#respond"]}]},{"@type":"WebPage","@id":"https:\/\/jornaltimoneiro.com.br\/index.php\/2026\/04\/29\/camara-de-canoas-entrega-titulo-de-cidadao-canoense-ao-pastor-sinesio-luis-da-silva-neto\/","url":"https:\/\/jornaltimoneiro.com.br\/index.php\/2026\/04\/29\/camara-de-canoas-entrega-titulo-de-cidadao-canoense-ao-pastor-sinesio-luis-da-silva-neto\/","name":"C\u00e2mara de Canoas concede t\u00edtulo de Cidad\u00e3o Canoense ao pastor Sin\u00e9sio Luis da Silva Neto - O Timoneiro Jornal Canoas RS","isPartOf":{"@id":"https:\/\/jornaltimoneiro.com.br\/#website"},"datePublished":"2026-04-29T20:20:51+00:00","dateModified":"2026-04-29T20:24:00+00:00","description":"C\u00e2mara de Canoas entrega t\u00edtulo de Cidad\u00e3o Canoense ao pastor Sin\u00e9sio Luis da Silva Neto em reconhecimento pelos servi\u00e7os prestados \u00e0 comunidade.","breadcrumb":{"@id":"https:\/\/jornaltimoneiro.com.br\/index.php\/2026\/04\/29\/camara-de-canoas-entrega-titulo-de-cidadao-canoense-ao-pastor-sinesio-luis-da-silva-neto\/#breadcrumb"},"inLanguage":"pt-BR","potentialAction":[{"@type":"ReadAction","target":["https:\/\/jornaltimoneiro.com.br\/index.php\/2026\/04\/29\/camara-de-canoas-entrega-titulo-de-cidadao-canoense-ao-pastor-sinesio-luis-da-silva-neto\/"]}]},{"@type":"BreadcrumbList","@id":"https:\/\/jornaltimoneiro.com.br\/index.php\/2026\/04\/29\/camara-de-canoas-entrega-titulo-de-cidadao-canoense-ao-pastor-sinesio-luis-da-silva-neto\/#breadcrumb","itemListElement":[{"@type":"ListItem","position":1,"name":"In\u00edcio","item":"https:\/\/jornaltimoneiro.com.br\/"},{"@type":"ListItem","position":2,"name":"C\u00e2mara de Canoas concede t\u00edtulo de Cidad\u00e3o Canoense ao pastor Sin\u00e9sio Luis da Silva Neto"}]},{"@type":"WebSite","@id":"https:\/\/jornaltimoneiro.com.br\/#website","url":"https:\/\/jornaltimoneiro.com.br\/","name":"Jornal Timoneiro Canoas RS","description":"Jornal O Timoneiro, o verdadeiro jornal de Canoas","publisher":{"@id":"https:\/\/jornaltimoneiro.com.br\/#organization"},"potentialAction":[{"@type":"SearchAction","target":{"@type":"EntryPoint","urlTemplate":"https:\/\/jornaltimoneiro.com.br\/?s={search_term_string}"},"query-input":"required name=search_term_string"}],"inLanguage":"pt-BR"},{"@type":"Organization","@id":"https:\/\/jornaltimoneiro.com.br\/#organization","name":"Jornal Timoneiro Canoas RS","url":"https:\/\/jornaltimoneiro.com.br\/","logo":{"@type":"ImageObject","inLanguage":"pt-BR","@id":"https:\/\/jornaltimoneiro.com.br\/#\/schema\/logo\/image\/","url":"https:\/\/jornaltimoneiro.com.br\/wp-content\/uploads\/2023\/03\/logonovo.png","contentUrl":"https:\/\/jornaltimoneiro.com.br\/wp-content\/uploads\/2023\/03\/logonovo.png","width":"469","height":"171","caption":"Jornal Timoneiro Canoas RS"},"image":{"@id":"https:\/\/jornaltimoneiro.com.br\/#\/schema\/logo\/image\/"},"sameAs":["https:\/\/www.facebook.com\/jornaltimoneiro","https:\/\/twitter.com\/_OTimoneiro","https:\/\/www.instagram.com\/jornaltimoneirocanoas\/","https:\/\/www.youtube.com\/@jornalotimoneiro7927"]},{"@type":"Person","@id":"https:\/\/jornaltimoneiro.com.br\/#\/schema\/person\/f63482f1a02b1a9592707865e509ab40","name":"Reda\u00e7\u00e3o","image":{"@type":"ImageObject","inLanguage":"pt-BR","@id":"https:\/\/jornaltimoneiro.com.br\/#\/schema\/person\/image\/","url":"https:\/\/jornaltimoneiro.com.br\/wp-content\/uploads\/2023\/03\/download.jpeg","contentUrl":"https:\/\/jornaltimoneiro.com.br\/wp-content\/uploads\/2023\/03\/download.jpeg","caption":"Reda\u00e7\u00e3o"},"url":"https:\/\/jornaltimoneiro.com.br\/index.php\/author\/simone-dutra\/"}]}},"_links":{"self":[{"href":"https:\/\/jornaltimoneiro.com.br\/index.php\/wp-json\/wp\/v2\/posts\/40516"}],"collection":[{"href":"https:\/\/jornaltimoneiro.com.br\/index.php\/wp-json\/wp\/v2\/posts"}],"about":[{"href":"https:\/\/jornaltimoneiro.com.br\/index.php\/wp-json\/wp\/v2\/types\/post"}],"author":[{"embeddable":true,"href":"https:\/\/jornaltimoneiro.com.br\/index.php\/wp-json\/wp\/v2\/users\/2"}],"replies":[{"embeddable":true,"href":"https:\/\/jornaltimoneiro.com.br\/index.php\/wp-json\/wp\/v2\/comments?post=40516"}],"version-history":[{"count":3,"href":"https:\/\/jornaltimoneiro.com.br\/index.php\/wp-json\/wp\/v2\/posts\/40516\/revisions"}],"predecessor-version":[{"id":40520,"href":"https:\/\/jornaltimoneiro.com.br\/index.php\/wp-json\/wp\/v2\/posts\/40516\/revisions\/40520"}],"wp:featuredmedia":[{"embeddable":true,"href":"https:\/\/jornaltimoneiro.com.br\/index.php\/wp-json\/wp\/v2\/media\/40517"}],"wp:attachment":[{"href":"https:\/\/jornaltimoneiro.com.br\/index.php\/wp-json\/wp\/v2\/media?parent=40516"}],"wp:term":[{"taxonomy":"category","embeddable":true,"href":"https:\/\/jornaltimoneiro.com.br\/index.php\/wp-json\/wp\/v2\/categories?post=40516"},{"taxonomy":"post_tag","embeddable":true,"href":"https:\/\/jornaltimoneiro.com.br\/index.php\/wp-json\/wp\/v2\/tags?post=40516"}],"curies":[{"name":"wp","href":"https:\/\/api.w.org\/{rel}","templated":true}]}}