{"id":40509,"date":"2026-04-29T10:54:27","date_gmt":"2026-04-29T13:54:27","guid":{"rendered":"https:\/\/jornaltimoneiro.com.br\/?p=40509"},"modified":"2026-04-29T10:54:27","modified_gmt":"2026-04-29T13:54:27","slug":"rio-grande-do-sul-recebe-novo-lote-de-vacinas-contra-a-gripe-nesta-quarta-feira","status":"publish","type":"post","link":"https:\/\/jornaltimoneiro.com.br\/index.php\/2026\/04\/29\/rio-grande-do-sul-recebe-novo-lote-de-vacinas-contra-a-gripe-nesta-quarta-feira\/","title":{"rendered":"Rio Grande do Sul recebe novo lote de vacinas contra a gripe nesta quarta-feira"},"content":{"rendered":"<p data-start=\"96\" data-end=\"390\">O Rio Grande do Sul deve receber nesta quarta-feira, 29, um novo lote de vacinas contra a gripe enviado pelo Minist\u00e9rio da Sa\u00fade. As doses ser\u00e3o distribu\u00eddas pela Secretaria Estadual da Sa\u00fade (SES) na quinta-feira, 30, para as coordenadorias regionais, respons\u00e1veis pelo repasse aos munic\u00edpios.<\/p>\n<p data-start=\"392\" data-end=\"698\">At\u00e9 o momento, o Estado j\u00e1 recebeu cerca de 1,8 milh\u00e3o de doses do imunizante contra o v\u00edrus influenza. A previs\u00e3o \u00e9 de que, at\u00e9 o fim de maio, sejam encaminhadas aproximadamente 5,2 milh\u00f5es de doses para atender os grupos priorit\u00e1rios definidos pelo Minist\u00e9rio da Sa\u00fade na campanha de vacina\u00e7\u00e3o deste ano.<\/p>\n<p data-start=\"700\" data-end=\"984\">A campanha de imuniza\u00e7\u00e3o come\u00e7ou em 28 de mar\u00e7o e, desde ent\u00e3o, cerca de 1,4 milh\u00e3o de pessoas j\u00e1 foram vacinadas no Estado. Entre os p\u00fablicos priorit\u00e1rios, como crian\u00e7as de 6 meses a menores de 6 anos, idosos com 60 anos ou mais e gestantes, a cobertura vacinal est\u00e1 em torno de 30%.<\/p>\n<p data-start=\"986\" data-end=\"1100\">Esses tr\u00eas grupos somam 936 mil doses aplicadas at\u00e9 agora. A meta estabelecida \u00e9 atingir 90% de cobertura vacinal.<\/p>\n<p data-start=\"1102\" data-end=\"1292\">Neste ano, o Rio Grande do Sul j\u00e1 registra 337 interna\u00e7\u00f5es por complica\u00e7\u00f5es causadas pela gripe, n\u00famero superior ao mesmo per\u00edodo de 2025, quando haviam sido confirmadas 217 hospitaliza\u00e7\u00f5es. Em rela\u00e7\u00e3o aos \u00f3bitos, foram registrados 21 casos em 2026, enquanto no mesmo per\u00edodo do ano passado o total foi de 25 mortes.<\/p>\n<p data-start=\"1421\" data-end=\"1671\" data-is-last-node=\"\" data-is-only-node=\"\">A Secretaria Estadual da Sa\u00fade informou que segue monitorando o cen\u00e1rio epidemiol\u00f3gico e refor\u00e7a a import\u00e2ncia da vacina\u00e7\u00e3o, principalmente entre os p\u00fablicos mais vulner\u00e1veis, para reduzir casos graves, interna\u00e7\u00f5es e mortes provocadas pela influenza.<\/p>\n","protected":false},"excerpt":{"rendered":"<p>O Rio Grande do Sul deve receber nesta quarta-feira, 29, um novo lote de vacinas contra a gripe enviado pelo Minist\u00e9rio da Sa\u00fade. As doses ser\u00e3o distribu\u00eddas pela Secretaria Estadual da Sa\u00fade (SES) na quinta-feira, 30, para as coordenadorias regionais, respons\u00e1veis pelo repasse aos munic\u00edpios. At\u00e9 o momento, o Estado j\u00e1 recebeu cerca de 1,8 [&hellip;]<\/p>\n","protected":false},"author":2,"featured_media":40510,"comment_status":"open","ping_status":"open","sticky":false,"template":"","format":"standard","meta":{"amp_status":"","footnotes":""},"categories":[26],"tags":[31,190,2207,213,198],"class_list":["post-40509","post","type-post","status-publish","format-standard","has-post-thumbnail","hentry","category-saude","tag-canoas","tag-featured","tag-influenza","tag-rio-grande-do-sul","tag-vacina"],"yoast_head":"<!-- This site is optimized with the Yoast SEO plugin v20.5 - https:\/\/yoast.com\/wordpress\/plugins\/seo\/ -->\n<title>Rio Grande do Sul recebe novo lote de vacinas contra a gripe nesta quarta-feira - O Timoneiro Jornal Canoas RS<\/title>\n<meta name=\"description\" content=\"Rio Grande do Sul recebe novo lote de vacinas contra a gripe nesta quarta-feira. Estado j\u00e1 aplicou 1,4 milh\u00e3o de doses e registra aumento nas interna\u00e7\u00f5es por influenza.\" \/>\n<meta name=\"robots\" content=\"index, follow, max-snippet:-1, max-image-preview:large, max-video-preview:-1\" \/>\n<link rel=\"canonical\" href=\"https:\/\/jornaltimoneiro.com.br\/index.php\/2026\/04\/29\/rio-grande-do-sul-recebe-novo-lote-de-vacinas-contra-a-gripe-nesta-quarta-feira\/\" \/>\n<meta property=\"og:locale\" content=\"pt_BR\" \/>\n<meta property=\"og:type\" content=\"article\" \/>\n<meta property=\"og:title\" content=\"Rio Grande do Sul recebe novo lote de vacinas contra a gripe nesta quarta-feira - O Timoneiro Jornal Canoas RS\" \/>\n<meta property=\"og:description\" content=\"Rio Grande do Sul recebe novo lote de vacinas contra a gripe nesta quarta-feira. Estado j\u00e1 aplicou 1,4 milh\u00e3o de doses e registra aumento nas interna\u00e7\u00f5es por influenza.\" \/>\n<meta property=\"og:url\" content=\"https:\/\/jornaltimoneiro.com.br\/index.php\/2026\/04\/29\/rio-grande-do-sul-recebe-novo-lote-de-vacinas-contra-a-gripe-nesta-quarta-feira\/\" \/>\n<meta property=\"og:site_name\" content=\"O Timoneiro Jornal Canoas RS\" \/>\n<meta property=\"article:publisher\" content=\"https:\/\/www.facebook.com\/jornaltimoneiro\" \/>\n<meta property=\"article:published_time\" content=\"2026-04-29T13:54:27+00:00\" \/>\n<meta property=\"og:image\" content=\"https:\/\/jornaltimoneiro.com.br\/wp-content\/uploads\/2026\/04\/front-view-patient-getting-their-vaccine-scaled.jpg\" \/>\n\t<meta property=\"og:image:width\" content=\"1704\" \/>\n\t<meta property=\"og:image:height\" content=\"2560\" \/>\n\t<meta property=\"og:image:type\" content=\"image\/jpeg\" \/>\n<meta name=\"author\" content=\"Reda\u00e7\u00e3o\" \/>\n<meta name=\"twitter:card\" content=\"summary_large_image\" \/>\n<meta name=\"twitter:creator\" content=\"@_OTimoneiro\" \/>\n<meta name=\"twitter:site\" content=\"@_OTimoneiro\" \/>\n<meta name=\"twitter:label1\" content=\"Escrito por\" \/>\n\t<meta name=\"twitter:data1\" content=\"Reda\u00e7\u00e3o\" \/>\n\t<meta name=\"twitter:label2\" content=\"Est. tempo de leitura\" \/>\n\t<meta name=\"twitter:data2\" content=\"2 minutos\" \/>\n<script type=\"application\/ld+json\" class=\"yoast-schema-graph\">{\"@context\":\"https:\/\/schema.org\",\"@graph\":[{\"@type\":\"Article\",\"@id\":\"https:\/\/jornaltimoneiro.com.br\/index.php\/2026\/04\/29\/rio-grande-do-sul-recebe-novo-lote-de-vacinas-contra-a-gripe-nesta-quarta-feira\/#article\",\"isPartOf\":{\"@id\":\"https:\/\/jornaltimoneiro.com.br\/index.php\/2026\/04\/29\/rio-grande-do-sul-recebe-novo-lote-de-vacinas-contra-a-gripe-nesta-quarta-feira\/\"},\"author\":{\"name\":\"Reda\u00e7\u00e3o\",\"@id\":\"https:\/\/jornaltimoneiro.com.br\/#\/schema\/person\/f63482f1a02b1a9592707865e509ab40\"},\"headline\":\"Rio Grande do Sul recebe novo lote de vacinas contra a gripe nesta quarta-feira\",\"datePublished\":\"2026-04-29T13:54:27+00:00\",\"dateModified\":\"2026-04-29T13:54:27+00:00\",\"mainEntityOfPage\":{\"@id\":\"https:\/\/jornaltimoneiro.com.br\/index.php\/2026\/04\/29\/rio-grande-do-sul-recebe-novo-lote-de-vacinas-contra-a-gripe-nesta-quarta-feira\/\"},\"wordCount\":289,\"commentCount\":0,\"publisher\":{\"@id\":\"https:\/\/jornaltimoneiro.com.br\/#organization\"},\"keywords\":[\"canoas\",\"featured\",\"influenza\",\"rio grande do sul\",\"vacina\"],\"articleSection\":[\"Sa\u00fade\"],\"inLanguage\":\"pt-BR\",\"potentialAction\":[{\"@type\":\"CommentAction\",\"name\":\"Comment\",\"target\":[\"https:\/\/jornaltimoneiro.com.br\/index.php\/2026\/04\/29\/rio-grande-do-sul-recebe-novo-lote-de-vacinas-contra-a-gripe-nesta-quarta-feira\/#respond\"]}]},{\"@type\":\"WebPage\",\"@id\":\"https:\/\/jornaltimoneiro.com.br\/index.php\/2026\/04\/29\/rio-grande-do-sul-recebe-novo-lote-de-vacinas-contra-a-gripe-nesta-quarta-feira\/\",\"url\":\"https:\/\/jornaltimoneiro.com.br\/index.php\/2026\/04\/29\/rio-grande-do-sul-recebe-novo-lote-de-vacinas-contra-a-gripe-nesta-quarta-feira\/\",\"name\":\"Rio Grande do Sul recebe novo lote de vacinas contra a gripe nesta quarta-feira - O Timoneiro Jornal Canoas RS\",\"isPartOf\":{\"@id\":\"https:\/\/jornaltimoneiro.com.br\/#website\"},\"datePublished\":\"2026-04-29T13:54:27+00:00\",\"dateModified\":\"2026-04-29T13:54:27+00:00\",\"description\":\"Rio Grande do Sul recebe novo lote de vacinas contra a gripe nesta quarta-feira. Estado j\u00e1 aplicou 1,4 milh\u00e3o de doses e registra aumento nas interna\u00e7\u00f5es por influenza.\",\"breadcrumb\":{\"@id\":\"https:\/\/jornaltimoneiro.com.br\/index.php\/2026\/04\/29\/rio-grande-do-sul-recebe-novo-lote-de-vacinas-contra-a-gripe-nesta-quarta-feira\/#breadcrumb\"},\"inLanguage\":\"pt-BR\",\"potentialAction\":[{\"@type\":\"ReadAction\",\"target\":[\"https:\/\/jornaltimoneiro.com.br\/index.php\/2026\/04\/29\/rio-grande-do-sul-recebe-novo-lote-de-vacinas-contra-a-gripe-nesta-quarta-feira\/\"]}]},{\"@type\":\"BreadcrumbList\",\"@id\":\"https:\/\/jornaltimoneiro.com.br\/index.php\/2026\/04\/29\/rio-grande-do-sul-recebe-novo-lote-de-vacinas-contra-a-gripe-nesta-quarta-feira\/#breadcrumb\",\"itemListElement\":[{\"@type\":\"ListItem\",\"position\":1,\"name\":\"In\u00edcio\",\"item\":\"https:\/\/jornaltimoneiro.com.br\/\"},{\"@type\":\"ListItem\",\"position\":2,\"name\":\"Rio Grande do Sul recebe novo lote de vacinas contra a gripe nesta quarta-feira\"}]},{\"@type\":\"WebSite\",\"@id\":\"https:\/\/jornaltimoneiro.com.br\/#website\",\"url\":\"https:\/\/jornaltimoneiro.com.br\/\",\"name\":\"Jornal Timoneiro Canoas RS\",\"description\":\"Jornal O Timoneiro, o verdadeiro jornal de Canoas\",\"publisher\":{\"@id\":\"https:\/\/jornaltimoneiro.com.br\/#organization\"},\"potentialAction\":[{\"@type\":\"SearchAction\",\"target\":{\"@type\":\"EntryPoint\",\"urlTemplate\":\"https:\/\/jornaltimoneiro.com.br\/?s={search_term_string}\"},\"query-input\":\"required name=search_term_string\"}],\"inLanguage\":\"pt-BR\"},{\"@type\":\"Organization\",\"@id\":\"https:\/\/jornaltimoneiro.com.br\/#organization\",\"name\":\"Jornal Timoneiro Canoas RS\",\"url\":\"https:\/\/jornaltimoneiro.com.br\/\",\"logo\":{\"@type\":\"ImageObject\",\"inLanguage\":\"pt-BR\",\"@id\":\"https:\/\/jornaltimoneiro.com.br\/#\/schema\/logo\/image\/\",\"url\":\"https:\/\/jornaltimoneiro.com.br\/wp-content\/uploads\/2023\/03\/logonovo.png\",\"contentUrl\":\"https:\/\/jornaltimoneiro.com.br\/wp-content\/uploads\/2023\/03\/logonovo.png\",\"width\":\"469\",\"height\":\"171\",\"caption\":\"Jornal Timoneiro Canoas RS\"},\"image\":{\"@id\":\"https:\/\/jornaltimoneiro.com.br\/#\/schema\/logo\/image\/\"},\"sameAs\":[\"https:\/\/www.facebook.com\/jornaltimoneiro\",\"https:\/\/twitter.com\/_OTimoneiro\",\"https:\/\/www.instagram.com\/jornaltimoneirocanoas\/\",\"https:\/\/www.youtube.com\/@jornalotimoneiro7927\"]},{\"@type\":\"Person\",\"@id\":\"https:\/\/jornaltimoneiro.com.br\/#\/schema\/person\/f63482f1a02b1a9592707865e509ab40\",\"name\":\"Reda\u00e7\u00e3o\",\"image\":{\"@type\":\"ImageObject\",\"inLanguage\":\"pt-BR\",\"@id\":\"https:\/\/jornaltimoneiro.com.br\/#\/schema\/person\/image\/\",\"url\":\"https:\/\/jornaltimoneiro.com.br\/wp-content\/uploads\/2023\/03\/download.jpeg\",\"contentUrl\":\"https:\/\/jornaltimoneiro.com.br\/wp-content\/uploads\/2023\/03\/download.jpeg\",\"caption\":\"Reda\u00e7\u00e3o\"},\"url\":\"https:\/\/jornaltimoneiro.com.br\/index.php\/author\/simone-dutra\/\"}]}<\/script>\n<!-- \/ Yoast SEO plugin. -->","yoast_head_json":{"title":"Rio Grande do Sul recebe novo lote de vacinas contra a gripe nesta quarta-feira - O Timoneiro Jornal Canoas RS","description":"Rio Grande do Sul recebe novo lote de vacinas contra a gripe nesta quarta-feira. Estado j\u00e1 aplicou 1,4 milh\u00e3o de doses e registra aumento nas interna\u00e7\u00f5es por influenza.","robots":{"index":"index","follow":"follow","max-snippet":"max-snippet:-1","max-image-preview":"max-image-preview:large","max-video-preview":"max-video-preview:-1"},"canonical":"https:\/\/jornaltimoneiro.com.br\/index.php\/2026\/04\/29\/rio-grande-do-sul-recebe-novo-lote-de-vacinas-contra-a-gripe-nesta-quarta-feira\/","og_locale":"pt_BR","og_type":"article","og_title":"Rio Grande do Sul recebe novo lote de vacinas contra a gripe nesta quarta-feira - O Timoneiro Jornal Canoas RS","og_description":"Rio Grande do Sul recebe novo lote de vacinas contra a gripe nesta quarta-feira. Estado j\u00e1 aplicou 1,4 milh\u00e3o de doses e registra aumento nas interna\u00e7\u00f5es por influenza.","og_url":"https:\/\/jornaltimoneiro.com.br\/index.php\/2026\/04\/29\/rio-grande-do-sul-recebe-novo-lote-de-vacinas-contra-a-gripe-nesta-quarta-feira\/","og_site_name":"O Timoneiro Jornal Canoas RS","article_publisher":"https:\/\/www.facebook.com\/jornaltimoneiro","article_published_time":"2026-04-29T13:54:27+00:00","og_image":[{"width":"1704","height":"2560","url":"https:\/\/jornaltimoneiro.com.br\/wp-content\/uploads\/2026\/04\/front-view-patient-getting-their-vaccine-scaled.jpg","type":"image\/jpeg"}],"author":"Reda\u00e7\u00e3o","twitter_card":"summary_large_image","twitter_creator":"@_OTimoneiro","twitter_site":"@_OTimoneiro","twitter_misc":{"Escrito por":"Reda\u00e7\u00e3o","Est. tempo de leitura":"2 minutos"},"schema":{"@context":"https:\/\/schema.org","@graph":[{"@type":"Article","@id":"https:\/\/jornaltimoneiro.com.br\/index.php\/2026\/04\/29\/rio-grande-do-sul-recebe-novo-lote-de-vacinas-contra-a-gripe-nesta-quarta-feira\/#article","isPartOf":{"@id":"https:\/\/jornaltimoneiro.com.br\/index.php\/2026\/04\/29\/rio-grande-do-sul-recebe-novo-lote-de-vacinas-contra-a-gripe-nesta-quarta-feira\/"},"author":{"name":"Reda\u00e7\u00e3o","@id":"https:\/\/jornaltimoneiro.com.br\/#\/schema\/person\/f63482f1a02b1a9592707865e509ab40"},"headline":"Rio Grande do Sul recebe novo lote de vacinas contra a gripe nesta quarta-feira","datePublished":"2026-04-29T13:54:27+00:00","dateModified":"2026-04-29T13:54:27+00:00","mainEntityOfPage":{"@id":"https:\/\/jornaltimoneiro.com.br\/index.php\/2026\/04\/29\/rio-grande-do-sul-recebe-novo-lote-de-vacinas-contra-a-gripe-nesta-quarta-feira\/"},"wordCount":289,"commentCount":0,"publisher":{"@id":"https:\/\/jornaltimoneiro.com.br\/#organization"},"keywords":["canoas","featured","influenza","rio grande do sul","vacina"],"articleSection":["Sa\u00fade"],"inLanguage":"pt-BR","potentialAction":[{"@type":"CommentAction","name":"Comment","target":["https:\/\/jornaltimoneiro.com.br\/index.php\/2026\/04\/29\/rio-grande-do-sul-recebe-novo-lote-de-vacinas-contra-a-gripe-nesta-quarta-feira\/#respond"]}]},{"@type":"WebPage","@id":"https:\/\/jornaltimoneiro.com.br\/index.php\/2026\/04\/29\/rio-grande-do-sul-recebe-novo-lote-de-vacinas-contra-a-gripe-nesta-quarta-feira\/","url":"https:\/\/jornaltimoneiro.com.br\/index.php\/2026\/04\/29\/rio-grande-do-sul-recebe-novo-lote-de-vacinas-contra-a-gripe-nesta-quarta-feira\/","name":"Rio Grande do Sul recebe novo lote de vacinas contra a gripe nesta quarta-feira - O Timoneiro Jornal Canoas RS","isPartOf":{"@id":"https:\/\/jornaltimoneiro.com.br\/#website"},"datePublished":"2026-04-29T13:54:27+00:00","dateModified":"2026-04-29T13:54:27+00:00","description":"Rio Grande do Sul recebe novo lote de vacinas contra a gripe nesta quarta-feira. Estado j\u00e1 aplicou 1,4 milh\u00e3o de doses e registra aumento nas interna\u00e7\u00f5es por influenza.","breadcrumb":{"@id":"https:\/\/jornaltimoneiro.com.br\/index.php\/2026\/04\/29\/rio-grande-do-sul-recebe-novo-lote-de-vacinas-contra-a-gripe-nesta-quarta-feira\/#breadcrumb"},"inLanguage":"pt-BR","potentialAction":[{"@type":"ReadAction","target":["https:\/\/jornaltimoneiro.com.br\/index.php\/2026\/04\/29\/rio-grande-do-sul-recebe-novo-lote-de-vacinas-contra-a-gripe-nesta-quarta-feira\/"]}]},{"@type":"BreadcrumbList","@id":"https:\/\/jornaltimoneiro.com.br\/index.php\/2026\/04\/29\/rio-grande-do-sul-recebe-novo-lote-de-vacinas-contra-a-gripe-nesta-quarta-feira\/#breadcrumb","itemListElement":[{"@type":"ListItem","position":1,"name":"In\u00edcio","item":"https:\/\/jornaltimoneiro.com.br\/"},{"@type":"ListItem","position":2,"name":"Rio Grande do Sul recebe novo lote de vacinas contra a gripe nesta quarta-feira"}]},{"@type":"WebSite","@id":"https:\/\/jornaltimoneiro.com.br\/#website","url":"https:\/\/jornaltimoneiro.com.br\/","name":"Jornal Timoneiro Canoas RS","description":"Jornal O Timoneiro, o verdadeiro jornal de Canoas","publisher":{"@id":"https:\/\/jornaltimoneiro.com.br\/#organization"},"potentialAction":[{"@type":"SearchAction","target":{"@type":"EntryPoint","urlTemplate":"https:\/\/jornaltimoneiro.com.br\/?s={search_term_string}"},"query-input":"required name=search_term_string"}],"inLanguage":"pt-BR"},{"@type":"Organization","@id":"https:\/\/jornaltimoneiro.com.br\/#organization","name":"Jornal Timoneiro Canoas RS","url":"https:\/\/jornaltimoneiro.com.br\/","logo":{"@type":"ImageObject","inLanguage":"pt-BR","@id":"https:\/\/jornaltimoneiro.com.br\/#\/schema\/logo\/image\/","url":"https:\/\/jornaltimoneiro.com.br\/wp-content\/uploads\/2023\/03\/logonovo.png","contentUrl":"https:\/\/jornaltimoneiro.com.br\/wp-content\/uploads\/2023\/03\/logonovo.png","width":"469","height":"171","caption":"Jornal Timoneiro Canoas RS"},"image":{"@id":"https:\/\/jornaltimoneiro.com.br\/#\/schema\/logo\/image\/"},"sameAs":["https:\/\/www.facebook.com\/jornaltimoneiro","https:\/\/twitter.com\/_OTimoneiro","https:\/\/www.instagram.com\/jornaltimoneirocanoas\/","https:\/\/www.youtube.com\/@jornalotimoneiro7927"]},{"@type":"Person","@id":"https:\/\/jornaltimoneiro.com.br\/#\/schema\/person\/f63482f1a02b1a9592707865e509ab40","name":"Reda\u00e7\u00e3o","image":{"@type":"ImageObject","inLanguage":"pt-BR","@id":"https:\/\/jornaltimoneiro.com.br\/#\/schema\/person\/image\/","url":"https:\/\/jornaltimoneiro.com.br\/wp-content\/uploads\/2023\/03\/download.jpeg","contentUrl":"https:\/\/jornaltimoneiro.com.br\/wp-content\/uploads\/2023\/03\/download.jpeg","caption":"Reda\u00e7\u00e3o"},"url":"https:\/\/jornaltimoneiro.com.br\/index.php\/author\/simone-dutra\/"}]}},"_links":{"self":[{"href":"https:\/\/jornaltimoneiro.com.br\/index.php\/wp-json\/wp\/v2\/posts\/40509"}],"collection":[{"href":"https:\/\/jornaltimoneiro.com.br\/index.php\/wp-json\/wp\/v2\/posts"}],"about":[{"href":"https:\/\/jornaltimoneiro.com.br\/index.php\/wp-json\/wp\/v2\/types\/post"}],"author":[{"embeddable":true,"href":"https:\/\/jornaltimoneiro.com.br\/index.php\/wp-json\/wp\/v2\/users\/2"}],"replies":[{"embeddable":true,"href":"https:\/\/jornaltimoneiro.com.br\/index.php\/wp-json\/wp\/v2\/comments?post=40509"}],"version-history":[{"count":1,"href":"https:\/\/jornaltimoneiro.com.br\/index.php\/wp-json\/wp\/v2\/posts\/40509\/revisions"}],"predecessor-version":[{"id":40511,"href":"https:\/\/jornaltimoneiro.com.br\/index.php\/wp-json\/wp\/v2\/posts\/40509\/revisions\/40511"}],"wp:featuredmedia":[{"embeddable":true,"href":"https:\/\/jornaltimoneiro.com.br\/index.php\/wp-json\/wp\/v2\/media\/40510"}],"wp:attachment":[{"href":"https:\/\/jornaltimoneiro.com.br\/index.php\/wp-json\/wp\/v2\/media?parent=40509"}],"wp:term":[{"taxonomy":"category","embeddable":true,"href":"https:\/\/jornaltimoneiro.com.br\/index.php\/wp-json\/wp\/v2\/categories?post=40509"},{"taxonomy":"post_tag","embeddable":true,"href":"https:\/\/jornaltimoneiro.com.br\/index.php\/wp-json\/wp\/v2\/tags?post=40509"}],"curies":[{"name":"wp","href":"https:\/\/api.w.org\/{rel}","templated":true}]}}