{"id":40503,"date":"2026-04-29T09:24:19","date_gmt":"2026-04-29T12:24:19","guid":{"rendered":"https:\/\/jornaltimoneiro.com.br\/?p=40503"},"modified":"2026-04-29T09:24:19","modified_gmt":"2026-04-29T12:24:19","slug":"operacao-cerco-fechado-prende-13-em-butia-por-trafico-de-drogas","status":"publish","type":"post","link":"https:\/\/jornaltimoneiro.com.br\/index.php\/2026\/04\/29\/operacao-cerco-fechado-prende-13-em-butia-por-trafico-de-drogas\/","title":{"rendered":"Opera\u00e7\u00e3o Cerco Fechado prende 13 pessoas e mira esquema de tr\u00e1fico de drogas em Buti\u00e1"},"content":{"rendered":"<p data-start=\"0\" data-end=\"330\">A Pol\u00edcia Civil, por meio da 4\u00aa Delegacia de Investiga\u00e7\u00e3o do Narcotr\u00e1fico do Departamento Estadual de Investiga\u00e7\u00f5es do Narcotr\u00e1fico (4\u00aaDIN\/Denarc), deflagrou na manh\u00e3 desta quarta-feira, 29, a Opera\u00e7\u00e3o Cerco Fechado. A a\u00e7\u00e3o tem como objetivo desarticular uma associa\u00e7\u00e3o criminosa ligada ao tr\u00e1fico de drogas no munic\u00edpio de Buti\u00e1.<\/p>\n<p data-start=\"332\" data-end=\"617\">Ao todo, foram cumpridos 15 mandados de pris\u00e3o preventiva e nove mandados de busca e apreens\u00e3o, expedidos pelo Poder Judici\u00e1rio ap\u00f3s representa\u00e7\u00e3o da autoridade policial. At\u00e9 o momento, 13 pessoas foram presas. Durante a opera\u00e7\u00e3o, drogas, muni\u00e7\u00f5es e outros materiais foram apreendidos.<\/p>\n<p data-start=\"619\" data-end=\"809\">Segundo a delegada Ana Fl\u00e1via Leite, a investiga\u00e7\u00e3o come\u00e7ou em maio de 2025 a partir de den\u00fancias an\u00f4nimas que apontavam que um homem, mesmo preso, continuava comandando o tr\u00e1fico na regi\u00e3o.<\/p>\n<blockquote>\n<p data-start=\"811\" data-end=\"1181\">\u201cA investiga\u00e7\u00e3o teve in\u00edcio em maio de 2025, a partir do recebimento de informa\u00e7\u00f5es an\u00f4nimas que indicavam que um indiv\u00edduo, mesmo recolhido ao sistema prisional, continuava exercendo papel de lideran\u00e7a no tr\u00e1fico de entorpecentes, coordenando a distribui\u00e7\u00e3o de drogas, o fluxo financeiro da atividade il\u00edcita e a atua\u00e7\u00e3o de comparsas em liberdade\u201d, explicou a delegada.<\/p>\n<\/blockquote>\n<p data-start=\"1183\" data-end=\"1293\">Ela tamb\u00e9m destacou que o grupo mantinha apoio externo para garantir a continuidade das atividades criminosas.<\/p>\n<p data-start=\"1295\" data-end=\"1710\">As primeiras dilig\u00eancias ocorreram em endere\u00e7os de Buti\u00e1 e tamb\u00e9m dentro da unidade prisional onde estava o suspeito apontado como lideran\u00e7a. Nessas a\u00e7\u00f5es, foram apreendidos coca\u00edna, por\u00e7\u00f5es de maconha, armas de fogo, muni\u00e7\u00f5es, celulares, balan\u00e7a de precis\u00e3o, dinheiro em esp\u00e9cie, materiais usados para fracionamento de drogas, anota\u00e7\u00f5es do tr\u00e1fico e um ve\u00edculo. Um dos investigados chegou a ser preso em flagrante.<\/p>\n<p data-start=\"1712\" data-end=\"1871\">Ainda no pres\u00eddio, os policiais encontraram celulares, chips e uma por\u00e7\u00e3o semelhante a crack, refor\u00e7ando a suspeita de comunica\u00e7\u00e3o il\u00edcita a partir do c\u00e1rcere.<\/p>\n<p data-start=\"1873\" data-end=\"2125\">Com o avan\u00e7o da investiga\u00e7\u00e3o, a an\u00e1lise dos celulares apreendidos permitiu aprofundar a estrutura do grupo. A partir da extra\u00e7\u00e3o de dados, os policiais identificaram a divis\u00e3o de fun\u00e7\u00f5es, pontos de venda e a forma como eram feitos os repasses e ordens.<\/p>\n<p data-start=\"2127\" data-end=\"2331\">As conversas revelaram negocia\u00e7\u00f5es de drogas, vendas diretas, cobran\u00e7a de d\u00edvidas e transfer\u00eancias via Pix. Tamb\u00e9m mostraram a atua\u00e7\u00e3o organizada dos envolvidos, com fun\u00e7\u00f5es espec\u00edficas dentro do esquema.<\/p>\n<p data-start=\"2333\" data-end=\"2488\">Outro ponto identificado foi o monitoramento da atua\u00e7\u00e3o policial. Os investigados trocavam informa\u00e7\u00f5es sobre viaturas e movimenta\u00e7\u00f5es de agentes na regi\u00e3o.<\/p>\n<blockquote>\n<p data-start=\"2490\" data-end=\"2745\">\u201cA apura\u00e7\u00e3o demonstrou que, quando um ponto estava temporariamente inativo, compradores eram encaminhados a outros locais, mantendo a continuidade da mercancia il\u00edcita e evidenciando a estabilidade da associa\u00e7\u00e3o criminosa\u201d, explicou a delegada Ana Fl\u00e1via.<\/p>\n<\/blockquote>\n<p data-start=\"2747\" data-end=\"2926\">Mesmo preso, o investigado apontado como lideran\u00e7a seguia influenciando o esquema, segundo a pol\u00edcia, controlando valores, pagamentos e ordens repassadas a comparsas em liberdade.<\/p>\n<p data-start=\"2928\" data-end=\"3082\">A investiga\u00e7\u00e3o tamb\u00e9m encontrou registros financeiros paralelos, com anota\u00e7\u00f5es de nomes, valores e c\u00e1lculos, al\u00e9m de movimenta\u00e7\u00f5es consideradas suspeitas.<\/p>\n<p data-start=\"3084\" data-end=\"3185\">De acordo com a delegada, os elementos reunidos mostram uma estrutura criminosa organizada e est\u00e1vel.<\/p>\n<blockquote>\n<p data-start=\"3187\" data-end=\"3417\" data-is-last-node=\"\" data-is-only-node=\"\">\u201cA Opera\u00e7\u00e3o Cerco Fechado integra a estrat\u00e9gia da Pol\u00edcia Civil de intensificar as a\u00e7\u00f5es de repress\u00e3o qualificada ao tr\u00e1fico de entorpecentes e \u00e0 atua\u00e7\u00e3o de associa\u00e7\u00f5es criminosas no Rio Grande do Sul\u201d, completou Ana Fl\u00e1via Leite.<\/p>\n<\/blockquote>\n","protected":false},"excerpt":{"rendered":"<p>A Pol\u00edcia Civil, por meio da 4\u00aa Delegacia de Investiga\u00e7\u00e3o do Narcotr\u00e1fico do Departamento Estadual de Investiga\u00e7\u00f5es do Narcotr\u00e1fico (4\u00aaDIN\/Denarc), deflagrou na manh\u00e3 desta quarta-feira, 29, a Opera\u00e7\u00e3o Cerco Fechado. A a\u00e7\u00e3o tem como objetivo desarticular uma associa\u00e7\u00e3o criminosa ligada ao tr\u00e1fico de drogas no munic\u00edpio de Buti\u00e1. Ao todo, foram cumpridos 15 mandados de [&hellip;]<\/p>\n","protected":false},"author":2,"featured_media":40504,"comment_status":"open","ping_status":"open","sticky":false,"template":"","format":"standard","meta":{"amp_status":"","footnotes":""},"categories":[30],"tags":[31,190,2188,2909],"class_list":["post-40503","post","type-post","status-publish","format-standard","has-post-thumbnail","hentry","category-policial","tag-canoas","tag-featured","tag-operacao","tag-policial"],"yoast_head":"<!-- This site is optimized with the Yoast SEO plugin v20.5 - https:\/\/yoast.com\/wordpress\/plugins\/seo\/ -->\n<title>Opera\u00e7\u00e3o Cerco Fechado prende 13 pessoas e mira esquema de tr\u00e1fico de drogas em Buti\u00e1 - O Timoneiro Jornal Canoas RS<\/title>\n<meta name=\"description\" content=\"Opera\u00e7\u00e3o Cerco Fechado prende 13 pessoas em Buti\u00e1 e mira grupo criminoso ligado ao tr\u00e1fico de drogas comandado at\u00e9 mesmo de dentro do sistema prisional.\" \/>\n<meta name=\"robots\" content=\"index, follow, max-snippet:-1, max-image-preview:large, max-video-preview:-1\" \/>\n<link rel=\"canonical\" href=\"https:\/\/jornaltimoneiro.com.br\/index.php\/2026\/04\/29\/operacao-cerco-fechado-prende-13-em-butia-por-trafico-de-drogas\/\" \/>\n<meta property=\"og:locale\" content=\"pt_BR\" \/>\n<meta property=\"og:type\" content=\"article\" \/>\n<meta property=\"og:title\" content=\"Opera\u00e7\u00e3o Cerco Fechado prende 13 pessoas e mira esquema de tr\u00e1fico de drogas em Buti\u00e1 - O Timoneiro Jornal Canoas RS\" \/>\n<meta property=\"og:description\" content=\"Opera\u00e7\u00e3o Cerco Fechado prende 13 pessoas em Buti\u00e1 e mira grupo criminoso ligado ao tr\u00e1fico de drogas comandado at\u00e9 mesmo de dentro do sistema prisional.\" \/>\n<meta property=\"og:url\" content=\"https:\/\/jornaltimoneiro.com.br\/index.php\/2026\/04\/29\/operacao-cerco-fechado-prende-13-em-butia-por-trafico-de-drogas\/\" \/>\n<meta property=\"og:site_name\" content=\"O Timoneiro Jornal Canoas RS\" \/>\n<meta property=\"article:publisher\" content=\"https:\/\/www.facebook.com\/jornaltimoneiro\" \/>\n<meta property=\"article:published_time\" content=\"2026-04-29T12:24:19+00:00\" \/>\n<meta property=\"og:image\" content=\"https:\/\/jornaltimoneiro.com.br\/wp-content\/uploads\/2026\/04\/29074737_598001_GDO.jpeg\" \/>\n\t<meta property=\"og:image:width\" content=\"801\" \/>\n\t<meta property=\"og:image:height\" content=\"1068\" \/>\n\t<meta property=\"og:image:type\" content=\"image\/jpeg\" \/>\n<meta name=\"author\" content=\"Reda\u00e7\u00e3o\" \/>\n<meta name=\"twitter:card\" content=\"summary_large_image\" \/>\n<meta name=\"twitter:creator\" content=\"@_OTimoneiro\" \/>\n<meta name=\"twitter:site\" content=\"@_OTimoneiro\" \/>\n<meta name=\"twitter:label1\" content=\"Escrito por\" \/>\n\t<meta name=\"twitter:data1\" content=\"Reda\u00e7\u00e3o\" \/>\n\t<meta name=\"twitter:label2\" content=\"Est. tempo de leitura\" \/>\n\t<meta name=\"twitter:data2\" content=\"3 minutos\" \/>\n<script type=\"application\/ld+json\" class=\"yoast-schema-graph\">{\"@context\":\"https:\/\/schema.org\",\"@graph\":[{\"@type\":\"Article\",\"@id\":\"https:\/\/jornaltimoneiro.com.br\/index.php\/2026\/04\/29\/operacao-cerco-fechado-prende-13-em-butia-por-trafico-de-drogas\/#article\",\"isPartOf\":{\"@id\":\"https:\/\/jornaltimoneiro.com.br\/index.php\/2026\/04\/29\/operacao-cerco-fechado-prende-13-em-butia-por-trafico-de-drogas\/\"},\"author\":{\"name\":\"Reda\u00e7\u00e3o\",\"@id\":\"https:\/\/jornaltimoneiro.com.br\/#\/schema\/person\/f63482f1a02b1a9592707865e509ab40\"},\"headline\":\"Opera\u00e7\u00e3o Cerco Fechado prende 13 pessoas e mira esquema de tr\u00e1fico de drogas em Buti\u00e1\",\"datePublished\":\"2026-04-29T12:24:19+00:00\",\"dateModified\":\"2026-04-29T12:24:19+00:00\",\"mainEntityOfPage\":{\"@id\":\"https:\/\/jornaltimoneiro.com.br\/index.php\/2026\/04\/29\/operacao-cerco-fechado-prende-13-em-butia-por-trafico-de-drogas\/\"},\"wordCount\":601,\"commentCount\":0,\"publisher\":{\"@id\":\"https:\/\/jornaltimoneiro.com.br\/#organization\"},\"keywords\":[\"canoas\",\"featured\",\"opera\u00e7\u00e3o\",\"policial\"],\"articleSection\":[\"Policial\"],\"inLanguage\":\"pt-BR\",\"potentialAction\":[{\"@type\":\"CommentAction\",\"name\":\"Comment\",\"target\":[\"https:\/\/jornaltimoneiro.com.br\/index.php\/2026\/04\/29\/operacao-cerco-fechado-prende-13-em-butia-por-trafico-de-drogas\/#respond\"]}]},{\"@type\":\"WebPage\",\"@id\":\"https:\/\/jornaltimoneiro.com.br\/index.php\/2026\/04\/29\/operacao-cerco-fechado-prende-13-em-butia-por-trafico-de-drogas\/\",\"url\":\"https:\/\/jornaltimoneiro.com.br\/index.php\/2026\/04\/29\/operacao-cerco-fechado-prende-13-em-butia-por-trafico-de-drogas\/\",\"name\":\"Opera\u00e7\u00e3o Cerco Fechado prende 13 pessoas e mira esquema de tr\u00e1fico de drogas em Buti\u00e1 - O Timoneiro Jornal Canoas RS\",\"isPartOf\":{\"@id\":\"https:\/\/jornaltimoneiro.com.br\/#website\"},\"datePublished\":\"2026-04-29T12:24:19+00:00\",\"dateModified\":\"2026-04-29T12:24:19+00:00\",\"description\":\"Opera\u00e7\u00e3o Cerco Fechado prende 13 pessoas em Buti\u00e1 e mira grupo criminoso ligado ao tr\u00e1fico de drogas comandado at\u00e9 mesmo de dentro do sistema prisional.\",\"breadcrumb\":{\"@id\":\"https:\/\/jornaltimoneiro.com.br\/index.php\/2026\/04\/29\/operacao-cerco-fechado-prende-13-em-butia-por-trafico-de-drogas\/#breadcrumb\"},\"inLanguage\":\"pt-BR\",\"potentialAction\":[{\"@type\":\"ReadAction\",\"target\":[\"https:\/\/jornaltimoneiro.com.br\/index.php\/2026\/04\/29\/operacao-cerco-fechado-prende-13-em-butia-por-trafico-de-drogas\/\"]}]},{\"@type\":\"BreadcrumbList\",\"@id\":\"https:\/\/jornaltimoneiro.com.br\/index.php\/2026\/04\/29\/operacao-cerco-fechado-prende-13-em-butia-por-trafico-de-drogas\/#breadcrumb\",\"itemListElement\":[{\"@type\":\"ListItem\",\"position\":1,\"name\":\"In\u00edcio\",\"item\":\"https:\/\/jornaltimoneiro.com.br\/\"},{\"@type\":\"ListItem\",\"position\":2,\"name\":\"Opera\u00e7\u00e3o Cerco Fechado prende 13 pessoas e mira esquema de tr\u00e1fico de drogas em Buti\u00e1\"}]},{\"@type\":\"WebSite\",\"@id\":\"https:\/\/jornaltimoneiro.com.br\/#website\",\"url\":\"https:\/\/jornaltimoneiro.com.br\/\",\"name\":\"Jornal Timoneiro Canoas RS\",\"description\":\"Jornal O Timoneiro, o verdadeiro jornal de Canoas\",\"publisher\":{\"@id\":\"https:\/\/jornaltimoneiro.com.br\/#organization\"},\"potentialAction\":[{\"@type\":\"SearchAction\",\"target\":{\"@type\":\"EntryPoint\",\"urlTemplate\":\"https:\/\/jornaltimoneiro.com.br\/?s={search_term_string}\"},\"query-input\":\"required name=search_term_string\"}],\"inLanguage\":\"pt-BR\"},{\"@type\":\"Organization\",\"@id\":\"https:\/\/jornaltimoneiro.com.br\/#organization\",\"name\":\"Jornal Timoneiro Canoas RS\",\"url\":\"https:\/\/jornaltimoneiro.com.br\/\",\"logo\":{\"@type\":\"ImageObject\",\"inLanguage\":\"pt-BR\",\"@id\":\"https:\/\/jornaltimoneiro.com.br\/#\/schema\/logo\/image\/\",\"url\":\"https:\/\/jornaltimoneiro.com.br\/wp-content\/uploads\/2023\/03\/logonovo.png\",\"contentUrl\":\"https:\/\/jornaltimoneiro.com.br\/wp-content\/uploads\/2023\/03\/logonovo.png\",\"width\":\"469\",\"height\":\"171\",\"caption\":\"Jornal Timoneiro Canoas RS\"},\"image\":{\"@id\":\"https:\/\/jornaltimoneiro.com.br\/#\/schema\/logo\/image\/\"},\"sameAs\":[\"https:\/\/www.facebook.com\/jornaltimoneiro\",\"https:\/\/twitter.com\/_OTimoneiro\",\"https:\/\/www.instagram.com\/jornaltimoneirocanoas\/\",\"https:\/\/www.youtube.com\/@jornalotimoneiro7927\"]},{\"@type\":\"Person\",\"@id\":\"https:\/\/jornaltimoneiro.com.br\/#\/schema\/person\/f63482f1a02b1a9592707865e509ab40\",\"name\":\"Reda\u00e7\u00e3o\",\"image\":{\"@type\":\"ImageObject\",\"inLanguage\":\"pt-BR\",\"@id\":\"https:\/\/jornaltimoneiro.com.br\/#\/schema\/person\/image\/\",\"url\":\"https:\/\/jornaltimoneiro.com.br\/wp-content\/uploads\/2023\/03\/download.jpeg\",\"contentUrl\":\"https:\/\/jornaltimoneiro.com.br\/wp-content\/uploads\/2023\/03\/download.jpeg\",\"caption\":\"Reda\u00e7\u00e3o\"},\"url\":\"https:\/\/jornaltimoneiro.com.br\/index.php\/author\/simone-dutra\/\"}]}<\/script>\n<!-- \/ Yoast SEO plugin. -->","yoast_head_json":{"title":"Opera\u00e7\u00e3o Cerco Fechado prende 13 pessoas e mira esquema de tr\u00e1fico de drogas em Buti\u00e1 - O Timoneiro Jornal Canoas RS","description":"Opera\u00e7\u00e3o Cerco Fechado prende 13 pessoas em Buti\u00e1 e mira grupo criminoso ligado ao tr\u00e1fico de drogas comandado at\u00e9 mesmo de dentro do sistema prisional.","robots":{"index":"index","follow":"follow","max-snippet":"max-snippet:-1","max-image-preview":"max-image-preview:large","max-video-preview":"max-video-preview:-1"},"canonical":"https:\/\/jornaltimoneiro.com.br\/index.php\/2026\/04\/29\/operacao-cerco-fechado-prende-13-em-butia-por-trafico-de-drogas\/","og_locale":"pt_BR","og_type":"article","og_title":"Opera\u00e7\u00e3o Cerco Fechado prende 13 pessoas e mira esquema de tr\u00e1fico de drogas em Buti\u00e1 - O Timoneiro Jornal Canoas RS","og_description":"Opera\u00e7\u00e3o Cerco Fechado prende 13 pessoas em Buti\u00e1 e mira grupo criminoso ligado ao tr\u00e1fico de drogas comandado at\u00e9 mesmo de dentro do sistema prisional.","og_url":"https:\/\/jornaltimoneiro.com.br\/index.php\/2026\/04\/29\/operacao-cerco-fechado-prende-13-em-butia-por-trafico-de-drogas\/","og_site_name":"O Timoneiro Jornal Canoas RS","article_publisher":"https:\/\/www.facebook.com\/jornaltimoneiro","article_published_time":"2026-04-29T12:24:19+00:00","og_image":[{"width":"801","height":"1068","url":"https:\/\/jornaltimoneiro.com.br\/wp-content\/uploads\/2026\/04\/29074737_598001_GDO.jpeg","type":"image\/jpeg"}],"author":"Reda\u00e7\u00e3o","twitter_card":"summary_large_image","twitter_creator":"@_OTimoneiro","twitter_site":"@_OTimoneiro","twitter_misc":{"Escrito por":"Reda\u00e7\u00e3o","Est. tempo de leitura":"3 minutos"},"schema":{"@context":"https:\/\/schema.org","@graph":[{"@type":"Article","@id":"https:\/\/jornaltimoneiro.com.br\/index.php\/2026\/04\/29\/operacao-cerco-fechado-prende-13-em-butia-por-trafico-de-drogas\/#article","isPartOf":{"@id":"https:\/\/jornaltimoneiro.com.br\/index.php\/2026\/04\/29\/operacao-cerco-fechado-prende-13-em-butia-por-trafico-de-drogas\/"},"author":{"name":"Reda\u00e7\u00e3o","@id":"https:\/\/jornaltimoneiro.com.br\/#\/schema\/person\/f63482f1a02b1a9592707865e509ab40"},"headline":"Opera\u00e7\u00e3o Cerco Fechado prende 13 pessoas e mira esquema de tr\u00e1fico de drogas em Buti\u00e1","datePublished":"2026-04-29T12:24:19+00:00","dateModified":"2026-04-29T12:24:19+00:00","mainEntityOfPage":{"@id":"https:\/\/jornaltimoneiro.com.br\/index.php\/2026\/04\/29\/operacao-cerco-fechado-prende-13-em-butia-por-trafico-de-drogas\/"},"wordCount":601,"commentCount":0,"publisher":{"@id":"https:\/\/jornaltimoneiro.com.br\/#organization"},"keywords":["canoas","featured","opera\u00e7\u00e3o","policial"],"articleSection":["Policial"],"inLanguage":"pt-BR","potentialAction":[{"@type":"CommentAction","name":"Comment","target":["https:\/\/jornaltimoneiro.com.br\/index.php\/2026\/04\/29\/operacao-cerco-fechado-prende-13-em-butia-por-trafico-de-drogas\/#respond"]}]},{"@type":"WebPage","@id":"https:\/\/jornaltimoneiro.com.br\/index.php\/2026\/04\/29\/operacao-cerco-fechado-prende-13-em-butia-por-trafico-de-drogas\/","url":"https:\/\/jornaltimoneiro.com.br\/index.php\/2026\/04\/29\/operacao-cerco-fechado-prende-13-em-butia-por-trafico-de-drogas\/","name":"Opera\u00e7\u00e3o Cerco Fechado prende 13 pessoas e mira esquema de tr\u00e1fico de drogas em Buti\u00e1 - O Timoneiro Jornal Canoas RS","isPartOf":{"@id":"https:\/\/jornaltimoneiro.com.br\/#website"},"datePublished":"2026-04-29T12:24:19+00:00","dateModified":"2026-04-29T12:24:19+00:00","description":"Opera\u00e7\u00e3o Cerco Fechado prende 13 pessoas em Buti\u00e1 e mira grupo criminoso ligado ao tr\u00e1fico de drogas comandado at\u00e9 mesmo de dentro do sistema prisional.","breadcrumb":{"@id":"https:\/\/jornaltimoneiro.com.br\/index.php\/2026\/04\/29\/operacao-cerco-fechado-prende-13-em-butia-por-trafico-de-drogas\/#breadcrumb"},"inLanguage":"pt-BR","potentialAction":[{"@type":"ReadAction","target":["https:\/\/jornaltimoneiro.com.br\/index.php\/2026\/04\/29\/operacao-cerco-fechado-prende-13-em-butia-por-trafico-de-drogas\/"]}]},{"@type":"BreadcrumbList","@id":"https:\/\/jornaltimoneiro.com.br\/index.php\/2026\/04\/29\/operacao-cerco-fechado-prende-13-em-butia-por-trafico-de-drogas\/#breadcrumb","itemListElement":[{"@type":"ListItem","position":1,"name":"In\u00edcio","item":"https:\/\/jornaltimoneiro.com.br\/"},{"@type":"ListItem","position":2,"name":"Opera\u00e7\u00e3o Cerco Fechado prende 13 pessoas e mira esquema de tr\u00e1fico de drogas em Buti\u00e1"}]},{"@type":"WebSite","@id":"https:\/\/jornaltimoneiro.com.br\/#website","url":"https:\/\/jornaltimoneiro.com.br\/","name":"Jornal Timoneiro Canoas RS","description":"Jornal O Timoneiro, o verdadeiro jornal de Canoas","publisher":{"@id":"https:\/\/jornaltimoneiro.com.br\/#organization"},"potentialAction":[{"@type":"SearchAction","target":{"@type":"EntryPoint","urlTemplate":"https:\/\/jornaltimoneiro.com.br\/?s={search_term_string}"},"query-input":"required name=search_term_string"}],"inLanguage":"pt-BR"},{"@type":"Organization","@id":"https:\/\/jornaltimoneiro.com.br\/#organization","name":"Jornal Timoneiro Canoas RS","url":"https:\/\/jornaltimoneiro.com.br\/","logo":{"@type":"ImageObject","inLanguage":"pt-BR","@id":"https:\/\/jornaltimoneiro.com.br\/#\/schema\/logo\/image\/","url":"https:\/\/jornaltimoneiro.com.br\/wp-content\/uploads\/2023\/03\/logonovo.png","contentUrl":"https:\/\/jornaltimoneiro.com.br\/wp-content\/uploads\/2023\/03\/logonovo.png","width":"469","height":"171","caption":"Jornal Timoneiro Canoas RS"},"image":{"@id":"https:\/\/jornaltimoneiro.com.br\/#\/schema\/logo\/image\/"},"sameAs":["https:\/\/www.facebook.com\/jornaltimoneiro","https:\/\/twitter.com\/_OTimoneiro","https:\/\/www.instagram.com\/jornaltimoneirocanoas\/","https:\/\/www.youtube.com\/@jornalotimoneiro7927"]},{"@type":"Person","@id":"https:\/\/jornaltimoneiro.com.br\/#\/schema\/person\/f63482f1a02b1a9592707865e509ab40","name":"Reda\u00e7\u00e3o","image":{"@type":"ImageObject","inLanguage":"pt-BR","@id":"https:\/\/jornaltimoneiro.com.br\/#\/schema\/person\/image\/","url":"https:\/\/jornaltimoneiro.com.br\/wp-content\/uploads\/2023\/03\/download.jpeg","contentUrl":"https:\/\/jornaltimoneiro.com.br\/wp-content\/uploads\/2023\/03\/download.jpeg","caption":"Reda\u00e7\u00e3o"},"url":"https:\/\/jornaltimoneiro.com.br\/index.php\/author\/simone-dutra\/"}]}},"_links":{"self":[{"href":"https:\/\/jornaltimoneiro.com.br\/index.php\/wp-json\/wp\/v2\/posts\/40503"}],"collection":[{"href":"https:\/\/jornaltimoneiro.com.br\/index.php\/wp-json\/wp\/v2\/posts"}],"about":[{"href":"https:\/\/jornaltimoneiro.com.br\/index.php\/wp-json\/wp\/v2\/types\/post"}],"author":[{"embeddable":true,"href":"https:\/\/jornaltimoneiro.com.br\/index.php\/wp-json\/wp\/v2\/users\/2"}],"replies":[{"embeddable":true,"href":"https:\/\/jornaltimoneiro.com.br\/index.php\/wp-json\/wp\/v2\/comments?post=40503"}],"version-history":[{"count":1,"href":"https:\/\/jornaltimoneiro.com.br\/index.php\/wp-json\/wp\/v2\/posts\/40503\/revisions"}],"predecessor-version":[{"id":40505,"href":"https:\/\/jornaltimoneiro.com.br\/index.php\/wp-json\/wp\/v2\/posts\/40503\/revisions\/40505"}],"wp:featuredmedia":[{"embeddable":true,"href":"https:\/\/jornaltimoneiro.com.br\/index.php\/wp-json\/wp\/v2\/media\/40504"}],"wp:attachment":[{"href":"https:\/\/jornaltimoneiro.com.br\/index.php\/wp-json\/wp\/v2\/media?parent=40503"}],"wp:term":[{"taxonomy":"category","embeddable":true,"href":"https:\/\/jornaltimoneiro.com.br\/index.php\/wp-json\/wp\/v2\/categories?post=40503"},{"taxonomy":"post_tag","embeddable":true,"href":"https:\/\/jornaltimoneiro.com.br\/index.php\/wp-json\/wp\/v2\/tags?post=40503"}],"curies":[{"name":"wp","href":"https:\/\/api.w.org\/{rel}","templated":true}]}}