{"id":40499,"date":"2026-04-29T08:46:41","date_gmt":"2026-04-29T11:46:41","guid":{"rendered":"https:\/\/jornaltimoneiro.com.br\/?p=40499"},"modified":"2026-04-29T08:47:05","modified_gmt":"2026-04-29T11:47:05","slug":"cachoeirinha-delegacia-dppa-patricia-alba-seguranca","status":"publish","type":"post","link":"https:\/\/jornaltimoneiro.com.br\/index.php\/2026\/04\/29\/cachoeirinha-delegacia-dppa-patricia-alba-seguranca\/","title":{"rendered":"Cachoeirinha avan\u00e7a na implanta\u00e7\u00e3o de nova delegacia, mas demanda por DPPA segue sem defini\u00e7\u00e3o"},"content":{"rendered":"<p data-start=\"0\" data-end=\"203\">A deputada estadual Patr\u00edcia Alba (MDB) destacou a cess\u00e3o de um terreno pela Prefeitura de Cachoeirinha para a constru\u00e7\u00e3o da sede pr\u00f3pria da 2\u00aa Delegacia de Pol\u00edcia, que ser\u00e1 instalada no bairro Colinas.<\/p>\n<p data-start=\"205\" data-end=\"797\">Segundo ela, apesar do avan\u00e7o, a principal demanda do munic\u00edpio segue sendo a implanta\u00e7\u00e3o de uma Delegacia de Pol\u00edcia de Pronto Atendimento (DPPA) e de uma Delegacia da Mulher.<\/p>\n<blockquote>\n<p data-start=\"205\" data-end=\"797\">\u201c\u00c9 inconceb\u00edvel que Cachoeirinha, com mais de 140 mil habitantes, ainda n\u00e3o tenha uma estrutura de seguran\u00e7a com opera\u00e7\u00e3o 24 horas. Muitas mulheres deixam de registrar ocorr\u00eancias, pois acabam desistindo de ir a Gravata\u00ed para denunciar agressores. N\u00f3s reiteramos essa demanda com o vice-governador do Estado, Gabriel Souza, que j\u00e1 encaminhou o assunto para an\u00e1lise junto aos \u00f3rg\u00e3os competentes no governo\u201d, afirmou.<\/p>\n<\/blockquote>\n<p data-start=\"799\" data-end=\"1071\">Patr\u00edcia citou ainda um caso ocorrido no munic\u00edpio envolvendo a fam\u00edlia Aguiar. Segundo ela, um casal de idosos procurou atendimento em um fim de semana para registrar o desaparecimento da filha, mas n\u00e3o conseguiu formalizar a ocorr\u00eancia porque a delegacia estava fechada.<\/p>\n<p data-start=\"1073\" data-end=\"1437\">A deputada informou que as demandas s\u00e3o tratadas em conjunto com a presidente da Subse\u00e7\u00e3o Cachoeirinha da OAB, Fl\u00e1via Casotti, o promotor Michael Flach, o conselheiro seccional da OAB Andr\u00e9 Lima de Moraes e outras lideran\u00e7as locais. Segundo as entidades, a estrutura da 1\u00aa Delegacia de Pol\u00edcia poderia ser utilizada para viabilizar uma DPPA em car\u00e1ter emergencial.<\/p>\n<p data-start=\"1439\" data-end=\"1623\">A pauta j\u00e1 foi discutida em reuni\u00e3o com o vice-governador Gabriel Souza em novembro de 2025, com a participa\u00e7\u00e3o do ex-prefeito Cristian Wasen e do ex-vice-prefeito delegado Jo\u00e3o Paulo.<\/p>\n<p data-start=\"1625\" data-end=\"1928\">Em setembro de 2025, durante audi\u00eancia p\u00fablica na C\u00e2mara de Cachoeirinha sobre a eleva\u00e7\u00e3o de entr\u00e2ncia, a deputada tamb\u00e9m tratou do tema junto ao vice-governador. O encontro contou com a presen\u00e7a do promotor Bill Jer\u00f4nimo Scherer e dos delegados Andr\u00e9 Lobo Anicet, da 1\u00aa DP, e Ernesto Prestes, da 2\u00aa DP.<\/p>\n<p data-start=\"1930\" data-end=\"2153\" data-is-last-node=\"\" data-is-only-node=\"\">Patr\u00edcia afirmou que o trabalho busca melhorias na estrutura de seguran\u00e7a do munic\u00edpio.<\/p>\n<blockquote>\n<p data-start=\"1930\" data-end=\"2153\" data-is-last-node=\"\" data-is-only-node=\"\">\u201cSeguimos trabalhando para que Cachoeirinha tenha uma estrutura completa, capaz de atender os cidad\u00e3os com rapidez e dignidade\u201d, disse.<\/p>\n<\/blockquote>\n","protected":false},"excerpt":{"rendered":"<p>A deputada estadual Patr\u00edcia Alba (MDB) destacou a cess\u00e3o de um terreno pela Prefeitura de Cachoeirinha para a constru\u00e7\u00e3o da sede pr\u00f3pria da 2\u00aa Delegacia de Pol\u00edcia, que ser\u00e1 instalada no bairro Colinas. Segundo ela, apesar do avan\u00e7o, a principal demanda do munic\u00edpio segue sendo a implanta\u00e7\u00e3o de uma Delegacia de Pol\u00edcia de Pronto Atendimento [&hellip;]<\/p>\n","protected":false},"author":2,"featured_media":40500,"comment_status":"open","ping_status":"open","sticky":false,"template":"","format":"standard","meta":{"amp_status":"","footnotes":""},"categories":[20],"tags":[605,31,1377,126],"class_list":["post-40499","post","type-post","status-publish","format-standard","has-post-thumbnail","hentry","category-politica-noticias","tag-cachoeirinha","tag-canoas","tag-feat","tag-politica"],"yoast_head":"<!-- This site is optimized with the Yoast SEO plugin v20.5 - https:\/\/yoast.com\/wordpress\/plugins\/seo\/ -->\n<title>Cachoeirinha avan\u00e7a na implanta\u00e7\u00e3o de nova delegacia, mas demanda por DPPA segue sem defini\u00e7\u00e3o - O Timoneiro Jornal Canoas RS<\/title>\n<meta name=\"description\" content=\"Deputada Patr\u00edcia Alba destaca cess\u00e3o de \u00e1rea para nova delegacia em Cachoeirinha e refor\u00e7a pedido de DPPA e Delegacia da Mulher no munic\u00edpio.\" \/>\n<meta name=\"robots\" content=\"index, follow, max-snippet:-1, max-image-preview:large, max-video-preview:-1\" \/>\n<link rel=\"canonical\" href=\"https:\/\/jornaltimoneiro.com.br\/index.php\/2026\/04\/29\/cachoeirinha-delegacia-dppa-patricia-alba-seguranca\/\" \/>\n<meta property=\"og:locale\" content=\"pt_BR\" \/>\n<meta property=\"og:type\" content=\"article\" \/>\n<meta property=\"og:title\" content=\"Cachoeirinha avan\u00e7a na implanta\u00e7\u00e3o de nova delegacia, mas demanda por DPPA segue sem defini\u00e7\u00e3o - O Timoneiro Jornal Canoas RS\" \/>\n<meta property=\"og:description\" content=\"Deputada Patr\u00edcia Alba destaca cess\u00e3o de \u00e1rea para nova delegacia em Cachoeirinha e refor\u00e7a pedido de DPPA e Delegacia da Mulher no munic\u00edpio.\" \/>\n<meta property=\"og:url\" content=\"https:\/\/jornaltimoneiro.com.br\/index.php\/2026\/04\/29\/cachoeirinha-delegacia-dppa-patricia-alba-seguranca\/\" \/>\n<meta property=\"og:site_name\" content=\"O Timoneiro Jornal Canoas RS\" \/>\n<meta property=\"article:publisher\" content=\"https:\/\/www.facebook.com\/jornaltimoneiro\" \/>\n<meta property=\"article:published_time\" content=\"2026-04-29T11:46:41+00:00\" \/>\n<meta property=\"article:modified_time\" content=\"2026-04-29T11:47:05+00:00\" \/>\n<meta property=\"og:image\" content=\"https:\/\/jornaltimoneiro.com.br\/wp-content\/uploads\/2026\/04\/WhatsApp-Image-2026-04-29-at-08.36.42.jpeg\" \/>\n\t<meta property=\"og:image:width\" content=\"1155\" \/>\n\t<meta property=\"og:image:height\" content=\"534\" \/>\n\t<meta property=\"og:image:type\" content=\"image\/jpeg\" \/>\n<meta name=\"author\" content=\"Reda\u00e7\u00e3o\" \/>\n<meta name=\"twitter:card\" content=\"summary_large_image\" \/>\n<meta name=\"twitter:creator\" content=\"@_OTimoneiro\" \/>\n<meta name=\"twitter:site\" content=\"@_OTimoneiro\" \/>\n<meta name=\"twitter:label1\" content=\"Escrito por\" \/>\n\t<meta name=\"twitter:data1\" content=\"Reda\u00e7\u00e3o\" \/>\n\t<meta name=\"twitter:label2\" content=\"Est. tempo de leitura\" \/>\n\t<meta name=\"twitter:data2\" content=\"2 minutos\" \/>\n<script type=\"application\/ld+json\" class=\"yoast-schema-graph\">{\"@context\":\"https:\/\/schema.org\",\"@graph\":[{\"@type\":\"Article\",\"@id\":\"https:\/\/jornaltimoneiro.com.br\/index.php\/2026\/04\/29\/cachoeirinha-delegacia-dppa-patricia-alba-seguranca\/#article\",\"isPartOf\":{\"@id\":\"https:\/\/jornaltimoneiro.com.br\/index.php\/2026\/04\/29\/cachoeirinha-delegacia-dppa-patricia-alba-seguranca\/\"},\"author\":{\"name\":\"Reda\u00e7\u00e3o\",\"@id\":\"https:\/\/jornaltimoneiro.com.br\/#\/schema\/person\/f63482f1a02b1a9592707865e509ab40\"},\"headline\":\"Cachoeirinha avan\u00e7a na implanta\u00e7\u00e3o de nova delegacia, mas demanda por DPPA segue sem defini\u00e7\u00e3o\",\"datePublished\":\"2026-04-29T11:46:41+00:00\",\"dateModified\":\"2026-04-29T11:47:05+00:00\",\"mainEntityOfPage\":{\"@id\":\"https:\/\/jornaltimoneiro.com.br\/index.php\/2026\/04\/29\/cachoeirinha-delegacia-dppa-patricia-alba-seguranca\/\"},\"wordCount\":386,\"commentCount\":0,\"publisher\":{\"@id\":\"https:\/\/jornaltimoneiro.com.br\/#organization\"},\"keywords\":[\"cachoeirinha\",\"canoas\",\"feat\",\"Pol\u00edtica\"],\"articleSection\":[\"Pol\u00edtica\"],\"inLanguage\":\"pt-BR\",\"potentialAction\":[{\"@type\":\"CommentAction\",\"name\":\"Comment\",\"target\":[\"https:\/\/jornaltimoneiro.com.br\/index.php\/2026\/04\/29\/cachoeirinha-delegacia-dppa-patricia-alba-seguranca\/#respond\"]}]},{\"@type\":\"WebPage\",\"@id\":\"https:\/\/jornaltimoneiro.com.br\/index.php\/2026\/04\/29\/cachoeirinha-delegacia-dppa-patricia-alba-seguranca\/\",\"url\":\"https:\/\/jornaltimoneiro.com.br\/index.php\/2026\/04\/29\/cachoeirinha-delegacia-dppa-patricia-alba-seguranca\/\",\"name\":\"Cachoeirinha avan\u00e7a na implanta\u00e7\u00e3o de nova delegacia, mas demanda por DPPA segue sem defini\u00e7\u00e3o - O Timoneiro Jornal Canoas RS\",\"isPartOf\":{\"@id\":\"https:\/\/jornaltimoneiro.com.br\/#website\"},\"datePublished\":\"2026-04-29T11:46:41+00:00\",\"dateModified\":\"2026-04-29T11:47:05+00:00\",\"description\":\"Deputada Patr\u00edcia Alba destaca cess\u00e3o de \u00e1rea para nova delegacia em Cachoeirinha e refor\u00e7a pedido de DPPA e Delegacia da Mulher no munic\u00edpio.\",\"breadcrumb\":{\"@id\":\"https:\/\/jornaltimoneiro.com.br\/index.php\/2026\/04\/29\/cachoeirinha-delegacia-dppa-patricia-alba-seguranca\/#breadcrumb\"},\"inLanguage\":\"pt-BR\",\"potentialAction\":[{\"@type\":\"ReadAction\",\"target\":[\"https:\/\/jornaltimoneiro.com.br\/index.php\/2026\/04\/29\/cachoeirinha-delegacia-dppa-patricia-alba-seguranca\/\"]}]},{\"@type\":\"BreadcrumbList\",\"@id\":\"https:\/\/jornaltimoneiro.com.br\/index.php\/2026\/04\/29\/cachoeirinha-delegacia-dppa-patricia-alba-seguranca\/#breadcrumb\",\"itemListElement\":[{\"@type\":\"ListItem\",\"position\":1,\"name\":\"In\u00edcio\",\"item\":\"https:\/\/jornaltimoneiro.com.br\/\"},{\"@type\":\"ListItem\",\"position\":2,\"name\":\"Cachoeirinha avan\u00e7a na implanta\u00e7\u00e3o de nova delegacia, mas demanda por DPPA segue sem defini\u00e7\u00e3o\"}]},{\"@type\":\"WebSite\",\"@id\":\"https:\/\/jornaltimoneiro.com.br\/#website\",\"url\":\"https:\/\/jornaltimoneiro.com.br\/\",\"name\":\"Jornal Timoneiro Canoas RS\",\"description\":\"Jornal O Timoneiro, o verdadeiro jornal de Canoas\",\"publisher\":{\"@id\":\"https:\/\/jornaltimoneiro.com.br\/#organization\"},\"potentialAction\":[{\"@type\":\"SearchAction\",\"target\":{\"@type\":\"EntryPoint\",\"urlTemplate\":\"https:\/\/jornaltimoneiro.com.br\/?s={search_term_string}\"},\"query-input\":\"required name=search_term_string\"}],\"inLanguage\":\"pt-BR\"},{\"@type\":\"Organization\",\"@id\":\"https:\/\/jornaltimoneiro.com.br\/#organization\",\"name\":\"Jornal Timoneiro Canoas RS\",\"url\":\"https:\/\/jornaltimoneiro.com.br\/\",\"logo\":{\"@type\":\"ImageObject\",\"inLanguage\":\"pt-BR\",\"@id\":\"https:\/\/jornaltimoneiro.com.br\/#\/schema\/logo\/image\/\",\"url\":\"https:\/\/jornaltimoneiro.com.br\/wp-content\/uploads\/2023\/03\/logonovo.png\",\"contentUrl\":\"https:\/\/jornaltimoneiro.com.br\/wp-content\/uploads\/2023\/03\/logonovo.png\",\"width\":\"469\",\"height\":\"171\",\"caption\":\"Jornal Timoneiro Canoas RS\"},\"image\":{\"@id\":\"https:\/\/jornaltimoneiro.com.br\/#\/schema\/logo\/image\/\"},\"sameAs\":[\"https:\/\/www.facebook.com\/jornaltimoneiro\",\"https:\/\/twitter.com\/_OTimoneiro\",\"https:\/\/www.instagram.com\/jornaltimoneirocanoas\/\",\"https:\/\/www.youtube.com\/@jornalotimoneiro7927\"]},{\"@type\":\"Person\",\"@id\":\"https:\/\/jornaltimoneiro.com.br\/#\/schema\/person\/f63482f1a02b1a9592707865e509ab40\",\"name\":\"Reda\u00e7\u00e3o\",\"image\":{\"@type\":\"ImageObject\",\"inLanguage\":\"pt-BR\",\"@id\":\"https:\/\/jornaltimoneiro.com.br\/#\/schema\/person\/image\/\",\"url\":\"https:\/\/jornaltimoneiro.com.br\/wp-content\/uploads\/2023\/03\/download.jpeg\",\"contentUrl\":\"https:\/\/jornaltimoneiro.com.br\/wp-content\/uploads\/2023\/03\/download.jpeg\",\"caption\":\"Reda\u00e7\u00e3o\"},\"url\":\"https:\/\/jornaltimoneiro.com.br\/index.php\/author\/simone-dutra\/\"}]}<\/script>\n<!-- \/ Yoast SEO plugin. -->","yoast_head_json":{"title":"Cachoeirinha avan\u00e7a na implanta\u00e7\u00e3o de nova delegacia, mas demanda por DPPA segue sem defini\u00e7\u00e3o - O Timoneiro Jornal Canoas RS","description":"Deputada Patr\u00edcia Alba destaca cess\u00e3o de \u00e1rea para nova delegacia em Cachoeirinha e refor\u00e7a pedido de DPPA e Delegacia da Mulher no munic\u00edpio.","robots":{"index":"index","follow":"follow","max-snippet":"max-snippet:-1","max-image-preview":"max-image-preview:large","max-video-preview":"max-video-preview:-1"},"canonical":"https:\/\/jornaltimoneiro.com.br\/index.php\/2026\/04\/29\/cachoeirinha-delegacia-dppa-patricia-alba-seguranca\/","og_locale":"pt_BR","og_type":"article","og_title":"Cachoeirinha avan\u00e7a na implanta\u00e7\u00e3o de nova delegacia, mas demanda por DPPA segue sem defini\u00e7\u00e3o - O Timoneiro Jornal Canoas RS","og_description":"Deputada Patr\u00edcia Alba destaca cess\u00e3o de \u00e1rea para nova delegacia em Cachoeirinha e refor\u00e7a pedido de DPPA e Delegacia da Mulher no munic\u00edpio.","og_url":"https:\/\/jornaltimoneiro.com.br\/index.php\/2026\/04\/29\/cachoeirinha-delegacia-dppa-patricia-alba-seguranca\/","og_site_name":"O Timoneiro Jornal Canoas RS","article_publisher":"https:\/\/www.facebook.com\/jornaltimoneiro","article_published_time":"2026-04-29T11:46:41+00:00","article_modified_time":"2026-04-29T11:47:05+00:00","og_image":[{"width":"1155","height":"534","url":"https:\/\/jornaltimoneiro.com.br\/wp-content\/uploads\/2026\/04\/WhatsApp-Image-2026-04-29-at-08.36.42.jpeg","type":"image\/jpeg"}],"author":"Reda\u00e7\u00e3o","twitter_card":"summary_large_image","twitter_creator":"@_OTimoneiro","twitter_site":"@_OTimoneiro","twitter_misc":{"Escrito por":"Reda\u00e7\u00e3o","Est. tempo de leitura":"2 minutos"},"schema":{"@context":"https:\/\/schema.org","@graph":[{"@type":"Article","@id":"https:\/\/jornaltimoneiro.com.br\/index.php\/2026\/04\/29\/cachoeirinha-delegacia-dppa-patricia-alba-seguranca\/#article","isPartOf":{"@id":"https:\/\/jornaltimoneiro.com.br\/index.php\/2026\/04\/29\/cachoeirinha-delegacia-dppa-patricia-alba-seguranca\/"},"author":{"name":"Reda\u00e7\u00e3o","@id":"https:\/\/jornaltimoneiro.com.br\/#\/schema\/person\/f63482f1a02b1a9592707865e509ab40"},"headline":"Cachoeirinha avan\u00e7a na implanta\u00e7\u00e3o de nova delegacia, mas demanda por DPPA segue sem defini\u00e7\u00e3o","datePublished":"2026-04-29T11:46:41+00:00","dateModified":"2026-04-29T11:47:05+00:00","mainEntityOfPage":{"@id":"https:\/\/jornaltimoneiro.com.br\/index.php\/2026\/04\/29\/cachoeirinha-delegacia-dppa-patricia-alba-seguranca\/"},"wordCount":386,"commentCount":0,"publisher":{"@id":"https:\/\/jornaltimoneiro.com.br\/#organization"},"keywords":["cachoeirinha","canoas","feat","Pol\u00edtica"],"articleSection":["Pol\u00edtica"],"inLanguage":"pt-BR","potentialAction":[{"@type":"CommentAction","name":"Comment","target":["https:\/\/jornaltimoneiro.com.br\/index.php\/2026\/04\/29\/cachoeirinha-delegacia-dppa-patricia-alba-seguranca\/#respond"]}]},{"@type":"WebPage","@id":"https:\/\/jornaltimoneiro.com.br\/index.php\/2026\/04\/29\/cachoeirinha-delegacia-dppa-patricia-alba-seguranca\/","url":"https:\/\/jornaltimoneiro.com.br\/index.php\/2026\/04\/29\/cachoeirinha-delegacia-dppa-patricia-alba-seguranca\/","name":"Cachoeirinha avan\u00e7a na implanta\u00e7\u00e3o de nova delegacia, mas demanda por DPPA segue sem defini\u00e7\u00e3o - O Timoneiro Jornal Canoas RS","isPartOf":{"@id":"https:\/\/jornaltimoneiro.com.br\/#website"},"datePublished":"2026-04-29T11:46:41+00:00","dateModified":"2026-04-29T11:47:05+00:00","description":"Deputada Patr\u00edcia Alba destaca cess\u00e3o de \u00e1rea para nova delegacia em Cachoeirinha e refor\u00e7a pedido de DPPA e Delegacia da Mulher no munic\u00edpio.","breadcrumb":{"@id":"https:\/\/jornaltimoneiro.com.br\/index.php\/2026\/04\/29\/cachoeirinha-delegacia-dppa-patricia-alba-seguranca\/#breadcrumb"},"inLanguage":"pt-BR","potentialAction":[{"@type":"ReadAction","target":["https:\/\/jornaltimoneiro.com.br\/index.php\/2026\/04\/29\/cachoeirinha-delegacia-dppa-patricia-alba-seguranca\/"]}]},{"@type":"BreadcrumbList","@id":"https:\/\/jornaltimoneiro.com.br\/index.php\/2026\/04\/29\/cachoeirinha-delegacia-dppa-patricia-alba-seguranca\/#breadcrumb","itemListElement":[{"@type":"ListItem","position":1,"name":"In\u00edcio","item":"https:\/\/jornaltimoneiro.com.br\/"},{"@type":"ListItem","position":2,"name":"Cachoeirinha avan\u00e7a na implanta\u00e7\u00e3o de nova delegacia, mas demanda por DPPA segue sem defini\u00e7\u00e3o"}]},{"@type":"WebSite","@id":"https:\/\/jornaltimoneiro.com.br\/#website","url":"https:\/\/jornaltimoneiro.com.br\/","name":"Jornal Timoneiro Canoas RS","description":"Jornal O Timoneiro, o verdadeiro jornal de Canoas","publisher":{"@id":"https:\/\/jornaltimoneiro.com.br\/#organization"},"potentialAction":[{"@type":"SearchAction","target":{"@type":"EntryPoint","urlTemplate":"https:\/\/jornaltimoneiro.com.br\/?s={search_term_string}"},"query-input":"required name=search_term_string"}],"inLanguage":"pt-BR"},{"@type":"Organization","@id":"https:\/\/jornaltimoneiro.com.br\/#organization","name":"Jornal Timoneiro Canoas RS","url":"https:\/\/jornaltimoneiro.com.br\/","logo":{"@type":"ImageObject","inLanguage":"pt-BR","@id":"https:\/\/jornaltimoneiro.com.br\/#\/schema\/logo\/image\/","url":"https:\/\/jornaltimoneiro.com.br\/wp-content\/uploads\/2023\/03\/logonovo.png","contentUrl":"https:\/\/jornaltimoneiro.com.br\/wp-content\/uploads\/2023\/03\/logonovo.png","width":"469","height":"171","caption":"Jornal Timoneiro Canoas RS"},"image":{"@id":"https:\/\/jornaltimoneiro.com.br\/#\/schema\/logo\/image\/"},"sameAs":["https:\/\/www.facebook.com\/jornaltimoneiro","https:\/\/twitter.com\/_OTimoneiro","https:\/\/www.instagram.com\/jornaltimoneirocanoas\/","https:\/\/www.youtube.com\/@jornalotimoneiro7927"]},{"@type":"Person","@id":"https:\/\/jornaltimoneiro.com.br\/#\/schema\/person\/f63482f1a02b1a9592707865e509ab40","name":"Reda\u00e7\u00e3o","image":{"@type":"ImageObject","inLanguage":"pt-BR","@id":"https:\/\/jornaltimoneiro.com.br\/#\/schema\/person\/image\/","url":"https:\/\/jornaltimoneiro.com.br\/wp-content\/uploads\/2023\/03\/download.jpeg","contentUrl":"https:\/\/jornaltimoneiro.com.br\/wp-content\/uploads\/2023\/03\/download.jpeg","caption":"Reda\u00e7\u00e3o"},"url":"https:\/\/jornaltimoneiro.com.br\/index.php\/author\/simone-dutra\/"}]}},"_links":{"self":[{"href":"https:\/\/jornaltimoneiro.com.br\/index.php\/wp-json\/wp\/v2\/posts\/40499"}],"collection":[{"href":"https:\/\/jornaltimoneiro.com.br\/index.php\/wp-json\/wp\/v2\/posts"}],"about":[{"href":"https:\/\/jornaltimoneiro.com.br\/index.php\/wp-json\/wp\/v2\/types\/post"}],"author":[{"embeddable":true,"href":"https:\/\/jornaltimoneiro.com.br\/index.php\/wp-json\/wp\/v2\/users\/2"}],"replies":[{"embeddable":true,"href":"https:\/\/jornaltimoneiro.com.br\/index.php\/wp-json\/wp\/v2\/comments?post=40499"}],"version-history":[{"count":2,"href":"https:\/\/jornaltimoneiro.com.br\/index.php\/wp-json\/wp\/v2\/posts\/40499\/revisions"}],"predecessor-version":[{"id":40502,"href":"https:\/\/jornaltimoneiro.com.br\/index.php\/wp-json\/wp\/v2\/posts\/40499\/revisions\/40502"}],"wp:featuredmedia":[{"embeddable":true,"href":"https:\/\/jornaltimoneiro.com.br\/index.php\/wp-json\/wp\/v2\/media\/40500"}],"wp:attachment":[{"href":"https:\/\/jornaltimoneiro.com.br\/index.php\/wp-json\/wp\/v2\/media?parent=40499"}],"wp:term":[{"taxonomy":"category","embeddable":true,"href":"https:\/\/jornaltimoneiro.com.br\/index.php\/wp-json\/wp\/v2\/categories?post=40499"},{"taxonomy":"post_tag","embeddable":true,"href":"https:\/\/jornaltimoneiro.com.br\/index.php\/wp-json\/wp\/v2\/tags?post=40499"}],"curies":[{"name":"wp","href":"https:\/\/api.w.org\/{rel}","templated":true}]}}