{"id":40493,"date":"2026-04-28T19:58:39","date_gmt":"2026-04-28T22:58:39","guid":{"rendered":"https:\/\/jornaltimoneiro.com.br\/?p=40493"},"modified":"2026-04-28T19:58:39","modified_gmt":"2026-04-28T22:58:39","slug":"canoas-festa-dia-do-trabalhador-2026-parque-eduardo-gomes","status":"publish","type":"post","link":"https:\/\/jornaltimoneiro.com.br\/index.php\/2026\/04\/28\/canoas-festa-dia-do-trabalhador-2026-parque-eduardo-gomes\/","title":{"rendered":"Canoas realiza festa do Dia do Trabalhador no Parque Eduardo Gomes"},"content":{"rendered":"<p data-start=\"0\" data-end=\"209\">Canoas promove, no dia 1\u00ba de maio, a festa do Dia do Trabalhador no Parque Eduardo Gomes, no bairro F\u00e1tima. O evento come\u00e7a \u00e0s 10h e re\u00fane servi\u00e7os p\u00fablicos, atividades culturais e a\u00e7\u00f5es voltadas \u00e0 comunidade.<\/p>\n<p data-start=\"211\" data-end=\"442\">A programa\u00e7\u00e3o \u00e9 organizada pela Prefeitura de Canoas, com participa\u00e7\u00e3o de secretarias municipais e institui\u00e7\u00f5es parceiras. A Secretaria Municipal de Cultura e Turismo (SMCT) participa da organiza\u00e7\u00e3o e apoio \u00e0s atividades culturais.<\/p>\n<p data-start=\"444\" data-end=\"705\">O secret\u00e1rio de Cultura e Turismo, Caio Fl\u00e1vio Santos, destaca o objetivo da iniciativa.<\/p>\n<blockquote>\n<p data-start=\"444\" data-end=\"705\">\u201cA proposta \u00e9 reunir os canoenses em um momento de conviv\u00eancia, com acesso a servi\u00e7os e atividades que valorizam o trabalhador e fortalecem o v\u00ednculo com a cidade\u201d, afirma.<\/p>\n<\/blockquote>\n<p data-start=\"707\" data-end=\"979\">A Secretaria Municipal do Meio Ambiente (SMMA) leva a\u00e7\u00f5es de doa\u00e7\u00e3o de mudas, o projeto Canoas Recicla e coleta de eletr\u00f4nicos. J\u00e1 a Secretaria Municipal de Desenvolvimento Econ\u00f4mico e Inova\u00e7\u00e3o (SMDEI) leva o Banco de Oportunidades e uma feira de artesanato com 40 bancas.<\/p>\n<p data-start=\"981\" data-end=\"1387\">A Secretaria Municipal de Mobilidade Urbana (SMMU) realiza atividades educativas de tr\u00e2nsito, com exposi\u00e7\u00e3o de equipamentos como radar e etil\u00f4metro, al\u00e9m de a\u00e7\u00f5es de conscientiza\u00e7\u00e3o para crian\u00e7as. A Secretaria Municipal de Sa\u00fade (SMS) oferece atendimentos em hospital de campanha, com consultas, vacina\u00e7\u00e3o, testes r\u00e1pidos, servi\u00e7os odontol\u00f3gicos e distribui\u00e7\u00e3o de kits de higiene, com apoio da Aeron\u00e1utica.<\/p>\n<p data-start=\"1389\" data-end=\"1746\">A Secretaria Municipal de Esportes e Lazer (SMEL) promove atividades esportivas e participa com a chegada da Caminhada Roxa, voltada \u00e0 conscientiza\u00e7\u00e3o sobre doen\u00e7as inflamat\u00f3rias intestinais. A Secretaria Municipal de Bem-Estar Animal (SMBEA) disponibiliza o Castram\u00f3vel para agendamentos, vacina\u00e7\u00e3o antirr\u00e1bica, atendimentos veterin\u00e1rios e a\u00e7\u00f5es de ado\u00e7\u00e3o.<\/p>\n<p data-start=\"1748\" data-end=\"2134\">A Secretaria Municipal de Seguran\u00e7a P\u00fablica e Cidadania (SMSPC) atua na organiza\u00e7\u00e3o da seguran\u00e7a do evento e do estacionamento, com apoio de unidade m\u00f3vel. J\u00e1 a Secretaria Municipal da Cidadania, da Mulher e Inclus\u00e3o (SMCMI) oferece servi\u00e7os como confec\u00e7\u00e3o de documentos, elabora\u00e7\u00e3o de curr\u00edculos, encaminhamento de t\u00edtulo de eleitor, alistamento militar e emiss\u00e3o da carteira do idoso.<\/p>\n<p data-start=\"2136\" data-end=\"2418\" data-is-last-node=\"\" data-is-only-node=\"\">O evento tamb\u00e9m conta com apoio do Senac, com orienta\u00e7\u00e3o para curr\u00edculos e \u00e1rea de sa\u00fade, e da Ulbra, com divulga\u00e7\u00e3o institucional e informa\u00e7\u00f5es sobre cursos. Brigada Militar, Pol\u00edcia Civil, Corpo de Bombeiros e Aeron\u00e1utica tamb\u00e9m participam da estrutura de atendimento e seguran\u00e7a.<\/p>\n<h4>Programa\u00e7\u00e3o<\/h4>\n<p>Abertura com a banda da base \u2013 10h<br \/>\nAul\u00e3o de ritmos \u2013 10h15min<br \/>\nApresenta\u00e7\u00e3o de boxe \u2013 11h<br \/>\nApresenta\u00e7\u00e3o Circo do Homem do Gato \u2013 12h<br \/>\nJogo de kickball \u2013 14h<br \/>\nBanda Furac\u00e3o \u2013 14h<br \/>\nDJ Endhy Garcia \u2013 15h15min<br \/>\nD\u00e9cio Azeredo \u2013 15h30min<br \/>\nDJ Endhy Garcia \u2013 16h15min<br \/>\nCDP Grupo do Pagode \u2013 16h45min<br \/>\nDJ Endhy Garcia \u2013 17h45min<br \/>\nNosso Balan\u00e7o \u2013 18h15min<br \/>\nDJ Endhy Garcia \u2013 19h15min<br \/>\nComunidade Nin-Jitsu \u2013 19h45min<\/p>\n","protected":false},"excerpt":{"rendered":"<p>Canoas promove, no dia 1\u00ba de maio, a festa do Dia do Trabalhador no Parque Eduardo Gomes, no bairro F\u00e1tima. O evento come\u00e7a \u00e0s 10h e re\u00fane servi\u00e7os p\u00fablicos, atividades culturais e a\u00e7\u00f5es voltadas \u00e0 comunidade. A programa\u00e7\u00e3o \u00e9 organizada pela Prefeitura de Canoas, com participa\u00e7\u00e3o de secretarias municipais e institui\u00e7\u00f5es parceiras. A Secretaria Municipal [&hellip;]<\/p>\n","protected":false},"author":2,"featured_media":40494,"comment_status":"open","ping_status":"open","sticky":false,"template":"","format":"standard","meta":{"amp_status":"","footnotes":""},"categories":[76],"tags":[31,286,190,321],"class_list":["post-40493","post","type-post","status-publish","format-standard","has-post-thumbnail","hentry","category-cultura","tag-canoas","tag-dia-do-trabalhador","tag-featured","tag-parque-eduardo-gomes"],"yoast_head":"<!-- This site is optimized with the Yoast SEO plugin v20.5 - https:\/\/yoast.com\/wordpress\/plugins\/seo\/ -->\n<title>Canoas realiza festa do Dia do Trabalhador no Parque Eduardo Gomes - O Timoneiro Jornal Canoas RS<\/title>\n<meta name=\"description\" content=\"Canoas realiza no dia 1\u00ba de maio a festa do Dia do Trabalhador no Parque Eduardo Gomes, com servi\u00e7os p\u00fablicos, sa\u00fade, lazer e atividades culturais para a comunidade.\" \/>\n<meta name=\"robots\" content=\"index, follow, max-snippet:-1, max-image-preview:large, max-video-preview:-1\" \/>\n<link rel=\"canonical\" href=\"https:\/\/jornaltimoneiro.com.br\/index.php\/2026\/04\/28\/canoas-festa-dia-do-trabalhador-2026-parque-eduardo-gomes\/\" \/>\n<meta property=\"og:locale\" content=\"pt_BR\" \/>\n<meta property=\"og:type\" content=\"article\" \/>\n<meta property=\"og:title\" content=\"Canoas realiza festa do Dia do Trabalhador no Parque Eduardo Gomes - O Timoneiro Jornal Canoas RS\" \/>\n<meta property=\"og:description\" content=\"Canoas realiza no dia 1\u00ba de maio a festa do Dia do Trabalhador no Parque Eduardo Gomes, com servi\u00e7os p\u00fablicos, sa\u00fade, lazer e atividades culturais para a comunidade.\" \/>\n<meta property=\"og:url\" content=\"https:\/\/jornaltimoneiro.com.br\/index.php\/2026\/04\/28\/canoas-festa-dia-do-trabalhador-2026-parque-eduardo-gomes\/\" \/>\n<meta property=\"og:site_name\" content=\"O Timoneiro Jornal Canoas RS\" \/>\n<meta property=\"article:publisher\" content=\"https:\/\/www.facebook.com\/jornaltimoneiro\" \/>\n<meta property=\"article:published_time\" content=\"2026-04-28T22:58:39+00:00\" \/>\n<meta property=\"og:image\" content=\"https:\/\/jornaltimoneiro.com.br\/wp-content\/uploads\/2026\/04\/WhatsApp-Image-2026-04-28-at-18.25.46.jpeg\" \/>\n\t<meta property=\"og:image:width\" content=\"1280\" \/>\n\t<meta property=\"og:image:height\" content=\"852\" \/>\n\t<meta property=\"og:image:type\" content=\"image\/jpeg\" \/>\n<meta name=\"author\" content=\"Reda\u00e7\u00e3o\" \/>\n<meta name=\"twitter:card\" content=\"summary_large_image\" \/>\n<meta name=\"twitter:creator\" content=\"@_OTimoneiro\" \/>\n<meta name=\"twitter:site\" content=\"@_OTimoneiro\" \/>\n<meta name=\"twitter:label1\" content=\"Escrito por\" \/>\n\t<meta name=\"twitter:data1\" content=\"Reda\u00e7\u00e3o\" \/>\n\t<meta name=\"twitter:label2\" content=\"Est. tempo de leitura\" \/>\n\t<meta name=\"twitter:data2\" content=\"3 minutos\" \/>\n<script type=\"application\/ld+json\" class=\"yoast-schema-graph\">{\"@context\":\"https:\/\/schema.org\",\"@graph\":[{\"@type\":\"Article\",\"@id\":\"https:\/\/jornaltimoneiro.com.br\/index.php\/2026\/04\/28\/canoas-festa-dia-do-trabalhador-2026-parque-eduardo-gomes\/#article\",\"isPartOf\":{\"@id\":\"https:\/\/jornaltimoneiro.com.br\/index.php\/2026\/04\/28\/canoas-festa-dia-do-trabalhador-2026-parque-eduardo-gomes\/\"},\"author\":{\"name\":\"Reda\u00e7\u00e3o\",\"@id\":\"https:\/\/jornaltimoneiro.com.br\/#\/schema\/person\/f63482f1a02b1a9592707865e509ab40\"},\"headline\":\"Canoas realiza festa do Dia do Trabalhador no Parque Eduardo Gomes\",\"datePublished\":\"2026-04-28T22:58:39+00:00\",\"dateModified\":\"2026-04-28T22:58:39+00:00\",\"mainEntityOfPage\":{\"@id\":\"https:\/\/jornaltimoneiro.com.br\/index.php\/2026\/04\/28\/canoas-festa-dia-do-trabalhador-2026-parque-eduardo-gomes\/\"},\"wordCount\":503,\"commentCount\":0,\"publisher\":{\"@id\":\"https:\/\/jornaltimoneiro.com.br\/#organization\"},\"keywords\":[\"canoas\",\"dia do trabalhador\",\"featured\",\"parque eduardo gomes\"],\"articleSection\":[\"Cultura\"],\"inLanguage\":\"pt-BR\",\"potentialAction\":[{\"@type\":\"CommentAction\",\"name\":\"Comment\",\"target\":[\"https:\/\/jornaltimoneiro.com.br\/index.php\/2026\/04\/28\/canoas-festa-dia-do-trabalhador-2026-parque-eduardo-gomes\/#respond\"]}]},{\"@type\":\"WebPage\",\"@id\":\"https:\/\/jornaltimoneiro.com.br\/index.php\/2026\/04\/28\/canoas-festa-dia-do-trabalhador-2026-parque-eduardo-gomes\/\",\"url\":\"https:\/\/jornaltimoneiro.com.br\/index.php\/2026\/04\/28\/canoas-festa-dia-do-trabalhador-2026-parque-eduardo-gomes\/\",\"name\":\"Canoas realiza festa do Dia do Trabalhador no Parque Eduardo Gomes - O Timoneiro Jornal Canoas RS\",\"isPartOf\":{\"@id\":\"https:\/\/jornaltimoneiro.com.br\/#website\"},\"datePublished\":\"2026-04-28T22:58:39+00:00\",\"dateModified\":\"2026-04-28T22:58:39+00:00\",\"description\":\"Canoas realiza no dia 1\u00ba de maio a festa do Dia do Trabalhador no Parque Eduardo Gomes, com servi\u00e7os p\u00fablicos, sa\u00fade, lazer e atividades culturais para a comunidade.\",\"breadcrumb\":{\"@id\":\"https:\/\/jornaltimoneiro.com.br\/index.php\/2026\/04\/28\/canoas-festa-dia-do-trabalhador-2026-parque-eduardo-gomes\/#breadcrumb\"},\"inLanguage\":\"pt-BR\",\"potentialAction\":[{\"@type\":\"ReadAction\",\"target\":[\"https:\/\/jornaltimoneiro.com.br\/index.php\/2026\/04\/28\/canoas-festa-dia-do-trabalhador-2026-parque-eduardo-gomes\/\"]}]},{\"@type\":\"BreadcrumbList\",\"@id\":\"https:\/\/jornaltimoneiro.com.br\/index.php\/2026\/04\/28\/canoas-festa-dia-do-trabalhador-2026-parque-eduardo-gomes\/#breadcrumb\",\"itemListElement\":[{\"@type\":\"ListItem\",\"position\":1,\"name\":\"In\u00edcio\",\"item\":\"https:\/\/jornaltimoneiro.com.br\/\"},{\"@type\":\"ListItem\",\"position\":2,\"name\":\"Canoas realiza festa do Dia do Trabalhador no Parque Eduardo Gomes\"}]},{\"@type\":\"WebSite\",\"@id\":\"https:\/\/jornaltimoneiro.com.br\/#website\",\"url\":\"https:\/\/jornaltimoneiro.com.br\/\",\"name\":\"Jornal Timoneiro Canoas RS\",\"description\":\"Jornal O Timoneiro, o verdadeiro jornal de Canoas\",\"publisher\":{\"@id\":\"https:\/\/jornaltimoneiro.com.br\/#organization\"},\"potentialAction\":[{\"@type\":\"SearchAction\",\"target\":{\"@type\":\"EntryPoint\",\"urlTemplate\":\"https:\/\/jornaltimoneiro.com.br\/?s={search_term_string}\"},\"query-input\":\"required name=search_term_string\"}],\"inLanguage\":\"pt-BR\"},{\"@type\":\"Organization\",\"@id\":\"https:\/\/jornaltimoneiro.com.br\/#organization\",\"name\":\"Jornal Timoneiro Canoas RS\",\"url\":\"https:\/\/jornaltimoneiro.com.br\/\",\"logo\":{\"@type\":\"ImageObject\",\"inLanguage\":\"pt-BR\",\"@id\":\"https:\/\/jornaltimoneiro.com.br\/#\/schema\/logo\/image\/\",\"url\":\"https:\/\/jornaltimoneiro.com.br\/wp-content\/uploads\/2023\/03\/logonovo.png\",\"contentUrl\":\"https:\/\/jornaltimoneiro.com.br\/wp-content\/uploads\/2023\/03\/logonovo.png\",\"width\":\"469\",\"height\":\"171\",\"caption\":\"Jornal Timoneiro Canoas RS\"},\"image\":{\"@id\":\"https:\/\/jornaltimoneiro.com.br\/#\/schema\/logo\/image\/\"},\"sameAs\":[\"https:\/\/www.facebook.com\/jornaltimoneiro\",\"https:\/\/twitter.com\/_OTimoneiro\",\"https:\/\/www.instagram.com\/jornaltimoneirocanoas\/\",\"https:\/\/www.youtube.com\/@jornalotimoneiro7927\"]},{\"@type\":\"Person\",\"@id\":\"https:\/\/jornaltimoneiro.com.br\/#\/schema\/person\/f63482f1a02b1a9592707865e509ab40\",\"name\":\"Reda\u00e7\u00e3o\",\"image\":{\"@type\":\"ImageObject\",\"inLanguage\":\"pt-BR\",\"@id\":\"https:\/\/jornaltimoneiro.com.br\/#\/schema\/person\/image\/\",\"url\":\"https:\/\/jornaltimoneiro.com.br\/wp-content\/uploads\/2023\/03\/download.jpeg\",\"contentUrl\":\"https:\/\/jornaltimoneiro.com.br\/wp-content\/uploads\/2023\/03\/download.jpeg\",\"caption\":\"Reda\u00e7\u00e3o\"},\"url\":\"https:\/\/jornaltimoneiro.com.br\/index.php\/author\/simone-dutra\/\"}]}<\/script>\n<!-- \/ Yoast SEO plugin. -->","yoast_head_json":{"title":"Canoas realiza festa do Dia do Trabalhador no Parque Eduardo Gomes - O Timoneiro Jornal Canoas RS","description":"Canoas realiza no dia 1\u00ba de maio a festa do Dia do Trabalhador no Parque Eduardo Gomes, com servi\u00e7os p\u00fablicos, sa\u00fade, lazer e atividades culturais para a comunidade.","robots":{"index":"index","follow":"follow","max-snippet":"max-snippet:-1","max-image-preview":"max-image-preview:large","max-video-preview":"max-video-preview:-1"},"canonical":"https:\/\/jornaltimoneiro.com.br\/index.php\/2026\/04\/28\/canoas-festa-dia-do-trabalhador-2026-parque-eduardo-gomes\/","og_locale":"pt_BR","og_type":"article","og_title":"Canoas realiza festa do Dia do Trabalhador no Parque Eduardo Gomes - O Timoneiro Jornal Canoas RS","og_description":"Canoas realiza no dia 1\u00ba de maio a festa do Dia do Trabalhador no Parque Eduardo Gomes, com servi\u00e7os p\u00fablicos, sa\u00fade, lazer e atividades culturais para a comunidade.","og_url":"https:\/\/jornaltimoneiro.com.br\/index.php\/2026\/04\/28\/canoas-festa-dia-do-trabalhador-2026-parque-eduardo-gomes\/","og_site_name":"O Timoneiro Jornal Canoas RS","article_publisher":"https:\/\/www.facebook.com\/jornaltimoneiro","article_published_time":"2026-04-28T22:58:39+00:00","og_image":[{"width":"1280","height":"852","url":"https:\/\/jornaltimoneiro.com.br\/wp-content\/uploads\/2026\/04\/WhatsApp-Image-2026-04-28-at-18.25.46.jpeg","type":"image\/jpeg"}],"author":"Reda\u00e7\u00e3o","twitter_card":"summary_large_image","twitter_creator":"@_OTimoneiro","twitter_site":"@_OTimoneiro","twitter_misc":{"Escrito por":"Reda\u00e7\u00e3o","Est. tempo de leitura":"3 minutos"},"schema":{"@context":"https:\/\/schema.org","@graph":[{"@type":"Article","@id":"https:\/\/jornaltimoneiro.com.br\/index.php\/2026\/04\/28\/canoas-festa-dia-do-trabalhador-2026-parque-eduardo-gomes\/#article","isPartOf":{"@id":"https:\/\/jornaltimoneiro.com.br\/index.php\/2026\/04\/28\/canoas-festa-dia-do-trabalhador-2026-parque-eduardo-gomes\/"},"author":{"name":"Reda\u00e7\u00e3o","@id":"https:\/\/jornaltimoneiro.com.br\/#\/schema\/person\/f63482f1a02b1a9592707865e509ab40"},"headline":"Canoas realiza festa do Dia do Trabalhador no Parque Eduardo Gomes","datePublished":"2026-04-28T22:58:39+00:00","dateModified":"2026-04-28T22:58:39+00:00","mainEntityOfPage":{"@id":"https:\/\/jornaltimoneiro.com.br\/index.php\/2026\/04\/28\/canoas-festa-dia-do-trabalhador-2026-parque-eduardo-gomes\/"},"wordCount":503,"commentCount":0,"publisher":{"@id":"https:\/\/jornaltimoneiro.com.br\/#organization"},"keywords":["canoas","dia do trabalhador","featured","parque eduardo gomes"],"articleSection":["Cultura"],"inLanguage":"pt-BR","potentialAction":[{"@type":"CommentAction","name":"Comment","target":["https:\/\/jornaltimoneiro.com.br\/index.php\/2026\/04\/28\/canoas-festa-dia-do-trabalhador-2026-parque-eduardo-gomes\/#respond"]}]},{"@type":"WebPage","@id":"https:\/\/jornaltimoneiro.com.br\/index.php\/2026\/04\/28\/canoas-festa-dia-do-trabalhador-2026-parque-eduardo-gomes\/","url":"https:\/\/jornaltimoneiro.com.br\/index.php\/2026\/04\/28\/canoas-festa-dia-do-trabalhador-2026-parque-eduardo-gomes\/","name":"Canoas realiza festa do Dia do Trabalhador no Parque Eduardo Gomes - O Timoneiro Jornal Canoas RS","isPartOf":{"@id":"https:\/\/jornaltimoneiro.com.br\/#website"},"datePublished":"2026-04-28T22:58:39+00:00","dateModified":"2026-04-28T22:58:39+00:00","description":"Canoas realiza no dia 1\u00ba de maio a festa do Dia do Trabalhador no Parque Eduardo Gomes, com servi\u00e7os p\u00fablicos, sa\u00fade, lazer e atividades culturais para a comunidade.","breadcrumb":{"@id":"https:\/\/jornaltimoneiro.com.br\/index.php\/2026\/04\/28\/canoas-festa-dia-do-trabalhador-2026-parque-eduardo-gomes\/#breadcrumb"},"inLanguage":"pt-BR","potentialAction":[{"@type":"ReadAction","target":["https:\/\/jornaltimoneiro.com.br\/index.php\/2026\/04\/28\/canoas-festa-dia-do-trabalhador-2026-parque-eduardo-gomes\/"]}]},{"@type":"BreadcrumbList","@id":"https:\/\/jornaltimoneiro.com.br\/index.php\/2026\/04\/28\/canoas-festa-dia-do-trabalhador-2026-parque-eduardo-gomes\/#breadcrumb","itemListElement":[{"@type":"ListItem","position":1,"name":"In\u00edcio","item":"https:\/\/jornaltimoneiro.com.br\/"},{"@type":"ListItem","position":2,"name":"Canoas realiza festa do Dia do Trabalhador no Parque Eduardo Gomes"}]},{"@type":"WebSite","@id":"https:\/\/jornaltimoneiro.com.br\/#website","url":"https:\/\/jornaltimoneiro.com.br\/","name":"Jornal Timoneiro Canoas RS","description":"Jornal O Timoneiro, o verdadeiro jornal de Canoas","publisher":{"@id":"https:\/\/jornaltimoneiro.com.br\/#organization"},"potentialAction":[{"@type":"SearchAction","target":{"@type":"EntryPoint","urlTemplate":"https:\/\/jornaltimoneiro.com.br\/?s={search_term_string}"},"query-input":"required name=search_term_string"}],"inLanguage":"pt-BR"},{"@type":"Organization","@id":"https:\/\/jornaltimoneiro.com.br\/#organization","name":"Jornal Timoneiro Canoas RS","url":"https:\/\/jornaltimoneiro.com.br\/","logo":{"@type":"ImageObject","inLanguage":"pt-BR","@id":"https:\/\/jornaltimoneiro.com.br\/#\/schema\/logo\/image\/","url":"https:\/\/jornaltimoneiro.com.br\/wp-content\/uploads\/2023\/03\/logonovo.png","contentUrl":"https:\/\/jornaltimoneiro.com.br\/wp-content\/uploads\/2023\/03\/logonovo.png","width":"469","height":"171","caption":"Jornal Timoneiro Canoas RS"},"image":{"@id":"https:\/\/jornaltimoneiro.com.br\/#\/schema\/logo\/image\/"},"sameAs":["https:\/\/www.facebook.com\/jornaltimoneiro","https:\/\/twitter.com\/_OTimoneiro","https:\/\/www.instagram.com\/jornaltimoneirocanoas\/","https:\/\/www.youtube.com\/@jornalotimoneiro7927"]},{"@type":"Person","@id":"https:\/\/jornaltimoneiro.com.br\/#\/schema\/person\/f63482f1a02b1a9592707865e509ab40","name":"Reda\u00e7\u00e3o","image":{"@type":"ImageObject","inLanguage":"pt-BR","@id":"https:\/\/jornaltimoneiro.com.br\/#\/schema\/person\/image\/","url":"https:\/\/jornaltimoneiro.com.br\/wp-content\/uploads\/2023\/03\/download.jpeg","contentUrl":"https:\/\/jornaltimoneiro.com.br\/wp-content\/uploads\/2023\/03\/download.jpeg","caption":"Reda\u00e7\u00e3o"},"url":"https:\/\/jornaltimoneiro.com.br\/index.php\/author\/simone-dutra\/"}]}},"_links":{"self":[{"href":"https:\/\/jornaltimoneiro.com.br\/index.php\/wp-json\/wp\/v2\/posts\/40493"}],"collection":[{"href":"https:\/\/jornaltimoneiro.com.br\/index.php\/wp-json\/wp\/v2\/posts"}],"about":[{"href":"https:\/\/jornaltimoneiro.com.br\/index.php\/wp-json\/wp\/v2\/types\/post"}],"author":[{"embeddable":true,"href":"https:\/\/jornaltimoneiro.com.br\/index.php\/wp-json\/wp\/v2\/users\/2"}],"replies":[{"embeddable":true,"href":"https:\/\/jornaltimoneiro.com.br\/index.php\/wp-json\/wp\/v2\/comments?post=40493"}],"version-history":[{"count":1,"href":"https:\/\/jornaltimoneiro.com.br\/index.php\/wp-json\/wp\/v2\/posts\/40493\/revisions"}],"predecessor-version":[{"id":40495,"href":"https:\/\/jornaltimoneiro.com.br\/index.php\/wp-json\/wp\/v2\/posts\/40493\/revisions\/40495"}],"wp:featuredmedia":[{"embeddable":true,"href":"https:\/\/jornaltimoneiro.com.br\/index.php\/wp-json\/wp\/v2\/media\/40494"}],"wp:attachment":[{"href":"https:\/\/jornaltimoneiro.com.br\/index.php\/wp-json\/wp\/v2\/media?parent=40493"}],"wp:term":[{"taxonomy":"category","embeddable":true,"href":"https:\/\/jornaltimoneiro.com.br\/index.php\/wp-json\/wp\/v2\/categories?post=40493"},{"taxonomy":"post_tag","embeddable":true,"href":"https:\/\/jornaltimoneiro.com.br\/index.php\/wp-json\/wp\/v2\/tags?post=40493"}],"curies":[{"name":"wp","href":"https:\/\/api.w.org\/{rel}","templated":true}]}}