{"id":40490,"date":"2026-04-28T17:34:45","date_gmt":"2026-04-28T20:34:45","guid":{"rendered":"https:\/\/jornaltimoneiro.com.br\/?p=40490"},"modified":"2026-04-28T17:34:45","modified_gmt":"2026-04-28T20:34:45","slug":"seguranca-transito-canoas-2026-primeiro-trimestre","status":"publish","type":"post","link":"https:\/\/jornaltimoneiro.com.br\/index.php\/2026\/04\/28\/seguranca-transito-canoas-2026-primeiro-trimestre\/","title":{"rendered":"Canoas registra atua\u00e7\u00e3o intensa da Pol\u00edcia de Tr\u00e2nsito no 1\u00ba trimestre de 2026"},"content":{"rendered":"<p data-start=\"0\" data-end=\"265\">A seguran\u00e7a no tr\u00e2nsito de Canoas registrou refor\u00e7o nas a\u00e7\u00f5es de fiscaliza\u00e7\u00e3o e preven\u00e7\u00e3o no primeiro trimestre de 2026. O balan\u00e7o da Pol\u00edcia de Tr\u00e2nsito aponta 8.348 atividades realizadas no per\u00edodo, com foco na redu\u00e7\u00e3o de acidentes e no combate a irregularidades.<\/p>\n<p data-start=\"267\" data-end=\"484\">Foram 1.848 abordagens a ve\u00edculos e condutores, al\u00e9m da remo\u00e7\u00e3o de 200 ve\u00edculos em situa\u00e7\u00e3o irregular. Tamb\u00e9m houve 143 registros de embriaguez ao volante e 14 pris\u00f5es e condu\u00e7\u00f5es relacionadas a infra\u00e7\u00f5es mais graves.<\/p>\n<p data-start=\"486\" data-end=\"749\">Segundo a Prefeitura, no total, o relat\u00f3rio contabiliza 370 acidentes com danos materiais e 33 com v\u00edtimas com les\u00f5es. Durante as opera\u00e7\u00f5es, duas pessoas foram resgatadas em situa\u00e7\u00f5es de risco. As equipes ainda retiraram 27 pontos considerados de perigo nas vias.<\/p>\n<p data-start=\"751\" data-end=\"847\">A fiscaliza\u00e7\u00e3o incluiu 45 a\u00e7\u00f5es de controle de tr\u00e2nsito, 15 escoltas e 10 opera\u00e7\u00f5es de barreira.<\/p>\n<p data-start=\"849\" data-end=\"1032\" data-is-last-node=\"\" data-is-only-node=\"\">Outro destaque foi a atua\u00e7\u00e3o em escolas, com 101 a\u00e7\u00f5es de policiamento em estabelecimentos de ensino, refor\u00e7ando a presen\u00e7a das equipes junto a estudantes e profissionais da educa\u00e7\u00e3o.<\/p>\n","protected":false},"excerpt":{"rendered":"<p>A seguran\u00e7a no tr\u00e2nsito de Canoas registrou refor\u00e7o nas a\u00e7\u00f5es de fiscaliza\u00e7\u00e3o e preven\u00e7\u00e3o no primeiro trimestre de 2026. O balan\u00e7o da Pol\u00edcia de Tr\u00e2nsito aponta 8.348 atividades realizadas no per\u00edodo, com foco na redu\u00e7\u00e3o de acidentes e no combate a irregularidades. Foram 1.848 abordagens a ve\u00edculos e condutores, al\u00e9m da remo\u00e7\u00e3o de 200 ve\u00edculos [&hellip;]<\/p>\n","protected":false},"author":2,"featured_media":40491,"comment_status":"open","ping_status":"open","sticky":false,"template":"","format":"standard","meta":{"amp_status":"","footnotes":""},"categories":[5110],"tags":[31,1377,5035,2317],"class_list":["post-40490","post","type-post","status-publish","format-standard","has-post-thumbnail","hentry","category-policia-de-transito","tag-canoas","tag-feat","tag-policia-de-transito","tag-treinamento"],"yoast_head":"<!-- This site is optimized with the Yoast SEO plugin v20.5 - https:\/\/yoast.com\/wordpress\/plugins\/seo\/ -->\n<title>Canoas registra atua\u00e7\u00e3o intensa da Pol\u00edcia de Tr\u00e2nsito no 1\u00ba trimestre de 2026 - O Timoneiro Jornal Canoas RS<\/title>\n<meta name=\"description\" content=\"Canoas registra 8.348 a\u00e7\u00f5es de tr\u00e2nsito no primeiro trimestre de 2026, segundo a Prefeitura, com refor\u00e7o na fiscaliza\u00e7\u00e3o, redu\u00e7\u00e3o de riscos e combate a infra\u00e7\u00f5es.\" \/>\n<meta name=\"robots\" content=\"index, follow, max-snippet:-1, max-image-preview:large, max-video-preview:-1\" \/>\n<link rel=\"canonical\" href=\"https:\/\/jornaltimoneiro.com.br\/index.php\/2026\/04\/28\/seguranca-transito-canoas-2026-primeiro-trimestre\/\" \/>\n<meta property=\"og:locale\" content=\"pt_BR\" \/>\n<meta property=\"og:type\" content=\"article\" \/>\n<meta property=\"og:title\" content=\"Canoas registra atua\u00e7\u00e3o intensa da Pol\u00edcia de Tr\u00e2nsito no 1\u00ba trimestre de 2026 - O Timoneiro Jornal Canoas RS\" \/>\n<meta property=\"og:description\" content=\"Canoas registra 8.348 a\u00e7\u00f5es de tr\u00e2nsito no primeiro trimestre de 2026, segundo a Prefeitura, com refor\u00e7o na fiscaliza\u00e7\u00e3o, redu\u00e7\u00e3o de riscos e combate a infra\u00e7\u00f5es.\" \/>\n<meta property=\"og:url\" content=\"https:\/\/jornaltimoneiro.com.br\/index.php\/2026\/04\/28\/seguranca-transito-canoas-2026-primeiro-trimestre\/\" \/>\n<meta property=\"og:site_name\" content=\"O Timoneiro Jornal Canoas RS\" \/>\n<meta property=\"article:publisher\" content=\"https:\/\/www.facebook.com\/jornaltimoneiro\" \/>\n<meta property=\"article:published_time\" content=\"2026-04-28T20:34:45+00:00\" \/>\n<meta property=\"og:image\" content=\"https:\/\/jornaltimoneiro.com.br\/wp-content\/uploads\/2026\/04\/RED-04-03-26-BLITZ-EDUCATIVA-VINICIUS-MEDEIROS-13.jpg\" \/>\n\t<meta property=\"og:image:width\" content=\"2048\" \/>\n\t<meta property=\"og:image:height\" content=\"1365\" \/>\n\t<meta property=\"og:image:type\" content=\"image\/jpeg\" \/>\n<meta name=\"author\" content=\"Reda\u00e7\u00e3o\" \/>\n<meta name=\"twitter:card\" content=\"summary_large_image\" \/>\n<meta name=\"twitter:creator\" content=\"@_OTimoneiro\" \/>\n<meta name=\"twitter:site\" content=\"@_OTimoneiro\" \/>\n<meta name=\"twitter:label1\" content=\"Escrito por\" \/>\n\t<meta name=\"twitter:data1\" content=\"Reda\u00e7\u00e3o\" \/>\n\t<meta name=\"twitter:label2\" content=\"Est. tempo de leitura\" \/>\n\t<meta name=\"twitter:data2\" content=\"1 minuto\" \/>\n<script type=\"application\/ld+json\" class=\"yoast-schema-graph\">{\"@context\":\"https:\/\/schema.org\",\"@graph\":[{\"@type\":\"Article\",\"@id\":\"https:\/\/jornaltimoneiro.com.br\/index.php\/2026\/04\/28\/seguranca-transito-canoas-2026-primeiro-trimestre\/#article\",\"isPartOf\":{\"@id\":\"https:\/\/jornaltimoneiro.com.br\/index.php\/2026\/04\/28\/seguranca-transito-canoas-2026-primeiro-trimestre\/\"},\"author\":{\"name\":\"Reda\u00e7\u00e3o\",\"@id\":\"https:\/\/jornaltimoneiro.com.br\/#\/schema\/person\/f63482f1a02b1a9592707865e509ab40\"},\"headline\":\"Canoas registra atua\u00e7\u00e3o intensa da Pol\u00edcia de Tr\u00e2nsito no 1\u00ba trimestre de 2026\",\"datePublished\":\"2026-04-28T20:34:45+00:00\",\"dateModified\":\"2026-04-28T20:34:45+00:00\",\"mainEntityOfPage\":{\"@id\":\"https:\/\/jornaltimoneiro.com.br\/index.php\/2026\/04\/28\/seguranca-transito-canoas-2026-primeiro-trimestre\/\"},\"wordCount\":196,\"commentCount\":0,\"publisher\":{\"@id\":\"https:\/\/jornaltimoneiro.com.br\/#organization\"},\"keywords\":[\"canoas\",\"feat\",\"Policia de transito\",\"treinamento\"],\"articleSection\":[\"Pol\u00edcia de Tr\u00e2nsito\"],\"inLanguage\":\"pt-BR\",\"potentialAction\":[{\"@type\":\"CommentAction\",\"name\":\"Comment\",\"target\":[\"https:\/\/jornaltimoneiro.com.br\/index.php\/2026\/04\/28\/seguranca-transito-canoas-2026-primeiro-trimestre\/#respond\"]}]},{\"@type\":\"WebPage\",\"@id\":\"https:\/\/jornaltimoneiro.com.br\/index.php\/2026\/04\/28\/seguranca-transito-canoas-2026-primeiro-trimestre\/\",\"url\":\"https:\/\/jornaltimoneiro.com.br\/index.php\/2026\/04\/28\/seguranca-transito-canoas-2026-primeiro-trimestre\/\",\"name\":\"Canoas registra atua\u00e7\u00e3o intensa da Pol\u00edcia de Tr\u00e2nsito no 1\u00ba trimestre de 2026 - O Timoneiro Jornal Canoas RS\",\"isPartOf\":{\"@id\":\"https:\/\/jornaltimoneiro.com.br\/#website\"},\"datePublished\":\"2026-04-28T20:34:45+00:00\",\"dateModified\":\"2026-04-28T20:34:45+00:00\",\"description\":\"Canoas registra 8.348 a\u00e7\u00f5es de tr\u00e2nsito no primeiro trimestre de 2026, segundo a Prefeitura, com refor\u00e7o na fiscaliza\u00e7\u00e3o, redu\u00e7\u00e3o de riscos e combate a infra\u00e7\u00f5es.\",\"breadcrumb\":{\"@id\":\"https:\/\/jornaltimoneiro.com.br\/index.php\/2026\/04\/28\/seguranca-transito-canoas-2026-primeiro-trimestre\/#breadcrumb\"},\"inLanguage\":\"pt-BR\",\"potentialAction\":[{\"@type\":\"ReadAction\",\"target\":[\"https:\/\/jornaltimoneiro.com.br\/index.php\/2026\/04\/28\/seguranca-transito-canoas-2026-primeiro-trimestre\/\"]}]},{\"@type\":\"BreadcrumbList\",\"@id\":\"https:\/\/jornaltimoneiro.com.br\/index.php\/2026\/04\/28\/seguranca-transito-canoas-2026-primeiro-trimestre\/#breadcrumb\",\"itemListElement\":[{\"@type\":\"ListItem\",\"position\":1,\"name\":\"In\u00edcio\",\"item\":\"https:\/\/jornaltimoneiro.com.br\/\"},{\"@type\":\"ListItem\",\"position\":2,\"name\":\"Canoas registra atua\u00e7\u00e3o intensa da Pol\u00edcia de Tr\u00e2nsito no 1\u00ba trimestre de 2026\"}]},{\"@type\":\"WebSite\",\"@id\":\"https:\/\/jornaltimoneiro.com.br\/#website\",\"url\":\"https:\/\/jornaltimoneiro.com.br\/\",\"name\":\"Jornal Timoneiro Canoas RS\",\"description\":\"Jornal O Timoneiro, o verdadeiro jornal de Canoas\",\"publisher\":{\"@id\":\"https:\/\/jornaltimoneiro.com.br\/#organization\"},\"potentialAction\":[{\"@type\":\"SearchAction\",\"target\":{\"@type\":\"EntryPoint\",\"urlTemplate\":\"https:\/\/jornaltimoneiro.com.br\/?s={search_term_string}\"},\"query-input\":\"required name=search_term_string\"}],\"inLanguage\":\"pt-BR\"},{\"@type\":\"Organization\",\"@id\":\"https:\/\/jornaltimoneiro.com.br\/#organization\",\"name\":\"Jornal Timoneiro Canoas RS\",\"url\":\"https:\/\/jornaltimoneiro.com.br\/\",\"logo\":{\"@type\":\"ImageObject\",\"inLanguage\":\"pt-BR\",\"@id\":\"https:\/\/jornaltimoneiro.com.br\/#\/schema\/logo\/image\/\",\"url\":\"https:\/\/jornaltimoneiro.com.br\/wp-content\/uploads\/2023\/03\/logonovo.png\",\"contentUrl\":\"https:\/\/jornaltimoneiro.com.br\/wp-content\/uploads\/2023\/03\/logonovo.png\",\"width\":\"469\",\"height\":\"171\",\"caption\":\"Jornal Timoneiro Canoas RS\"},\"image\":{\"@id\":\"https:\/\/jornaltimoneiro.com.br\/#\/schema\/logo\/image\/\"},\"sameAs\":[\"https:\/\/www.facebook.com\/jornaltimoneiro\",\"https:\/\/twitter.com\/_OTimoneiro\",\"https:\/\/www.instagram.com\/jornaltimoneirocanoas\/\",\"https:\/\/www.youtube.com\/@jornalotimoneiro7927\"]},{\"@type\":\"Person\",\"@id\":\"https:\/\/jornaltimoneiro.com.br\/#\/schema\/person\/f63482f1a02b1a9592707865e509ab40\",\"name\":\"Reda\u00e7\u00e3o\",\"image\":{\"@type\":\"ImageObject\",\"inLanguage\":\"pt-BR\",\"@id\":\"https:\/\/jornaltimoneiro.com.br\/#\/schema\/person\/image\/\",\"url\":\"https:\/\/jornaltimoneiro.com.br\/wp-content\/uploads\/2023\/03\/download.jpeg\",\"contentUrl\":\"https:\/\/jornaltimoneiro.com.br\/wp-content\/uploads\/2023\/03\/download.jpeg\",\"caption\":\"Reda\u00e7\u00e3o\"},\"url\":\"https:\/\/jornaltimoneiro.com.br\/index.php\/author\/simone-dutra\/\"}]}<\/script>\n<!-- \/ Yoast SEO plugin. -->","yoast_head_json":{"title":"Canoas registra atua\u00e7\u00e3o intensa da Pol\u00edcia de Tr\u00e2nsito no 1\u00ba trimestre de 2026 - O Timoneiro Jornal Canoas RS","description":"Canoas registra 8.348 a\u00e7\u00f5es de tr\u00e2nsito no primeiro trimestre de 2026, segundo a Prefeitura, com refor\u00e7o na fiscaliza\u00e7\u00e3o, redu\u00e7\u00e3o de riscos e combate a infra\u00e7\u00f5es.","robots":{"index":"index","follow":"follow","max-snippet":"max-snippet:-1","max-image-preview":"max-image-preview:large","max-video-preview":"max-video-preview:-1"},"canonical":"https:\/\/jornaltimoneiro.com.br\/index.php\/2026\/04\/28\/seguranca-transito-canoas-2026-primeiro-trimestre\/","og_locale":"pt_BR","og_type":"article","og_title":"Canoas registra atua\u00e7\u00e3o intensa da Pol\u00edcia de Tr\u00e2nsito no 1\u00ba trimestre de 2026 - O Timoneiro Jornal Canoas RS","og_description":"Canoas registra 8.348 a\u00e7\u00f5es de tr\u00e2nsito no primeiro trimestre de 2026, segundo a Prefeitura, com refor\u00e7o na fiscaliza\u00e7\u00e3o, redu\u00e7\u00e3o de riscos e combate a infra\u00e7\u00f5es.","og_url":"https:\/\/jornaltimoneiro.com.br\/index.php\/2026\/04\/28\/seguranca-transito-canoas-2026-primeiro-trimestre\/","og_site_name":"O Timoneiro Jornal Canoas RS","article_publisher":"https:\/\/www.facebook.com\/jornaltimoneiro","article_published_time":"2026-04-28T20:34:45+00:00","og_image":[{"width":"2048","height":"1365","url":"https:\/\/jornaltimoneiro.com.br\/wp-content\/uploads\/2026\/04\/RED-04-03-26-BLITZ-EDUCATIVA-VINICIUS-MEDEIROS-13.jpg","type":"image\/jpeg"}],"author":"Reda\u00e7\u00e3o","twitter_card":"summary_large_image","twitter_creator":"@_OTimoneiro","twitter_site":"@_OTimoneiro","twitter_misc":{"Escrito por":"Reda\u00e7\u00e3o","Est. tempo de leitura":"1 minuto"},"schema":{"@context":"https:\/\/schema.org","@graph":[{"@type":"Article","@id":"https:\/\/jornaltimoneiro.com.br\/index.php\/2026\/04\/28\/seguranca-transito-canoas-2026-primeiro-trimestre\/#article","isPartOf":{"@id":"https:\/\/jornaltimoneiro.com.br\/index.php\/2026\/04\/28\/seguranca-transito-canoas-2026-primeiro-trimestre\/"},"author":{"name":"Reda\u00e7\u00e3o","@id":"https:\/\/jornaltimoneiro.com.br\/#\/schema\/person\/f63482f1a02b1a9592707865e509ab40"},"headline":"Canoas registra atua\u00e7\u00e3o intensa da Pol\u00edcia de Tr\u00e2nsito no 1\u00ba trimestre de 2026","datePublished":"2026-04-28T20:34:45+00:00","dateModified":"2026-04-28T20:34:45+00:00","mainEntityOfPage":{"@id":"https:\/\/jornaltimoneiro.com.br\/index.php\/2026\/04\/28\/seguranca-transito-canoas-2026-primeiro-trimestre\/"},"wordCount":196,"commentCount":0,"publisher":{"@id":"https:\/\/jornaltimoneiro.com.br\/#organization"},"keywords":["canoas","feat","Policia de transito","treinamento"],"articleSection":["Pol\u00edcia de Tr\u00e2nsito"],"inLanguage":"pt-BR","potentialAction":[{"@type":"CommentAction","name":"Comment","target":["https:\/\/jornaltimoneiro.com.br\/index.php\/2026\/04\/28\/seguranca-transito-canoas-2026-primeiro-trimestre\/#respond"]}]},{"@type":"WebPage","@id":"https:\/\/jornaltimoneiro.com.br\/index.php\/2026\/04\/28\/seguranca-transito-canoas-2026-primeiro-trimestre\/","url":"https:\/\/jornaltimoneiro.com.br\/index.php\/2026\/04\/28\/seguranca-transito-canoas-2026-primeiro-trimestre\/","name":"Canoas registra atua\u00e7\u00e3o intensa da Pol\u00edcia de Tr\u00e2nsito no 1\u00ba trimestre de 2026 - O Timoneiro Jornal Canoas RS","isPartOf":{"@id":"https:\/\/jornaltimoneiro.com.br\/#website"},"datePublished":"2026-04-28T20:34:45+00:00","dateModified":"2026-04-28T20:34:45+00:00","description":"Canoas registra 8.348 a\u00e7\u00f5es de tr\u00e2nsito no primeiro trimestre de 2026, segundo a Prefeitura, com refor\u00e7o na fiscaliza\u00e7\u00e3o, redu\u00e7\u00e3o de riscos e combate a infra\u00e7\u00f5es.","breadcrumb":{"@id":"https:\/\/jornaltimoneiro.com.br\/index.php\/2026\/04\/28\/seguranca-transito-canoas-2026-primeiro-trimestre\/#breadcrumb"},"inLanguage":"pt-BR","potentialAction":[{"@type":"ReadAction","target":["https:\/\/jornaltimoneiro.com.br\/index.php\/2026\/04\/28\/seguranca-transito-canoas-2026-primeiro-trimestre\/"]}]},{"@type":"BreadcrumbList","@id":"https:\/\/jornaltimoneiro.com.br\/index.php\/2026\/04\/28\/seguranca-transito-canoas-2026-primeiro-trimestre\/#breadcrumb","itemListElement":[{"@type":"ListItem","position":1,"name":"In\u00edcio","item":"https:\/\/jornaltimoneiro.com.br\/"},{"@type":"ListItem","position":2,"name":"Canoas registra atua\u00e7\u00e3o intensa da Pol\u00edcia de Tr\u00e2nsito no 1\u00ba trimestre de 2026"}]},{"@type":"WebSite","@id":"https:\/\/jornaltimoneiro.com.br\/#website","url":"https:\/\/jornaltimoneiro.com.br\/","name":"Jornal Timoneiro Canoas RS","description":"Jornal O Timoneiro, o verdadeiro jornal de Canoas","publisher":{"@id":"https:\/\/jornaltimoneiro.com.br\/#organization"},"potentialAction":[{"@type":"SearchAction","target":{"@type":"EntryPoint","urlTemplate":"https:\/\/jornaltimoneiro.com.br\/?s={search_term_string}"},"query-input":"required name=search_term_string"}],"inLanguage":"pt-BR"},{"@type":"Organization","@id":"https:\/\/jornaltimoneiro.com.br\/#organization","name":"Jornal Timoneiro Canoas RS","url":"https:\/\/jornaltimoneiro.com.br\/","logo":{"@type":"ImageObject","inLanguage":"pt-BR","@id":"https:\/\/jornaltimoneiro.com.br\/#\/schema\/logo\/image\/","url":"https:\/\/jornaltimoneiro.com.br\/wp-content\/uploads\/2023\/03\/logonovo.png","contentUrl":"https:\/\/jornaltimoneiro.com.br\/wp-content\/uploads\/2023\/03\/logonovo.png","width":"469","height":"171","caption":"Jornal Timoneiro Canoas RS"},"image":{"@id":"https:\/\/jornaltimoneiro.com.br\/#\/schema\/logo\/image\/"},"sameAs":["https:\/\/www.facebook.com\/jornaltimoneiro","https:\/\/twitter.com\/_OTimoneiro","https:\/\/www.instagram.com\/jornaltimoneirocanoas\/","https:\/\/www.youtube.com\/@jornalotimoneiro7927"]},{"@type":"Person","@id":"https:\/\/jornaltimoneiro.com.br\/#\/schema\/person\/f63482f1a02b1a9592707865e509ab40","name":"Reda\u00e7\u00e3o","image":{"@type":"ImageObject","inLanguage":"pt-BR","@id":"https:\/\/jornaltimoneiro.com.br\/#\/schema\/person\/image\/","url":"https:\/\/jornaltimoneiro.com.br\/wp-content\/uploads\/2023\/03\/download.jpeg","contentUrl":"https:\/\/jornaltimoneiro.com.br\/wp-content\/uploads\/2023\/03\/download.jpeg","caption":"Reda\u00e7\u00e3o"},"url":"https:\/\/jornaltimoneiro.com.br\/index.php\/author\/simone-dutra\/"}]}},"_links":{"self":[{"href":"https:\/\/jornaltimoneiro.com.br\/index.php\/wp-json\/wp\/v2\/posts\/40490"}],"collection":[{"href":"https:\/\/jornaltimoneiro.com.br\/index.php\/wp-json\/wp\/v2\/posts"}],"about":[{"href":"https:\/\/jornaltimoneiro.com.br\/index.php\/wp-json\/wp\/v2\/types\/post"}],"author":[{"embeddable":true,"href":"https:\/\/jornaltimoneiro.com.br\/index.php\/wp-json\/wp\/v2\/users\/2"}],"replies":[{"embeddable":true,"href":"https:\/\/jornaltimoneiro.com.br\/index.php\/wp-json\/wp\/v2\/comments?post=40490"}],"version-history":[{"count":1,"href":"https:\/\/jornaltimoneiro.com.br\/index.php\/wp-json\/wp\/v2\/posts\/40490\/revisions"}],"predecessor-version":[{"id":40492,"href":"https:\/\/jornaltimoneiro.com.br\/index.php\/wp-json\/wp\/v2\/posts\/40490\/revisions\/40492"}],"wp:featuredmedia":[{"embeddable":true,"href":"https:\/\/jornaltimoneiro.com.br\/index.php\/wp-json\/wp\/v2\/media\/40491"}],"wp:attachment":[{"href":"https:\/\/jornaltimoneiro.com.br\/index.php\/wp-json\/wp\/v2\/media?parent=40490"}],"wp:term":[{"taxonomy":"category","embeddable":true,"href":"https:\/\/jornaltimoneiro.com.br\/index.php\/wp-json\/wp\/v2\/categories?post=40490"},{"taxonomy":"post_tag","embeddable":true,"href":"https:\/\/jornaltimoneiro.com.br\/index.php\/wp-json\/wp\/v2\/tags?post=40490"}],"curies":[{"name":"wp","href":"https:\/\/api.w.org\/{rel}","templated":true}]}}