{"id":40479,"date":"2026-04-28T12:49:51","date_gmt":"2026-04-28T15:49:51","guid":{"rendered":"https:\/\/jornaltimoneiro.com.br\/?p=40479"},"modified":"2026-04-28T12:49:51","modified_gmt":"2026-04-28T15:49:51","slug":"prefeitura-de-canoas-publica-lista-com-mais-100-suplentes-para-o-residencial-quero-quero","status":"publish","type":"post","link":"https:\/\/jornaltimoneiro.com.br\/index.php\/2026\/04\/28\/prefeitura-de-canoas-publica-lista-com-mais-100-suplentes-para-o-residencial-quero-quero\/","title":{"rendered":"Prefeitura de Canoas publica lista com mais 100 suplentes para o Residencial Quero-Quero"},"content":{"rendered":"<p>A Prefeitura de Canoas publicou no Di\u00e1rio Oficial a lista com mais 100 candidatos suplentes, al\u00e9m dos 260 j\u00e1 indicados anteriormente, para moradias do Residencial Quero-Quero, localizado no bairro Rio Branco. O empreendimento contar\u00e1 com 200 apartamentos destinados a fam\u00edlias com renda mensal de at\u00e9 R$ 2.850,00.<\/p>\n<p>Os candidatos convocados, que integram a lista de suplentes, devem comparecer \u00e0 Secretaria Municipal de Habita\u00e7\u00e3o e Regulariza\u00e7\u00e3o Fundi\u00e1ria (SMHRF), na Rua A\u00e7orianos, 255, bairro Nossa Senhora das Gra\u00e7as, at\u00e9 o dia 15 de maio para apresentar a documenta\u00e7\u00e3o.<\/p>\n<p>Em caso de necessidade, os suplentes ser\u00e3o chamados para assumir como titulares. A Prefeitura informa, ainda, que houve prorroga\u00e7\u00e3o do prazo para a entrega da documenta\u00e7\u00e3o. O n\u00e3o comparecimento dentro do per\u00edodo estabelecido poder\u00e1 implicar na perda da oportunidade de convoca\u00e7\u00e3o.<\/p>\n<p><strong>Hor\u00e1rios de atendimento:<\/strong><\/p>\n<p>De 27\/04\/2026 a 30\/04\/2026 \u2013 Segunda a quinta-feira: das 12h \u00e0s 18h<\/p>\n<p>De 04\/05\/2026 a 15\/05\/2026 \u2013 Segunda-feira: das 12h \u00e0s 18h \u2013 Ter\u00e7a, quarta e quinta-feira: das 8h \u00e0s 18h \u2013 Sexta-feira: das 8h \u00e0s 14h<\/p>\n<p><strong>Documentos necess\u00e1rios: <\/strong><\/p>\n<p>\u2013 Documento de Identifica\u00e7\u00e3o Oficial com foto;<br \/>\n\u2013 CPF (caso n\u00e3o conste no documento de identifica\u00e7\u00e3o);<br \/>\n\u2013 Comprovante de estado civil (certid\u00e3o de nascimento ou casamento, com averba\u00e7\u00f5es, se for o caso);<br \/>\n\u2013 Documento de identifica\u00e7\u00e3o com foto do procurador (quando houver);<br \/>\n\u2013 Laudo m\u00e9dico com CID-10 (se houver caso de pessoa com defici\u00eancia\/microcefalia);<br \/>\n\u2013 Comprovante de recebimento de BPC (se houver);<br \/>\n\u2013 Comprovante de resid\u00eancia;<br \/>\n\u2013 Boletim de ocorr\u00eancia (para casos enquadrados na Lei Maria da Penha); \u2013 Folha resumo do Cad\u00danico atualizada.<\/p>\n","protected":false},"excerpt":{"rendered":"<p>A Prefeitura de Canoas publicou no Di\u00e1rio Oficial a lista com mais 100 candidatos suplentes, al\u00e9m dos 260 j\u00e1 indicados anteriormente, para moradias do Residencial Quero-Quero, localizado no bairro Rio Branco. O empreendimento contar\u00e1 com 200 apartamentos destinados a fam\u00edlias com renda mensal de at\u00e9 R$ 2.850,00. Os candidatos convocados, que integram a lista de [&hellip;]<\/p>\n","protected":false},"author":2,"featured_media":39950,"comment_status":"open","ping_status":"open","sticky":false,"template":"","format":"standard","meta":{"amp_status":"","footnotes":""},"categories":[2923],"tags":[31,190,2925,1173,44,4201],"class_list":["post-40479","post","type-post","status-publish","format-standard","has-post-thumbnail","hentry","category-habitacao","tag-canoas","tag-featured","tag-habitacao","tag-moradia","tag-prefeitura-de-canoas","tag-residencial-quero-quero"],"yoast_head":"<!-- This site is optimized with the Yoast SEO plugin v20.5 - https:\/\/yoast.com\/wordpress\/plugins\/seo\/ -->\n<title>Prefeitura de Canoas publica lista com mais 100 suplentes para o Residencial Quero-Quero - O Timoneiro Jornal Canoas RS<\/title>\n<meta name=\"description\" content=\"A Prefeitura de Canoas publicou no Di\u00e1rio Oficial a lista com mais 100 candidatos suplentes para moradias do Residencial Quero-Quero\" \/>\n<meta name=\"robots\" content=\"index, follow, max-snippet:-1, max-image-preview:large, max-video-preview:-1\" \/>\n<link rel=\"canonical\" href=\"https:\/\/jornaltimoneiro.com.br\/index.php\/2026\/04\/28\/prefeitura-de-canoas-publica-lista-com-mais-100-suplentes-para-o-residencial-quero-quero\/\" \/>\n<meta property=\"og:locale\" content=\"pt_BR\" \/>\n<meta property=\"og:type\" content=\"article\" \/>\n<meta property=\"og:title\" content=\"Prefeitura de Canoas publica lista com mais 100 suplentes para o Residencial Quero-Quero - O Timoneiro Jornal Canoas RS\" \/>\n<meta property=\"og:description\" content=\"A Prefeitura de Canoas publicou no Di\u00e1rio Oficial a lista com mais 100 candidatos suplentes para moradias do Residencial Quero-Quero\" \/>\n<meta property=\"og:url\" content=\"https:\/\/jornaltimoneiro.com.br\/index.php\/2026\/04\/28\/prefeitura-de-canoas-publica-lista-com-mais-100-suplentes-para-o-residencial-quero-quero\/\" \/>\n<meta property=\"og:site_name\" content=\"O Timoneiro Jornal Canoas RS\" \/>\n<meta property=\"article:publisher\" content=\"https:\/\/www.facebook.com\/jornaltimoneiro\" \/>\n<meta property=\"article:published_time\" content=\"2026-04-28T15:49:51+00:00\" \/>\n<meta property=\"og:image\" content=\"https:\/\/jornaltimoneiro.com.br\/wp-content\/uploads\/2026\/04\/Residencial-Quero-Quero.jpg\" \/>\n\t<meta property=\"og:image:width\" content=\"1179\" \/>\n\t<meta property=\"og:image:height\" content=\"971\" \/>\n\t<meta property=\"og:image:type\" content=\"image\/jpeg\" \/>\n<meta name=\"author\" content=\"Reda\u00e7\u00e3o\" \/>\n<meta name=\"twitter:card\" content=\"summary_large_image\" \/>\n<meta name=\"twitter:creator\" content=\"@_OTimoneiro\" \/>\n<meta name=\"twitter:site\" content=\"@_OTimoneiro\" \/>\n<meta name=\"twitter:label1\" content=\"Escrito por\" \/>\n\t<meta name=\"twitter:data1\" content=\"Reda\u00e7\u00e3o\" \/>\n\t<meta name=\"twitter:label2\" content=\"Est. tempo de leitura\" \/>\n\t<meta name=\"twitter:data2\" content=\"2 minutos\" \/>\n<script type=\"application\/ld+json\" class=\"yoast-schema-graph\">{\"@context\":\"https:\/\/schema.org\",\"@graph\":[{\"@type\":\"Article\",\"@id\":\"https:\/\/jornaltimoneiro.com.br\/index.php\/2026\/04\/28\/prefeitura-de-canoas-publica-lista-com-mais-100-suplentes-para-o-residencial-quero-quero\/#article\",\"isPartOf\":{\"@id\":\"https:\/\/jornaltimoneiro.com.br\/index.php\/2026\/04\/28\/prefeitura-de-canoas-publica-lista-com-mais-100-suplentes-para-o-residencial-quero-quero\/\"},\"author\":{\"name\":\"Reda\u00e7\u00e3o\",\"@id\":\"https:\/\/jornaltimoneiro.com.br\/#\/schema\/person\/f63482f1a02b1a9592707865e509ab40\"},\"headline\":\"Prefeitura de Canoas publica lista com mais 100 suplentes para o Residencial Quero-Quero\",\"datePublished\":\"2026-04-28T15:49:51+00:00\",\"dateModified\":\"2026-04-28T15:49:51+00:00\",\"mainEntityOfPage\":{\"@id\":\"https:\/\/jornaltimoneiro.com.br\/index.php\/2026\/04\/28\/prefeitura-de-canoas-publica-lista-com-mais-100-suplentes-para-o-residencial-quero-quero\/\"},\"wordCount\":271,\"commentCount\":0,\"publisher\":{\"@id\":\"https:\/\/jornaltimoneiro.com.br\/#organization\"},\"keywords\":[\"canoas\",\"featured\",\"habita\u00e7\u00e3o\",\"moradia\",\"Prefeitura de Canoas\",\"residencial quero quero\"],\"articleSection\":[\"Habita\u00e7\u00e3o\"],\"inLanguage\":\"pt-BR\",\"potentialAction\":[{\"@type\":\"CommentAction\",\"name\":\"Comment\",\"target\":[\"https:\/\/jornaltimoneiro.com.br\/index.php\/2026\/04\/28\/prefeitura-de-canoas-publica-lista-com-mais-100-suplentes-para-o-residencial-quero-quero\/#respond\"]}]},{\"@type\":\"WebPage\",\"@id\":\"https:\/\/jornaltimoneiro.com.br\/index.php\/2026\/04\/28\/prefeitura-de-canoas-publica-lista-com-mais-100-suplentes-para-o-residencial-quero-quero\/\",\"url\":\"https:\/\/jornaltimoneiro.com.br\/index.php\/2026\/04\/28\/prefeitura-de-canoas-publica-lista-com-mais-100-suplentes-para-o-residencial-quero-quero\/\",\"name\":\"Prefeitura de Canoas publica lista com mais 100 suplentes para o Residencial Quero-Quero - O Timoneiro Jornal Canoas RS\",\"isPartOf\":{\"@id\":\"https:\/\/jornaltimoneiro.com.br\/#website\"},\"datePublished\":\"2026-04-28T15:49:51+00:00\",\"dateModified\":\"2026-04-28T15:49:51+00:00\",\"description\":\"A Prefeitura de Canoas publicou no Di\u00e1rio Oficial a lista com mais 100 candidatos suplentes para moradias do Residencial Quero-Quero\",\"breadcrumb\":{\"@id\":\"https:\/\/jornaltimoneiro.com.br\/index.php\/2026\/04\/28\/prefeitura-de-canoas-publica-lista-com-mais-100-suplentes-para-o-residencial-quero-quero\/#breadcrumb\"},\"inLanguage\":\"pt-BR\",\"potentialAction\":[{\"@type\":\"ReadAction\",\"target\":[\"https:\/\/jornaltimoneiro.com.br\/index.php\/2026\/04\/28\/prefeitura-de-canoas-publica-lista-com-mais-100-suplentes-para-o-residencial-quero-quero\/\"]}]},{\"@type\":\"BreadcrumbList\",\"@id\":\"https:\/\/jornaltimoneiro.com.br\/index.php\/2026\/04\/28\/prefeitura-de-canoas-publica-lista-com-mais-100-suplentes-para-o-residencial-quero-quero\/#breadcrumb\",\"itemListElement\":[{\"@type\":\"ListItem\",\"position\":1,\"name\":\"In\u00edcio\",\"item\":\"https:\/\/jornaltimoneiro.com.br\/\"},{\"@type\":\"ListItem\",\"position\":2,\"name\":\"Prefeitura de Canoas publica lista com mais 100 suplentes para o Residencial Quero-Quero\"}]},{\"@type\":\"WebSite\",\"@id\":\"https:\/\/jornaltimoneiro.com.br\/#website\",\"url\":\"https:\/\/jornaltimoneiro.com.br\/\",\"name\":\"Jornal Timoneiro Canoas RS\",\"description\":\"Jornal O Timoneiro, o verdadeiro jornal de Canoas\",\"publisher\":{\"@id\":\"https:\/\/jornaltimoneiro.com.br\/#organization\"},\"potentialAction\":[{\"@type\":\"SearchAction\",\"target\":{\"@type\":\"EntryPoint\",\"urlTemplate\":\"https:\/\/jornaltimoneiro.com.br\/?s={search_term_string}\"},\"query-input\":\"required name=search_term_string\"}],\"inLanguage\":\"pt-BR\"},{\"@type\":\"Organization\",\"@id\":\"https:\/\/jornaltimoneiro.com.br\/#organization\",\"name\":\"Jornal Timoneiro Canoas RS\",\"url\":\"https:\/\/jornaltimoneiro.com.br\/\",\"logo\":{\"@type\":\"ImageObject\",\"inLanguage\":\"pt-BR\",\"@id\":\"https:\/\/jornaltimoneiro.com.br\/#\/schema\/logo\/image\/\",\"url\":\"https:\/\/jornaltimoneiro.com.br\/wp-content\/uploads\/2023\/03\/logonovo.png\",\"contentUrl\":\"https:\/\/jornaltimoneiro.com.br\/wp-content\/uploads\/2023\/03\/logonovo.png\",\"width\":\"469\",\"height\":\"171\",\"caption\":\"Jornal Timoneiro Canoas RS\"},\"image\":{\"@id\":\"https:\/\/jornaltimoneiro.com.br\/#\/schema\/logo\/image\/\"},\"sameAs\":[\"https:\/\/www.facebook.com\/jornaltimoneiro\",\"https:\/\/twitter.com\/_OTimoneiro\",\"https:\/\/www.instagram.com\/jornaltimoneirocanoas\/\",\"https:\/\/www.youtube.com\/@jornalotimoneiro7927\"]},{\"@type\":\"Person\",\"@id\":\"https:\/\/jornaltimoneiro.com.br\/#\/schema\/person\/f63482f1a02b1a9592707865e509ab40\",\"name\":\"Reda\u00e7\u00e3o\",\"image\":{\"@type\":\"ImageObject\",\"inLanguage\":\"pt-BR\",\"@id\":\"https:\/\/jornaltimoneiro.com.br\/#\/schema\/person\/image\/\",\"url\":\"https:\/\/jornaltimoneiro.com.br\/wp-content\/uploads\/2023\/03\/download.jpeg\",\"contentUrl\":\"https:\/\/jornaltimoneiro.com.br\/wp-content\/uploads\/2023\/03\/download.jpeg\",\"caption\":\"Reda\u00e7\u00e3o\"},\"url\":\"https:\/\/jornaltimoneiro.com.br\/index.php\/author\/simone-dutra\/\"}]}<\/script>\n<!-- \/ Yoast SEO plugin. -->","yoast_head_json":{"title":"Prefeitura de Canoas publica lista com mais 100 suplentes para o Residencial Quero-Quero - O Timoneiro Jornal Canoas RS","description":"A Prefeitura de Canoas publicou no Di\u00e1rio Oficial a lista com mais 100 candidatos suplentes para moradias do Residencial Quero-Quero","robots":{"index":"index","follow":"follow","max-snippet":"max-snippet:-1","max-image-preview":"max-image-preview:large","max-video-preview":"max-video-preview:-1"},"canonical":"https:\/\/jornaltimoneiro.com.br\/index.php\/2026\/04\/28\/prefeitura-de-canoas-publica-lista-com-mais-100-suplentes-para-o-residencial-quero-quero\/","og_locale":"pt_BR","og_type":"article","og_title":"Prefeitura de Canoas publica lista com mais 100 suplentes para o Residencial Quero-Quero - O Timoneiro Jornal Canoas RS","og_description":"A Prefeitura de Canoas publicou no Di\u00e1rio Oficial a lista com mais 100 candidatos suplentes para moradias do Residencial Quero-Quero","og_url":"https:\/\/jornaltimoneiro.com.br\/index.php\/2026\/04\/28\/prefeitura-de-canoas-publica-lista-com-mais-100-suplentes-para-o-residencial-quero-quero\/","og_site_name":"O Timoneiro Jornal Canoas RS","article_publisher":"https:\/\/www.facebook.com\/jornaltimoneiro","article_published_time":"2026-04-28T15:49:51+00:00","og_image":[{"width":"1179","height":"971","url":"https:\/\/jornaltimoneiro.com.br\/wp-content\/uploads\/2026\/04\/Residencial-Quero-Quero.jpg","type":"image\/jpeg"}],"author":"Reda\u00e7\u00e3o","twitter_card":"summary_large_image","twitter_creator":"@_OTimoneiro","twitter_site":"@_OTimoneiro","twitter_misc":{"Escrito por":"Reda\u00e7\u00e3o","Est. tempo de leitura":"2 minutos"},"schema":{"@context":"https:\/\/schema.org","@graph":[{"@type":"Article","@id":"https:\/\/jornaltimoneiro.com.br\/index.php\/2026\/04\/28\/prefeitura-de-canoas-publica-lista-com-mais-100-suplentes-para-o-residencial-quero-quero\/#article","isPartOf":{"@id":"https:\/\/jornaltimoneiro.com.br\/index.php\/2026\/04\/28\/prefeitura-de-canoas-publica-lista-com-mais-100-suplentes-para-o-residencial-quero-quero\/"},"author":{"name":"Reda\u00e7\u00e3o","@id":"https:\/\/jornaltimoneiro.com.br\/#\/schema\/person\/f63482f1a02b1a9592707865e509ab40"},"headline":"Prefeitura de Canoas publica lista com mais 100 suplentes para o Residencial Quero-Quero","datePublished":"2026-04-28T15:49:51+00:00","dateModified":"2026-04-28T15:49:51+00:00","mainEntityOfPage":{"@id":"https:\/\/jornaltimoneiro.com.br\/index.php\/2026\/04\/28\/prefeitura-de-canoas-publica-lista-com-mais-100-suplentes-para-o-residencial-quero-quero\/"},"wordCount":271,"commentCount":0,"publisher":{"@id":"https:\/\/jornaltimoneiro.com.br\/#organization"},"keywords":["canoas","featured","habita\u00e7\u00e3o","moradia","Prefeitura de Canoas","residencial quero quero"],"articleSection":["Habita\u00e7\u00e3o"],"inLanguage":"pt-BR","potentialAction":[{"@type":"CommentAction","name":"Comment","target":["https:\/\/jornaltimoneiro.com.br\/index.php\/2026\/04\/28\/prefeitura-de-canoas-publica-lista-com-mais-100-suplentes-para-o-residencial-quero-quero\/#respond"]}]},{"@type":"WebPage","@id":"https:\/\/jornaltimoneiro.com.br\/index.php\/2026\/04\/28\/prefeitura-de-canoas-publica-lista-com-mais-100-suplentes-para-o-residencial-quero-quero\/","url":"https:\/\/jornaltimoneiro.com.br\/index.php\/2026\/04\/28\/prefeitura-de-canoas-publica-lista-com-mais-100-suplentes-para-o-residencial-quero-quero\/","name":"Prefeitura de Canoas publica lista com mais 100 suplentes para o Residencial Quero-Quero - O Timoneiro Jornal Canoas RS","isPartOf":{"@id":"https:\/\/jornaltimoneiro.com.br\/#website"},"datePublished":"2026-04-28T15:49:51+00:00","dateModified":"2026-04-28T15:49:51+00:00","description":"A Prefeitura de Canoas publicou no Di\u00e1rio Oficial a lista com mais 100 candidatos suplentes para moradias do Residencial Quero-Quero","breadcrumb":{"@id":"https:\/\/jornaltimoneiro.com.br\/index.php\/2026\/04\/28\/prefeitura-de-canoas-publica-lista-com-mais-100-suplentes-para-o-residencial-quero-quero\/#breadcrumb"},"inLanguage":"pt-BR","potentialAction":[{"@type":"ReadAction","target":["https:\/\/jornaltimoneiro.com.br\/index.php\/2026\/04\/28\/prefeitura-de-canoas-publica-lista-com-mais-100-suplentes-para-o-residencial-quero-quero\/"]}]},{"@type":"BreadcrumbList","@id":"https:\/\/jornaltimoneiro.com.br\/index.php\/2026\/04\/28\/prefeitura-de-canoas-publica-lista-com-mais-100-suplentes-para-o-residencial-quero-quero\/#breadcrumb","itemListElement":[{"@type":"ListItem","position":1,"name":"In\u00edcio","item":"https:\/\/jornaltimoneiro.com.br\/"},{"@type":"ListItem","position":2,"name":"Prefeitura de Canoas publica lista com mais 100 suplentes para o Residencial Quero-Quero"}]},{"@type":"WebSite","@id":"https:\/\/jornaltimoneiro.com.br\/#website","url":"https:\/\/jornaltimoneiro.com.br\/","name":"Jornal Timoneiro Canoas RS","description":"Jornal O Timoneiro, o verdadeiro jornal de Canoas","publisher":{"@id":"https:\/\/jornaltimoneiro.com.br\/#organization"},"potentialAction":[{"@type":"SearchAction","target":{"@type":"EntryPoint","urlTemplate":"https:\/\/jornaltimoneiro.com.br\/?s={search_term_string}"},"query-input":"required name=search_term_string"}],"inLanguage":"pt-BR"},{"@type":"Organization","@id":"https:\/\/jornaltimoneiro.com.br\/#organization","name":"Jornal Timoneiro Canoas RS","url":"https:\/\/jornaltimoneiro.com.br\/","logo":{"@type":"ImageObject","inLanguage":"pt-BR","@id":"https:\/\/jornaltimoneiro.com.br\/#\/schema\/logo\/image\/","url":"https:\/\/jornaltimoneiro.com.br\/wp-content\/uploads\/2023\/03\/logonovo.png","contentUrl":"https:\/\/jornaltimoneiro.com.br\/wp-content\/uploads\/2023\/03\/logonovo.png","width":"469","height":"171","caption":"Jornal Timoneiro Canoas RS"},"image":{"@id":"https:\/\/jornaltimoneiro.com.br\/#\/schema\/logo\/image\/"},"sameAs":["https:\/\/www.facebook.com\/jornaltimoneiro","https:\/\/twitter.com\/_OTimoneiro","https:\/\/www.instagram.com\/jornaltimoneirocanoas\/","https:\/\/www.youtube.com\/@jornalotimoneiro7927"]},{"@type":"Person","@id":"https:\/\/jornaltimoneiro.com.br\/#\/schema\/person\/f63482f1a02b1a9592707865e509ab40","name":"Reda\u00e7\u00e3o","image":{"@type":"ImageObject","inLanguage":"pt-BR","@id":"https:\/\/jornaltimoneiro.com.br\/#\/schema\/person\/image\/","url":"https:\/\/jornaltimoneiro.com.br\/wp-content\/uploads\/2023\/03\/download.jpeg","contentUrl":"https:\/\/jornaltimoneiro.com.br\/wp-content\/uploads\/2023\/03\/download.jpeg","caption":"Reda\u00e7\u00e3o"},"url":"https:\/\/jornaltimoneiro.com.br\/index.php\/author\/simone-dutra\/"}]}},"_links":{"self":[{"href":"https:\/\/jornaltimoneiro.com.br\/index.php\/wp-json\/wp\/v2\/posts\/40479"}],"collection":[{"href":"https:\/\/jornaltimoneiro.com.br\/index.php\/wp-json\/wp\/v2\/posts"}],"about":[{"href":"https:\/\/jornaltimoneiro.com.br\/index.php\/wp-json\/wp\/v2\/types\/post"}],"author":[{"embeddable":true,"href":"https:\/\/jornaltimoneiro.com.br\/index.php\/wp-json\/wp\/v2\/users\/2"}],"replies":[{"embeddable":true,"href":"https:\/\/jornaltimoneiro.com.br\/index.php\/wp-json\/wp\/v2\/comments?post=40479"}],"version-history":[{"count":1,"href":"https:\/\/jornaltimoneiro.com.br\/index.php\/wp-json\/wp\/v2\/posts\/40479\/revisions"}],"predecessor-version":[{"id":40480,"href":"https:\/\/jornaltimoneiro.com.br\/index.php\/wp-json\/wp\/v2\/posts\/40479\/revisions\/40480"}],"wp:featuredmedia":[{"embeddable":true,"href":"https:\/\/jornaltimoneiro.com.br\/index.php\/wp-json\/wp\/v2\/media\/39950"}],"wp:attachment":[{"href":"https:\/\/jornaltimoneiro.com.br\/index.php\/wp-json\/wp\/v2\/media?parent=40479"}],"wp:term":[{"taxonomy":"category","embeddable":true,"href":"https:\/\/jornaltimoneiro.com.br\/index.php\/wp-json\/wp\/v2\/categories?post=40479"},{"taxonomy":"post_tag","embeddable":true,"href":"https:\/\/jornaltimoneiro.com.br\/index.php\/wp-json\/wp\/v2\/tags?post=40479"}],"curies":[{"name":"wp","href":"https:\/\/api.w.org\/{rel}","templated":true}]}}