{"id":40476,"date":"2026-04-28T12:18:30","date_gmt":"2026-04-28T15:18:30","guid":{"rendered":"https:\/\/jornaltimoneiro.com.br\/?p=40476"},"modified":"2026-04-28T12:18:30","modified_gmt":"2026-04-28T15:18:30","slug":"operacao-nacional-prende-tres-por-crimes-sexuais-contra-criancas-e-adolescentes-no-rs","status":"publish","type":"post","link":"https:\/\/jornaltimoneiro.com.br\/index.php\/2026\/04\/28\/operacao-nacional-prende-tres-por-crimes-sexuais-contra-criancas-e-adolescentes-no-rs\/","title":{"rendered":"Opera\u00e7\u00e3o Nacional Prote\u00e7\u00e3o Integral IV prende tr\u00eas pessoas por crimes sexuais infantojuvenis no RS"},"content":{"rendered":"<p data-start=\"86\" data-end=\"380\">A Pol\u00edcia Civil do Rio Grande do Sul participou, na manh\u00e3 desta ter\u00e7a-feira, 28, da Opera\u00e7\u00e3o Nacional Prote\u00e7\u00e3o Integral IV, coordenada pela Pol\u00edcia Federal e realizada simultaneamente nos 27 estados do pa\u00eds. No estado, tr\u00eas pessoas foram presas, sendo duas em flagrante e uma por pris\u00e3o preventiva.<\/p>\n<p data-start=\"382\" data-end=\"649\">A a\u00e7\u00e3o contou com a atua\u00e7\u00e3o do Departamento Estadual de Prote\u00e7\u00e3o a Grupos Vulner\u00e1veis (DPGV), por meio de policiais da Divis\u00e3o Estadual da Crian\u00e7a e do Adolescente (Deca), com apoio de equipes do pr\u00f3prio departamento e de peritos do Instituto-Geral de Per\u00edcias (IGP).<\/p>\n<p data-start=\"651\" data-end=\"924\">No Rio Grande do Sul, a opera\u00e7\u00e3o foi coordenada pelo diretor da Deca, delegado Andr\u00e9 Ciardullo Mocciaro, com apoio das delegadas Sabrina Doris Teixeira, titular da 2\u00aa Delegacia de Prote\u00e7\u00e3o \u00e0 Crian\u00e7a e ao Adolescente (2\u00aa DPCA), e Alice Jantsch Fernandes, titular da 3\u00aa DPCA.<\/p>\n<p data-start=\"926\" data-end=\"1125\">Durante as investiga\u00e7\u00f5es, o N\u00facleo de Opera\u00e7\u00f5es Cibern\u00e9ticas (NOC\/Deca) monitorou suspeitos de armazenar e compartilhar arquivos de abuso sexual infantojuvenil. Dois homens foram presos em flagrante.<\/p>\n<p data-start=\"1127\" data-end=\"1394\">Um deles, de 58 anos e sem antecedentes policiais, foi detido por armazenamento de conte\u00fado ilegal. O outro, de 41 anos, que j\u00e1 possu\u00eda antecedentes por estupro de vulner\u00e1vel, foi preso por armazenar e compartilhar centenas de arquivos de abuso sexual infantojuvenil.<\/p>\n<p data-start=\"1396\" data-end=\"1593\">Nas resid\u00eancias dos suspeitos, foram apreendidos diversos equipamentos eletr\u00f4nicos, que ser\u00e3o encaminhados ao N\u00facleo de Combate \u00e0 Pedofilia e ao Abuso Infantojuvenil (Nucope), do IGP, para per\u00edcia.<\/p>\n<p data-start=\"1595\" data-end=\"1808\">Al\u00e9m disso, a 2\u00aa DPCA cumpriu a pris\u00e3o preventiva de um homem de 36 anos, sem antecedentes policiais, investigado por aliciar virtualmente uma adolescente de 13 anos e posteriormente cometer estupro de vulner\u00e1vel.<\/p>\n<p data-start=\"1810\" data-end=\"1928\">Na casa dele, tamb\u00e9m foi cumprido mandado de busca e apreens\u00e3o, com a apreens\u00e3o de um celular que passar\u00e1 por per\u00edcia.<\/p>\n<p data-start=\"1930\" data-end=\"2079\" data-is-last-node=\"\" data-is-only-node=\"\">Segundo a Pol\u00edcia Civil, ap\u00f3s os procedimentos legais, os tr\u00eas presos ser\u00e3o encaminhados ao sistema prisional e permanecer\u00e3o \u00e0 disposi\u00e7\u00e3o da Justi\u00e7a.<\/p>\n","protected":false},"excerpt":{"rendered":"<p>A Pol\u00edcia Civil do Rio Grande do Sul participou, na manh\u00e3 desta ter\u00e7a-feira, 28, da Opera\u00e7\u00e3o Nacional Prote\u00e7\u00e3o Integral IV, coordenada pela Pol\u00edcia Federal e realizada simultaneamente nos 27 estados do pa\u00eds. No estado, tr\u00eas pessoas foram presas, sendo duas em flagrante e uma por pris\u00e3o preventiva. A a\u00e7\u00e3o contou com a atua\u00e7\u00e3o do Departamento [&hellip;]<\/p>\n","protected":false},"author":2,"featured_media":40477,"comment_status":"open","ping_status":"open","sticky":false,"template":"","format":"standard","meta":{"amp_status":"","footnotes":""},"categories":[30],"tags":[31,190,4899,2909],"class_list":["post-40476","post","type-post","status-publish","format-standard","has-post-thumbnail","hentry","category-policial","tag-canoas","tag-featured","tag-megaoperacao","tag-policial"],"yoast_head":"<!-- This site is optimized with the Yoast SEO plugin v20.5 - https:\/\/yoast.com\/wordpress\/plugins\/seo\/ -->\n<title>Opera\u00e7\u00e3o Nacional Prote\u00e7\u00e3o Integral IV prende tr\u00eas pessoas por crimes sexuais infantojuvenis no RS - O Timoneiro Jornal Canoas RS<\/title>\n<meta name=\"description\" content=\"Opera\u00e7\u00e3o Nacional Prote\u00e7\u00e3o Integral IV prendeu tr\u00eas pessoas no Rio Grande do Sul por crimes sexuais contra crian\u00e7as e adolescentes, com apreens\u00e3o de equipamentos eletr\u00f4nicos.\" \/>\n<meta name=\"robots\" content=\"index, follow, max-snippet:-1, max-image-preview:large, max-video-preview:-1\" \/>\n<link rel=\"canonical\" href=\"https:\/\/jornaltimoneiro.com.br\/index.php\/2026\/04\/28\/operacao-nacional-prende-tres-por-crimes-sexuais-contra-criancas-e-adolescentes-no-rs\/\" \/>\n<meta property=\"og:locale\" content=\"pt_BR\" \/>\n<meta property=\"og:type\" content=\"article\" \/>\n<meta property=\"og:title\" content=\"Opera\u00e7\u00e3o Nacional Prote\u00e7\u00e3o Integral IV prende tr\u00eas pessoas por crimes sexuais infantojuvenis no RS - O Timoneiro Jornal Canoas RS\" \/>\n<meta property=\"og:description\" content=\"Opera\u00e7\u00e3o Nacional Prote\u00e7\u00e3o Integral IV prendeu tr\u00eas pessoas no Rio Grande do Sul por crimes sexuais contra crian\u00e7as e adolescentes, com apreens\u00e3o de equipamentos eletr\u00f4nicos.\" \/>\n<meta property=\"og:url\" content=\"https:\/\/jornaltimoneiro.com.br\/index.php\/2026\/04\/28\/operacao-nacional-prende-tres-por-crimes-sexuais-contra-criancas-e-adolescentes-no-rs\/\" \/>\n<meta property=\"og:site_name\" content=\"O Timoneiro Jornal Canoas RS\" \/>\n<meta property=\"article:publisher\" content=\"https:\/\/www.facebook.com\/jornaltimoneiro\" \/>\n<meta property=\"article:published_time\" content=\"2026-04-28T15:18:30+00:00\" \/>\n<meta property=\"og:image\" content=\"https:\/\/jornaltimoneiro.com.br\/wp-content\/uploads\/2026\/04\/28095952_597638_GDO.jpeg\" \/>\n\t<meta property=\"og:image:width\" content=\"801\" \/>\n\t<meta property=\"og:image:height\" content=\"1068\" \/>\n\t<meta property=\"og:image:type\" content=\"image\/jpeg\" \/>\n<meta name=\"author\" content=\"Reda\u00e7\u00e3o\" \/>\n<meta name=\"twitter:card\" content=\"summary_large_image\" \/>\n<meta name=\"twitter:creator\" content=\"@_OTimoneiro\" \/>\n<meta name=\"twitter:site\" content=\"@_OTimoneiro\" \/>\n<meta name=\"twitter:label1\" content=\"Escrito por\" \/>\n\t<meta name=\"twitter:data1\" content=\"Reda\u00e7\u00e3o\" \/>\n\t<meta name=\"twitter:label2\" content=\"Est. tempo de leitura\" \/>\n\t<meta name=\"twitter:data2\" content=\"2 minutos\" \/>\n<script type=\"application\/ld+json\" class=\"yoast-schema-graph\">{\"@context\":\"https:\/\/schema.org\",\"@graph\":[{\"@type\":\"Article\",\"@id\":\"https:\/\/jornaltimoneiro.com.br\/index.php\/2026\/04\/28\/operacao-nacional-prende-tres-por-crimes-sexuais-contra-criancas-e-adolescentes-no-rs\/#article\",\"isPartOf\":{\"@id\":\"https:\/\/jornaltimoneiro.com.br\/index.php\/2026\/04\/28\/operacao-nacional-prende-tres-por-crimes-sexuais-contra-criancas-e-adolescentes-no-rs\/\"},\"author\":{\"name\":\"Reda\u00e7\u00e3o\",\"@id\":\"https:\/\/jornaltimoneiro.com.br\/#\/schema\/person\/f63482f1a02b1a9592707865e509ab40\"},\"headline\":\"Opera\u00e7\u00e3o Nacional Prote\u00e7\u00e3o Integral IV prende tr\u00eas pessoas por crimes sexuais infantojuvenis no RS\",\"datePublished\":\"2026-04-28T15:18:30+00:00\",\"dateModified\":\"2026-04-28T15:18:30+00:00\",\"mainEntityOfPage\":{\"@id\":\"https:\/\/jornaltimoneiro.com.br\/index.php\/2026\/04\/28\/operacao-nacional-prende-tres-por-crimes-sexuais-contra-criancas-e-adolescentes-no-rs\/\"},\"wordCount\":356,\"commentCount\":0,\"publisher\":{\"@id\":\"https:\/\/jornaltimoneiro.com.br\/#organization\"},\"keywords\":[\"canoas\",\"featured\",\"megaopera\u00e7\u00e3o\",\"policial\"],\"articleSection\":[\"Policial\"],\"inLanguage\":\"pt-BR\",\"potentialAction\":[{\"@type\":\"CommentAction\",\"name\":\"Comment\",\"target\":[\"https:\/\/jornaltimoneiro.com.br\/index.php\/2026\/04\/28\/operacao-nacional-prende-tres-por-crimes-sexuais-contra-criancas-e-adolescentes-no-rs\/#respond\"]}]},{\"@type\":\"WebPage\",\"@id\":\"https:\/\/jornaltimoneiro.com.br\/index.php\/2026\/04\/28\/operacao-nacional-prende-tres-por-crimes-sexuais-contra-criancas-e-adolescentes-no-rs\/\",\"url\":\"https:\/\/jornaltimoneiro.com.br\/index.php\/2026\/04\/28\/operacao-nacional-prende-tres-por-crimes-sexuais-contra-criancas-e-adolescentes-no-rs\/\",\"name\":\"Opera\u00e7\u00e3o Nacional Prote\u00e7\u00e3o Integral IV prende tr\u00eas pessoas por crimes sexuais infantojuvenis no RS - O Timoneiro Jornal Canoas RS\",\"isPartOf\":{\"@id\":\"https:\/\/jornaltimoneiro.com.br\/#website\"},\"datePublished\":\"2026-04-28T15:18:30+00:00\",\"dateModified\":\"2026-04-28T15:18:30+00:00\",\"description\":\"Opera\u00e7\u00e3o Nacional Prote\u00e7\u00e3o Integral IV prendeu tr\u00eas pessoas no Rio Grande do Sul por crimes sexuais contra crian\u00e7as e adolescentes, com apreens\u00e3o de equipamentos eletr\u00f4nicos.\",\"breadcrumb\":{\"@id\":\"https:\/\/jornaltimoneiro.com.br\/index.php\/2026\/04\/28\/operacao-nacional-prende-tres-por-crimes-sexuais-contra-criancas-e-adolescentes-no-rs\/#breadcrumb\"},\"inLanguage\":\"pt-BR\",\"potentialAction\":[{\"@type\":\"ReadAction\",\"target\":[\"https:\/\/jornaltimoneiro.com.br\/index.php\/2026\/04\/28\/operacao-nacional-prende-tres-por-crimes-sexuais-contra-criancas-e-adolescentes-no-rs\/\"]}]},{\"@type\":\"BreadcrumbList\",\"@id\":\"https:\/\/jornaltimoneiro.com.br\/index.php\/2026\/04\/28\/operacao-nacional-prende-tres-por-crimes-sexuais-contra-criancas-e-adolescentes-no-rs\/#breadcrumb\",\"itemListElement\":[{\"@type\":\"ListItem\",\"position\":1,\"name\":\"In\u00edcio\",\"item\":\"https:\/\/jornaltimoneiro.com.br\/\"},{\"@type\":\"ListItem\",\"position\":2,\"name\":\"Opera\u00e7\u00e3o Nacional Prote\u00e7\u00e3o Integral IV prende tr\u00eas pessoas por crimes sexuais infantojuvenis no RS\"}]},{\"@type\":\"WebSite\",\"@id\":\"https:\/\/jornaltimoneiro.com.br\/#website\",\"url\":\"https:\/\/jornaltimoneiro.com.br\/\",\"name\":\"Jornal Timoneiro Canoas RS\",\"description\":\"Jornal O Timoneiro, o verdadeiro jornal de Canoas\",\"publisher\":{\"@id\":\"https:\/\/jornaltimoneiro.com.br\/#organization\"},\"potentialAction\":[{\"@type\":\"SearchAction\",\"target\":{\"@type\":\"EntryPoint\",\"urlTemplate\":\"https:\/\/jornaltimoneiro.com.br\/?s={search_term_string}\"},\"query-input\":\"required name=search_term_string\"}],\"inLanguage\":\"pt-BR\"},{\"@type\":\"Organization\",\"@id\":\"https:\/\/jornaltimoneiro.com.br\/#organization\",\"name\":\"Jornal Timoneiro Canoas RS\",\"url\":\"https:\/\/jornaltimoneiro.com.br\/\",\"logo\":{\"@type\":\"ImageObject\",\"inLanguage\":\"pt-BR\",\"@id\":\"https:\/\/jornaltimoneiro.com.br\/#\/schema\/logo\/image\/\",\"url\":\"https:\/\/jornaltimoneiro.com.br\/wp-content\/uploads\/2023\/03\/logonovo.png\",\"contentUrl\":\"https:\/\/jornaltimoneiro.com.br\/wp-content\/uploads\/2023\/03\/logonovo.png\",\"width\":\"469\",\"height\":\"171\",\"caption\":\"Jornal Timoneiro Canoas RS\"},\"image\":{\"@id\":\"https:\/\/jornaltimoneiro.com.br\/#\/schema\/logo\/image\/\"},\"sameAs\":[\"https:\/\/www.facebook.com\/jornaltimoneiro\",\"https:\/\/twitter.com\/_OTimoneiro\",\"https:\/\/www.instagram.com\/jornaltimoneirocanoas\/\",\"https:\/\/www.youtube.com\/@jornalotimoneiro7927\"]},{\"@type\":\"Person\",\"@id\":\"https:\/\/jornaltimoneiro.com.br\/#\/schema\/person\/f63482f1a02b1a9592707865e509ab40\",\"name\":\"Reda\u00e7\u00e3o\",\"image\":{\"@type\":\"ImageObject\",\"inLanguage\":\"pt-BR\",\"@id\":\"https:\/\/jornaltimoneiro.com.br\/#\/schema\/person\/image\/\",\"url\":\"https:\/\/jornaltimoneiro.com.br\/wp-content\/uploads\/2023\/03\/download.jpeg\",\"contentUrl\":\"https:\/\/jornaltimoneiro.com.br\/wp-content\/uploads\/2023\/03\/download.jpeg\",\"caption\":\"Reda\u00e7\u00e3o\"},\"url\":\"https:\/\/jornaltimoneiro.com.br\/index.php\/author\/simone-dutra\/\"}]}<\/script>\n<!-- \/ Yoast SEO plugin. -->","yoast_head_json":{"title":"Opera\u00e7\u00e3o Nacional Prote\u00e7\u00e3o Integral IV prende tr\u00eas pessoas por crimes sexuais infantojuvenis no RS - O Timoneiro Jornal Canoas RS","description":"Opera\u00e7\u00e3o Nacional Prote\u00e7\u00e3o Integral IV prendeu tr\u00eas pessoas no Rio Grande do Sul por crimes sexuais contra crian\u00e7as e adolescentes, com apreens\u00e3o de equipamentos eletr\u00f4nicos.","robots":{"index":"index","follow":"follow","max-snippet":"max-snippet:-1","max-image-preview":"max-image-preview:large","max-video-preview":"max-video-preview:-1"},"canonical":"https:\/\/jornaltimoneiro.com.br\/index.php\/2026\/04\/28\/operacao-nacional-prende-tres-por-crimes-sexuais-contra-criancas-e-adolescentes-no-rs\/","og_locale":"pt_BR","og_type":"article","og_title":"Opera\u00e7\u00e3o Nacional Prote\u00e7\u00e3o Integral IV prende tr\u00eas pessoas por crimes sexuais infantojuvenis no RS - O Timoneiro Jornal Canoas RS","og_description":"Opera\u00e7\u00e3o Nacional Prote\u00e7\u00e3o Integral IV prendeu tr\u00eas pessoas no Rio Grande do Sul por crimes sexuais contra crian\u00e7as e adolescentes, com apreens\u00e3o de equipamentos eletr\u00f4nicos.","og_url":"https:\/\/jornaltimoneiro.com.br\/index.php\/2026\/04\/28\/operacao-nacional-prende-tres-por-crimes-sexuais-contra-criancas-e-adolescentes-no-rs\/","og_site_name":"O Timoneiro Jornal Canoas RS","article_publisher":"https:\/\/www.facebook.com\/jornaltimoneiro","article_published_time":"2026-04-28T15:18:30+00:00","og_image":[{"width":"801","height":"1068","url":"https:\/\/jornaltimoneiro.com.br\/wp-content\/uploads\/2026\/04\/28095952_597638_GDO.jpeg","type":"image\/jpeg"}],"author":"Reda\u00e7\u00e3o","twitter_card":"summary_large_image","twitter_creator":"@_OTimoneiro","twitter_site":"@_OTimoneiro","twitter_misc":{"Escrito por":"Reda\u00e7\u00e3o","Est. tempo de leitura":"2 minutos"},"schema":{"@context":"https:\/\/schema.org","@graph":[{"@type":"Article","@id":"https:\/\/jornaltimoneiro.com.br\/index.php\/2026\/04\/28\/operacao-nacional-prende-tres-por-crimes-sexuais-contra-criancas-e-adolescentes-no-rs\/#article","isPartOf":{"@id":"https:\/\/jornaltimoneiro.com.br\/index.php\/2026\/04\/28\/operacao-nacional-prende-tres-por-crimes-sexuais-contra-criancas-e-adolescentes-no-rs\/"},"author":{"name":"Reda\u00e7\u00e3o","@id":"https:\/\/jornaltimoneiro.com.br\/#\/schema\/person\/f63482f1a02b1a9592707865e509ab40"},"headline":"Opera\u00e7\u00e3o Nacional Prote\u00e7\u00e3o Integral IV prende tr\u00eas pessoas por crimes sexuais infantojuvenis no RS","datePublished":"2026-04-28T15:18:30+00:00","dateModified":"2026-04-28T15:18:30+00:00","mainEntityOfPage":{"@id":"https:\/\/jornaltimoneiro.com.br\/index.php\/2026\/04\/28\/operacao-nacional-prende-tres-por-crimes-sexuais-contra-criancas-e-adolescentes-no-rs\/"},"wordCount":356,"commentCount":0,"publisher":{"@id":"https:\/\/jornaltimoneiro.com.br\/#organization"},"keywords":["canoas","featured","megaopera\u00e7\u00e3o","policial"],"articleSection":["Policial"],"inLanguage":"pt-BR","potentialAction":[{"@type":"CommentAction","name":"Comment","target":["https:\/\/jornaltimoneiro.com.br\/index.php\/2026\/04\/28\/operacao-nacional-prende-tres-por-crimes-sexuais-contra-criancas-e-adolescentes-no-rs\/#respond"]}]},{"@type":"WebPage","@id":"https:\/\/jornaltimoneiro.com.br\/index.php\/2026\/04\/28\/operacao-nacional-prende-tres-por-crimes-sexuais-contra-criancas-e-adolescentes-no-rs\/","url":"https:\/\/jornaltimoneiro.com.br\/index.php\/2026\/04\/28\/operacao-nacional-prende-tres-por-crimes-sexuais-contra-criancas-e-adolescentes-no-rs\/","name":"Opera\u00e7\u00e3o Nacional Prote\u00e7\u00e3o Integral IV prende tr\u00eas pessoas por crimes sexuais infantojuvenis no RS - O Timoneiro Jornal Canoas RS","isPartOf":{"@id":"https:\/\/jornaltimoneiro.com.br\/#website"},"datePublished":"2026-04-28T15:18:30+00:00","dateModified":"2026-04-28T15:18:30+00:00","description":"Opera\u00e7\u00e3o Nacional Prote\u00e7\u00e3o Integral IV prendeu tr\u00eas pessoas no Rio Grande do Sul por crimes sexuais contra crian\u00e7as e adolescentes, com apreens\u00e3o de equipamentos eletr\u00f4nicos.","breadcrumb":{"@id":"https:\/\/jornaltimoneiro.com.br\/index.php\/2026\/04\/28\/operacao-nacional-prende-tres-por-crimes-sexuais-contra-criancas-e-adolescentes-no-rs\/#breadcrumb"},"inLanguage":"pt-BR","potentialAction":[{"@type":"ReadAction","target":["https:\/\/jornaltimoneiro.com.br\/index.php\/2026\/04\/28\/operacao-nacional-prende-tres-por-crimes-sexuais-contra-criancas-e-adolescentes-no-rs\/"]}]},{"@type":"BreadcrumbList","@id":"https:\/\/jornaltimoneiro.com.br\/index.php\/2026\/04\/28\/operacao-nacional-prende-tres-por-crimes-sexuais-contra-criancas-e-adolescentes-no-rs\/#breadcrumb","itemListElement":[{"@type":"ListItem","position":1,"name":"In\u00edcio","item":"https:\/\/jornaltimoneiro.com.br\/"},{"@type":"ListItem","position":2,"name":"Opera\u00e7\u00e3o Nacional Prote\u00e7\u00e3o Integral IV prende tr\u00eas pessoas por crimes sexuais infantojuvenis no RS"}]},{"@type":"WebSite","@id":"https:\/\/jornaltimoneiro.com.br\/#website","url":"https:\/\/jornaltimoneiro.com.br\/","name":"Jornal Timoneiro Canoas RS","description":"Jornal O Timoneiro, o verdadeiro jornal de Canoas","publisher":{"@id":"https:\/\/jornaltimoneiro.com.br\/#organization"},"potentialAction":[{"@type":"SearchAction","target":{"@type":"EntryPoint","urlTemplate":"https:\/\/jornaltimoneiro.com.br\/?s={search_term_string}"},"query-input":"required name=search_term_string"}],"inLanguage":"pt-BR"},{"@type":"Organization","@id":"https:\/\/jornaltimoneiro.com.br\/#organization","name":"Jornal Timoneiro Canoas RS","url":"https:\/\/jornaltimoneiro.com.br\/","logo":{"@type":"ImageObject","inLanguage":"pt-BR","@id":"https:\/\/jornaltimoneiro.com.br\/#\/schema\/logo\/image\/","url":"https:\/\/jornaltimoneiro.com.br\/wp-content\/uploads\/2023\/03\/logonovo.png","contentUrl":"https:\/\/jornaltimoneiro.com.br\/wp-content\/uploads\/2023\/03\/logonovo.png","width":"469","height":"171","caption":"Jornal Timoneiro Canoas RS"},"image":{"@id":"https:\/\/jornaltimoneiro.com.br\/#\/schema\/logo\/image\/"},"sameAs":["https:\/\/www.facebook.com\/jornaltimoneiro","https:\/\/twitter.com\/_OTimoneiro","https:\/\/www.instagram.com\/jornaltimoneirocanoas\/","https:\/\/www.youtube.com\/@jornalotimoneiro7927"]},{"@type":"Person","@id":"https:\/\/jornaltimoneiro.com.br\/#\/schema\/person\/f63482f1a02b1a9592707865e509ab40","name":"Reda\u00e7\u00e3o","image":{"@type":"ImageObject","inLanguage":"pt-BR","@id":"https:\/\/jornaltimoneiro.com.br\/#\/schema\/person\/image\/","url":"https:\/\/jornaltimoneiro.com.br\/wp-content\/uploads\/2023\/03\/download.jpeg","contentUrl":"https:\/\/jornaltimoneiro.com.br\/wp-content\/uploads\/2023\/03\/download.jpeg","caption":"Reda\u00e7\u00e3o"},"url":"https:\/\/jornaltimoneiro.com.br\/index.php\/author\/simone-dutra\/"}]}},"_links":{"self":[{"href":"https:\/\/jornaltimoneiro.com.br\/index.php\/wp-json\/wp\/v2\/posts\/40476"}],"collection":[{"href":"https:\/\/jornaltimoneiro.com.br\/index.php\/wp-json\/wp\/v2\/posts"}],"about":[{"href":"https:\/\/jornaltimoneiro.com.br\/index.php\/wp-json\/wp\/v2\/types\/post"}],"author":[{"embeddable":true,"href":"https:\/\/jornaltimoneiro.com.br\/index.php\/wp-json\/wp\/v2\/users\/2"}],"replies":[{"embeddable":true,"href":"https:\/\/jornaltimoneiro.com.br\/index.php\/wp-json\/wp\/v2\/comments?post=40476"}],"version-history":[{"count":1,"href":"https:\/\/jornaltimoneiro.com.br\/index.php\/wp-json\/wp\/v2\/posts\/40476\/revisions"}],"predecessor-version":[{"id":40478,"href":"https:\/\/jornaltimoneiro.com.br\/index.php\/wp-json\/wp\/v2\/posts\/40476\/revisions\/40478"}],"wp:featuredmedia":[{"embeddable":true,"href":"https:\/\/jornaltimoneiro.com.br\/index.php\/wp-json\/wp\/v2\/media\/40477"}],"wp:attachment":[{"href":"https:\/\/jornaltimoneiro.com.br\/index.php\/wp-json\/wp\/v2\/media?parent=40476"}],"wp:term":[{"taxonomy":"category","embeddable":true,"href":"https:\/\/jornaltimoneiro.com.br\/index.php\/wp-json\/wp\/v2\/categories?post=40476"},{"taxonomy":"post_tag","embeddable":true,"href":"https:\/\/jornaltimoneiro.com.br\/index.php\/wp-json\/wp\/v2\/tags?post=40476"}],"curies":[{"name":"wp","href":"https:\/\/api.w.org\/{rel}","templated":true}]}}