{"id":40467,"date":"2026-04-28T11:28:23","date_gmt":"2026-04-28T14:28:23","guid":{"rendered":"https:\/\/jornaltimoneiro.com.br\/?p=40467"},"modified":"2026-04-28T11:28:23","modified_gmt":"2026-04-28T14:28:23","slug":"prazo-regularizar-titulo-eleitor-termina-6-maio-eleicoes-2026","status":"publish","type":"post","link":"https:\/\/jornaltimoneiro.com.br\/index.php\/2026\/04\/28\/prazo-regularizar-titulo-eleitor-termina-6-maio-eleicoes-2026\/","title":{"rendered":"T\u00edtulo de eleitor: prazo para emitir primeira via e regularizar pend\u00eancias termina em 6 de maio"},"content":{"rendered":"<div class=\"text-base my-auto mx-auto [--thread-content-margin:var(--thread-content-margin-xs,calc(var(--spacing)*4))] @w-sm\/main:[--thread-content-margin:var(--thread-content-margin-sm,calc(var(--spacing)*6))] @w-lg\/main:[--thread-content-margin:var(--thread-content-margin-lg,calc(var(--spacing)*16))] px-(--thread-content-margin)\">\n<div class=\"[--thread-content-max-width:40rem] @w-lg\/main:[--thread-content-max-width:48rem] mx-auto max-w-(--thread-content-max-width) flex-1 group\/turn-messages focus-visible:outline-hidden relative flex w-full min-w-0 flex-col agent-turn\">\n<div class=\"flex max-w-full flex-col gap-4 grow\">\n<div class=\"min-h-8 text-message relative flex w-full flex-col items-end gap-2 text-start break-words whitespace-normal outline-none keyboard-focused:focus-ring [.text-message+&amp;]:mt-1\" dir=\"auto\" data-message-author-role=\"assistant\" data-message-id=\"89a2034e-09d9-485b-8376-419206735d0d\" data-message-model-slug=\"gpt-5-3\">\n<div class=\"flex w-full flex-col gap-1 empty:hidden\">\n<div class=\"markdown prose dark:prose-invert w-full wrap-break-word light markdown-new-styling\">\n<p data-start=\"66\" data-end=\"378\">Eleitoras e eleitores que precisam tirar o primeiro t\u00edtulo, transferir o domic\u00edlio eleitoral ou regularizar pend\u00eancias com a Justi\u00e7a Eleitoral t\u00eam at\u00e9 o dia 6 de maio para solicitar o atendimento. A data marca o fechamento do cadastro eleitoral para as Elei\u00e7\u00f5es 2026, segundo o Tribunal Superior Eleitoral (TSE).<\/p>\n<p data-start=\"380\" data-end=\"519\">A partir de 7 de maio, o cadastro ser\u00e1 bloqueado para a prepara\u00e7\u00e3o do pleito. O primeiro turno das elei\u00e7\u00f5es est\u00e1 marcado para 4 de outubro.<\/p>\n<h4 data-section-id=\"1s6fdh\" data-start=\"521\" data-end=\"574\">Servi\u00e7os podem ser feitos online e presencialmente<\/h4>\n<p data-start=\"576\" data-end=\"842\">At\u00e9 o prazo final, tamb\u00e9m \u00e9 poss\u00edvel atualizar dados cadastrais e solicitar a coleta biom\u00e9trica. Parte dos servi\u00e7os est\u00e1 dispon\u00edvel no <a href=\"https:\/\/www.tse.jus.br\/servicos-eleitorais\/autoatendimento-eleitoral#\/\" target=\"_blank\" rel=\"noopener\">Autoatendimento Eleitoral<\/a>, no portal do TSE, al\u00e9m do atendimento presencial nos cart\u00f3rios eleitorais e postos da Justi\u00e7a Eleitoral.<\/p>\n<p data-start=\"844\" data-end=\"990\">Nos casos de emiss\u00e3o do primeiro t\u00edtulo e em situa\u00e7\u00f5es que exigem biometria, o comparecimento presencial \u00e9 obrigat\u00f3rio para a coleta das digitais.<\/p>\n<h4 data-section-id=\"16uqh1h\" data-start=\"992\" data-end=\"1051\">Fechamento do cadastro antecede organiza\u00e7\u00e3o das elei\u00e7\u00f5es<\/h4>\n<p data-start=\"1053\" data-end=\"1263\">Segundo o TSE, o fechamento do cadastro acontece 150 dias antes do primeiro turno e \u00e9 necess\u00e1rio para a organiza\u00e7\u00e3o da vota\u00e7\u00e3o, incluindo a defini\u00e7\u00e3o das se\u00e7\u00f5es eleitorais e a prepara\u00e7\u00e3o da log\u00edstica eleitoral.<\/p>\n<p data-start=\"1265\" data-end=\"1494\" data-is-last-node=\"\" data-is-only-node=\"\">A orienta\u00e7\u00e3o da Justi\u00e7a Eleitoral \u00e9 para que os eleitores n\u00e3o deixem a regulariza\u00e7\u00e3o para os \u00faltimos dias, j\u00e1 que, ap\u00f3s o fechamento do cadastro, a maior parte dos servi\u00e7os ficar\u00e1 temporariamente suspensa at\u00e9 depois das elei\u00e7\u00f5es.<\/p>\n<\/div>\n<\/div>\n<\/div>\n<\/div>\n<div class=\"z-0 flex min-h-[46px] justify-start\"><\/div>\n<\/div>\n<\/div>\n","protected":false},"excerpt":{"rendered":"<p>Eleitoras e eleitores que precisam tirar o primeiro t\u00edtulo, transferir o domic\u00edlio eleitoral ou regularizar pend\u00eancias com a Justi\u00e7a Eleitoral t\u00eam at\u00e9 o dia 6 de maio para solicitar o atendimento. A data marca o fechamento do cadastro eleitoral para as Elei\u00e7\u00f5es 2026, segundo o Tribunal Superior Eleitoral (TSE). A partir de 7 de maio, [&hellip;]<\/p>\n","protected":false},"author":2,"featured_media":40468,"comment_status":"open","ping_status":"open","sticky":false,"template":"","format":"standard","meta":{"amp_status":"","footnotes":""},"categories":[5107],"tags":[31,4644,190,126],"class_list":["post-40467","post","type-post","status-publish","format-standard","has-post-thumbnail","hentry","category-eleicoes-2026","tag-canoas","tag-eleicoes-2026","tag-featured","tag-politica"],"yoast_head":"<!-- This site is optimized with the Yoast SEO plugin v20.5 - https:\/\/yoast.com\/wordpress\/plugins\/seo\/ -->\n<title>T\u00edtulo de eleitor: prazo para emitir primeira via e regularizar pend\u00eancias termina em 6 de maio - O Timoneiro Jornal Canoas RS<\/title>\n<meta name=\"description\" content=\"Prazo para tirar o primeiro t\u00edtulo de eleitor, transferir domic\u00edlio eleitoral ou regularizar pend\u00eancias com a Justi\u00e7a Eleitoral termina em 6 de maio para as Elei\u00e7\u00f5es 2026.\" \/>\n<meta name=\"robots\" content=\"index, follow, max-snippet:-1, max-image-preview:large, max-video-preview:-1\" \/>\n<link rel=\"canonical\" href=\"https:\/\/jornaltimoneiro.com.br\/index.php\/2026\/04\/28\/prazo-regularizar-titulo-eleitor-termina-6-maio-eleicoes-2026\/\" \/>\n<meta property=\"og:locale\" content=\"pt_BR\" \/>\n<meta property=\"og:type\" content=\"article\" \/>\n<meta property=\"og:title\" content=\"T\u00edtulo de eleitor: prazo para emitir primeira via e regularizar pend\u00eancias termina em 6 de maio - O Timoneiro Jornal Canoas RS\" \/>\n<meta property=\"og:description\" content=\"Prazo para tirar o primeiro t\u00edtulo de eleitor, transferir domic\u00edlio eleitoral ou regularizar pend\u00eancias com a Justi\u00e7a Eleitoral termina em 6 de maio para as Elei\u00e7\u00f5es 2026.\" \/>\n<meta property=\"og:url\" content=\"https:\/\/jornaltimoneiro.com.br\/index.php\/2026\/04\/28\/prazo-regularizar-titulo-eleitor-termina-6-maio-eleicoes-2026\/\" \/>\n<meta property=\"og:site_name\" content=\"O Timoneiro Jornal Canoas RS\" \/>\n<meta property=\"article:publisher\" content=\"https:\/\/www.facebook.com\/jornaltimoneiro\" \/>\n<meta property=\"article:published_time\" content=\"2026-04-28T14:28:23+00:00\" \/>\n<meta property=\"og:image\" content=\"https:\/\/jornaltimoneiro.com.br\/wp-content\/uploads\/2026\/04\/image-623-a3f2b2f38314698c30522740dccd99a2.jpeg\" \/>\n\t<meta property=\"og:image:width\" content=\"468\" \/>\n\t<meta property=\"og:image:height\" content=\"263\" \/>\n\t<meta property=\"og:image:type\" content=\"image\/jpeg\" \/>\n<meta name=\"author\" content=\"Reda\u00e7\u00e3o\" \/>\n<meta name=\"twitter:card\" content=\"summary_large_image\" \/>\n<meta name=\"twitter:creator\" content=\"@_OTimoneiro\" \/>\n<meta name=\"twitter:site\" content=\"@_OTimoneiro\" \/>\n<meta name=\"twitter:label1\" content=\"Escrito por\" \/>\n\t<meta name=\"twitter:data1\" content=\"Reda\u00e7\u00e3o\" \/>\n\t<meta name=\"twitter:label2\" content=\"Est. tempo de leitura\" \/>\n\t<meta name=\"twitter:data2\" content=\"2 minutos\" \/>\n<script type=\"application\/ld+json\" class=\"yoast-schema-graph\">{\"@context\":\"https:\/\/schema.org\",\"@graph\":[{\"@type\":\"Article\",\"@id\":\"https:\/\/jornaltimoneiro.com.br\/index.php\/2026\/04\/28\/prazo-regularizar-titulo-eleitor-termina-6-maio-eleicoes-2026\/#article\",\"isPartOf\":{\"@id\":\"https:\/\/jornaltimoneiro.com.br\/index.php\/2026\/04\/28\/prazo-regularizar-titulo-eleitor-termina-6-maio-eleicoes-2026\/\"},\"author\":{\"name\":\"Reda\u00e7\u00e3o\",\"@id\":\"https:\/\/jornaltimoneiro.com.br\/#\/schema\/person\/f63482f1a02b1a9592707865e509ab40\"},\"headline\":\"T\u00edtulo de eleitor: prazo para emitir primeira via e regularizar pend\u00eancias termina em 6 de maio\",\"datePublished\":\"2026-04-28T14:28:23+00:00\",\"dateModified\":\"2026-04-28T14:28:23+00:00\",\"mainEntityOfPage\":{\"@id\":\"https:\/\/jornaltimoneiro.com.br\/index.php\/2026\/04\/28\/prazo-regularizar-titulo-eleitor-termina-6-maio-eleicoes-2026\/\"},\"wordCount\":267,\"commentCount\":0,\"publisher\":{\"@id\":\"https:\/\/jornaltimoneiro.com.br\/#organization\"},\"keywords\":[\"canoas\",\"elei\u00e7\u00f5es 2026\",\"featured\",\"Pol\u00edtica\"],\"articleSection\":[\"Elei\u00e7\u00f5es 2026\"],\"inLanguage\":\"pt-BR\",\"potentialAction\":[{\"@type\":\"CommentAction\",\"name\":\"Comment\",\"target\":[\"https:\/\/jornaltimoneiro.com.br\/index.php\/2026\/04\/28\/prazo-regularizar-titulo-eleitor-termina-6-maio-eleicoes-2026\/#respond\"]}]},{\"@type\":\"WebPage\",\"@id\":\"https:\/\/jornaltimoneiro.com.br\/index.php\/2026\/04\/28\/prazo-regularizar-titulo-eleitor-termina-6-maio-eleicoes-2026\/\",\"url\":\"https:\/\/jornaltimoneiro.com.br\/index.php\/2026\/04\/28\/prazo-regularizar-titulo-eleitor-termina-6-maio-eleicoes-2026\/\",\"name\":\"T\u00edtulo de eleitor: prazo para emitir primeira via e regularizar pend\u00eancias termina em 6 de maio - O Timoneiro Jornal Canoas RS\",\"isPartOf\":{\"@id\":\"https:\/\/jornaltimoneiro.com.br\/#website\"},\"datePublished\":\"2026-04-28T14:28:23+00:00\",\"dateModified\":\"2026-04-28T14:28:23+00:00\",\"description\":\"Prazo para tirar o primeiro t\u00edtulo de eleitor, transferir domic\u00edlio eleitoral ou regularizar pend\u00eancias com a Justi\u00e7a Eleitoral termina em 6 de maio para as Elei\u00e7\u00f5es 2026.\",\"breadcrumb\":{\"@id\":\"https:\/\/jornaltimoneiro.com.br\/index.php\/2026\/04\/28\/prazo-regularizar-titulo-eleitor-termina-6-maio-eleicoes-2026\/#breadcrumb\"},\"inLanguage\":\"pt-BR\",\"potentialAction\":[{\"@type\":\"ReadAction\",\"target\":[\"https:\/\/jornaltimoneiro.com.br\/index.php\/2026\/04\/28\/prazo-regularizar-titulo-eleitor-termina-6-maio-eleicoes-2026\/\"]}]},{\"@type\":\"BreadcrumbList\",\"@id\":\"https:\/\/jornaltimoneiro.com.br\/index.php\/2026\/04\/28\/prazo-regularizar-titulo-eleitor-termina-6-maio-eleicoes-2026\/#breadcrumb\",\"itemListElement\":[{\"@type\":\"ListItem\",\"position\":1,\"name\":\"In\u00edcio\",\"item\":\"https:\/\/jornaltimoneiro.com.br\/\"},{\"@type\":\"ListItem\",\"position\":2,\"name\":\"T\u00edtulo de eleitor: prazo para emitir primeira via e regularizar pend\u00eancias termina em 6 de maio\"}]},{\"@type\":\"WebSite\",\"@id\":\"https:\/\/jornaltimoneiro.com.br\/#website\",\"url\":\"https:\/\/jornaltimoneiro.com.br\/\",\"name\":\"Jornal Timoneiro Canoas RS\",\"description\":\"Jornal O Timoneiro, o verdadeiro jornal de Canoas\",\"publisher\":{\"@id\":\"https:\/\/jornaltimoneiro.com.br\/#organization\"},\"potentialAction\":[{\"@type\":\"SearchAction\",\"target\":{\"@type\":\"EntryPoint\",\"urlTemplate\":\"https:\/\/jornaltimoneiro.com.br\/?s={search_term_string}\"},\"query-input\":\"required name=search_term_string\"}],\"inLanguage\":\"pt-BR\"},{\"@type\":\"Organization\",\"@id\":\"https:\/\/jornaltimoneiro.com.br\/#organization\",\"name\":\"Jornal Timoneiro Canoas RS\",\"url\":\"https:\/\/jornaltimoneiro.com.br\/\",\"logo\":{\"@type\":\"ImageObject\",\"inLanguage\":\"pt-BR\",\"@id\":\"https:\/\/jornaltimoneiro.com.br\/#\/schema\/logo\/image\/\",\"url\":\"https:\/\/jornaltimoneiro.com.br\/wp-content\/uploads\/2023\/03\/logonovo.png\",\"contentUrl\":\"https:\/\/jornaltimoneiro.com.br\/wp-content\/uploads\/2023\/03\/logonovo.png\",\"width\":\"469\",\"height\":\"171\",\"caption\":\"Jornal Timoneiro Canoas RS\"},\"image\":{\"@id\":\"https:\/\/jornaltimoneiro.com.br\/#\/schema\/logo\/image\/\"},\"sameAs\":[\"https:\/\/www.facebook.com\/jornaltimoneiro\",\"https:\/\/twitter.com\/_OTimoneiro\",\"https:\/\/www.instagram.com\/jornaltimoneirocanoas\/\",\"https:\/\/www.youtube.com\/@jornalotimoneiro7927\"]},{\"@type\":\"Person\",\"@id\":\"https:\/\/jornaltimoneiro.com.br\/#\/schema\/person\/f63482f1a02b1a9592707865e509ab40\",\"name\":\"Reda\u00e7\u00e3o\",\"image\":{\"@type\":\"ImageObject\",\"inLanguage\":\"pt-BR\",\"@id\":\"https:\/\/jornaltimoneiro.com.br\/#\/schema\/person\/image\/\",\"url\":\"https:\/\/jornaltimoneiro.com.br\/wp-content\/uploads\/2023\/03\/download.jpeg\",\"contentUrl\":\"https:\/\/jornaltimoneiro.com.br\/wp-content\/uploads\/2023\/03\/download.jpeg\",\"caption\":\"Reda\u00e7\u00e3o\"},\"url\":\"https:\/\/jornaltimoneiro.com.br\/index.php\/author\/simone-dutra\/\"}]}<\/script>\n<!-- \/ Yoast SEO plugin. -->","yoast_head_json":{"title":"T\u00edtulo de eleitor: prazo para emitir primeira via e regularizar pend\u00eancias termina em 6 de maio - O Timoneiro Jornal Canoas RS","description":"Prazo para tirar o primeiro t\u00edtulo de eleitor, transferir domic\u00edlio eleitoral ou regularizar pend\u00eancias com a Justi\u00e7a Eleitoral termina em 6 de maio para as Elei\u00e7\u00f5es 2026.","robots":{"index":"index","follow":"follow","max-snippet":"max-snippet:-1","max-image-preview":"max-image-preview:large","max-video-preview":"max-video-preview:-1"},"canonical":"https:\/\/jornaltimoneiro.com.br\/index.php\/2026\/04\/28\/prazo-regularizar-titulo-eleitor-termina-6-maio-eleicoes-2026\/","og_locale":"pt_BR","og_type":"article","og_title":"T\u00edtulo de eleitor: prazo para emitir primeira via e regularizar pend\u00eancias termina em 6 de maio - O Timoneiro Jornal Canoas RS","og_description":"Prazo para tirar o primeiro t\u00edtulo de eleitor, transferir domic\u00edlio eleitoral ou regularizar pend\u00eancias com a Justi\u00e7a Eleitoral termina em 6 de maio para as Elei\u00e7\u00f5es 2026.","og_url":"https:\/\/jornaltimoneiro.com.br\/index.php\/2026\/04\/28\/prazo-regularizar-titulo-eleitor-termina-6-maio-eleicoes-2026\/","og_site_name":"O Timoneiro Jornal Canoas RS","article_publisher":"https:\/\/www.facebook.com\/jornaltimoneiro","article_published_time":"2026-04-28T14:28:23+00:00","og_image":[{"width":"468","height":"263","url":"https:\/\/jornaltimoneiro.com.br\/wp-content\/uploads\/2026\/04\/image-623-a3f2b2f38314698c30522740dccd99a2.jpeg","type":"image\/jpeg"}],"author":"Reda\u00e7\u00e3o","twitter_card":"summary_large_image","twitter_creator":"@_OTimoneiro","twitter_site":"@_OTimoneiro","twitter_misc":{"Escrito por":"Reda\u00e7\u00e3o","Est. tempo de leitura":"2 minutos"},"schema":{"@context":"https:\/\/schema.org","@graph":[{"@type":"Article","@id":"https:\/\/jornaltimoneiro.com.br\/index.php\/2026\/04\/28\/prazo-regularizar-titulo-eleitor-termina-6-maio-eleicoes-2026\/#article","isPartOf":{"@id":"https:\/\/jornaltimoneiro.com.br\/index.php\/2026\/04\/28\/prazo-regularizar-titulo-eleitor-termina-6-maio-eleicoes-2026\/"},"author":{"name":"Reda\u00e7\u00e3o","@id":"https:\/\/jornaltimoneiro.com.br\/#\/schema\/person\/f63482f1a02b1a9592707865e509ab40"},"headline":"T\u00edtulo de eleitor: prazo para emitir primeira via e regularizar pend\u00eancias termina em 6 de maio","datePublished":"2026-04-28T14:28:23+00:00","dateModified":"2026-04-28T14:28:23+00:00","mainEntityOfPage":{"@id":"https:\/\/jornaltimoneiro.com.br\/index.php\/2026\/04\/28\/prazo-regularizar-titulo-eleitor-termina-6-maio-eleicoes-2026\/"},"wordCount":267,"commentCount":0,"publisher":{"@id":"https:\/\/jornaltimoneiro.com.br\/#organization"},"keywords":["canoas","elei\u00e7\u00f5es 2026","featured","Pol\u00edtica"],"articleSection":["Elei\u00e7\u00f5es 2026"],"inLanguage":"pt-BR","potentialAction":[{"@type":"CommentAction","name":"Comment","target":["https:\/\/jornaltimoneiro.com.br\/index.php\/2026\/04\/28\/prazo-regularizar-titulo-eleitor-termina-6-maio-eleicoes-2026\/#respond"]}]},{"@type":"WebPage","@id":"https:\/\/jornaltimoneiro.com.br\/index.php\/2026\/04\/28\/prazo-regularizar-titulo-eleitor-termina-6-maio-eleicoes-2026\/","url":"https:\/\/jornaltimoneiro.com.br\/index.php\/2026\/04\/28\/prazo-regularizar-titulo-eleitor-termina-6-maio-eleicoes-2026\/","name":"T\u00edtulo de eleitor: prazo para emitir primeira via e regularizar pend\u00eancias termina em 6 de maio - O Timoneiro Jornal Canoas RS","isPartOf":{"@id":"https:\/\/jornaltimoneiro.com.br\/#website"},"datePublished":"2026-04-28T14:28:23+00:00","dateModified":"2026-04-28T14:28:23+00:00","description":"Prazo para tirar o primeiro t\u00edtulo de eleitor, transferir domic\u00edlio eleitoral ou regularizar pend\u00eancias com a Justi\u00e7a Eleitoral termina em 6 de maio para as Elei\u00e7\u00f5es 2026.","breadcrumb":{"@id":"https:\/\/jornaltimoneiro.com.br\/index.php\/2026\/04\/28\/prazo-regularizar-titulo-eleitor-termina-6-maio-eleicoes-2026\/#breadcrumb"},"inLanguage":"pt-BR","potentialAction":[{"@type":"ReadAction","target":["https:\/\/jornaltimoneiro.com.br\/index.php\/2026\/04\/28\/prazo-regularizar-titulo-eleitor-termina-6-maio-eleicoes-2026\/"]}]},{"@type":"BreadcrumbList","@id":"https:\/\/jornaltimoneiro.com.br\/index.php\/2026\/04\/28\/prazo-regularizar-titulo-eleitor-termina-6-maio-eleicoes-2026\/#breadcrumb","itemListElement":[{"@type":"ListItem","position":1,"name":"In\u00edcio","item":"https:\/\/jornaltimoneiro.com.br\/"},{"@type":"ListItem","position":2,"name":"T\u00edtulo de eleitor: prazo para emitir primeira via e regularizar pend\u00eancias termina em 6 de maio"}]},{"@type":"WebSite","@id":"https:\/\/jornaltimoneiro.com.br\/#website","url":"https:\/\/jornaltimoneiro.com.br\/","name":"Jornal Timoneiro Canoas RS","description":"Jornal O Timoneiro, o verdadeiro jornal de Canoas","publisher":{"@id":"https:\/\/jornaltimoneiro.com.br\/#organization"},"potentialAction":[{"@type":"SearchAction","target":{"@type":"EntryPoint","urlTemplate":"https:\/\/jornaltimoneiro.com.br\/?s={search_term_string}"},"query-input":"required name=search_term_string"}],"inLanguage":"pt-BR"},{"@type":"Organization","@id":"https:\/\/jornaltimoneiro.com.br\/#organization","name":"Jornal Timoneiro Canoas RS","url":"https:\/\/jornaltimoneiro.com.br\/","logo":{"@type":"ImageObject","inLanguage":"pt-BR","@id":"https:\/\/jornaltimoneiro.com.br\/#\/schema\/logo\/image\/","url":"https:\/\/jornaltimoneiro.com.br\/wp-content\/uploads\/2023\/03\/logonovo.png","contentUrl":"https:\/\/jornaltimoneiro.com.br\/wp-content\/uploads\/2023\/03\/logonovo.png","width":"469","height":"171","caption":"Jornal Timoneiro Canoas RS"},"image":{"@id":"https:\/\/jornaltimoneiro.com.br\/#\/schema\/logo\/image\/"},"sameAs":["https:\/\/www.facebook.com\/jornaltimoneiro","https:\/\/twitter.com\/_OTimoneiro","https:\/\/www.instagram.com\/jornaltimoneirocanoas\/","https:\/\/www.youtube.com\/@jornalotimoneiro7927"]},{"@type":"Person","@id":"https:\/\/jornaltimoneiro.com.br\/#\/schema\/person\/f63482f1a02b1a9592707865e509ab40","name":"Reda\u00e7\u00e3o","image":{"@type":"ImageObject","inLanguage":"pt-BR","@id":"https:\/\/jornaltimoneiro.com.br\/#\/schema\/person\/image\/","url":"https:\/\/jornaltimoneiro.com.br\/wp-content\/uploads\/2023\/03\/download.jpeg","contentUrl":"https:\/\/jornaltimoneiro.com.br\/wp-content\/uploads\/2023\/03\/download.jpeg","caption":"Reda\u00e7\u00e3o"},"url":"https:\/\/jornaltimoneiro.com.br\/index.php\/author\/simone-dutra\/"}]}},"_links":{"self":[{"href":"https:\/\/jornaltimoneiro.com.br\/index.php\/wp-json\/wp\/v2\/posts\/40467"}],"collection":[{"href":"https:\/\/jornaltimoneiro.com.br\/index.php\/wp-json\/wp\/v2\/posts"}],"about":[{"href":"https:\/\/jornaltimoneiro.com.br\/index.php\/wp-json\/wp\/v2\/types\/post"}],"author":[{"embeddable":true,"href":"https:\/\/jornaltimoneiro.com.br\/index.php\/wp-json\/wp\/v2\/users\/2"}],"replies":[{"embeddable":true,"href":"https:\/\/jornaltimoneiro.com.br\/index.php\/wp-json\/wp\/v2\/comments?post=40467"}],"version-history":[{"count":1,"href":"https:\/\/jornaltimoneiro.com.br\/index.php\/wp-json\/wp\/v2\/posts\/40467\/revisions"}],"predecessor-version":[{"id":40469,"href":"https:\/\/jornaltimoneiro.com.br\/index.php\/wp-json\/wp\/v2\/posts\/40467\/revisions\/40469"}],"wp:featuredmedia":[{"embeddable":true,"href":"https:\/\/jornaltimoneiro.com.br\/index.php\/wp-json\/wp\/v2\/media\/40468"}],"wp:attachment":[{"href":"https:\/\/jornaltimoneiro.com.br\/index.php\/wp-json\/wp\/v2\/media?parent=40467"}],"wp:term":[{"taxonomy":"category","embeddable":true,"href":"https:\/\/jornaltimoneiro.com.br\/index.php\/wp-json\/wp\/v2\/categories?post=40467"},{"taxonomy":"post_tag","embeddable":true,"href":"https:\/\/jornaltimoneiro.com.br\/index.php\/wp-json\/wp\/v2\/tags?post=40467"}],"curies":[{"name":"wp","href":"https:\/\/api.w.org\/{rel}","templated":true}]}}