{"id":40464,"date":"2026-04-28T10:01:31","date_gmt":"2026-04-28T13:01:31","guid":{"rendered":"https:\/\/jornaltimoneiro.com.br\/?p=40464"},"modified":"2026-04-28T10:01:31","modified_gmt":"2026-04-28T13:01:31","slug":"prefeito-canoas-seminario-cuiaba-2040-reconstrucao-pos-enchente","status":"publish","type":"post","link":"https:\/\/jornaltimoneiro.com.br\/index.php\/2026\/04\/28\/prefeito-canoas-seminario-cuiaba-2040-reconstrucao-pos-enchente\/","title":{"rendered":"Prefeito de Canoas relata  em Cuiab\u00e1 processo de  reconstru\u00e7\u00e3o p\u00f3s-enchente"},"content":{"rendered":"<p>O prefeito de Canoas, Airton Souza, participa nesta ter\u00e7a-feira, 28, do Semin\u00e1rio Cuiab\u00e1 2040, realizado em Cuiab\u00e1, no Mato Grosso. O evento re\u00fane gestores p\u00fablicos e especialistas para debater desenvolvimento urbano, infraestrutura, economia e planejamento das cidades nas pr\u00f3ximas d\u00e9cadas.<\/p>\n<p>Promovido pelo LIDE Mato Grosso e pela CDL Cuiab\u00e1, o semin\u00e1rio tem como foco discutir solu\u00e7\u00f5es para os desafios do crescimento urbano. Durante a programa\u00e7\u00e3o, Airton Souza apresentar\u00e1 a\u00e7\u00f5es desenvolvidas em Canoas nas \u00e1reas de gest\u00e3o p\u00fablica, mobilidade urbana e reorganiza\u00e7\u00e3o de espa\u00e7os urbanos.<\/p>\n<p>Entre os temas, o prefeito deve abordar a reconstru\u00e7\u00e3o do munic\u00edpio ap\u00f3s a enchente de 2024, que atingiu a cidade e causou danos em diferentes regi\u00f5es. Segundo a Prefeitura de Canoas, est\u00e3o em andamento obras de recupera\u00e7\u00e3o e refor\u00e7o dos diques, incluindo trechos nos bairros Mathias Velho e Rio Branco, al\u00e9m de melhorias nos sistemas de drenagem urbana, amplia\u00e7\u00e3o da conten\u00e7\u00e3o de cheias e moderniza\u00e7\u00e3o das casas de bombas.<\/p>\n<p>Tamb\u00e9m fazem parte desse processo, segundo a administra\u00e7\u00e3o municipal, a recupera\u00e7\u00e3o de escolas, unidades de sa\u00fade e outros equipamentos p\u00fablicos, al\u00e9m de a\u00e7\u00f5es habitacionais para fam\u00edlias atingidas pela enchente.<\/p>\n<p>Outro ponto apresentado ser\u00e1 o Passe Livre no transporte coletivo. De acordo com a prefeitura, o sistema registra mais de 1,6 milh\u00e3o de utiliza\u00e7\u00f5es mensais. Tamb\u00e9m ser\u00e3o citados investimentos em tecnologia, ilumina\u00e7\u00e3o p\u00fablica e projetos ligados ao desenvolvimento econ\u00f4mico, como o Parque Canoas de Inova\u00e7\u00e3o.<\/p>\n<p>O semin\u00e1rio contar\u00e1 ainda com a participa\u00e7\u00e3o do economista Paulo Rabello de Castro, ex-presidente do IBGE e do BNDES. Entre os temas em debate est\u00e3o mobilidade urbana, expans\u00e3o ordenada, atra\u00e7\u00e3o de investimentos, inova\u00e7\u00e3o, sustentabilidade e pol\u00edticas p\u00fablicas.<\/p>\n","protected":false},"excerpt":{"rendered":"<p>O prefeito de Canoas, Airton Souza, participa nesta ter\u00e7a-feira, 28, do Semin\u00e1rio Cuiab\u00e1 2040, realizado em Cuiab\u00e1, no Mato Grosso. O evento re\u00fane gestores p\u00fablicos e especialistas para debater desenvolvimento urbano, infraestrutura, economia e planejamento das cidades nas pr\u00f3ximas d\u00e9cadas. Promovido pelo LIDE Mato Grosso e pela CDL Cuiab\u00e1, o semin\u00e1rio tem como foco discutir [&hellip;]<\/p>\n","protected":false},"author":2,"featured_media":40465,"comment_status":"open","ping_status":"open","sticky":false,"template":"","format":"standard","meta":{"amp_status":"","footnotes":""},"categories":[5106],"tags":[31,2495,190],"class_list":["post-40464","post","type-post","status-publish","format-standard","has-post-thumbnail","hentry","category-cidades","tag-canoas","tag-enchente-2024","tag-featured"],"yoast_head":"<!-- This site is optimized with the Yoast SEO plugin v20.5 - https:\/\/yoast.com\/wordpress\/plugins\/seo\/ -->\n<title>Prefeito de Canoas relata em Cuiab\u00e1 processo de reconstru\u00e7\u00e3o p\u00f3s-enchente - O Timoneiro Jornal Canoas RS<\/title>\n<meta name=\"description\" content=\"Prefeito de Canoas participa do Semin\u00e1rio Cuiab\u00e1 2040 e apresenta a\u00e7\u00f5es de reconstru\u00e7\u00e3o p\u00f3s-enchente, mobilidade urbana e obras de preven\u00e7\u00e3o contra cheias.\" \/>\n<meta name=\"robots\" content=\"index, follow, max-snippet:-1, max-image-preview:large, max-video-preview:-1\" \/>\n<link rel=\"canonical\" href=\"https:\/\/jornaltimoneiro.com.br\/index.php\/2026\/04\/28\/prefeito-canoas-seminario-cuiaba-2040-reconstrucao-pos-enchente\/\" \/>\n<meta property=\"og:locale\" content=\"pt_BR\" \/>\n<meta property=\"og:type\" content=\"article\" \/>\n<meta property=\"og:title\" content=\"Prefeito de Canoas relata em Cuiab\u00e1 processo de reconstru\u00e7\u00e3o p\u00f3s-enchente - O Timoneiro Jornal Canoas RS\" \/>\n<meta property=\"og:description\" content=\"Prefeito de Canoas participa do Semin\u00e1rio Cuiab\u00e1 2040 e apresenta a\u00e7\u00f5es de reconstru\u00e7\u00e3o p\u00f3s-enchente, mobilidade urbana e obras de preven\u00e7\u00e3o contra cheias.\" \/>\n<meta property=\"og:url\" content=\"https:\/\/jornaltimoneiro.com.br\/index.php\/2026\/04\/28\/prefeito-canoas-seminario-cuiaba-2040-reconstrucao-pos-enchente\/\" \/>\n<meta property=\"og:site_name\" content=\"O Timoneiro Jornal Canoas RS\" \/>\n<meta property=\"article:publisher\" content=\"https:\/\/www.facebook.com\/jornaltimoneiro\" \/>\n<meta property=\"article:published_time\" content=\"2026-04-28T13:01:31+00:00\" \/>\n<meta property=\"og:image\" content=\"https:\/\/jornaltimoneiro.com.br\/wp-content\/uploads\/2026\/04\/IMG_2146.jpeg\" \/>\n\t<meta property=\"og:image:width\" content=\"828\" \/>\n\t<meta property=\"og:image:height\" content=\"926\" \/>\n\t<meta property=\"og:image:type\" content=\"image\/jpeg\" \/>\n<meta name=\"author\" content=\"Reda\u00e7\u00e3o\" \/>\n<meta name=\"twitter:card\" content=\"summary_large_image\" \/>\n<meta name=\"twitter:creator\" content=\"@_OTimoneiro\" \/>\n<meta name=\"twitter:site\" content=\"@_OTimoneiro\" \/>\n<meta name=\"twitter:label1\" content=\"Escrito por\" \/>\n\t<meta name=\"twitter:data1\" content=\"Reda\u00e7\u00e3o\" \/>\n\t<meta name=\"twitter:label2\" content=\"Est. tempo de leitura\" \/>\n\t<meta name=\"twitter:data2\" content=\"2 minutos\" \/>\n<script type=\"application\/ld+json\" class=\"yoast-schema-graph\">{\"@context\":\"https:\/\/schema.org\",\"@graph\":[{\"@type\":\"Article\",\"@id\":\"https:\/\/jornaltimoneiro.com.br\/index.php\/2026\/04\/28\/prefeito-canoas-seminario-cuiaba-2040-reconstrucao-pos-enchente\/#article\",\"isPartOf\":{\"@id\":\"https:\/\/jornaltimoneiro.com.br\/index.php\/2026\/04\/28\/prefeito-canoas-seminario-cuiaba-2040-reconstrucao-pos-enchente\/\"},\"author\":{\"name\":\"Reda\u00e7\u00e3o\",\"@id\":\"https:\/\/jornaltimoneiro.com.br\/#\/schema\/person\/f63482f1a02b1a9592707865e509ab40\"},\"headline\":\"Prefeito de Canoas relata em Cuiab\u00e1 processo de reconstru\u00e7\u00e3o p\u00f3s-enchente\",\"datePublished\":\"2026-04-28T13:01:31+00:00\",\"dateModified\":\"2026-04-28T13:01:31+00:00\",\"mainEntityOfPage\":{\"@id\":\"https:\/\/jornaltimoneiro.com.br\/index.php\/2026\/04\/28\/prefeito-canoas-seminario-cuiaba-2040-reconstrucao-pos-enchente\/\"},\"wordCount\":321,\"commentCount\":0,\"publisher\":{\"@id\":\"https:\/\/jornaltimoneiro.com.br\/#organization\"},\"keywords\":[\"canoas\",\"enchente 2024\",\"featured\"],\"articleSection\":[\"Cidades\"],\"inLanguage\":\"pt-BR\",\"potentialAction\":[{\"@type\":\"CommentAction\",\"name\":\"Comment\",\"target\":[\"https:\/\/jornaltimoneiro.com.br\/index.php\/2026\/04\/28\/prefeito-canoas-seminario-cuiaba-2040-reconstrucao-pos-enchente\/#respond\"]}]},{\"@type\":\"WebPage\",\"@id\":\"https:\/\/jornaltimoneiro.com.br\/index.php\/2026\/04\/28\/prefeito-canoas-seminario-cuiaba-2040-reconstrucao-pos-enchente\/\",\"url\":\"https:\/\/jornaltimoneiro.com.br\/index.php\/2026\/04\/28\/prefeito-canoas-seminario-cuiaba-2040-reconstrucao-pos-enchente\/\",\"name\":\"Prefeito de Canoas relata em Cuiab\u00e1 processo de reconstru\u00e7\u00e3o p\u00f3s-enchente - O Timoneiro Jornal Canoas RS\",\"isPartOf\":{\"@id\":\"https:\/\/jornaltimoneiro.com.br\/#website\"},\"datePublished\":\"2026-04-28T13:01:31+00:00\",\"dateModified\":\"2026-04-28T13:01:31+00:00\",\"description\":\"Prefeito de Canoas participa do Semin\u00e1rio Cuiab\u00e1 2040 e apresenta a\u00e7\u00f5es de reconstru\u00e7\u00e3o p\u00f3s-enchente, mobilidade urbana e obras de preven\u00e7\u00e3o contra cheias.\",\"breadcrumb\":{\"@id\":\"https:\/\/jornaltimoneiro.com.br\/index.php\/2026\/04\/28\/prefeito-canoas-seminario-cuiaba-2040-reconstrucao-pos-enchente\/#breadcrumb\"},\"inLanguage\":\"pt-BR\",\"potentialAction\":[{\"@type\":\"ReadAction\",\"target\":[\"https:\/\/jornaltimoneiro.com.br\/index.php\/2026\/04\/28\/prefeito-canoas-seminario-cuiaba-2040-reconstrucao-pos-enchente\/\"]}]},{\"@type\":\"BreadcrumbList\",\"@id\":\"https:\/\/jornaltimoneiro.com.br\/index.php\/2026\/04\/28\/prefeito-canoas-seminario-cuiaba-2040-reconstrucao-pos-enchente\/#breadcrumb\",\"itemListElement\":[{\"@type\":\"ListItem\",\"position\":1,\"name\":\"In\u00edcio\",\"item\":\"https:\/\/jornaltimoneiro.com.br\/\"},{\"@type\":\"ListItem\",\"position\":2,\"name\":\"Prefeito de Canoas relata em Cuiab\u00e1 processo de reconstru\u00e7\u00e3o p\u00f3s-enchente\"}]},{\"@type\":\"WebSite\",\"@id\":\"https:\/\/jornaltimoneiro.com.br\/#website\",\"url\":\"https:\/\/jornaltimoneiro.com.br\/\",\"name\":\"Jornal Timoneiro Canoas RS\",\"description\":\"Jornal O Timoneiro, o verdadeiro jornal de Canoas\",\"publisher\":{\"@id\":\"https:\/\/jornaltimoneiro.com.br\/#organization\"},\"potentialAction\":[{\"@type\":\"SearchAction\",\"target\":{\"@type\":\"EntryPoint\",\"urlTemplate\":\"https:\/\/jornaltimoneiro.com.br\/?s={search_term_string}\"},\"query-input\":\"required name=search_term_string\"}],\"inLanguage\":\"pt-BR\"},{\"@type\":\"Organization\",\"@id\":\"https:\/\/jornaltimoneiro.com.br\/#organization\",\"name\":\"Jornal Timoneiro Canoas RS\",\"url\":\"https:\/\/jornaltimoneiro.com.br\/\",\"logo\":{\"@type\":\"ImageObject\",\"inLanguage\":\"pt-BR\",\"@id\":\"https:\/\/jornaltimoneiro.com.br\/#\/schema\/logo\/image\/\",\"url\":\"https:\/\/jornaltimoneiro.com.br\/wp-content\/uploads\/2023\/03\/logonovo.png\",\"contentUrl\":\"https:\/\/jornaltimoneiro.com.br\/wp-content\/uploads\/2023\/03\/logonovo.png\",\"width\":\"469\",\"height\":\"171\",\"caption\":\"Jornal Timoneiro Canoas RS\"},\"image\":{\"@id\":\"https:\/\/jornaltimoneiro.com.br\/#\/schema\/logo\/image\/\"},\"sameAs\":[\"https:\/\/www.facebook.com\/jornaltimoneiro\",\"https:\/\/twitter.com\/_OTimoneiro\",\"https:\/\/www.instagram.com\/jornaltimoneirocanoas\/\",\"https:\/\/www.youtube.com\/@jornalotimoneiro7927\"]},{\"@type\":\"Person\",\"@id\":\"https:\/\/jornaltimoneiro.com.br\/#\/schema\/person\/f63482f1a02b1a9592707865e509ab40\",\"name\":\"Reda\u00e7\u00e3o\",\"image\":{\"@type\":\"ImageObject\",\"inLanguage\":\"pt-BR\",\"@id\":\"https:\/\/jornaltimoneiro.com.br\/#\/schema\/person\/image\/\",\"url\":\"https:\/\/jornaltimoneiro.com.br\/wp-content\/uploads\/2023\/03\/download.jpeg\",\"contentUrl\":\"https:\/\/jornaltimoneiro.com.br\/wp-content\/uploads\/2023\/03\/download.jpeg\",\"caption\":\"Reda\u00e7\u00e3o\"},\"url\":\"https:\/\/jornaltimoneiro.com.br\/index.php\/author\/simone-dutra\/\"}]}<\/script>\n<!-- \/ Yoast SEO plugin. -->","yoast_head_json":{"title":"Prefeito de Canoas relata em Cuiab\u00e1 processo de reconstru\u00e7\u00e3o p\u00f3s-enchente - O Timoneiro Jornal Canoas RS","description":"Prefeito de Canoas participa do Semin\u00e1rio Cuiab\u00e1 2040 e apresenta a\u00e7\u00f5es de reconstru\u00e7\u00e3o p\u00f3s-enchente, mobilidade urbana e obras de preven\u00e7\u00e3o contra cheias.","robots":{"index":"index","follow":"follow","max-snippet":"max-snippet:-1","max-image-preview":"max-image-preview:large","max-video-preview":"max-video-preview:-1"},"canonical":"https:\/\/jornaltimoneiro.com.br\/index.php\/2026\/04\/28\/prefeito-canoas-seminario-cuiaba-2040-reconstrucao-pos-enchente\/","og_locale":"pt_BR","og_type":"article","og_title":"Prefeito de Canoas relata em Cuiab\u00e1 processo de reconstru\u00e7\u00e3o p\u00f3s-enchente - O Timoneiro Jornal Canoas RS","og_description":"Prefeito de Canoas participa do Semin\u00e1rio Cuiab\u00e1 2040 e apresenta a\u00e7\u00f5es de reconstru\u00e7\u00e3o p\u00f3s-enchente, mobilidade urbana e obras de preven\u00e7\u00e3o contra cheias.","og_url":"https:\/\/jornaltimoneiro.com.br\/index.php\/2026\/04\/28\/prefeito-canoas-seminario-cuiaba-2040-reconstrucao-pos-enchente\/","og_site_name":"O Timoneiro Jornal Canoas RS","article_publisher":"https:\/\/www.facebook.com\/jornaltimoneiro","article_published_time":"2026-04-28T13:01:31+00:00","og_image":[{"width":"828","height":"926","url":"https:\/\/jornaltimoneiro.com.br\/wp-content\/uploads\/2026\/04\/IMG_2146.jpeg","type":"image\/jpeg"}],"author":"Reda\u00e7\u00e3o","twitter_card":"summary_large_image","twitter_creator":"@_OTimoneiro","twitter_site":"@_OTimoneiro","twitter_misc":{"Escrito por":"Reda\u00e7\u00e3o","Est. tempo de leitura":"2 minutos"},"schema":{"@context":"https:\/\/schema.org","@graph":[{"@type":"Article","@id":"https:\/\/jornaltimoneiro.com.br\/index.php\/2026\/04\/28\/prefeito-canoas-seminario-cuiaba-2040-reconstrucao-pos-enchente\/#article","isPartOf":{"@id":"https:\/\/jornaltimoneiro.com.br\/index.php\/2026\/04\/28\/prefeito-canoas-seminario-cuiaba-2040-reconstrucao-pos-enchente\/"},"author":{"name":"Reda\u00e7\u00e3o","@id":"https:\/\/jornaltimoneiro.com.br\/#\/schema\/person\/f63482f1a02b1a9592707865e509ab40"},"headline":"Prefeito de Canoas relata em Cuiab\u00e1 processo de reconstru\u00e7\u00e3o p\u00f3s-enchente","datePublished":"2026-04-28T13:01:31+00:00","dateModified":"2026-04-28T13:01:31+00:00","mainEntityOfPage":{"@id":"https:\/\/jornaltimoneiro.com.br\/index.php\/2026\/04\/28\/prefeito-canoas-seminario-cuiaba-2040-reconstrucao-pos-enchente\/"},"wordCount":321,"commentCount":0,"publisher":{"@id":"https:\/\/jornaltimoneiro.com.br\/#organization"},"keywords":["canoas","enchente 2024","featured"],"articleSection":["Cidades"],"inLanguage":"pt-BR","potentialAction":[{"@type":"CommentAction","name":"Comment","target":["https:\/\/jornaltimoneiro.com.br\/index.php\/2026\/04\/28\/prefeito-canoas-seminario-cuiaba-2040-reconstrucao-pos-enchente\/#respond"]}]},{"@type":"WebPage","@id":"https:\/\/jornaltimoneiro.com.br\/index.php\/2026\/04\/28\/prefeito-canoas-seminario-cuiaba-2040-reconstrucao-pos-enchente\/","url":"https:\/\/jornaltimoneiro.com.br\/index.php\/2026\/04\/28\/prefeito-canoas-seminario-cuiaba-2040-reconstrucao-pos-enchente\/","name":"Prefeito de Canoas relata em Cuiab\u00e1 processo de reconstru\u00e7\u00e3o p\u00f3s-enchente - O Timoneiro Jornal Canoas RS","isPartOf":{"@id":"https:\/\/jornaltimoneiro.com.br\/#website"},"datePublished":"2026-04-28T13:01:31+00:00","dateModified":"2026-04-28T13:01:31+00:00","description":"Prefeito de Canoas participa do Semin\u00e1rio Cuiab\u00e1 2040 e apresenta a\u00e7\u00f5es de reconstru\u00e7\u00e3o p\u00f3s-enchente, mobilidade urbana e obras de preven\u00e7\u00e3o contra cheias.","breadcrumb":{"@id":"https:\/\/jornaltimoneiro.com.br\/index.php\/2026\/04\/28\/prefeito-canoas-seminario-cuiaba-2040-reconstrucao-pos-enchente\/#breadcrumb"},"inLanguage":"pt-BR","potentialAction":[{"@type":"ReadAction","target":["https:\/\/jornaltimoneiro.com.br\/index.php\/2026\/04\/28\/prefeito-canoas-seminario-cuiaba-2040-reconstrucao-pos-enchente\/"]}]},{"@type":"BreadcrumbList","@id":"https:\/\/jornaltimoneiro.com.br\/index.php\/2026\/04\/28\/prefeito-canoas-seminario-cuiaba-2040-reconstrucao-pos-enchente\/#breadcrumb","itemListElement":[{"@type":"ListItem","position":1,"name":"In\u00edcio","item":"https:\/\/jornaltimoneiro.com.br\/"},{"@type":"ListItem","position":2,"name":"Prefeito de Canoas relata em Cuiab\u00e1 processo de reconstru\u00e7\u00e3o p\u00f3s-enchente"}]},{"@type":"WebSite","@id":"https:\/\/jornaltimoneiro.com.br\/#website","url":"https:\/\/jornaltimoneiro.com.br\/","name":"Jornal Timoneiro Canoas RS","description":"Jornal O Timoneiro, o verdadeiro jornal de Canoas","publisher":{"@id":"https:\/\/jornaltimoneiro.com.br\/#organization"},"potentialAction":[{"@type":"SearchAction","target":{"@type":"EntryPoint","urlTemplate":"https:\/\/jornaltimoneiro.com.br\/?s={search_term_string}"},"query-input":"required name=search_term_string"}],"inLanguage":"pt-BR"},{"@type":"Organization","@id":"https:\/\/jornaltimoneiro.com.br\/#organization","name":"Jornal Timoneiro Canoas RS","url":"https:\/\/jornaltimoneiro.com.br\/","logo":{"@type":"ImageObject","inLanguage":"pt-BR","@id":"https:\/\/jornaltimoneiro.com.br\/#\/schema\/logo\/image\/","url":"https:\/\/jornaltimoneiro.com.br\/wp-content\/uploads\/2023\/03\/logonovo.png","contentUrl":"https:\/\/jornaltimoneiro.com.br\/wp-content\/uploads\/2023\/03\/logonovo.png","width":"469","height":"171","caption":"Jornal Timoneiro Canoas RS"},"image":{"@id":"https:\/\/jornaltimoneiro.com.br\/#\/schema\/logo\/image\/"},"sameAs":["https:\/\/www.facebook.com\/jornaltimoneiro","https:\/\/twitter.com\/_OTimoneiro","https:\/\/www.instagram.com\/jornaltimoneirocanoas\/","https:\/\/www.youtube.com\/@jornalotimoneiro7927"]},{"@type":"Person","@id":"https:\/\/jornaltimoneiro.com.br\/#\/schema\/person\/f63482f1a02b1a9592707865e509ab40","name":"Reda\u00e7\u00e3o","image":{"@type":"ImageObject","inLanguage":"pt-BR","@id":"https:\/\/jornaltimoneiro.com.br\/#\/schema\/person\/image\/","url":"https:\/\/jornaltimoneiro.com.br\/wp-content\/uploads\/2023\/03\/download.jpeg","contentUrl":"https:\/\/jornaltimoneiro.com.br\/wp-content\/uploads\/2023\/03\/download.jpeg","caption":"Reda\u00e7\u00e3o"},"url":"https:\/\/jornaltimoneiro.com.br\/index.php\/author\/simone-dutra\/"}]}},"_links":{"self":[{"href":"https:\/\/jornaltimoneiro.com.br\/index.php\/wp-json\/wp\/v2\/posts\/40464"}],"collection":[{"href":"https:\/\/jornaltimoneiro.com.br\/index.php\/wp-json\/wp\/v2\/posts"}],"about":[{"href":"https:\/\/jornaltimoneiro.com.br\/index.php\/wp-json\/wp\/v2\/types\/post"}],"author":[{"embeddable":true,"href":"https:\/\/jornaltimoneiro.com.br\/index.php\/wp-json\/wp\/v2\/users\/2"}],"replies":[{"embeddable":true,"href":"https:\/\/jornaltimoneiro.com.br\/index.php\/wp-json\/wp\/v2\/comments?post=40464"}],"version-history":[{"count":1,"href":"https:\/\/jornaltimoneiro.com.br\/index.php\/wp-json\/wp\/v2\/posts\/40464\/revisions"}],"predecessor-version":[{"id":40466,"href":"https:\/\/jornaltimoneiro.com.br\/index.php\/wp-json\/wp\/v2\/posts\/40464\/revisions\/40466"}],"wp:featuredmedia":[{"embeddable":true,"href":"https:\/\/jornaltimoneiro.com.br\/index.php\/wp-json\/wp\/v2\/media\/40465"}],"wp:attachment":[{"href":"https:\/\/jornaltimoneiro.com.br\/index.php\/wp-json\/wp\/v2\/media?parent=40464"}],"wp:term":[{"taxonomy":"category","embeddable":true,"href":"https:\/\/jornaltimoneiro.com.br\/index.php\/wp-json\/wp\/v2\/categories?post=40464"},{"taxonomy":"post_tag","embeddable":true,"href":"https:\/\/jornaltimoneiro.com.br\/index.php\/wp-json\/wp\/v2\/tags?post=40464"}],"curies":[{"name":"wp","href":"https:\/\/api.w.org\/{rel}","templated":true}]}}