{"id":39791,"date":"2026-03-25T15:37:29","date_gmt":"2026-03-25T18:37:29","guid":{"rendered":"https:\/\/jornaltimoneiro.com.br\/?p=39791"},"modified":"2026-03-25T17:26:44","modified_gmt":"2026-03-25T20:26:44","slug":"associacao-pestalozzi-de-canoas-participa-de-evento-nacional-paradesportivo","status":"publish","type":"post","link":"https:\/\/jornaltimoneiro.com.br\/index.php\/2026\/03\/25\/associacao-pestalozzi-de-canoas-participa-de-evento-nacional-paradesportivo\/","title":{"rendered":"Associa\u00e7\u00e3o Pestalozzi de Canoas participa de evento nacional paradesportivo"},"content":{"rendered":"<p data-start=\"0\" data-end=\"369\">Est\u00e1 sendo realizado, entre os dias 23 e 26 de mar\u00e7o, em Aracaju (SE), o 2\u00ba Jogos Paradesportivos Nacionais do Movimento Pestalozziano, que re\u00fane mais de 700 participantes de 16 estados do pa\u00eds. O evento integra as comemora\u00e7\u00f5es do centen\u00e1rio do Movimento Pestalozziano no Brasil, voltado \u00e0 promo\u00e7\u00e3o dos direitos das pessoas com defici\u00eancia intelectual e m\u00faltipla.<\/p>\n<p data-start=\"371\" data-end=\"557\">A programa\u00e7\u00e3o incluiu modalidades adaptadas como t\u00eanis de mesa, futsal, nata\u00e7\u00e3o, atletismo e bocha, com a participa\u00e7\u00e3o de atletas vinculados a institui\u00e7\u00f5es de diferentes regi\u00f5es do pa\u00eds.<\/p>\n<p data-start=\"559\" data-end=\"919\">A Associa\u00e7\u00e3o Pestalozzi de Canoas participou da competi\u00e7\u00e3o com uma delega\u00e7\u00e3o formada por 21 integrantes, sendo 17 atletas e equipe t\u00e9cnica. A delega\u00e7\u00e3o contou com os profissionais Jefferson Porto e Marcelo Dalbosco, t\u00e9cnicos e profissionais de educa\u00e7\u00e3o f\u00edsica; Lilian Lenz, psic\u00f3loga; e Thiago Alegro, profissional de educa\u00e7\u00e3o f\u00edsica e coordenador da entidade.<\/p>\n<p data-start=\"921\" data-end=\"1088\">Tamb\u00e9m acompanharam a participa\u00e7\u00e3o a presidente da Associa\u00e7\u00e3o Pestalozzi de Canoas, Edna Aparecida Alegro, e Stevan Lopes Vieira, representante do Executivo municipal.<\/p>\n<p data-start=\"1090\" data-end=\"1269\" data-is-last-node=\"\" data-is-only-node=\"\">A participa\u00e7\u00e3o de Canoas integra o conjunto de delega\u00e7\u00f5es presentes no evento, que teve como objetivo incentivar a pr\u00e1tica esportiva e a inclus\u00e3o social por meio do paradesporto.<\/p>\n","protected":false},"excerpt":{"rendered":"<p>Est\u00e1 sendo realizado, entre os dias 23 e 26 de mar\u00e7o, em Aracaju (SE), o 2\u00ba Jogos Paradesportivos Nacionais do Movimento Pestalozziano, que re\u00fane mais de 700 participantes de 16 estados do pa\u00eds. O evento integra as comemora\u00e7\u00f5es do centen\u00e1rio do Movimento Pestalozziano no Brasil, voltado \u00e0 promo\u00e7\u00e3o dos direitos das pessoas com defici\u00eancia intelectual [&hellip;]<\/p>\n","protected":false},"author":2,"featured_media":39792,"comment_status":"open","ping_status":"open","sticky":false,"template":"","format":"standard","meta":{"amp_status":"","footnotes":""},"categories":[24],"tags":[5068,703,1364],"class_list":["post-39791","post","type-post","status-publish","format-standard","has-post-thumbnail","hentry","category-esporte","tag-associacao-pestalozzi-canoas","tag-inclusao","tag-paradesporto"],"yoast_head":"<!-- This site is optimized with the Yoast SEO plugin v20.5 - https:\/\/yoast.com\/wordpress\/plugins\/seo\/ -->\n<title>Associa\u00e7\u00e3o Pestalozzi de Canoas participa de evento nacional paradesportivo - O Timoneiro Jornal Canoas RS<\/title>\n<meta name=\"description\" content=\"Est\u00e1 sendo realizado, entre os dias 23 e 26 de mar\u00e7o, em Aracaju (SE), o 2\u00ba Jogos Paradesportivos Nacionais do Movimento Pestalozziano\" \/>\n<meta name=\"robots\" content=\"index, follow, max-snippet:-1, max-image-preview:large, max-video-preview:-1\" \/>\n<link rel=\"canonical\" href=\"https:\/\/jornaltimoneiro.com.br\/index.php\/2026\/03\/25\/associacao-pestalozzi-de-canoas-participa-de-evento-nacional-paradesportivo\/\" \/>\n<meta property=\"og:locale\" content=\"pt_BR\" \/>\n<meta property=\"og:type\" content=\"article\" \/>\n<meta property=\"og:title\" content=\"Associa\u00e7\u00e3o Pestalozzi de Canoas participa de evento nacional paradesportivo - O Timoneiro Jornal Canoas RS\" \/>\n<meta property=\"og:description\" content=\"Est\u00e1 sendo realizado, entre os dias 23 e 26 de mar\u00e7o, em Aracaju (SE), o 2\u00ba Jogos Paradesportivos Nacionais do Movimento Pestalozziano\" \/>\n<meta property=\"og:url\" content=\"https:\/\/jornaltimoneiro.com.br\/index.php\/2026\/03\/25\/associacao-pestalozzi-de-canoas-participa-de-evento-nacional-paradesportivo\/\" \/>\n<meta property=\"og:site_name\" content=\"O Timoneiro Jornal Canoas RS\" \/>\n<meta property=\"article:publisher\" content=\"https:\/\/www.facebook.com\/jornaltimoneiro\" \/>\n<meta property=\"article:published_time\" content=\"2026-03-25T18:37:29+00:00\" \/>\n<meta property=\"article:modified_time\" content=\"2026-03-25T20:26:44+00:00\" \/>\n<meta property=\"og:image\" content=\"https:\/\/jornaltimoneiro.com.br\/wp-content\/uploads\/2026\/03\/Associacao-Pestalozzi-de-Canoas-participa-de-evento-nacional-paradesportivo.jpg\" \/>\n\t<meta property=\"og:image:width\" content=\"1024\" \/>\n\t<meta property=\"og:image:height\" content=\"551\" \/>\n\t<meta property=\"og:image:type\" content=\"image\/jpeg\" \/>\n<meta name=\"author\" content=\"Reda\u00e7\u00e3o\" \/>\n<meta name=\"twitter:card\" content=\"summary_large_image\" \/>\n<meta name=\"twitter:creator\" content=\"@_OTimoneiro\" \/>\n<meta name=\"twitter:site\" content=\"@_OTimoneiro\" \/>\n<meta name=\"twitter:label1\" content=\"Escrito por\" \/>\n\t<meta name=\"twitter:data1\" content=\"Reda\u00e7\u00e3o\" \/>\n\t<meta name=\"twitter:label2\" content=\"Est. tempo de leitura\" \/>\n\t<meta name=\"twitter:data2\" content=\"2 minutos\" \/>\n<script type=\"application\/ld+json\" class=\"yoast-schema-graph\">{\"@context\":\"https:\/\/schema.org\",\"@graph\":[{\"@type\":\"Article\",\"@id\":\"https:\/\/jornaltimoneiro.com.br\/index.php\/2026\/03\/25\/associacao-pestalozzi-de-canoas-participa-de-evento-nacional-paradesportivo\/#article\",\"isPartOf\":{\"@id\":\"https:\/\/jornaltimoneiro.com.br\/index.php\/2026\/03\/25\/associacao-pestalozzi-de-canoas-participa-de-evento-nacional-paradesportivo\/\"},\"author\":{\"name\":\"Reda\u00e7\u00e3o\",\"@id\":\"https:\/\/jornaltimoneiro.com.br\/#\/schema\/person\/f63482f1a02b1a9592707865e509ab40\"},\"headline\":\"Associa\u00e7\u00e3o Pestalozzi de Canoas participa de evento nacional paradesportivo\",\"datePublished\":\"2026-03-25T18:37:29+00:00\",\"dateModified\":\"2026-03-25T20:26:44+00:00\",\"mainEntityOfPage\":{\"@id\":\"https:\/\/jornaltimoneiro.com.br\/index.php\/2026\/03\/25\/associacao-pestalozzi-de-canoas-participa-de-evento-nacional-paradesportivo\/\"},\"wordCount\":221,\"commentCount\":0,\"publisher\":{\"@id\":\"https:\/\/jornaltimoneiro.com.br\/#organization\"},\"keywords\":[\"associa\u00e7\u00e3o pestalozzi canoas\",\"inclus\u00e3o\",\"paradesporto\"],\"articleSection\":[\"Esporte\"],\"inLanguage\":\"pt-BR\",\"potentialAction\":[{\"@type\":\"CommentAction\",\"name\":\"Comment\",\"target\":[\"https:\/\/jornaltimoneiro.com.br\/index.php\/2026\/03\/25\/associacao-pestalozzi-de-canoas-participa-de-evento-nacional-paradesportivo\/#respond\"]}]},{\"@type\":\"WebPage\",\"@id\":\"https:\/\/jornaltimoneiro.com.br\/index.php\/2026\/03\/25\/associacao-pestalozzi-de-canoas-participa-de-evento-nacional-paradesportivo\/\",\"url\":\"https:\/\/jornaltimoneiro.com.br\/index.php\/2026\/03\/25\/associacao-pestalozzi-de-canoas-participa-de-evento-nacional-paradesportivo\/\",\"name\":\"Associa\u00e7\u00e3o Pestalozzi de Canoas participa de evento nacional paradesportivo - O Timoneiro Jornal Canoas RS\",\"isPartOf\":{\"@id\":\"https:\/\/jornaltimoneiro.com.br\/#website\"},\"datePublished\":\"2026-03-25T18:37:29+00:00\",\"dateModified\":\"2026-03-25T20:26:44+00:00\",\"description\":\"Est\u00e1 sendo realizado, entre os dias 23 e 26 de mar\u00e7o, em Aracaju (SE), o 2\u00ba Jogos Paradesportivos Nacionais do Movimento Pestalozziano\",\"breadcrumb\":{\"@id\":\"https:\/\/jornaltimoneiro.com.br\/index.php\/2026\/03\/25\/associacao-pestalozzi-de-canoas-participa-de-evento-nacional-paradesportivo\/#breadcrumb\"},\"inLanguage\":\"pt-BR\",\"potentialAction\":[{\"@type\":\"ReadAction\",\"target\":[\"https:\/\/jornaltimoneiro.com.br\/index.php\/2026\/03\/25\/associacao-pestalozzi-de-canoas-participa-de-evento-nacional-paradesportivo\/\"]}]},{\"@type\":\"BreadcrumbList\",\"@id\":\"https:\/\/jornaltimoneiro.com.br\/index.php\/2026\/03\/25\/associacao-pestalozzi-de-canoas-participa-de-evento-nacional-paradesportivo\/#breadcrumb\",\"itemListElement\":[{\"@type\":\"ListItem\",\"position\":1,\"name\":\"In\u00edcio\",\"item\":\"https:\/\/jornaltimoneiro.com.br\/\"},{\"@type\":\"ListItem\",\"position\":2,\"name\":\"Associa\u00e7\u00e3o Pestalozzi de Canoas participa de evento nacional paradesportivo\"}]},{\"@type\":\"WebSite\",\"@id\":\"https:\/\/jornaltimoneiro.com.br\/#website\",\"url\":\"https:\/\/jornaltimoneiro.com.br\/\",\"name\":\"Jornal Timoneiro Canoas RS\",\"description\":\"Jornal O Timoneiro, o verdadeiro jornal de Canoas\",\"publisher\":{\"@id\":\"https:\/\/jornaltimoneiro.com.br\/#organization\"},\"potentialAction\":[{\"@type\":\"SearchAction\",\"target\":{\"@type\":\"EntryPoint\",\"urlTemplate\":\"https:\/\/jornaltimoneiro.com.br\/?s={search_term_string}\"},\"query-input\":\"required name=search_term_string\"}],\"inLanguage\":\"pt-BR\"},{\"@type\":\"Organization\",\"@id\":\"https:\/\/jornaltimoneiro.com.br\/#organization\",\"name\":\"Jornal Timoneiro Canoas RS\",\"url\":\"https:\/\/jornaltimoneiro.com.br\/\",\"logo\":{\"@type\":\"ImageObject\",\"inLanguage\":\"pt-BR\",\"@id\":\"https:\/\/jornaltimoneiro.com.br\/#\/schema\/logo\/image\/\",\"url\":\"https:\/\/jornaltimoneiro.com.br\/wp-content\/uploads\/2023\/03\/logonovo.png\",\"contentUrl\":\"https:\/\/jornaltimoneiro.com.br\/wp-content\/uploads\/2023\/03\/logonovo.png\",\"width\":\"469\",\"height\":\"171\",\"caption\":\"Jornal Timoneiro Canoas RS\"},\"image\":{\"@id\":\"https:\/\/jornaltimoneiro.com.br\/#\/schema\/logo\/image\/\"},\"sameAs\":[\"https:\/\/www.facebook.com\/jornaltimoneiro\",\"https:\/\/twitter.com\/_OTimoneiro\",\"https:\/\/www.instagram.com\/jornaltimoneirocanoas\/\",\"https:\/\/www.youtube.com\/@jornalotimoneiro7927\"]},{\"@type\":\"Person\",\"@id\":\"https:\/\/jornaltimoneiro.com.br\/#\/schema\/person\/f63482f1a02b1a9592707865e509ab40\",\"name\":\"Reda\u00e7\u00e3o\",\"image\":{\"@type\":\"ImageObject\",\"inLanguage\":\"pt-BR\",\"@id\":\"https:\/\/jornaltimoneiro.com.br\/#\/schema\/person\/image\/\",\"url\":\"https:\/\/jornaltimoneiro.com.br\/wp-content\/uploads\/2023\/03\/download.jpeg\",\"contentUrl\":\"https:\/\/jornaltimoneiro.com.br\/wp-content\/uploads\/2023\/03\/download.jpeg\",\"caption\":\"Reda\u00e7\u00e3o\"},\"url\":\"https:\/\/jornaltimoneiro.com.br\/index.php\/author\/simone-dutra\/\"}]}<\/script>\n<!-- \/ Yoast SEO plugin. -->","yoast_head_json":{"title":"Associa\u00e7\u00e3o Pestalozzi de Canoas participa de evento nacional paradesportivo - O Timoneiro Jornal Canoas RS","description":"Est\u00e1 sendo realizado, entre os dias 23 e 26 de mar\u00e7o, em Aracaju (SE), o 2\u00ba Jogos Paradesportivos Nacionais do Movimento Pestalozziano","robots":{"index":"index","follow":"follow","max-snippet":"max-snippet:-1","max-image-preview":"max-image-preview:large","max-video-preview":"max-video-preview:-1"},"canonical":"https:\/\/jornaltimoneiro.com.br\/index.php\/2026\/03\/25\/associacao-pestalozzi-de-canoas-participa-de-evento-nacional-paradesportivo\/","og_locale":"pt_BR","og_type":"article","og_title":"Associa\u00e7\u00e3o Pestalozzi de Canoas participa de evento nacional paradesportivo - O Timoneiro Jornal Canoas RS","og_description":"Est\u00e1 sendo realizado, entre os dias 23 e 26 de mar\u00e7o, em Aracaju (SE), o 2\u00ba Jogos Paradesportivos Nacionais do Movimento Pestalozziano","og_url":"https:\/\/jornaltimoneiro.com.br\/index.php\/2026\/03\/25\/associacao-pestalozzi-de-canoas-participa-de-evento-nacional-paradesportivo\/","og_site_name":"O Timoneiro Jornal Canoas RS","article_publisher":"https:\/\/www.facebook.com\/jornaltimoneiro","article_published_time":"2026-03-25T18:37:29+00:00","article_modified_time":"2026-03-25T20:26:44+00:00","og_image":[{"width":"1024","height":"551","url":"https:\/\/jornaltimoneiro.com.br\/wp-content\/uploads\/2026\/03\/Associacao-Pestalozzi-de-Canoas-participa-de-evento-nacional-paradesportivo.jpg","type":"image\/jpeg"}],"author":"Reda\u00e7\u00e3o","twitter_card":"summary_large_image","twitter_creator":"@_OTimoneiro","twitter_site":"@_OTimoneiro","twitter_misc":{"Escrito por":"Reda\u00e7\u00e3o","Est. tempo de leitura":"2 minutos"},"schema":{"@context":"https:\/\/schema.org","@graph":[{"@type":"Article","@id":"https:\/\/jornaltimoneiro.com.br\/index.php\/2026\/03\/25\/associacao-pestalozzi-de-canoas-participa-de-evento-nacional-paradesportivo\/#article","isPartOf":{"@id":"https:\/\/jornaltimoneiro.com.br\/index.php\/2026\/03\/25\/associacao-pestalozzi-de-canoas-participa-de-evento-nacional-paradesportivo\/"},"author":{"name":"Reda\u00e7\u00e3o","@id":"https:\/\/jornaltimoneiro.com.br\/#\/schema\/person\/f63482f1a02b1a9592707865e509ab40"},"headline":"Associa\u00e7\u00e3o Pestalozzi de Canoas participa de evento nacional paradesportivo","datePublished":"2026-03-25T18:37:29+00:00","dateModified":"2026-03-25T20:26:44+00:00","mainEntityOfPage":{"@id":"https:\/\/jornaltimoneiro.com.br\/index.php\/2026\/03\/25\/associacao-pestalozzi-de-canoas-participa-de-evento-nacional-paradesportivo\/"},"wordCount":221,"commentCount":0,"publisher":{"@id":"https:\/\/jornaltimoneiro.com.br\/#organization"},"keywords":["associa\u00e7\u00e3o pestalozzi canoas","inclus\u00e3o","paradesporto"],"articleSection":["Esporte"],"inLanguage":"pt-BR","potentialAction":[{"@type":"CommentAction","name":"Comment","target":["https:\/\/jornaltimoneiro.com.br\/index.php\/2026\/03\/25\/associacao-pestalozzi-de-canoas-participa-de-evento-nacional-paradesportivo\/#respond"]}]},{"@type":"WebPage","@id":"https:\/\/jornaltimoneiro.com.br\/index.php\/2026\/03\/25\/associacao-pestalozzi-de-canoas-participa-de-evento-nacional-paradesportivo\/","url":"https:\/\/jornaltimoneiro.com.br\/index.php\/2026\/03\/25\/associacao-pestalozzi-de-canoas-participa-de-evento-nacional-paradesportivo\/","name":"Associa\u00e7\u00e3o Pestalozzi de Canoas participa de evento nacional paradesportivo - O Timoneiro Jornal Canoas RS","isPartOf":{"@id":"https:\/\/jornaltimoneiro.com.br\/#website"},"datePublished":"2026-03-25T18:37:29+00:00","dateModified":"2026-03-25T20:26:44+00:00","description":"Est\u00e1 sendo realizado, entre os dias 23 e 26 de mar\u00e7o, em Aracaju (SE), o 2\u00ba Jogos Paradesportivos Nacionais do Movimento Pestalozziano","breadcrumb":{"@id":"https:\/\/jornaltimoneiro.com.br\/index.php\/2026\/03\/25\/associacao-pestalozzi-de-canoas-participa-de-evento-nacional-paradesportivo\/#breadcrumb"},"inLanguage":"pt-BR","potentialAction":[{"@type":"ReadAction","target":["https:\/\/jornaltimoneiro.com.br\/index.php\/2026\/03\/25\/associacao-pestalozzi-de-canoas-participa-de-evento-nacional-paradesportivo\/"]}]},{"@type":"BreadcrumbList","@id":"https:\/\/jornaltimoneiro.com.br\/index.php\/2026\/03\/25\/associacao-pestalozzi-de-canoas-participa-de-evento-nacional-paradesportivo\/#breadcrumb","itemListElement":[{"@type":"ListItem","position":1,"name":"In\u00edcio","item":"https:\/\/jornaltimoneiro.com.br\/"},{"@type":"ListItem","position":2,"name":"Associa\u00e7\u00e3o Pestalozzi de Canoas participa de evento nacional paradesportivo"}]},{"@type":"WebSite","@id":"https:\/\/jornaltimoneiro.com.br\/#website","url":"https:\/\/jornaltimoneiro.com.br\/","name":"Jornal Timoneiro Canoas RS","description":"Jornal O Timoneiro, o verdadeiro jornal de Canoas","publisher":{"@id":"https:\/\/jornaltimoneiro.com.br\/#organization"},"potentialAction":[{"@type":"SearchAction","target":{"@type":"EntryPoint","urlTemplate":"https:\/\/jornaltimoneiro.com.br\/?s={search_term_string}"},"query-input":"required name=search_term_string"}],"inLanguage":"pt-BR"},{"@type":"Organization","@id":"https:\/\/jornaltimoneiro.com.br\/#organization","name":"Jornal Timoneiro Canoas RS","url":"https:\/\/jornaltimoneiro.com.br\/","logo":{"@type":"ImageObject","inLanguage":"pt-BR","@id":"https:\/\/jornaltimoneiro.com.br\/#\/schema\/logo\/image\/","url":"https:\/\/jornaltimoneiro.com.br\/wp-content\/uploads\/2023\/03\/logonovo.png","contentUrl":"https:\/\/jornaltimoneiro.com.br\/wp-content\/uploads\/2023\/03\/logonovo.png","width":"469","height":"171","caption":"Jornal Timoneiro Canoas RS"},"image":{"@id":"https:\/\/jornaltimoneiro.com.br\/#\/schema\/logo\/image\/"},"sameAs":["https:\/\/www.facebook.com\/jornaltimoneiro","https:\/\/twitter.com\/_OTimoneiro","https:\/\/www.instagram.com\/jornaltimoneirocanoas\/","https:\/\/www.youtube.com\/@jornalotimoneiro7927"]},{"@type":"Person","@id":"https:\/\/jornaltimoneiro.com.br\/#\/schema\/person\/f63482f1a02b1a9592707865e509ab40","name":"Reda\u00e7\u00e3o","image":{"@type":"ImageObject","inLanguage":"pt-BR","@id":"https:\/\/jornaltimoneiro.com.br\/#\/schema\/person\/image\/","url":"https:\/\/jornaltimoneiro.com.br\/wp-content\/uploads\/2023\/03\/download.jpeg","contentUrl":"https:\/\/jornaltimoneiro.com.br\/wp-content\/uploads\/2023\/03\/download.jpeg","caption":"Reda\u00e7\u00e3o"},"url":"https:\/\/jornaltimoneiro.com.br\/index.php\/author\/simone-dutra\/"}]}},"_links":{"self":[{"href":"https:\/\/jornaltimoneiro.com.br\/index.php\/wp-json\/wp\/v2\/posts\/39791"}],"collection":[{"href":"https:\/\/jornaltimoneiro.com.br\/index.php\/wp-json\/wp\/v2\/posts"}],"about":[{"href":"https:\/\/jornaltimoneiro.com.br\/index.php\/wp-json\/wp\/v2\/types\/post"}],"author":[{"embeddable":true,"href":"https:\/\/jornaltimoneiro.com.br\/index.php\/wp-json\/wp\/v2\/users\/2"}],"replies":[{"embeddable":true,"href":"https:\/\/jornaltimoneiro.com.br\/index.php\/wp-json\/wp\/v2\/comments?post=39791"}],"version-history":[{"count":2,"href":"https:\/\/jornaltimoneiro.com.br\/index.php\/wp-json\/wp\/v2\/posts\/39791\/revisions"}],"predecessor-version":[{"id":39794,"href":"https:\/\/jornaltimoneiro.com.br\/index.php\/wp-json\/wp\/v2\/posts\/39791\/revisions\/39794"}],"wp:featuredmedia":[{"embeddable":true,"href":"https:\/\/jornaltimoneiro.com.br\/index.php\/wp-json\/wp\/v2\/media\/39792"}],"wp:attachment":[{"href":"https:\/\/jornaltimoneiro.com.br\/index.php\/wp-json\/wp\/v2\/media?parent=39791"}],"wp:term":[{"taxonomy":"category","embeddable":true,"href":"https:\/\/jornaltimoneiro.com.br\/index.php\/wp-json\/wp\/v2\/categories?post=39791"},{"taxonomy":"post_tag","embeddable":true,"href":"https:\/\/jornaltimoneiro.com.br\/index.php\/wp-json\/wp\/v2\/tags?post=39791"}],"curies":[{"name":"wp","href":"https:\/\/api.w.org\/{rel}","templated":true}]}}