{"id":39617,"date":"2026-03-17T16:50:59","date_gmt":"2026-03-17T19:50:59","guid":{"rendered":"https:\/\/jornaltimoneiro.com.br\/?p=39617"},"modified":"2026-03-17T17:04:44","modified_gmt":"2026-03-17T20:04:44","slug":"caravana-de-empregos-guajuviras-canoas-18-marco","status":"publish","type":"post","link":"https:\/\/jornaltimoneiro.com.br\/index.php\/2026\/03\/17\/caravana-de-empregos-guajuviras-canoas-18-marco\/","title":{"rendered":"Caravana de Empregos acontece nesta quarta-feira, 18, no Guajuviras"},"content":{"rendered":"<p>Caravana de empregos acontece, nesta quarta-feira, 18, no bairro Guajuviras, em Canoas. A a\u00e7\u00e3o ser\u00e1 realizada das 9h \u00e0s 12h, na Subprefeitura do Guajuviras, localizada na Avenida Boqueir\u00e3o, 3166.<\/p>\n<p>Durante o evento, ser\u00e3o disponibilizadas vagas de trabalho e realizadas entrevistas com candidatos no pr\u00f3prio local.<\/p>\n<p>Al\u00e9m da intermedia\u00e7\u00e3o de empregos, tamb\u00e9m haver\u00e1 confec\u00e7\u00e3o de curr\u00edculos para os participantes.<\/p>\n<p>A orienta\u00e7\u00e3o \u00e9 que os interessados levem curr\u00edculo impresso e estejam preparados para participar de entrevistas.<\/p>\n","protected":false},"excerpt":{"rendered":"<p>Caravana de empregos acontece, nesta quarta-feira, 18, no bairro Guajuviras, em Canoas. A a\u00e7\u00e3o ser\u00e1 realizada das 9h \u00e0s 12h, na Subprefeitura do Guajuviras, localizada na Avenida Boqueir\u00e3o, 3166. Durante o evento, ser\u00e3o disponibilizadas vagas de trabalho e realizadas entrevistas com candidatos no pr\u00f3prio local. Al\u00e9m da intermedia\u00e7\u00e3o de empregos, tamb\u00e9m haver\u00e1 confec\u00e7\u00e3o de curr\u00edculos [&hellip;]<\/p>\n","protected":false},"author":2,"featured_media":39618,"comment_status":"open","ping_status":"open","sticky":false,"template":"","format":"standard","meta":{"amp_status":"","footnotes":""},"categories":[2866],"tags":[31,4080,82,190,612],"class_list":["post-39617","post","type-post","status-publish","format-standard","has-post-thumbnail","hentry","category-canoas","tag-canoas","tag-caravana-de-empregos","tag-emprego","tag-featured","tag-oportunidade"],"yoast_head":"<!-- This site is optimized with the Yoast SEO plugin v20.5 - https:\/\/yoast.com\/wordpress\/plugins\/seo\/ -->\n<title>Caravana de Empregos acontece nesta quarta-feira, 18, no Guajuviras - O Timoneiro Jornal Canoas RS<\/title>\n<meta name=\"description\" content=\"Caravana de empregos acontece nesta quarta-feira (18) no bairro Guajuviras, em Canoas, com oferta de vagas e entrevistas no local.\" \/>\n<meta name=\"robots\" content=\"index, follow, max-snippet:-1, max-image-preview:large, max-video-preview:-1\" \/>\n<link rel=\"canonical\" href=\"https:\/\/jornaltimoneiro.com.br\/index.php\/2026\/03\/17\/caravana-de-empregos-guajuviras-canoas-18-marco\/\" \/>\n<meta property=\"og:locale\" content=\"pt_BR\" \/>\n<meta property=\"og:type\" content=\"article\" \/>\n<meta property=\"og:title\" content=\"Caravana de Empregos acontece nesta quarta-feira, 18, no Guajuviras - O Timoneiro Jornal Canoas RS\" \/>\n<meta property=\"og:description\" content=\"Caravana de empregos acontece nesta quarta-feira (18) no bairro Guajuviras, em Canoas, com oferta de vagas e entrevistas no local.\" \/>\n<meta property=\"og:url\" content=\"https:\/\/jornaltimoneiro.com.br\/index.php\/2026\/03\/17\/caravana-de-empregos-guajuviras-canoas-18-marco\/\" \/>\n<meta property=\"og:site_name\" content=\"O Timoneiro Jornal Canoas RS\" \/>\n<meta property=\"article:publisher\" content=\"https:\/\/www.facebook.com\/jornaltimoneiro\" \/>\n<meta property=\"article:published_time\" content=\"2026-03-17T19:50:59+00:00\" \/>\n<meta property=\"article:modified_time\" content=\"2026-03-17T20:04:44+00:00\" \/>\n<meta property=\"og:image\" content=\"https:\/\/jornaltimoneiro.com.br\/wp-content\/uploads\/2026\/03\/08-05-25-CARAVANA-DE-EMPREGOS-UNIRITTER-21.jpg.jpeg\" \/>\n\t<meta property=\"og:image:width\" content=\"2048\" \/>\n\t<meta property=\"og:image:height\" content=\"1359\" \/>\n\t<meta property=\"og:image:type\" content=\"image\/jpeg\" \/>\n<meta name=\"author\" content=\"Reda\u00e7\u00e3o\" \/>\n<meta name=\"twitter:card\" content=\"summary_large_image\" \/>\n<meta name=\"twitter:creator\" content=\"@_OTimoneiro\" \/>\n<meta name=\"twitter:site\" content=\"@_OTimoneiro\" \/>\n<meta name=\"twitter:label1\" content=\"Escrito por\" \/>\n\t<meta name=\"twitter:data1\" content=\"Reda\u00e7\u00e3o\" \/>\n\t<meta name=\"twitter:label2\" content=\"Est. tempo de leitura\" \/>\n\t<meta name=\"twitter:data2\" content=\"1 minuto\" \/>\n<script type=\"application\/ld+json\" class=\"yoast-schema-graph\">{\"@context\":\"https:\/\/schema.org\",\"@graph\":[{\"@type\":\"Article\",\"@id\":\"https:\/\/jornaltimoneiro.com.br\/index.php\/2026\/03\/17\/caravana-de-empregos-guajuviras-canoas-18-marco\/#article\",\"isPartOf\":{\"@id\":\"https:\/\/jornaltimoneiro.com.br\/index.php\/2026\/03\/17\/caravana-de-empregos-guajuviras-canoas-18-marco\/\"},\"author\":{\"name\":\"Reda\u00e7\u00e3o\",\"@id\":\"https:\/\/jornaltimoneiro.com.br\/#\/schema\/person\/f63482f1a02b1a9592707865e509ab40\"},\"headline\":\"Caravana de Empregos acontece nesta quarta-feira, 18, no Guajuviras\",\"datePublished\":\"2026-03-17T19:50:59+00:00\",\"dateModified\":\"2026-03-17T20:04:44+00:00\",\"mainEntityOfPage\":{\"@id\":\"https:\/\/jornaltimoneiro.com.br\/index.php\/2026\/03\/17\/caravana-de-empregos-guajuviras-canoas-18-marco\/\"},\"wordCount\":90,\"commentCount\":0,\"publisher\":{\"@id\":\"https:\/\/jornaltimoneiro.com.br\/#organization\"},\"keywords\":[\"canoas\",\"caravana de empregos\",\"emprego\",\"featured\",\"oportunidade\"],\"articleSection\":[\"Canoas\"],\"inLanguage\":\"pt-BR\",\"potentialAction\":[{\"@type\":\"CommentAction\",\"name\":\"Comment\",\"target\":[\"https:\/\/jornaltimoneiro.com.br\/index.php\/2026\/03\/17\/caravana-de-empregos-guajuviras-canoas-18-marco\/#respond\"]}]},{\"@type\":\"WebPage\",\"@id\":\"https:\/\/jornaltimoneiro.com.br\/index.php\/2026\/03\/17\/caravana-de-empregos-guajuviras-canoas-18-marco\/\",\"url\":\"https:\/\/jornaltimoneiro.com.br\/index.php\/2026\/03\/17\/caravana-de-empregos-guajuviras-canoas-18-marco\/\",\"name\":\"Caravana de Empregos acontece nesta quarta-feira, 18, no Guajuviras - O Timoneiro Jornal Canoas RS\",\"isPartOf\":{\"@id\":\"https:\/\/jornaltimoneiro.com.br\/#website\"},\"datePublished\":\"2026-03-17T19:50:59+00:00\",\"dateModified\":\"2026-03-17T20:04:44+00:00\",\"description\":\"Caravana de empregos acontece nesta quarta-feira (18) no bairro Guajuviras, em Canoas, com oferta de vagas e entrevistas no local.\",\"breadcrumb\":{\"@id\":\"https:\/\/jornaltimoneiro.com.br\/index.php\/2026\/03\/17\/caravana-de-empregos-guajuviras-canoas-18-marco\/#breadcrumb\"},\"inLanguage\":\"pt-BR\",\"potentialAction\":[{\"@type\":\"ReadAction\",\"target\":[\"https:\/\/jornaltimoneiro.com.br\/index.php\/2026\/03\/17\/caravana-de-empregos-guajuviras-canoas-18-marco\/\"]}]},{\"@type\":\"BreadcrumbList\",\"@id\":\"https:\/\/jornaltimoneiro.com.br\/index.php\/2026\/03\/17\/caravana-de-empregos-guajuviras-canoas-18-marco\/#breadcrumb\",\"itemListElement\":[{\"@type\":\"ListItem\",\"position\":1,\"name\":\"In\u00edcio\",\"item\":\"https:\/\/jornaltimoneiro.com.br\/\"},{\"@type\":\"ListItem\",\"position\":2,\"name\":\"Caravana de Empregos acontece nesta quarta-feira, 18, no Guajuviras\"}]},{\"@type\":\"WebSite\",\"@id\":\"https:\/\/jornaltimoneiro.com.br\/#website\",\"url\":\"https:\/\/jornaltimoneiro.com.br\/\",\"name\":\"Jornal Timoneiro Canoas RS\",\"description\":\"Jornal O Timoneiro, o verdadeiro jornal de Canoas\",\"publisher\":{\"@id\":\"https:\/\/jornaltimoneiro.com.br\/#organization\"},\"potentialAction\":[{\"@type\":\"SearchAction\",\"target\":{\"@type\":\"EntryPoint\",\"urlTemplate\":\"https:\/\/jornaltimoneiro.com.br\/?s={search_term_string}\"},\"query-input\":\"required name=search_term_string\"}],\"inLanguage\":\"pt-BR\"},{\"@type\":\"Organization\",\"@id\":\"https:\/\/jornaltimoneiro.com.br\/#organization\",\"name\":\"Jornal Timoneiro Canoas RS\",\"url\":\"https:\/\/jornaltimoneiro.com.br\/\",\"logo\":{\"@type\":\"ImageObject\",\"inLanguage\":\"pt-BR\",\"@id\":\"https:\/\/jornaltimoneiro.com.br\/#\/schema\/logo\/image\/\",\"url\":\"https:\/\/jornaltimoneiro.com.br\/wp-content\/uploads\/2023\/03\/logonovo.png\",\"contentUrl\":\"https:\/\/jornaltimoneiro.com.br\/wp-content\/uploads\/2023\/03\/logonovo.png\",\"width\":\"469\",\"height\":\"171\",\"caption\":\"Jornal Timoneiro Canoas RS\"},\"image\":{\"@id\":\"https:\/\/jornaltimoneiro.com.br\/#\/schema\/logo\/image\/\"},\"sameAs\":[\"https:\/\/www.facebook.com\/jornaltimoneiro\",\"https:\/\/twitter.com\/_OTimoneiro\",\"https:\/\/www.instagram.com\/jornaltimoneirocanoas\/\",\"https:\/\/www.youtube.com\/@jornalotimoneiro7927\"]},{\"@type\":\"Person\",\"@id\":\"https:\/\/jornaltimoneiro.com.br\/#\/schema\/person\/f63482f1a02b1a9592707865e509ab40\",\"name\":\"Reda\u00e7\u00e3o\",\"image\":{\"@type\":\"ImageObject\",\"inLanguage\":\"pt-BR\",\"@id\":\"https:\/\/jornaltimoneiro.com.br\/#\/schema\/person\/image\/\",\"url\":\"https:\/\/jornaltimoneiro.com.br\/wp-content\/uploads\/2023\/03\/download.jpeg\",\"contentUrl\":\"https:\/\/jornaltimoneiro.com.br\/wp-content\/uploads\/2023\/03\/download.jpeg\",\"caption\":\"Reda\u00e7\u00e3o\"},\"url\":\"https:\/\/jornaltimoneiro.com.br\/index.php\/author\/simone-dutra\/\"}]}<\/script>\n<!-- \/ Yoast SEO plugin. -->","yoast_head_json":{"title":"Caravana de Empregos acontece nesta quarta-feira, 18, no Guajuviras - O Timoneiro Jornal Canoas RS","description":"Caravana de empregos acontece nesta quarta-feira (18) no bairro Guajuviras, em Canoas, com oferta de vagas e entrevistas no local.","robots":{"index":"index","follow":"follow","max-snippet":"max-snippet:-1","max-image-preview":"max-image-preview:large","max-video-preview":"max-video-preview:-1"},"canonical":"https:\/\/jornaltimoneiro.com.br\/index.php\/2026\/03\/17\/caravana-de-empregos-guajuviras-canoas-18-marco\/","og_locale":"pt_BR","og_type":"article","og_title":"Caravana de Empregos acontece nesta quarta-feira, 18, no Guajuviras - O Timoneiro Jornal Canoas RS","og_description":"Caravana de empregos acontece nesta quarta-feira (18) no bairro Guajuviras, em Canoas, com oferta de vagas e entrevistas no local.","og_url":"https:\/\/jornaltimoneiro.com.br\/index.php\/2026\/03\/17\/caravana-de-empregos-guajuviras-canoas-18-marco\/","og_site_name":"O Timoneiro Jornal Canoas RS","article_publisher":"https:\/\/www.facebook.com\/jornaltimoneiro","article_published_time":"2026-03-17T19:50:59+00:00","article_modified_time":"2026-03-17T20:04:44+00:00","og_image":[{"width":"2048","height":"1359","url":"https:\/\/jornaltimoneiro.com.br\/wp-content\/uploads\/2026\/03\/08-05-25-CARAVANA-DE-EMPREGOS-UNIRITTER-21.jpg.jpeg","type":"image\/jpeg"}],"author":"Reda\u00e7\u00e3o","twitter_card":"summary_large_image","twitter_creator":"@_OTimoneiro","twitter_site":"@_OTimoneiro","twitter_misc":{"Escrito por":"Reda\u00e7\u00e3o","Est. tempo de leitura":"1 minuto"},"schema":{"@context":"https:\/\/schema.org","@graph":[{"@type":"Article","@id":"https:\/\/jornaltimoneiro.com.br\/index.php\/2026\/03\/17\/caravana-de-empregos-guajuviras-canoas-18-marco\/#article","isPartOf":{"@id":"https:\/\/jornaltimoneiro.com.br\/index.php\/2026\/03\/17\/caravana-de-empregos-guajuviras-canoas-18-marco\/"},"author":{"name":"Reda\u00e7\u00e3o","@id":"https:\/\/jornaltimoneiro.com.br\/#\/schema\/person\/f63482f1a02b1a9592707865e509ab40"},"headline":"Caravana de Empregos acontece nesta quarta-feira, 18, no Guajuviras","datePublished":"2026-03-17T19:50:59+00:00","dateModified":"2026-03-17T20:04:44+00:00","mainEntityOfPage":{"@id":"https:\/\/jornaltimoneiro.com.br\/index.php\/2026\/03\/17\/caravana-de-empregos-guajuviras-canoas-18-marco\/"},"wordCount":90,"commentCount":0,"publisher":{"@id":"https:\/\/jornaltimoneiro.com.br\/#organization"},"keywords":["canoas","caravana de empregos","emprego","featured","oportunidade"],"articleSection":["Canoas"],"inLanguage":"pt-BR","potentialAction":[{"@type":"CommentAction","name":"Comment","target":["https:\/\/jornaltimoneiro.com.br\/index.php\/2026\/03\/17\/caravana-de-empregos-guajuviras-canoas-18-marco\/#respond"]}]},{"@type":"WebPage","@id":"https:\/\/jornaltimoneiro.com.br\/index.php\/2026\/03\/17\/caravana-de-empregos-guajuviras-canoas-18-marco\/","url":"https:\/\/jornaltimoneiro.com.br\/index.php\/2026\/03\/17\/caravana-de-empregos-guajuviras-canoas-18-marco\/","name":"Caravana de Empregos acontece nesta quarta-feira, 18, no Guajuviras - O Timoneiro Jornal Canoas RS","isPartOf":{"@id":"https:\/\/jornaltimoneiro.com.br\/#website"},"datePublished":"2026-03-17T19:50:59+00:00","dateModified":"2026-03-17T20:04:44+00:00","description":"Caravana de empregos acontece nesta quarta-feira (18) no bairro Guajuviras, em Canoas, com oferta de vagas e entrevistas no local.","breadcrumb":{"@id":"https:\/\/jornaltimoneiro.com.br\/index.php\/2026\/03\/17\/caravana-de-empregos-guajuviras-canoas-18-marco\/#breadcrumb"},"inLanguage":"pt-BR","potentialAction":[{"@type":"ReadAction","target":["https:\/\/jornaltimoneiro.com.br\/index.php\/2026\/03\/17\/caravana-de-empregos-guajuviras-canoas-18-marco\/"]}]},{"@type":"BreadcrumbList","@id":"https:\/\/jornaltimoneiro.com.br\/index.php\/2026\/03\/17\/caravana-de-empregos-guajuviras-canoas-18-marco\/#breadcrumb","itemListElement":[{"@type":"ListItem","position":1,"name":"In\u00edcio","item":"https:\/\/jornaltimoneiro.com.br\/"},{"@type":"ListItem","position":2,"name":"Caravana de Empregos acontece nesta quarta-feira, 18, no Guajuviras"}]},{"@type":"WebSite","@id":"https:\/\/jornaltimoneiro.com.br\/#website","url":"https:\/\/jornaltimoneiro.com.br\/","name":"Jornal Timoneiro Canoas RS","description":"Jornal O Timoneiro, o verdadeiro jornal de Canoas","publisher":{"@id":"https:\/\/jornaltimoneiro.com.br\/#organization"},"potentialAction":[{"@type":"SearchAction","target":{"@type":"EntryPoint","urlTemplate":"https:\/\/jornaltimoneiro.com.br\/?s={search_term_string}"},"query-input":"required name=search_term_string"}],"inLanguage":"pt-BR"},{"@type":"Organization","@id":"https:\/\/jornaltimoneiro.com.br\/#organization","name":"Jornal Timoneiro Canoas RS","url":"https:\/\/jornaltimoneiro.com.br\/","logo":{"@type":"ImageObject","inLanguage":"pt-BR","@id":"https:\/\/jornaltimoneiro.com.br\/#\/schema\/logo\/image\/","url":"https:\/\/jornaltimoneiro.com.br\/wp-content\/uploads\/2023\/03\/logonovo.png","contentUrl":"https:\/\/jornaltimoneiro.com.br\/wp-content\/uploads\/2023\/03\/logonovo.png","width":"469","height":"171","caption":"Jornal Timoneiro Canoas RS"},"image":{"@id":"https:\/\/jornaltimoneiro.com.br\/#\/schema\/logo\/image\/"},"sameAs":["https:\/\/www.facebook.com\/jornaltimoneiro","https:\/\/twitter.com\/_OTimoneiro","https:\/\/www.instagram.com\/jornaltimoneirocanoas\/","https:\/\/www.youtube.com\/@jornalotimoneiro7927"]},{"@type":"Person","@id":"https:\/\/jornaltimoneiro.com.br\/#\/schema\/person\/f63482f1a02b1a9592707865e509ab40","name":"Reda\u00e7\u00e3o","image":{"@type":"ImageObject","inLanguage":"pt-BR","@id":"https:\/\/jornaltimoneiro.com.br\/#\/schema\/person\/image\/","url":"https:\/\/jornaltimoneiro.com.br\/wp-content\/uploads\/2023\/03\/download.jpeg","contentUrl":"https:\/\/jornaltimoneiro.com.br\/wp-content\/uploads\/2023\/03\/download.jpeg","caption":"Reda\u00e7\u00e3o"},"url":"https:\/\/jornaltimoneiro.com.br\/index.php\/author\/simone-dutra\/"}]}},"_links":{"self":[{"href":"https:\/\/jornaltimoneiro.com.br\/index.php\/wp-json\/wp\/v2\/posts\/39617"}],"collection":[{"href":"https:\/\/jornaltimoneiro.com.br\/index.php\/wp-json\/wp\/v2\/posts"}],"about":[{"href":"https:\/\/jornaltimoneiro.com.br\/index.php\/wp-json\/wp\/v2\/types\/post"}],"author":[{"embeddable":true,"href":"https:\/\/jornaltimoneiro.com.br\/index.php\/wp-json\/wp\/v2\/users\/2"}],"replies":[{"embeddable":true,"href":"https:\/\/jornaltimoneiro.com.br\/index.php\/wp-json\/wp\/v2\/comments?post=39617"}],"version-history":[{"count":3,"href":"https:\/\/jornaltimoneiro.com.br\/index.php\/wp-json\/wp\/v2\/posts\/39617\/revisions"}],"predecessor-version":[{"id":39621,"href":"https:\/\/jornaltimoneiro.com.br\/index.php\/wp-json\/wp\/v2\/posts\/39617\/revisions\/39621"}],"wp:featuredmedia":[{"embeddable":true,"href":"https:\/\/jornaltimoneiro.com.br\/index.php\/wp-json\/wp\/v2\/media\/39618"}],"wp:attachment":[{"href":"https:\/\/jornaltimoneiro.com.br\/index.php\/wp-json\/wp\/v2\/media?parent=39617"}],"wp:term":[{"taxonomy":"category","embeddable":true,"href":"https:\/\/jornaltimoneiro.com.br\/index.php\/wp-json\/wp\/v2\/categories?post=39617"},{"taxonomy":"post_tag","embeddable":true,"href":"https:\/\/jornaltimoneiro.com.br\/index.php\/wp-json\/wp\/v2\/tags?post=39617"}],"curies":[{"name":"wp","href":"https:\/\/api.w.org\/{rel}","templated":true}]}}