{"id":39609,"date":"2026-03-17T13:34:41","date_gmt":"2026-03-17T16:34:41","guid":{"rendered":"https:\/\/jornaltimoneiro.com.br\/?p=39609"},"modified":"2026-03-17T13:34:41","modified_gmt":"2026-03-17T16:34:41","slug":"canoas-envia-donativos-uba-minas-gerais-chuvas","status":"publish","type":"post","link":"https:\/\/jornaltimoneiro.com.br\/index.php\/2026\/03\/17\/canoas-envia-donativos-uba-minas-gerais-chuvas\/","title":{"rendered":"Canoas envia donativos para a cidade de Ub\u00e1, atingida pelas chuvas em Minas Gerais"},"content":{"rendered":"<p>A Prefeitura de Canoas, por meio da Defesa Civil, participou do envio de donativos para a cidade de Ub\u00e1, em Minas Gerais, atingida recentemente por fortes chuvas. A a\u00e7\u00e3o contou com a mobiliza\u00e7\u00e3o de munic\u00edpios da Regi\u00e3o Metropolitana de Porto Alegre.<\/p>\n<p>Ao todo, foram arrecadadas 25 toneladas de donativos, entre alimentos, materiais de limpeza e itens de higiene. Desse total, seis toneladas foram arrecadadas em Canoas. As doa\u00e7\u00f5es foram reunidas ao longo de uma semana e encaminhadas em um caminh\u00e3o.<\/p>\n<p>O prefeito Airton Souza comentou sobre o envio das doa\u00e7\u00f5es e lembrou da ajuda recebida pelo munic\u00edpio durante as enchentes de 2024.<\/p>\n<blockquote><p>\u201cN\u00f3s canoenses sabemos muito bem a dor de perder tudo e de ficar desabrigado, como aconteceu durante a enchente de 2024. Hoje estamos enviando, junto com a Granpal, 25 toneladas de alimentos para os nossos irm\u00e3os de Minas Gerais, especialmente para a cidade de Ub\u00e1. \u00c9 uma forma de retribuir um pouco a generosidade que Canoas recebeu naquele momento t\u00e3o dif\u00edcil\u201d, afirmou.<\/p><\/blockquote>\n<p>O secret\u00e1rio da Defesa Civil de Canoas, Vanderlei Marcos, tamb\u00e9m destacou a mobiliza\u00e7\u00e3o conjunta dos munic\u00edpios.<\/p>\n<blockquote><p>\u201cEssa a\u00e7\u00e3o, em conjunto com os munic\u00edpios que comp\u00f5em a Granpal, \u00e9 um gesto de solidariedade. \u00c9 uma forma de retribuir a ajuda que recebemos na trag\u00e9dia de 2024\u201d, disse.<\/p><\/blockquote>\n<p>O coordenador executivo da Granpal, C\u00e9sar Augusto, falou sobre a mobiliza\u00e7\u00e3o para reunir os donativos.<\/p>\n<blockquote><p>\u201cFoi uma grande uni\u00e3o de esfor\u00e7os dos munic\u00edpios da regi\u00e3o metropolitana, com apoio importante de Canoas e da Base A\u00e9rea. Estamos retribuindo toda a ajuda\u201d, afirmou.<\/p><\/blockquote>\n","protected":false},"excerpt":{"rendered":"<p>A Prefeitura de Canoas, por meio da Defesa Civil, participou do envio de donativos para a cidade de Ub\u00e1, em Minas Gerais, atingida recentemente por fortes chuvas. A a\u00e7\u00e3o contou com a mobiliza\u00e7\u00e3o de munic\u00edpios da Regi\u00e3o Metropolitana de Porto Alegre. Ao todo, foram arrecadadas 25 toneladas de donativos, entre alimentos, materiais de limpeza e [&hellip;]<\/p>\n","protected":false},"author":2,"featured_media":39610,"comment_status":"open","ping_status":"open","sticky":false,"template":"","format":"standard","meta":{"amp_status":"","footnotes":""},"categories":[4945],"tags":[5052,911,190,5022,663],"class_list":["post-39609","post","type-post","status-publish","format-standard","has-post-thumbnail","hentry","category-defesa-civil","tag-canoad","tag-doacoes","tag-featured","tag-minas-gerais","tag-solidariedade"],"yoast_head":"<!-- This site is optimized with the Yoast SEO plugin v20.5 - https:\/\/yoast.com\/wordpress\/plugins\/seo\/ -->\n<title>Canoas envia donativos para a cidade de Ub\u00e1, atingida pelas chuvas em Minas Gerais - O Timoneiro Jornal Canoas RS<\/title>\n<meta name=\"description\" content=\"Prefeitura de Canoas, por meio da Defesa Civil, envia seis toneladas de donativos para Ub\u00e1, em Minas Gerais, cidade atingida por fortes chuvas.\" \/>\n<meta name=\"robots\" content=\"index, follow, max-snippet:-1, max-image-preview:large, max-video-preview:-1\" \/>\n<link rel=\"canonical\" href=\"https:\/\/jornaltimoneiro.com.br\/index.php\/2026\/03\/17\/canoas-envia-donativos-uba-minas-gerais-chuvas\/\" \/>\n<meta property=\"og:locale\" content=\"pt_BR\" \/>\n<meta property=\"og:type\" content=\"article\" \/>\n<meta property=\"og:title\" content=\"Canoas envia donativos para a cidade de Ub\u00e1, atingida pelas chuvas em Minas Gerais - O Timoneiro Jornal Canoas RS\" \/>\n<meta property=\"og:description\" content=\"Prefeitura de Canoas, por meio da Defesa Civil, envia seis toneladas de donativos para Ub\u00e1, em Minas Gerais, cidade atingida por fortes chuvas.\" \/>\n<meta property=\"og:url\" content=\"https:\/\/jornaltimoneiro.com.br\/index.php\/2026\/03\/17\/canoas-envia-donativos-uba-minas-gerais-chuvas\/\" \/>\n<meta property=\"og:site_name\" content=\"O Timoneiro Jornal Canoas RS\" \/>\n<meta property=\"article:publisher\" content=\"https:\/\/www.facebook.com\/jornaltimoneiro\" \/>\n<meta property=\"article:published_time\" content=\"2026-03-17T16:34:41+00:00\" \/>\n<meta property=\"og:image\" content=\"https:\/\/jornaltimoneiro.com.br\/wp-content\/uploads\/2026\/03\/RED-16-03-26-PARTIDA-DOS-DONATIVOS-ARRECADADOS-PARA-MG-VINICIUS-MEDEIROS-52.jpg.jpeg\" \/>\n\t<meta property=\"og:image:width\" content=\"2048\" \/>\n\t<meta property=\"og:image:height\" content=\"1365\" \/>\n\t<meta property=\"og:image:type\" content=\"image\/jpeg\" \/>\n<meta name=\"author\" content=\"Reda\u00e7\u00e3o\" \/>\n<meta name=\"twitter:card\" content=\"summary_large_image\" \/>\n<meta name=\"twitter:creator\" content=\"@_OTimoneiro\" \/>\n<meta name=\"twitter:site\" content=\"@_OTimoneiro\" \/>\n<meta name=\"twitter:label1\" content=\"Escrito por\" \/>\n\t<meta name=\"twitter:data1\" content=\"Reda\u00e7\u00e3o\" \/>\n\t<meta name=\"twitter:label2\" content=\"Est. tempo de leitura\" \/>\n\t<meta name=\"twitter:data2\" content=\"2 minutos\" \/>\n<script type=\"application\/ld+json\" class=\"yoast-schema-graph\">{\"@context\":\"https:\/\/schema.org\",\"@graph\":[{\"@type\":\"Article\",\"@id\":\"https:\/\/jornaltimoneiro.com.br\/index.php\/2026\/03\/17\/canoas-envia-donativos-uba-minas-gerais-chuvas\/#article\",\"isPartOf\":{\"@id\":\"https:\/\/jornaltimoneiro.com.br\/index.php\/2026\/03\/17\/canoas-envia-donativos-uba-minas-gerais-chuvas\/\"},\"author\":{\"name\":\"Reda\u00e7\u00e3o\",\"@id\":\"https:\/\/jornaltimoneiro.com.br\/#\/schema\/person\/f63482f1a02b1a9592707865e509ab40\"},\"headline\":\"Canoas envia donativos para a cidade de Ub\u00e1, atingida pelas chuvas em Minas Gerais\",\"datePublished\":\"2026-03-17T16:34:41+00:00\",\"dateModified\":\"2026-03-17T16:34:41+00:00\",\"mainEntityOfPage\":{\"@id\":\"https:\/\/jornaltimoneiro.com.br\/index.php\/2026\/03\/17\/canoas-envia-donativos-uba-minas-gerais-chuvas\/\"},\"wordCount\":284,\"commentCount\":0,\"publisher\":{\"@id\":\"https:\/\/jornaltimoneiro.com.br\/#organization\"},\"keywords\":[\"Canoad\",\"doa\u00e7\u00f5es\",\"featured\",\"Minas Gerais\",\"solidariedade\"],\"articleSection\":[\"Defesa Civil\"],\"inLanguage\":\"pt-BR\",\"potentialAction\":[{\"@type\":\"CommentAction\",\"name\":\"Comment\",\"target\":[\"https:\/\/jornaltimoneiro.com.br\/index.php\/2026\/03\/17\/canoas-envia-donativos-uba-minas-gerais-chuvas\/#respond\"]}]},{\"@type\":\"WebPage\",\"@id\":\"https:\/\/jornaltimoneiro.com.br\/index.php\/2026\/03\/17\/canoas-envia-donativos-uba-minas-gerais-chuvas\/\",\"url\":\"https:\/\/jornaltimoneiro.com.br\/index.php\/2026\/03\/17\/canoas-envia-donativos-uba-minas-gerais-chuvas\/\",\"name\":\"Canoas envia donativos para a cidade de Ub\u00e1, atingida pelas chuvas em Minas Gerais - O Timoneiro Jornal Canoas RS\",\"isPartOf\":{\"@id\":\"https:\/\/jornaltimoneiro.com.br\/#website\"},\"datePublished\":\"2026-03-17T16:34:41+00:00\",\"dateModified\":\"2026-03-17T16:34:41+00:00\",\"description\":\"Prefeitura de Canoas, por meio da Defesa Civil, envia seis toneladas de donativos para Ub\u00e1, em Minas Gerais, cidade atingida por fortes chuvas.\",\"breadcrumb\":{\"@id\":\"https:\/\/jornaltimoneiro.com.br\/index.php\/2026\/03\/17\/canoas-envia-donativos-uba-minas-gerais-chuvas\/#breadcrumb\"},\"inLanguage\":\"pt-BR\",\"potentialAction\":[{\"@type\":\"ReadAction\",\"target\":[\"https:\/\/jornaltimoneiro.com.br\/index.php\/2026\/03\/17\/canoas-envia-donativos-uba-minas-gerais-chuvas\/\"]}]},{\"@type\":\"BreadcrumbList\",\"@id\":\"https:\/\/jornaltimoneiro.com.br\/index.php\/2026\/03\/17\/canoas-envia-donativos-uba-minas-gerais-chuvas\/#breadcrumb\",\"itemListElement\":[{\"@type\":\"ListItem\",\"position\":1,\"name\":\"In\u00edcio\",\"item\":\"https:\/\/jornaltimoneiro.com.br\/\"},{\"@type\":\"ListItem\",\"position\":2,\"name\":\"Canoas envia donativos para a cidade de Ub\u00e1, atingida pelas chuvas em Minas Gerais\"}]},{\"@type\":\"WebSite\",\"@id\":\"https:\/\/jornaltimoneiro.com.br\/#website\",\"url\":\"https:\/\/jornaltimoneiro.com.br\/\",\"name\":\"Jornal Timoneiro Canoas RS\",\"description\":\"Jornal O Timoneiro, o verdadeiro jornal de Canoas\",\"publisher\":{\"@id\":\"https:\/\/jornaltimoneiro.com.br\/#organization\"},\"potentialAction\":[{\"@type\":\"SearchAction\",\"target\":{\"@type\":\"EntryPoint\",\"urlTemplate\":\"https:\/\/jornaltimoneiro.com.br\/?s={search_term_string}\"},\"query-input\":\"required name=search_term_string\"}],\"inLanguage\":\"pt-BR\"},{\"@type\":\"Organization\",\"@id\":\"https:\/\/jornaltimoneiro.com.br\/#organization\",\"name\":\"Jornal Timoneiro Canoas RS\",\"url\":\"https:\/\/jornaltimoneiro.com.br\/\",\"logo\":{\"@type\":\"ImageObject\",\"inLanguage\":\"pt-BR\",\"@id\":\"https:\/\/jornaltimoneiro.com.br\/#\/schema\/logo\/image\/\",\"url\":\"https:\/\/jornaltimoneiro.com.br\/wp-content\/uploads\/2023\/03\/logonovo.png\",\"contentUrl\":\"https:\/\/jornaltimoneiro.com.br\/wp-content\/uploads\/2023\/03\/logonovo.png\",\"width\":\"469\",\"height\":\"171\",\"caption\":\"Jornal Timoneiro Canoas RS\"},\"image\":{\"@id\":\"https:\/\/jornaltimoneiro.com.br\/#\/schema\/logo\/image\/\"},\"sameAs\":[\"https:\/\/www.facebook.com\/jornaltimoneiro\",\"https:\/\/twitter.com\/_OTimoneiro\",\"https:\/\/www.instagram.com\/jornaltimoneirocanoas\/\",\"https:\/\/www.youtube.com\/@jornalotimoneiro7927\"]},{\"@type\":\"Person\",\"@id\":\"https:\/\/jornaltimoneiro.com.br\/#\/schema\/person\/f63482f1a02b1a9592707865e509ab40\",\"name\":\"Reda\u00e7\u00e3o\",\"image\":{\"@type\":\"ImageObject\",\"inLanguage\":\"pt-BR\",\"@id\":\"https:\/\/jornaltimoneiro.com.br\/#\/schema\/person\/image\/\",\"url\":\"https:\/\/jornaltimoneiro.com.br\/wp-content\/uploads\/2023\/03\/download.jpeg\",\"contentUrl\":\"https:\/\/jornaltimoneiro.com.br\/wp-content\/uploads\/2023\/03\/download.jpeg\",\"caption\":\"Reda\u00e7\u00e3o\"},\"url\":\"https:\/\/jornaltimoneiro.com.br\/index.php\/author\/simone-dutra\/\"}]}<\/script>\n<!-- \/ Yoast SEO plugin. -->","yoast_head_json":{"title":"Canoas envia donativos para a cidade de Ub\u00e1, atingida pelas chuvas em Minas Gerais - O Timoneiro Jornal Canoas RS","description":"Prefeitura de Canoas, por meio da Defesa Civil, envia seis toneladas de donativos para Ub\u00e1, em Minas Gerais, cidade atingida por fortes chuvas.","robots":{"index":"index","follow":"follow","max-snippet":"max-snippet:-1","max-image-preview":"max-image-preview:large","max-video-preview":"max-video-preview:-1"},"canonical":"https:\/\/jornaltimoneiro.com.br\/index.php\/2026\/03\/17\/canoas-envia-donativos-uba-minas-gerais-chuvas\/","og_locale":"pt_BR","og_type":"article","og_title":"Canoas envia donativos para a cidade de Ub\u00e1, atingida pelas chuvas em Minas Gerais - O Timoneiro Jornal Canoas RS","og_description":"Prefeitura de Canoas, por meio da Defesa Civil, envia seis toneladas de donativos para Ub\u00e1, em Minas Gerais, cidade atingida por fortes chuvas.","og_url":"https:\/\/jornaltimoneiro.com.br\/index.php\/2026\/03\/17\/canoas-envia-donativos-uba-minas-gerais-chuvas\/","og_site_name":"O Timoneiro Jornal Canoas RS","article_publisher":"https:\/\/www.facebook.com\/jornaltimoneiro","article_published_time":"2026-03-17T16:34:41+00:00","og_image":[{"width":"2048","height":"1365","url":"https:\/\/jornaltimoneiro.com.br\/wp-content\/uploads\/2026\/03\/RED-16-03-26-PARTIDA-DOS-DONATIVOS-ARRECADADOS-PARA-MG-VINICIUS-MEDEIROS-52.jpg.jpeg","type":"image\/jpeg"}],"author":"Reda\u00e7\u00e3o","twitter_card":"summary_large_image","twitter_creator":"@_OTimoneiro","twitter_site":"@_OTimoneiro","twitter_misc":{"Escrito por":"Reda\u00e7\u00e3o","Est. tempo de leitura":"2 minutos"},"schema":{"@context":"https:\/\/schema.org","@graph":[{"@type":"Article","@id":"https:\/\/jornaltimoneiro.com.br\/index.php\/2026\/03\/17\/canoas-envia-donativos-uba-minas-gerais-chuvas\/#article","isPartOf":{"@id":"https:\/\/jornaltimoneiro.com.br\/index.php\/2026\/03\/17\/canoas-envia-donativos-uba-minas-gerais-chuvas\/"},"author":{"name":"Reda\u00e7\u00e3o","@id":"https:\/\/jornaltimoneiro.com.br\/#\/schema\/person\/f63482f1a02b1a9592707865e509ab40"},"headline":"Canoas envia donativos para a cidade de Ub\u00e1, atingida pelas chuvas em Minas Gerais","datePublished":"2026-03-17T16:34:41+00:00","dateModified":"2026-03-17T16:34:41+00:00","mainEntityOfPage":{"@id":"https:\/\/jornaltimoneiro.com.br\/index.php\/2026\/03\/17\/canoas-envia-donativos-uba-minas-gerais-chuvas\/"},"wordCount":284,"commentCount":0,"publisher":{"@id":"https:\/\/jornaltimoneiro.com.br\/#organization"},"keywords":["Canoad","doa\u00e7\u00f5es","featured","Minas Gerais","solidariedade"],"articleSection":["Defesa Civil"],"inLanguage":"pt-BR","potentialAction":[{"@type":"CommentAction","name":"Comment","target":["https:\/\/jornaltimoneiro.com.br\/index.php\/2026\/03\/17\/canoas-envia-donativos-uba-minas-gerais-chuvas\/#respond"]}]},{"@type":"WebPage","@id":"https:\/\/jornaltimoneiro.com.br\/index.php\/2026\/03\/17\/canoas-envia-donativos-uba-minas-gerais-chuvas\/","url":"https:\/\/jornaltimoneiro.com.br\/index.php\/2026\/03\/17\/canoas-envia-donativos-uba-minas-gerais-chuvas\/","name":"Canoas envia donativos para a cidade de Ub\u00e1, atingida pelas chuvas em Minas Gerais - O Timoneiro Jornal Canoas RS","isPartOf":{"@id":"https:\/\/jornaltimoneiro.com.br\/#website"},"datePublished":"2026-03-17T16:34:41+00:00","dateModified":"2026-03-17T16:34:41+00:00","description":"Prefeitura de Canoas, por meio da Defesa Civil, envia seis toneladas de donativos para Ub\u00e1, em Minas Gerais, cidade atingida por fortes chuvas.","breadcrumb":{"@id":"https:\/\/jornaltimoneiro.com.br\/index.php\/2026\/03\/17\/canoas-envia-donativos-uba-minas-gerais-chuvas\/#breadcrumb"},"inLanguage":"pt-BR","potentialAction":[{"@type":"ReadAction","target":["https:\/\/jornaltimoneiro.com.br\/index.php\/2026\/03\/17\/canoas-envia-donativos-uba-minas-gerais-chuvas\/"]}]},{"@type":"BreadcrumbList","@id":"https:\/\/jornaltimoneiro.com.br\/index.php\/2026\/03\/17\/canoas-envia-donativos-uba-minas-gerais-chuvas\/#breadcrumb","itemListElement":[{"@type":"ListItem","position":1,"name":"In\u00edcio","item":"https:\/\/jornaltimoneiro.com.br\/"},{"@type":"ListItem","position":2,"name":"Canoas envia donativos para a cidade de Ub\u00e1, atingida pelas chuvas em Minas Gerais"}]},{"@type":"WebSite","@id":"https:\/\/jornaltimoneiro.com.br\/#website","url":"https:\/\/jornaltimoneiro.com.br\/","name":"Jornal Timoneiro Canoas RS","description":"Jornal O Timoneiro, o verdadeiro jornal de Canoas","publisher":{"@id":"https:\/\/jornaltimoneiro.com.br\/#organization"},"potentialAction":[{"@type":"SearchAction","target":{"@type":"EntryPoint","urlTemplate":"https:\/\/jornaltimoneiro.com.br\/?s={search_term_string}"},"query-input":"required name=search_term_string"}],"inLanguage":"pt-BR"},{"@type":"Organization","@id":"https:\/\/jornaltimoneiro.com.br\/#organization","name":"Jornal Timoneiro Canoas RS","url":"https:\/\/jornaltimoneiro.com.br\/","logo":{"@type":"ImageObject","inLanguage":"pt-BR","@id":"https:\/\/jornaltimoneiro.com.br\/#\/schema\/logo\/image\/","url":"https:\/\/jornaltimoneiro.com.br\/wp-content\/uploads\/2023\/03\/logonovo.png","contentUrl":"https:\/\/jornaltimoneiro.com.br\/wp-content\/uploads\/2023\/03\/logonovo.png","width":"469","height":"171","caption":"Jornal Timoneiro Canoas RS"},"image":{"@id":"https:\/\/jornaltimoneiro.com.br\/#\/schema\/logo\/image\/"},"sameAs":["https:\/\/www.facebook.com\/jornaltimoneiro","https:\/\/twitter.com\/_OTimoneiro","https:\/\/www.instagram.com\/jornaltimoneirocanoas\/","https:\/\/www.youtube.com\/@jornalotimoneiro7927"]},{"@type":"Person","@id":"https:\/\/jornaltimoneiro.com.br\/#\/schema\/person\/f63482f1a02b1a9592707865e509ab40","name":"Reda\u00e7\u00e3o","image":{"@type":"ImageObject","inLanguage":"pt-BR","@id":"https:\/\/jornaltimoneiro.com.br\/#\/schema\/person\/image\/","url":"https:\/\/jornaltimoneiro.com.br\/wp-content\/uploads\/2023\/03\/download.jpeg","contentUrl":"https:\/\/jornaltimoneiro.com.br\/wp-content\/uploads\/2023\/03\/download.jpeg","caption":"Reda\u00e7\u00e3o"},"url":"https:\/\/jornaltimoneiro.com.br\/index.php\/author\/simone-dutra\/"}]}},"_links":{"self":[{"href":"https:\/\/jornaltimoneiro.com.br\/index.php\/wp-json\/wp\/v2\/posts\/39609"}],"collection":[{"href":"https:\/\/jornaltimoneiro.com.br\/index.php\/wp-json\/wp\/v2\/posts"}],"about":[{"href":"https:\/\/jornaltimoneiro.com.br\/index.php\/wp-json\/wp\/v2\/types\/post"}],"author":[{"embeddable":true,"href":"https:\/\/jornaltimoneiro.com.br\/index.php\/wp-json\/wp\/v2\/users\/2"}],"replies":[{"embeddable":true,"href":"https:\/\/jornaltimoneiro.com.br\/index.php\/wp-json\/wp\/v2\/comments?post=39609"}],"version-history":[{"count":1,"href":"https:\/\/jornaltimoneiro.com.br\/index.php\/wp-json\/wp\/v2\/posts\/39609\/revisions"}],"predecessor-version":[{"id":39611,"href":"https:\/\/jornaltimoneiro.com.br\/index.php\/wp-json\/wp\/v2\/posts\/39609\/revisions\/39611"}],"wp:featuredmedia":[{"embeddable":true,"href":"https:\/\/jornaltimoneiro.com.br\/index.php\/wp-json\/wp\/v2\/media\/39610"}],"wp:attachment":[{"href":"https:\/\/jornaltimoneiro.com.br\/index.php\/wp-json\/wp\/v2\/media?parent=39609"}],"wp:term":[{"taxonomy":"category","embeddable":true,"href":"https:\/\/jornaltimoneiro.com.br\/index.php\/wp-json\/wp\/v2\/categories?post=39609"},{"taxonomy":"post_tag","embeddable":true,"href":"https:\/\/jornaltimoneiro.com.br\/index.php\/wp-json\/wp\/v2\/tags?post=39609"}],"curies":[{"name":"wp","href":"https:\/\/api.w.org\/{rel}","templated":true}]}}