{"id":39606,"date":"2026-03-17T13:01:33","date_gmt":"2026-03-17T16:01:33","guid":{"rendered":"https:\/\/jornaltimoneiro.com.br\/?p=39606"},"modified":"2026-03-17T13:01:33","modified_gmt":"2026-03-17T16:01:33","slug":"feira-da-vivi-porto-alegre-marco-autonomia-feminina","status":"publish","type":"post","link":"https:\/\/jornaltimoneiro.com.br\/index.php\/2026\/03\/17\/feira-da-vivi-porto-alegre-marco-autonomia-feminina\/","title":{"rendered":"Feira da Vivi de economia solid\u00e1ria feminina tem nova edi\u00e7\u00e3o no s\u00e1bado, 21, em Porto Alegre"},"content":{"rendered":"<p data-start=\"0\" data-end=\"290\">A Feira da Vivi realiza mais uma edi\u00e7\u00e3o no pr\u00f3ximo s\u00e1bado, 21, das 10h \u00e0s 18h, na Pra\u00e7a do Tambor, localizada na Rua dos Andradas, no Centro de <span class=\"hover:entity-accent entity-underline inline cursor-pointer align-baseline\"><span class=\"whitespace-normal\">Porto Alegre<\/span><\/span>. Promovido pelo <span class=\"hover:entity-accent entity-underline inline cursor-pointer align-baseline\"><span class=\"whitespace-normal\">SindBanc\u00e1rios<\/span><\/span>, o evento integra a programa\u00e7\u00e3o do M\u00eas da Mulher.<\/p>\n<p data-start=\"292\" data-end=\"576\">A iniciativa busca incentivar a autonomia feminina por meio da economia solid\u00e1ria, reunindo exposi\u00e7\u00e3o e comercializa\u00e7\u00e3o de produtos artesanais produzidos por mulheres. Entre os itens dispon\u00edveis estar\u00e3o pe\u00e7as em croch\u00ea, pinturas, cosm\u00e9ticos naturais, roupas e acess\u00f3rios feitos \u00e0 m\u00e3o.<\/p>\n<p data-start=\"578\" data-end=\"880\">Al\u00e9m da feira, a programa\u00e7\u00e3o contar\u00e1 com atividades culturais e de integra\u00e7\u00e3o, como roda de conversa, apresenta\u00e7\u00f5es de slam e dan\u00e7a. O evento tamb\u00e9m ter\u00e1 shows musicais com <span class=\"hover:entity-accent entity-underline inline cursor-pointer align-baseline\"><span class=\"whitespace-normal\">Roberta Moura<\/span><\/span>, Trio Mand\u00ea e <span class=\"hover:entity-accent entity-underline inline cursor-pointer align-baseline\"><span class=\"whitespace-normal\">Preta Guedes<\/span><\/span>, al\u00e9m de discotecagem com DJ convidada.<\/p>\n<p data-start=\"882\" data-end=\"1024\" data-is-last-node=\"\" data-is-only-node=\"\">A estrutura inclui ainda venda de alimentos, bebidas e espa\u00e7o voltado ao p\u00fablico infantil, com atividades para crian\u00e7as. A entrada \u00e9 gratuita.<\/p>\n<h4>Confira a programa\u00e7\u00e3o:<\/h4>\n<p>10h &#8211; Abertura<br \/>\n11h &#8211; Roda de conversa<br \/>\n12h &#8211; Banco Vermelho<br \/>\n14h30 &#8211; Show com Roberta Moura e Trio Mand\u00ea<br \/>\n16h &#8211; Slam e Dan\u00e7a<br \/>\n17h &#8211; Show com Preta Guedes<br \/>\n10h \u00e0s 18h &#8211; Exposi\u00e7\u00e3o e venda de artigos da Economia Solid\u00e1ria<\/p>\n<h4>Homenagem e legado de Vivi<\/h4>\n<p>A Feira da Vivi \u00e9 realizada anualmente desde 2023 e homenageia a ex-diretora Virginia Farias, a Vivi, que faleceu em decorr\u00eancia da covid-19. Mais do que uma atividade cultural, o evento \u00e9 um tributo ao seu legado de luta e compromisso com as mulheres.<\/p>\n<p>Ao fortalecer redes, incentivar a gera\u00e7\u00e3o de renda e criar espa\u00e7os de escuta e express\u00e3o, o SindBanc\u00e1rios mant\u00e9m viva a mem\u00f3ria de Vivi e reafirma que a organiza\u00e7\u00e3o coletiva \u00e9 o caminho para transformar realidades.<br \/>\nAo promover atividades como essa, o Sindicato tamb\u00e9m reafirma que cultura e economia n\u00e3o s\u00e3o neutras: s\u00e3o territ\u00f3rios de disputa. E as mulheres precisam estar no centro dessas constru\u00e7\u00f5es.<\/p>\n<p>Valorizar a produ\u00e7\u00e3o das mulheres \u00e9 fortalecer a luta por igualdade, dignidade e justi\u00e7a social. Apoiar a economia solid\u00e1ria feminina \u00e9 um ato pol\u00edtico. Participe!<\/p>\n<p>Acompanhe as atualiza\u00e7\u00f5es da Feira da Vivi em www.instagram.com\/feiradavivi.<\/p>\n","protected":false},"excerpt":{"rendered":"<p>A Feira da Vivi realiza mais uma edi\u00e7\u00e3o no pr\u00f3ximo s\u00e1bado, 21, das 10h \u00e0s 18h, na Pra\u00e7a do Tambor, localizada na Rua dos Andradas, no Centro de Porto Alegre. Promovido pelo SindBanc\u00e1rios, o evento integra a programa\u00e7\u00e3o do M\u00eas da Mulher. A iniciativa busca incentivar a autonomia feminina por meio da economia solid\u00e1ria, reunindo [&hellip;]<\/p>\n","protected":false},"author":2,"featured_media":39607,"comment_status":"open","ping_status":"open","sticky":false,"template":"","format":"standard","meta":{"amp_status":"","footnotes":""},"categories":[76],"tags":[31,116,1377,5051],"class_list":["post-39606","post","type-post","status-publish","format-standard","has-post-thumbnail","hentry","category-cultura","tag-canoas","tag-cultura","tag-feat","tag-feira-da-vivi"],"yoast_head":"<!-- This site is optimized with the Yoast SEO plugin v20.5 - https:\/\/yoast.com\/wordpress\/plugins\/seo\/ -->\n<title>Feira da Vivi de economia solid\u00e1ria feminina tem nova edi\u00e7\u00e3o no s\u00e1bado, 21, em Porto Alegre - O Timoneiro Jornal Canoas RS<\/title>\n<meta name=\"description\" content=\"Feira da Vivi acontece no pr\u00f3ximo s\u00e1bado, 21, em Porto Alegre, com artesanato, cultura e a\u00e7\u00f5es voltadas \u00e0 autonomia feminina. Evento tem entrada gratuita.\" \/>\n<meta name=\"robots\" content=\"index, follow, max-snippet:-1, max-image-preview:large, max-video-preview:-1\" \/>\n<link rel=\"canonical\" href=\"https:\/\/jornaltimoneiro.com.br\/index.php\/2026\/03\/17\/feira-da-vivi-porto-alegre-marco-autonomia-feminina\/\" \/>\n<meta property=\"og:locale\" content=\"pt_BR\" \/>\n<meta property=\"og:type\" content=\"article\" \/>\n<meta property=\"og:title\" content=\"Feira da Vivi de economia solid\u00e1ria feminina tem nova edi\u00e7\u00e3o no s\u00e1bado, 21, em Porto Alegre - O Timoneiro Jornal Canoas RS\" \/>\n<meta property=\"og:description\" content=\"Feira da Vivi acontece no pr\u00f3ximo s\u00e1bado, 21, em Porto Alegre, com artesanato, cultura e a\u00e7\u00f5es voltadas \u00e0 autonomia feminina. Evento tem entrada gratuita.\" \/>\n<meta property=\"og:url\" content=\"https:\/\/jornaltimoneiro.com.br\/index.php\/2026\/03\/17\/feira-da-vivi-porto-alegre-marco-autonomia-feminina\/\" \/>\n<meta property=\"og:site_name\" content=\"O Timoneiro Jornal Canoas RS\" \/>\n<meta property=\"article:publisher\" content=\"https:\/\/www.facebook.com\/jornaltimoneiro\" \/>\n<meta property=\"article:published_time\" content=\"2026-03-17T16:01:33+00:00\" \/>\n<meta property=\"og:image\" content=\"https:\/\/jornaltimoneiro.com.br\/wp-content\/uploads\/2026\/03\/WhatsApp-Image-2026-03-17-at-06.40.00.jpeg\" \/>\n\t<meta property=\"og:image:width\" content=\"1600\" \/>\n\t<meta property=\"og:image:height\" content=\"1066\" \/>\n\t<meta property=\"og:image:type\" content=\"image\/jpeg\" \/>\n<meta name=\"author\" content=\"Reda\u00e7\u00e3o\" \/>\n<meta name=\"twitter:card\" content=\"summary_large_image\" \/>\n<meta name=\"twitter:creator\" content=\"@_OTimoneiro\" \/>\n<meta name=\"twitter:site\" content=\"@_OTimoneiro\" \/>\n<meta name=\"twitter:label1\" content=\"Escrito por\" \/>\n\t<meta name=\"twitter:data1\" content=\"Reda\u00e7\u00e3o\" \/>\n\t<meta name=\"twitter:label2\" content=\"Est. tempo de leitura\" \/>\n\t<meta name=\"twitter:data2\" content=\"2 minutos\" \/>\n<script type=\"application\/ld+json\" class=\"yoast-schema-graph\">{\"@context\":\"https:\/\/schema.org\",\"@graph\":[{\"@type\":\"Article\",\"@id\":\"https:\/\/jornaltimoneiro.com.br\/index.php\/2026\/03\/17\/feira-da-vivi-porto-alegre-marco-autonomia-feminina\/#article\",\"isPartOf\":{\"@id\":\"https:\/\/jornaltimoneiro.com.br\/index.php\/2026\/03\/17\/feira-da-vivi-porto-alegre-marco-autonomia-feminina\/\"},\"author\":{\"name\":\"Reda\u00e7\u00e3o\",\"@id\":\"https:\/\/jornaltimoneiro.com.br\/#\/schema\/person\/f63482f1a02b1a9592707865e509ab40\"},\"headline\":\"Feira da Vivi de economia solid\u00e1ria feminina tem nova edi\u00e7\u00e3o no s\u00e1bado, 21, em Porto Alegre\",\"datePublished\":\"2026-03-17T16:01:33+00:00\",\"dateModified\":\"2026-03-17T16:01:33+00:00\",\"mainEntityOfPage\":{\"@id\":\"https:\/\/jornaltimoneiro.com.br\/index.php\/2026\/03\/17\/feira-da-vivi-porto-alegre-marco-autonomia-feminina\/\"},\"wordCount\":399,\"commentCount\":0,\"publisher\":{\"@id\":\"https:\/\/jornaltimoneiro.com.br\/#organization\"},\"keywords\":[\"canoas\",\"cultura\",\"feat\",\"feira da vivi\"],\"articleSection\":[\"Cultura\"],\"inLanguage\":\"pt-BR\",\"potentialAction\":[{\"@type\":\"CommentAction\",\"name\":\"Comment\",\"target\":[\"https:\/\/jornaltimoneiro.com.br\/index.php\/2026\/03\/17\/feira-da-vivi-porto-alegre-marco-autonomia-feminina\/#respond\"]}]},{\"@type\":\"WebPage\",\"@id\":\"https:\/\/jornaltimoneiro.com.br\/index.php\/2026\/03\/17\/feira-da-vivi-porto-alegre-marco-autonomia-feminina\/\",\"url\":\"https:\/\/jornaltimoneiro.com.br\/index.php\/2026\/03\/17\/feira-da-vivi-porto-alegre-marco-autonomia-feminina\/\",\"name\":\"Feira da Vivi de economia solid\u00e1ria feminina tem nova edi\u00e7\u00e3o no s\u00e1bado, 21, em Porto Alegre - O Timoneiro Jornal Canoas RS\",\"isPartOf\":{\"@id\":\"https:\/\/jornaltimoneiro.com.br\/#website\"},\"datePublished\":\"2026-03-17T16:01:33+00:00\",\"dateModified\":\"2026-03-17T16:01:33+00:00\",\"description\":\"Feira da Vivi acontece no pr\u00f3ximo s\u00e1bado, 21, em Porto Alegre, com artesanato, cultura e a\u00e7\u00f5es voltadas \u00e0 autonomia feminina. Evento tem entrada gratuita.\",\"breadcrumb\":{\"@id\":\"https:\/\/jornaltimoneiro.com.br\/index.php\/2026\/03\/17\/feira-da-vivi-porto-alegre-marco-autonomia-feminina\/#breadcrumb\"},\"inLanguage\":\"pt-BR\",\"potentialAction\":[{\"@type\":\"ReadAction\",\"target\":[\"https:\/\/jornaltimoneiro.com.br\/index.php\/2026\/03\/17\/feira-da-vivi-porto-alegre-marco-autonomia-feminina\/\"]}]},{\"@type\":\"BreadcrumbList\",\"@id\":\"https:\/\/jornaltimoneiro.com.br\/index.php\/2026\/03\/17\/feira-da-vivi-porto-alegre-marco-autonomia-feminina\/#breadcrumb\",\"itemListElement\":[{\"@type\":\"ListItem\",\"position\":1,\"name\":\"In\u00edcio\",\"item\":\"https:\/\/jornaltimoneiro.com.br\/\"},{\"@type\":\"ListItem\",\"position\":2,\"name\":\"Feira da Vivi de economia solid\u00e1ria feminina tem nova edi\u00e7\u00e3o no s\u00e1bado, 21, em Porto Alegre\"}]},{\"@type\":\"WebSite\",\"@id\":\"https:\/\/jornaltimoneiro.com.br\/#website\",\"url\":\"https:\/\/jornaltimoneiro.com.br\/\",\"name\":\"Jornal Timoneiro Canoas RS\",\"description\":\"Jornal O Timoneiro, o verdadeiro jornal de Canoas\",\"publisher\":{\"@id\":\"https:\/\/jornaltimoneiro.com.br\/#organization\"},\"potentialAction\":[{\"@type\":\"SearchAction\",\"target\":{\"@type\":\"EntryPoint\",\"urlTemplate\":\"https:\/\/jornaltimoneiro.com.br\/?s={search_term_string}\"},\"query-input\":\"required name=search_term_string\"}],\"inLanguage\":\"pt-BR\"},{\"@type\":\"Organization\",\"@id\":\"https:\/\/jornaltimoneiro.com.br\/#organization\",\"name\":\"Jornal Timoneiro Canoas RS\",\"url\":\"https:\/\/jornaltimoneiro.com.br\/\",\"logo\":{\"@type\":\"ImageObject\",\"inLanguage\":\"pt-BR\",\"@id\":\"https:\/\/jornaltimoneiro.com.br\/#\/schema\/logo\/image\/\",\"url\":\"https:\/\/jornaltimoneiro.com.br\/wp-content\/uploads\/2023\/03\/logonovo.png\",\"contentUrl\":\"https:\/\/jornaltimoneiro.com.br\/wp-content\/uploads\/2023\/03\/logonovo.png\",\"width\":\"469\",\"height\":\"171\",\"caption\":\"Jornal Timoneiro Canoas RS\"},\"image\":{\"@id\":\"https:\/\/jornaltimoneiro.com.br\/#\/schema\/logo\/image\/\"},\"sameAs\":[\"https:\/\/www.facebook.com\/jornaltimoneiro\",\"https:\/\/twitter.com\/_OTimoneiro\",\"https:\/\/www.instagram.com\/jornaltimoneirocanoas\/\",\"https:\/\/www.youtube.com\/@jornalotimoneiro7927\"]},{\"@type\":\"Person\",\"@id\":\"https:\/\/jornaltimoneiro.com.br\/#\/schema\/person\/f63482f1a02b1a9592707865e509ab40\",\"name\":\"Reda\u00e7\u00e3o\",\"image\":{\"@type\":\"ImageObject\",\"inLanguage\":\"pt-BR\",\"@id\":\"https:\/\/jornaltimoneiro.com.br\/#\/schema\/person\/image\/\",\"url\":\"https:\/\/jornaltimoneiro.com.br\/wp-content\/uploads\/2023\/03\/download.jpeg\",\"contentUrl\":\"https:\/\/jornaltimoneiro.com.br\/wp-content\/uploads\/2023\/03\/download.jpeg\",\"caption\":\"Reda\u00e7\u00e3o\"},\"url\":\"https:\/\/jornaltimoneiro.com.br\/index.php\/author\/simone-dutra\/\"}]}<\/script>\n<!-- \/ Yoast SEO plugin. -->","yoast_head_json":{"title":"Feira da Vivi de economia solid\u00e1ria feminina tem nova edi\u00e7\u00e3o no s\u00e1bado, 21, em Porto Alegre - O Timoneiro Jornal Canoas RS","description":"Feira da Vivi acontece no pr\u00f3ximo s\u00e1bado, 21, em Porto Alegre, com artesanato, cultura e a\u00e7\u00f5es voltadas \u00e0 autonomia feminina. Evento tem entrada gratuita.","robots":{"index":"index","follow":"follow","max-snippet":"max-snippet:-1","max-image-preview":"max-image-preview:large","max-video-preview":"max-video-preview:-1"},"canonical":"https:\/\/jornaltimoneiro.com.br\/index.php\/2026\/03\/17\/feira-da-vivi-porto-alegre-marco-autonomia-feminina\/","og_locale":"pt_BR","og_type":"article","og_title":"Feira da Vivi de economia solid\u00e1ria feminina tem nova edi\u00e7\u00e3o no s\u00e1bado, 21, em Porto Alegre - O Timoneiro Jornal Canoas RS","og_description":"Feira da Vivi acontece no pr\u00f3ximo s\u00e1bado, 21, em Porto Alegre, com artesanato, cultura e a\u00e7\u00f5es voltadas \u00e0 autonomia feminina. Evento tem entrada gratuita.","og_url":"https:\/\/jornaltimoneiro.com.br\/index.php\/2026\/03\/17\/feira-da-vivi-porto-alegre-marco-autonomia-feminina\/","og_site_name":"O Timoneiro Jornal Canoas RS","article_publisher":"https:\/\/www.facebook.com\/jornaltimoneiro","article_published_time":"2026-03-17T16:01:33+00:00","og_image":[{"width":"1600","height":"1066","url":"https:\/\/jornaltimoneiro.com.br\/wp-content\/uploads\/2026\/03\/WhatsApp-Image-2026-03-17-at-06.40.00.jpeg","type":"image\/jpeg"}],"author":"Reda\u00e7\u00e3o","twitter_card":"summary_large_image","twitter_creator":"@_OTimoneiro","twitter_site":"@_OTimoneiro","twitter_misc":{"Escrito por":"Reda\u00e7\u00e3o","Est. tempo de leitura":"2 minutos"},"schema":{"@context":"https:\/\/schema.org","@graph":[{"@type":"Article","@id":"https:\/\/jornaltimoneiro.com.br\/index.php\/2026\/03\/17\/feira-da-vivi-porto-alegre-marco-autonomia-feminina\/#article","isPartOf":{"@id":"https:\/\/jornaltimoneiro.com.br\/index.php\/2026\/03\/17\/feira-da-vivi-porto-alegre-marco-autonomia-feminina\/"},"author":{"name":"Reda\u00e7\u00e3o","@id":"https:\/\/jornaltimoneiro.com.br\/#\/schema\/person\/f63482f1a02b1a9592707865e509ab40"},"headline":"Feira da Vivi de economia solid\u00e1ria feminina tem nova edi\u00e7\u00e3o no s\u00e1bado, 21, em Porto Alegre","datePublished":"2026-03-17T16:01:33+00:00","dateModified":"2026-03-17T16:01:33+00:00","mainEntityOfPage":{"@id":"https:\/\/jornaltimoneiro.com.br\/index.php\/2026\/03\/17\/feira-da-vivi-porto-alegre-marco-autonomia-feminina\/"},"wordCount":399,"commentCount":0,"publisher":{"@id":"https:\/\/jornaltimoneiro.com.br\/#organization"},"keywords":["canoas","cultura","feat","feira da vivi"],"articleSection":["Cultura"],"inLanguage":"pt-BR","potentialAction":[{"@type":"CommentAction","name":"Comment","target":["https:\/\/jornaltimoneiro.com.br\/index.php\/2026\/03\/17\/feira-da-vivi-porto-alegre-marco-autonomia-feminina\/#respond"]}]},{"@type":"WebPage","@id":"https:\/\/jornaltimoneiro.com.br\/index.php\/2026\/03\/17\/feira-da-vivi-porto-alegre-marco-autonomia-feminina\/","url":"https:\/\/jornaltimoneiro.com.br\/index.php\/2026\/03\/17\/feira-da-vivi-porto-alegre-marco-autonomia-feminina\/","name":"Feira da Vivi de economia solid\u00e1ria feminina tem nova edi\u00e7\u00e3o no s\u00e1bado, 21, em Porto Alegre - O Timoneiro Jornal Canoas RS","isPartOf":{"@id":"https:\/\/jornaltimoneiro.com.br\/#website"},"datePublished":"2026-03-17T16:01:33+00:00","dateModified":"2026-03-17T16:01:33+00:00","description":"Feira da Vivi acontece no pr\u00f3ximo s\u00e1bado, 21, em Porto Alegre, com artesanato, cultura e a\u00e7\u00f5es voltadas \u00e0 autonomia feminina. Evento tem entrada gratuita.","breadcrumb":{"@id":"https:\/\/jornaltimoneiro.com.br\/index.php\/2026\/03\/17\/feira-da-vivi-porto-alegre-marco-autonomia-feminina\/#breadcrumb"},"inLanguage":"pt-BR","potentialAction":[{"@type":"ReadAction","target":["https:\/\/jornaltimoneiro.com.br\/index.php\/2026\/03\/17\/feira-da-vivi-porto-alegre-marco-autonomia-feminina\/"]}]},{"@type":"BreadcrumbList","@id":"https:\/\/jornaltimoneiro.com.br\/index.php\/2026\/03\/17\/feira-da-vivi-porto-alegre-marco-autonomia-feminina\/#breadcrumb","itemListElement":[{"@type":"ListItem","position":1,"name":"In\u00edcio","item":"https:\/\/jornaltimoneiro.com.br\/"},{"@type":"ListItem","position":2,"name":"Feira da Vivi de economia solid\u00e1ria feminina tem nova edi\u00e7\u00e3o no s\u00e1bado, 21, em Porto Alegre"}]},{"@type":"WebSite","@id":"https:\/\/jornaltimoneiro.com.br\/#website","url":"https:\/\/jornaltimoneiro.com.br\/","name":"Jornal Timoneiro Canoas RS","description":"Jornal O Timoneiro, o verdadeiro jornal de Canoas","publisher":{"@id":"https:\/\/jornaltimoneiro.com.br\/#organization"},"potentialAction":[{"@type":"SearchAction","target":{"@type":"EntryPoint","urlTemplate":"https:\/\/jornaltimoneiro.com.br\/?s={search_term_string}"},"query-input":"required name=search_term_string"}],"inLanguage":"pt-BR"},{"@type":"Organization","@id":"https:\/\/jornaltimoneiro.com.br\/#organization","name":"Jornal Timoneiro Canoas RS","url":"https:\/\/jornaltimoneiro.com.br\/","logo":{"@type":"ImageObject","inLanguage":"pt-BR","@id":"https:\/\/jornaltimoneiro.com.br\/#\/schema\/logo\/image\/","url":"https:\/\/jornaltimoneiro.com.br\/wp-content\/uploads\/2023\/03\/logonovo.png","contentUrl":"https:\/\/jornaltimoneiro.com.br\/wp-content\/uploads\/2023\/03\/logonovo.png","width":"469","height":"171","caption":"Jornal Timoneiro Canoas RS"},"image":{"@id":"https:\/\/jornaltimoneiro.com.br\/#\/schema\/logo\/image\/"},"sameAs":["https:\/\/www.facebook.com\/jornaltimoneiro","https:\/\/twitter.com\/_OTimoneiro","https:\/\/www.instagram.com\/jornaltimoneirocanoas\/","https:\/\/www.youtube.com\/@jornalotimoneiro7927"]},{"@type":"Person","@id":"https:\/\/jornaltimoneiro.com.br\/#\/schema\/person\/f63482f1a02b1a9592707865e509ab40","name":"Reda\u00e7\u00e3o","image":{"@type":"ImageObject","inLanguage":"pt-BR","@id":"https:\/\/jornaltimoneiro.com.br\/#\/schema\/person\/image\/","url":"https:\/\/jornaltimoneiro.com.br\/wp-content\/uploads\/2023\/03\/download.jpeg","contentUrl":"https:\/\/jornaltimoneiro.com.br\/wp-content\/uploads\/2023\/03\/download.jpeg","caption":"Reda\u00e7\u00e3o"},"url":"https:\/\/jornaltimoneiro.com.br\/index.php\/author\/simone-dutra\/"}]}},"_links":{"self":[{"href":"https:\/\/jornaltimoneiro.com.br\/index.php\/wp-json\/wp\/v2\/posts\/39606"}],"collection":[{"href":"https:\/\/jornaltimoneiro.com.br\/index.php\/wp-json\/wp\/v2\/posts"}],"about":[{"href":"https:\/\/jornaltimoneiro.com.br\/index.php\/wp-json\/wp\/v2\/types\/post"}],"author":[{"embeddable":true,"href":"https:\/\/jornaltimoneiro.com.br\/index.php\/wp-json\/wp\/v2\/users\/2"}],"replies":[{"embeddable":true,"href":"https:\/\/jornaltimoneiro.com.br\/index.php\/wp-json\/wp\/v2\/comments?post=39606"}],"version-history":[{"count":1,"href":"https:\/\/jornaltimoneiro.com.br\/index.php\/wp-json\/wp\/v2\/posts\/39606\/revisions"}],"predecessor-version":[{"id":39608,"href":"https:\/\/jornaltimoneiro.com.br\/index.php\/wp-json\/wp\/v2\/posts\/39606\/revisions\/39608"}],"wp:featuredmedia":[{"embeddable":true,"href":"https:\/\/jornaltimoneiro.com.br\/index.php\/wp-json\/wp\/v2\/media\/39607"}],"wp:attachment":[{"href":"https:\/\/jornaltimoneiro.com.br\/index.php\/wp-json\/wp\/v2\/media?parent=39606"}],"wp:term":[{"taxonomy":"category","embeddable":true,"href":"https:\/\/jornaltimoneiro.com.br\/index.php\/wp-json\/wp\/v2\/categories?post=39606"},{"taxonomy":"post_tag","embeddable":true,"href":"https:\/\/jornaltimoneiro.com.br\/index.php\/wp-json\/wp\/v2\/tags?post=39606"}],"curies":[{"name":"wp","href":"https:\/\/api.w.org\/{rel}","templated":true}]}}