{"id":39598,"date":"2026-03-17T06:58:42","date_gmt":"2026-03-17T09:58:42","guid":{"rendered":"https:\/\/jornaltimoneiro.com.br\/?p=39598"},"modified":"2026-03-17T06:58:42","modified_gmt":"2026-03-17T09:58:42","slug":"prazo-declaracao-imposto-de-renda-2026","status":"publish","type":"post","link":"https:\/\/jornaltimoneiro.com.br\/index.php\/2026\/03\/17\/prazo-declaracao-imposto-de-renda-2026\/","title":{"rendered":"Receita Federal abre prazo para declara\u00e7\u00e3o do Imposto de Renda 2026; saiba quem deve declarar"},"content":{"rendered":"<p><span data-contrast=\"auto\">A Receita Federal anunciou na segunda-feira, 16, que a declara\u00e7\u00e3o do Imposto de Renda de 2026, referente ao ano-base 2025, poder\u00e1 ser entregue entre 23 de mar\u00e7o e 29 de maio. O prazo consta no Di\u00e1rio Oficial da Uni\u00e3o.<\/span><span data-ccp-props=\"{&quot;134233117&quot;:false,&quot;134233118&quot;:false,&quot;335551550&quot;:0,&quot;335551620&quot;:0,&quot;335559738&quot;:240,&quot;335559739&quot;:240}\">\u00a0<\/span><\/p>\n<p><span data-contrast=\"auto\">Quem perder o prazo estar\u00e1 sujeito a multa m\u00ednima de R$ 165,74, podendo chegar a 20% do imposto devido. As mudan\u00e7as na faixa de isen\u00e7\u00e3o e redu\u00e7\u00e3o do imposto para quem recebe at\u00e9 R$ 7,35 mil n\u00e3o valem para a declara\u00e7\u00e3o deste ano, apenas para 2027.<\/span><span data-ccp-props=\"{&quot;134233117&quot;:false,&quot;134233118&quot;:false,&quot;335551550&quot;:0,&quot;335551620&quot;:0,&quot;335559738&quot;:240,&quot;335559739&quot;:240}\">\u00a0<\/span><\/p>\n<p><span data-contrast=\"auto\">A Receita lembra que \u00e9 poss\u00edvel optar pelo desconto simplificado de 20% sobre os rendimentos tribut\u00e1veis, limitado a R$ 16.754,34. A entrega pode ser feita pela internet, pelo programa de transmiss\u00e3o, ou presencialmente em m\u00eddia remov\u00edvel nas unidades da Receita.<\/span><span data-ccp-props=\"{&quot;134233117&quot;:false,&quot;134233118&quot;:false,&quot;335551550&quot;:0,&quot;335551620&quot;:0,&quot;335559738&quot;:240,&quot;335559739&quot;:240}\">\u00a0<\/span><\/p>\n<p><span data-contrast=\"auto\">Quem tiver imposto a pagar pode parcelar em at\u00e9 oito vezes, desde que cada parcela seja superior a R$ 50. Valores abaixo de R$ 100 devem ser pagos em cota \u00fanica, com op\u00e7\u00e3o de d\u00e9bito autom\u00e1tico.<\/span><span data-ccp-props=\"{&quot;134233117&quot;:false,&quot;134233118&quot;:false,&quot;335551550&quot;:0,&quot;335551620&quot;:0,&quot;335559738&quot;:240,&quot;335559739&quot;:240}\">\u00a0<\/span><\/p>\n<p><span data-contrast=\"auto\">Em 2025, 45,64 milh\u00f5es de pessoas f\u00edsicas declararam o IR, cerca de 41% da popula\u00e7\u00e3o economicamente ativa, segundo dados do IBGE.<\/span><span data-ccp-props=\"{&quot;134233117&quot;:false,&quot;134233118&quot;:false,&quot;335551550&quot;:0,&quot;335551620&quot;:0,&quot;335559738&quot;:240,&quot;335559739&quot;:240}\">\u00a0<\/span><\/p>\n<h4><b><span data-contrast=\"auto\">Quem deve declarar<\/span><\/b><span data-ccp-props=\"{&quot;134233117&quot;:false,&quot;134233118&quot;:false,&quot;335551550&quot;:0,&quot;335551620&quot;:0,&quot;335559738&quot;:240,&quot;335559739&quot;:240}\">\u00a0<\/span><\/h4>\n<p><span data-contrast=\"auto\">Rendimentos tribut\u00e1veis acima de R$ 35.584 no ano.<\/span><span data-ccp-props=\"{&quot;134233117&quot;:false,&quot;134233118&quot;:false,&quot;335551550&quot;:0,&quot;335551620&quot;:0,&quot;335559738&quot;:240,&quot;335559739&quot;:240}\">\u00a0<\/span><\/p>\n<p><span data-contrast=\"auto\">Rendimentos isentos, n\u00e3o tribut\u00e1veis ou tributados na fonte acima de R$ 200 mil.<\/span><span data-ccp-props=\"{&quot;134233117&quot;:false,&quot;134233118&quot;:false,&quot;335551550&quot;:0,&quot;335551620&quot;:0,&quot;335559738&quot;:240,&quot;335559739&quot;:240}\">\u00a0<\/span><\/p>\n<p><span data-contrast=\"auto\">Ganhos de capital, opera\u00e7\u00f5es em bolsa ou venda de im\u00f3veis com isen\u00e7\u00e3o parcial.<\/span><span data-ccp-props=\"{&quot;134233117&quot;:false,&quot;134233118&quot;:false,&quot;335551550&quot;:0,&quot;335551620&quot;:0,&quot;335559738&quot;:240,&quot;335559739&quot;:240}\">\u00a0<\/span><\/p>\n<p><span data-contrast=\"auto\">Receita bruta superior a R$ 177.920 em atividade rural.<\/span><span data-ccp-props=\"{&quot;134233117&quot;:false,&quot;134233118&quot;:false,&quot;335551550&quot;:0,&quot;335551620&quot;:0,&quot;335559738&quot;:240,&quot;335559739&quot;:240}\">\u00a0<\/span><\/p>\n<p><span data-contrast=\"auto\">Bens ou direitos acima de R$ 800 mil at\u00e9 31\/12\/2025.<\/span><span data-ccp-props=\"{&quot;134233117&quot;:false,&quot;134233118&quot;:false,&quot;335551550&quot;:0,&quot;335551620&quot;:0,&quot;335559738&quot;:240,&quot;335559739&quot;:240}\">\u00a0<\/span><\/p>\n<p><span data-contrast=\"auto\">Novos residentes no Brasil ou quem possui bens e direitos no exterior, inclusive trusts.<\/span><span data-ccp-props=\"{&quot;134233117&quot;:false,&quot;134233118&quot;:false,&quot;335551550&quot;:0,&quot;335551620&quot;:0,&quot;335559738&quot;:240,&quot;335559739&quot;:240}\">\u00a0<\/span><\/p>\n<p><span data-contrast=\"auto\">Atualiza\u00e7\u00f5es de bens im\u00f3veis com ganho de capital diferenciado em 2025.<\/span><span data-ccp-props=\"{&quot;134233117&quot;:false,&quot;134233118&quot;:false,&quot;335551550&quot;:0,&quot;335551620&quot;:0,&quot;335559738&quot;:240,&quot;335559739&quot;:240}\">\u00a0<\/span><\/p>\n<p><b><span data-contrast=\"auto\">Como declarar<\/span><\/b><br \/>\n<span data-contrast=\"auto\">A declara\u00e7\u00e3o pode ser feita pelo Programa Gerador de Declara\u00e7\u00e3o (PGD), pelo servi\u00e7o \u201cMeu Imposto de Renda\u201d no site da Receita ou em aplicativo para Android e iOS, mediante autentica\u00e7\u00e3o na conta gov.br. Alguns casos espec\u00edficos, como ganhos de capital no exterior, n\u00e3o podem ser declarados pelo aplicativo.<\/span><span data-ccp-props=\"{&quot;134233117&quot;:false,&quot;134233118&quot;:false,&quot;335551550&quot;:0,&quot;335551620&quot;:0,&quot;335559738&quot;:240,&quot;335559739&quot;:240}\">\u00a0<\/span><\/p>\n<h4><b><span data-contrast=\"auto\">Documentos necess\u00e1rios<\/span><\/b><span data-ccp-props=\"{&quot;134233117&quot;:false,&quot;134233118&quot;:false,&quot;335551550&quot;:0,&quot;335551620&quot;:0,&quot;335559738&quot;:240,&quot;335559739&quot;:240}\">\u00a0<\/span><\/h4>\n<p><span data-contrast=\"auto\">Informes de rendimentos de sal\u00e1rios, aposentadoria, alugu\u00e9is, bancos, corretoras e previd\u00eancia privada.<\/span><span data-ccp-props=\"{&quot;134233117&quot;:false,&quot;134233118&quot;:false,&quot;335551550&quot;:0,&quot;335551620&quot;:0,&quot;335559738&quot;:240,&quot;335559739&quot;:240}\">\u00a0<\/span><\/p>\n<p><span data-contrast=\"auto\">Comprovantes de pagamentos e dedu\u00e7\u00f5es com sa\u00fade, educa\u00e7\u00e3o, doa\u00e7\u00f5es e previd\u00eancia.<\/span><span data-ccp-props=\"{&quot;134233117&quot;:false,&quot;134233118&quot;:false,&quot;335551550&quot;:0,&quot;335551620&quot;:0,&quot;335559738&quot;:240,&quot;335559739&quot;:240}\">\u00a0<\/span><\/p>\n<p><span data-contrast=\"auto\">Documentos de bens e direitos, como ve\u00edculos, im\u00f3veis, a\u00e7\u00f5es, criptoativos e moedas estrangeiras.<\/span><span data-ccp-props=\"{&quot;134233117&quot;:false,&quot;134233118&quot;:false,&quot;335551550&quot;:0,&quot;335551620&quot;:0,&quot;335559738&quot;:240,&quot;335559739&quot;:240}\">\u00a0<\/span><\/p>\n<p><span data-contrast=\"auto\">Informa\u00e7\u00f5es pessoais, dependentes, endere\u00e7o atualizado e dados banc\u00e1rios para restitui\u00e7\u00e3o ou d\u00e9bito.<\/span><span data-ccp-props=\"{&quot;134233117&quot;:false,&quot;134233118&quot;:false,&quot;335551550&quot;:0,&quot;335551620&quot;:0,&quot;335559738&quot;:240,&quot;335559739&quot;:240}\">\u00a0<\/span><\/p>\n","protected":false},"excerpt":{"rendered":"<p>A Receita Federal anunciou na segunda-feira, 16, que a declara\u00e7\u00e3o do Imposto de Renda de 2026, referente ao ano-base 2025, poder\u00e1 ser entregue entre 23 de mar\u00e7o e 29 de maio. O prazo consta no Di\u00e1rio Oficial da Uni\u00e3o.\u00a0 Quem perder o prazo estar\u00e1 sujeito a multa m\u00ednima de R$ 165,74, podendo chegar a 20% [&hellip;]<\/p>\n","protected":false},"author":2,"featured_media":39599,"comment_status":"open","ping_status":"open","sticky":false,"template":"","format":"standard","meta":{"amp_status":"","footnotes":""},"categories":[3766],"tags":[31,4250,190,2365],"class_list":["post-39598","post","type-post","status-publish","format-standard","has-post-thumbnail","hentry","category-fazenda","tag-canoas","tag-declaracao-anual","tag-featured","tag-imposto-de-renda"],"yoast_head":"<!-- This site is optimized with the Yoast SEO plugin v20.5 - https:\/\/yoast.com\/wordpress\/plugins\/seo\/ -->\n<title>Receita Federal abre prazo para declara\u00e7\u00e3o do Imposto de Renda 2026; saiba quem deve declarar - O Timoneiro Jornal Canoas RS<\/title>\n<meta name=\"description\" content=\"Prazo para entregar a declara\u00e7\u00e3o do Imposto de Renda 2026 vai de 23 de mar\u00e7o a 29 de maio. Veja quem deve declarar, como fazer e documentos necess\u00e1rios.\" \/>\n<meta name=\"robots\" content=\"index, follow, max-snippet:-1, max-image-preview:large, max-video-preview:-1\" \/>\n<link rel=\"canonical\" href=\"https:\/\/jornaltimoneiro.com.br\/index.php\/2026\/03\/17\/prazo-declaracao-imposto-de-renda-2026\/\" \/>\n<meta property=\"og:locale\" content=\"pt_BR\" \/>\n<meta property=\"og:type\" content=\"article\" \/>\n<meta property=\"og:title\" content=\"Receita Federal abre prazo para declara\u00e7\u00e3o do Imposto de Renda 2026; saiba quem deve declarar - O Timoneiro Jornal Canoas RS\" \/>\n<meta property=\"og:description\" content=\"Prazo para entregar a declara\u00e7\u00e3o do Imposto de Renda 2026 vai de 23 de mar\u00e7o a 29 de maio. Veja quem deve declarar, como fazer e documentos necess\u00e1rios.\" \/>\n<meta property=\"og:url\" content=\"https:\/\/jornaltimoneiro.com.br\/index.php\/2026\/03\/17\/prazo-declaracao-imposto-de-renda-2026\/\" \/>\n<meta property=\"og:site_name\" content=\"O Timoneiro Jornal Canoas RS\" \/>\n<meta property=\"article:publisher\" content=\"https:\/\/www.facebook.com\/jornaltimoneiro\" \/>\n<meta property=\"article:published_time\" content=\"2026-03-17T09:58:42+00:00\" \/>\n<meta property=\"og:image\" content=\"https:\/\/jornaltimoneiro.com.br\/wp-content\/uploads\/2026\/03\/2f14a542-fcdd-4f96-b54d-e612e2d9d257.jpeg\" \/>\n\t<meta property=\"og:image:width\" content=\"768\" \/>\n\t<meta property=\"og:image:height\" content=\"512\" \/>\n\t<meta property=\"og:image:type\" content=\"image\/jpeg\" \/>\n<meta name=\"author\" content=\"Reda\u00e7\u00e3o\" \/>\n<meta name=\"twitter:card\" content=\"summary_large_image\" \/>\n<meta name=\"twitter:creator\" content=\"@_OTimoneiro\" \/>\n<meta name=\"twitter:site\" content=\"@_OTimoneiro\" \/>\n<meta name=\"twitter:label1\" content=\"Escrito por\" \/>\n\t<meta name=\"twitter:data1\" content=\"Reda\u00e7\u00e3o\" \/>\n\t<meta name=\"twitter:label2\" content=\"Est. tempo de leitura\" \/>\n\t<meta name=\"twitter:data2\" content=\"3 minutos\" \/>\n<script type=\"application\/ld+json\" class=\"yoast-schema-graph\">{\"@context\":\"https:\/\/schema.org\",\"@graph\":[{\"@type\":\"Article\",\"@id\":\"https:\/\/jornaltimoneiro.com.br\/index.php\/2026\/03\/17\/prazo-declaracao-imposto-de-renda-2026\/#article\",\"isPartOf\":{\"@id\":\"https:\/\/jornaltimoneiro.com.br\/index.php\/2026\/03\/17\/prazo-declaracao-imposto-de-renda-2026\/\"},\"author\":{\"name\":\"Reda\u00e7\u00e3o\",\"@id\":\"https:\/\/jornaltimoneiro.com.br\/#\/schema\/person\/f63482f1a02b1a9592707865e509ab40\"},\"headline\":\"Receita Federal abre prazo para declara\u00e7\u00e3o do Imposto de Renda 2026; saiba quem deve declarar\",\"datePublished\":\"2026-03-17T09:58:42+00:00\",\"dateModified\":\"2026-03-17T09:58:42+00:00\",\"mainEntityOfPage\":{\"@id\":\"https:\/\/jornaltimoneiro.com.br\/index.php\/2026\/03\/17\/prazo-declaracao-imposto-de-renda-2026\/\"},\"wordCount\":408,\"commentCount\":0,\"publisher\":{\"@id\":\"https:\/\/jornaltimoneiro.com.br\/#organization\"},\"keywords\":[\"canoas\",\"declara\u00e7\u00e3o anual\",\"featured\",\"imposto de renda\"],\"articleSection\":[\"Fazenda\"],\"inLanguage\":\"pt-BR\",\"potentialAction\":[{\"@type\":\"CommentAction\",\"name\":\"Comment\",\"target\":[\"https:\/\/jornaltimoneiro.com.br\/index.php\/2026\/03\/17\/prazo-declaracao-imposto-de-renda-2026\/#respond\"]}]},{\"@type\":\"WebPage\",\"@id\":\"https:\/\/jornaltimoneiro.com.br\/index.php\/2026\/03\/17\/prazo-declaracao-imposto-de-renda-2026\/\",\"url\":\"https:\/\/jornaltimoneiro.com.br\/index.php\/2026\/03\/17\/prazo-declaracao-imposto-de-renda-2026\/\",\"name\":\"Receita Federal abre prazo para declara\u00e7\u00e3o do Imposto de Renda 2026; saiba quem deve declarar - O Timoneiro Jornal Canoas RS\",\"isPartOf\":{\"@id\":\"https:\/\/jornaltimoneiro.com.br\/#website\"},\"datePublished\":\"2026-03-17T09:58:42+00:00\",\"dateModified\":\"2026-03-17T09:58:42+00:00\",\"description\":\"Prazo para entregar a declara\u00e7\u00e3o do Imposto de Renda 2026 vai de 23 de mar\u00e7o a 29 de maio. Veja quem deve declarar, como fazer e documentos necess\u00e1rios.\",\"breadcrumb\":{\"@id\":\"https:\/\/jornaltimoneiro.com.br\/index.php\/2026\/03\/17\/prazo-declaracao-imposto-de-renda-2026\/#breadcrumb\"},\"inLanguage\":\"pt-BR\",\"potentialAction\":[{\"@type\":\"ReadAction\",\"target\":[\"https:\/\/jornaltimoneiro.com.br\/index.php\/2026\/03\/17\/prazo-declaracao-imposto-de-renda-2026\/\"]}]},{\"@type\":\"BreadcrumbList\",\"@id\":\"https:\/\/jornaltimoneiro.com.br\/index.php\/2026\/03\/17\/prazo-declaracao-imposto-de-renda-2026\/#breadcrumb\",\"itemListElement\":[{\"@type\":\"ListItem\",\"position\":1,\"name\":\"In\u00edcio\",\"item\":\"https:\/\/jornaltimoneiro.com.br\/\"},{\"@type\":\"ListItem\",\"position\":2,\"name\":\"Receita Federal abre prazo para declara\u00e7\u00e3o do Imposto de Renda 2026; saiba quem deve declarar\"}]},{\"@type\":\"WebSite\",\"@id\":\"https:\/\/jornaltimoneiro.com.br\/#website\",\"url\":\"https:\/\/jornaltimoneiro.com.br\/\",\"name\":\"Jornal Timoneiro Canoas RS\",\"description\":\"Jornal O Timoneiro, o verdadeiro jornal de Canoas\",\"publisher\":{\"@id\":\"https:\/\/jornaltimoneiro.com.br\/#organization\"},\"potentialAction\":[{\"@type\":\"SearchAction\",\"target\":{\"@type\":\"EntryPoint\",\"urlTemplate\":\"https:\/\/jornaltimoneiro.com.br\/?s={search_term_string}\"},\"query-input\":\"required name=search_term_string\"}],\"inLanguage\":\"pt-BR\"},{\"@type\":\"Organization\",\"@id\":\"https:\/\/jornaltimoneiro.com.br\/#organization\",\"name\":\"Jornal Timoneiro Canoas RS\",\"url\":\"https:\/\/jornaltimoneiro.com.br\/\",\"logo\":{\"@type\":\"ImageObject\",\"inLanguage\":\"pt-BR\",\"@id\":\"https:\/\/jornaltimoneiro.com.br\/#\/schema\/logo\/image\/\",\"url\":\"https:\/\/jornaltimoneiro.com.br\/wp-content\/uploads\/2023\/03\/logonovo.png\",\"contentUrl\":\"https:\/\/jornaltimoneiro.com.br\/wp-content\/uploads\/2023\/03\/logonovo.png\",\"width\":\"469\",\"height\":\"171\",\"caption\":\"Jornal Timoneiro Canoas RS\"},\"image\":{\"@id\":\"https:\/\/jornaltimoneiro.com.br\/#\/schema\/logo\/image\/\"},\"sameAs\":[\"https:\/\/www.facebook.com\/jornaltimoneiro\",\"https:\/\/twitter.com\/_OTimoneiro\",\"https:\/\/www.instagram.com\/jornaltimoneirocanoas\/\",\"https:\/\/www.youtube.com\/@jornalotimoneiro7927\"]},{\"@type\":\"Person\",\"@id\":\"https:\/\/jornaltimoneiro.com.br\/#\/schema\/person\/f63482f1a02b1a9592707865e509ab40\",\"name\":\"Reda\u00e7\u00e3o\",\"image\":{\"@type\":\"ImageObject\",\"inLanguage\":\"pt-BR\",\"@id\":\"https:\/\/jornaltimoneiro.com.br\/#\/schema\/person\/image\/\",\"url\":\"https:\/\/jornaltimoneiro.com.br\/wp-content\/uploads\/2023\/03\/download.jpeg\",\"contentUrl\":\"https:\/\/jornaltimoneiro.com.br\/wp-content\/uploads\/2023\/03\/download.jpeg\",\"caption\":\"Reda\u00e7\u00e3o\"},\"url\":\"https:\/\/jornaltimoneiro.com.br\/index.php\/author\/simone-dutra\/\"}]}<\/script>\n<!-- \/ Yoast SEO plugin. -->","yoast_head_json":{"title":"Receita Federal abre prazo para declara\u00e7\u00e3o do Imposto de Renda 2026; saiba quem deve declarar - O Timoneiro Jornal Canoas RS","description":"Prazo para entregar a declara\u00e7\u00e3o do Imposto de Renda 2026 vai de 23 de mar\u00e7o a 29 de maio. Veja quem deve declarar, como fazer e documentos necess\u00e1rios.","robots":{"index":"index","follow":"follow","max-snippet":"max-snippet:-1","max-image-preview":"max-image-preview:large","max-video-preview":"max-video-preview:-1"},"canonical":"https:\/\/jornaltimoneiro.com.br\/index.php\/2026\/03\/17\/prazo-declaracao-imposto-de-renda-2026\/","og_locale":"pt_BR","og_type":"article","og_title":"Receita Federal abre prazo para declara\u00e7\u00e3o do Imposto de Renda 2026; saiba quem deve declarar - O Timoneiro Jornal Canoas RS","og_description":"Prazo para entregar a declara\u00e7\u00e3o do Imposto de Renda 2026 vai de 23 de mar\u00e7o a 29 de maio. Veja quem deve declarar, como fazer e documentos necess\u00e1rios.","og_url":"https:\/\/jornaltimoneiro.com.br\/index.php\/2026\/03\/17\/prazo-declaracao-imposto-de-renda-2026\/","og_site_name":"O Timoneiro Jornal Canoas RS","article_publisher":"https:\/\/www.facebook.com\/jornaltimoneiro","article_published_time":"2026-03-17T09:58:42+00:00","og_image":[{"width":"768","height":"512","url":"https:\/\/jornaltimoneiro.com.br\/wp-content\/uploads\/2026\/03\/2f14a542-fcdd-4f96-b54d-e612e2d9d257.jpeg","type":"image\/jpeg"}],"author":"Reda\u00e7\u00e3o","twitter_card":"summary_large_image","twitter_creator":"@_OTimoneiro","twitter_site":"@_OTimoneiro","twitter_misc":{"Escrito por":"Reda\u00e7\u00e3o","Est. tempo de leitura":"3 minutos"},"schema":{"@context":"https:\/\/schema.org","@graph":[{"@type":"Article","@id":"https:\/\/jornaltimoneiro.com.br\/index.php\/2026\/03\/17\/prazo-declaracao-imposto-de-renda-2026\/#article","isPartOf":{"@id":"https:\/\/jornaltimoneiro.com.br\/index.php\/2026\/03\/17\/prazo-declaracao-imposto-de-renda-2026\/"},"author":{"name":"Reda\u00e7\u00e3o","@id":"https:\/\/jornaltimoneiro.com.br\/#\/schema\/person\/f63482f1a02b1a9592707865e509ab40"},"headline":"Receita Federal abre prazo para declara\u00e7\u00e3o do Imposto de Renda 2026; saiba quem deve declarar","datePublished":"2026-03-17T09:58:42+00:00","dateModified":"2026-03-17T09:58:42+00:00","mainEntityOfPage":{"@id":"https:\/\/jornaltimoneiro.com.br\/index.php\/2026\/03\/17\/prazo-declaracao-imposto-de-renda-2026\/"},"wordCount":408,"commentCount":0,"publisher":{"@id":"https:\/\/jornaltimoneiro.com.br\/#organization"},"keywords":["canoas","declara\u00e7\u00e3o anual","featured","imposto de renda"],"articleSection":["Fazenda"],"inLanguage":"pt-BR","potentialAction":[{"@type":"CommentAction","name":"Comment","target":["https:\/\/jornaltimoneiro.com.br\/index.php\/2026\/03\/17\/prazo-declaracao-imposto-de-renda-2026\/#respond"]}]},{"@type":"WebPage","@id":"https:\/\/jornaltimoneiro.com.br\/index.php\/2026\/03\/17\/prazo-declaracao-imposto-de-renda-2026\/","url":"https:\/\/jornaltimoneiro.com.br\/index.php\/2026\/03\/17\/prazo-declaracao-imposto-de-renda-2026\/","name":"Receita Federal abre prazo para declara\u00e7\u00e3o do Imposto de Renda 2026; saiba quem deve declarar - O Timoneiro Jornal Canoas RS","isPartOf":{"@id":"https:\/\/jornaltimoneiro.com.br\/#website"},"datePublished":"2026-03-17T09:58:42+00:00","dateModified":"2026-03-17T09:58:42+00:00","description":"Prazo para entregar a declara\u00e7\u00e3o do Imposto de Renda 2026 vai de 23 de mar\u00e7o a 29 de maio. Veja quem deve declarar, como fazer e documentos necess\u00e1rios.","breadcrumb":{"@id":"https:\/\/jornaltimoneiro.com.br\/index.php\/2026\/03\/17\/prazo-declaracao-imposto-de-renda-2026\/#breadcrumb"},"inLanguage":"pt-BR","potentialAction":[{"@type":"ReadAction","target":["https:\/\/jornaltimoneiro.com.br\/index.php\/2026\/03\/17\/prazo-declaracao-imposto-de-renda-2026\/"]}]},{"@type":"BreadcrumbList","@id":"https:\/\/jornaltimoneiro.com.br\/index.php\/2026\/03\/17\/prazo-declaracao-imposto-de-renda-2026\/#breadcrumb","itemListElement":[{"@type":"ListItem","position":1,"name":"In\u00edcio","item":"https:\/\/jornaltimoneiro.com.br\/"},{"@type":"ListItem","position":2,"name":"Receita Federal abre prazo para declara\u00e7\u00e3o do Imposto de Renda 2026; saiba quem deve declarar"}]},{"@type":"WebSite","@id":"https:\/\/jornaltimoneiro.com.br\/#website","url":"https:\/\/jornaltimoneiro.com.br\/","name":"Jornal Timoneiro Canoas RS","description":"Jornal O Timoneiro, o verdadeiro jornal de Canoas","publisher":{"@id":"https:\/\/jornaltimoneiro.com.br\/#organization"},"potentialAction":[{"@type":"SearchAction","target":{"@type":"EntryPoint","urlTemplate":"https:\/\/jornaltimoneiro.com.br\/?s={search_term_string}"},"query-input":"required name=search_term_string"}],"inLanguage":"pt-BR"},{"@type":"Organization","@id":"https:\/\/jornaltimoneiro.com.br\/#organization","name":"Jornal Timoneiro Canoas RS","url":"https:\/\/jornaltimoneiro.com.br\/","logo":{"@type":"ImageObject","inLanguage":"pt-BR","@id":"https:\/\/jornaltimoneiro.com.br\/#\/schema\/logo\/image\/","url":"https:\/\/jornaltimoneiro.com.br\/wp-content\/uploads\/2023\/03\/logonovo.png","contentUrl":"https:\/\/jornaltimoneiro.com.br\/wp-content\/uploads\/2023\/03\/logonovo.png","width":"469","height":"171","caption":"Jornal Timoneiro Canoas RS"},"image":{"@id":"https:\/\/jornaltimoneiro.com.br\/#\/schema\/logo\/image\/"},"sameAs":["https:\/\/www.facebook.com\/jornaltimoneiro","https:\/\/twitter.com\/_OTimoneiro","https:\/\/www.instagram.com\/jornaltimoneirocanoas\/","https:\/\/www.youtube.com\/@jornalotimoneiro7927"]},{"@type":"Person","@id":"https:\/\/jornaltimoneiro.com.br\/#\/schema\/person\/f63482f1a02b1a9592707865e509ab40","name":"Reda\u00e7\u00e3o","image":{"@type":"ImageObject","inLanguage":"pt-BR","@id":"https:\/\/jornaltimoneiro.com.br\/#\/schema\/person\/image\/","url":"https:\/\/jornaltimoneiro.com.br\/wp-content\/uploads\/2023\/03\/download.jpeg","contentUrl":"https:\/\/jornaltimoneiro.com.br\/wp-content\/uploads\/2023\/03\/download.jpeg","caption":"Reda\u00e7\u00e3o"},"url":"https:\/\/jornaltimoneiro.com.br\/index.php\/author\/simone-dutra\/"}]}},"_links":{"self":[{"href":"https:\/\/jornaltimoneiro.com.br\/index.php\/wp-json\/wp\/v2\/posts\/39598"}],"collection":[{"href":"https:\/\/jornaltimoneiro.com.br\/index.php\/wp-json\/wp\/v2\/posts"}],"about":[{"href":"https:\/\/jornaltimoneiro.com.br\/index.php\/wp-json\/wp\/v2\/types\/post"}],"author":[{"embeddable":true,"href":"https:\/\/jornaltimoneiro.com.br\/index.php\/wp-json\/wp\/v2\/users\/2"}],"replies":[{"embeddable":true,"href":"https:\/\/jornaltimoneiro.com.br\/index.php\/wp-json\/wp\/v2\/comments?post=39598"}],"version-history":[{"count":1,"href":"https:\/\/jornaltimoneiro.com.br\/index.php\/wp-json\/wp\/v2\/posts\/39598\/revisions"}],"predecessor-version":[{"id":39600,"href":"https:\/\/jornaltimoneiro.com.br\/index.php\/wp-json\/wp\/v2\/posts\/39598\/revisions\/39600"}],"wp:featuredmedia":[{"embeddable":true,"href":"https:\/\/jornaltimoneiro.com.br\/index.php\/wp-json\/wp\/v2\/media\/39599"}],"wp:attachment":[{"href":"https:\/\/jornaltimoneiro.com.br\/index.php\/wp-json\/wp\/v2\/media?parent=39598"}],"wp:term":[{"taxonomy":"category","embeddable":true,"href":"https:\/\/jornaltimoneiro.com.br\/index.php\/wp-json\/wp\/v2\/categories?post=39598"},{"taxonomy":"post_tag","embeddable":true,"href":"https:\/\/jornaltimoneiro.com.br\/index.php\/wp-json\/wp\/v2\/tags?post=39598"}],"curies":[{"name":"wp","href":"https:\/\/api.w.org\/{rel}","templated":true}]}}