{"id":39595,"date":"2026-03-17T06:51:47","date_gmt":"2026-03-17T09:51:47","guid":{"rendered":"https:\/\/jornaltimoneiro.com.br\/?p=39595"},"modified":"2026-03-17T06:51:47","modified_gmt":"2026-03-17T09:51:47","slug":"esquenta-carnaval-2026-cortejo-bairros-canoas","status":"publish","type":"post","link":"https:\/\/jornaltimoneiro.com.br\/index.php\/2026\/03\/17\/esquenta-carnaval-2026-cortejo-bairros-canoas\/","title":{"rendered":"Esquenta Carnaval 2026 percorre bairros de Canoas e se prepara para desfile do dia 28 de mar\u00e7o"},"content":{"rendered":"<p><span data-contrast=\"auto\">As ruas de Canoas receberam, na tarde deste s\u00e1bado, 14, o primeiro Esquenta Carnaval 2026. A programa\u00e7\u00e3o serviu como prepara\u00e7\u00e3o para o desfile participativo marcado para o dia 28 de mar\u00e7o, no Parque Eduardo Gomes.<\/span><span data-ccp-props=\"{&quot;134233117&quot;:false,&quot;134233118&quot;:false,&quot;335551550&quot;:0,&quot;335551620&quot;:0,&quot;335559738&quot;:240,&quot;335559739&quot;:240}\">\u00a0<\/span><\/p>\n<p><span data-contrast=\"auto\">Por volta das 17h, um trio el\u00e9trico saiu da quadra da Escola de Samba Unidos do Guajuviras e percorreu diferentes bairros da cidade. O cortejo contou com integrantes da bateria da escola\u00a0e tamb\u00e9m\u00a0da Aquarela do Samba, passando ainda pelos bairros Mathias Velho e Niter\u00f3i.<\/span><span data-ccp-props=\"{&quot;134233117&quot;:false,&quot;134233118&quot;:false,&quot;335551550&quot;:0,&quot;335551620&quot;:0,&quot;335559738&quot;:240,&quot;335559739&quot;:240}\">\u00a0<\/span><\/p>\n<p><span data-contrast=\"auto\">Durante a atividade, representantes do evento destacaram a retomada das a\u00e7\u00f5es relacionadas ao Carnaval no munic\u00edpio.<\/span><span data-ccp-props=\"{&quot;134233117&quot;:false,&quot;134233118&quot;:false,&quot;335551550&quot;:0,&quot;335551620&quot;:0,&quot;335559738&quot;:240,&quot;335559739&quot;:240}\">\u00a0<\/span><\/p>\n<blockquote><p><span data-contrast=\"auto\">\u201cJuntos, unidos, sem soltar a m\u00e3o de ningu\u00e9m, vamos chegar no nosso objetivo que \u00e9 colocar o Carnaval de Canoas no lugar que ele nunca deveria ter sa\u00eddo\u201d, destaca o secret\u00e1rio-adjunto de Cultura, J\u00e9ferson Xavier, o Chico.<\/span><span data-ccp-props=\"{&quot;134233117&quot;:false,&quot;134233118&quot;:false,&quot;335551550&quot;:0,&quot;335551620&quot;:0,&quot;335559738&quot;:240,&quot;335559739&quot;:240}\">\u00a0<\/span><\/p><\/blockquote>\n<p><span data-contrast=\"auto\">Coordenador do Carnaval 2026 e presidente da Escola de Samba Unidos do Guajuviras, M\u00e1rcio Rodrigues explicou que o esquenta teve como proposta apresentar ao p\u00fablico um pouco do que as escolas devem levar para o desfile.<\/span><span data-ccp-props=\"{&quot;134233117&quot;:false,&quot;134233118&quot;:false,&quot;335551550&quot;:0,&quot;335551620&quot;:0,&quot;335559738&quot;:240,&quot;335559739&quot;:240}\">\u00a0<\/span><\/p>\n<blockquote><p><span data-contrast=\"auto\">\u201cPassamos por muitas dificuldades no nosso Munic\u00edpio, mas agora estamos retomando com o Carnaval n\u00e3o competitivo, o nosso Carnaval da reconstru\u00e7\u00e3o. Hoje estamos aqui para fazer uma bel\u00edssima participa\u00e7\u00e3o das nossas escolas na divulga\u00e7\u00e3o da nossa cultura popular e do nosso Carnaval\u201d, diz.<\/span><span data-ccp-props=\"{&quot;134233117&quot;:false,&quot;134233118&quot;:false,&quot;335551550&quot;:0,&quot;335551620&quot;:0,&quot;335559738&quot;:240,&quot;335559739&quot;:240}\">\u00a0<\/span><\/p><\/blockquote>\n<p><span data-contrast=\"auto\">A primeira vice Miss Trans Diversidade RS, Luka Keller, tamb\u00e9m participou da programa\u00e7\u00e3o e ressaltou o significado social do evento.<\/span><span data-ccp-props=\"{&quot;134233117&quot;:false,&quot;134233118&quot;:false,&quot;335551550&quot;:0,&quot;335551620&quot;:0,&quot;335559738&quot;:240,&quot;335559739&quot;:240}\">\u00a0<\/span><\/p>\n<blockquote><p><span data-contrast=\"auto\">\u201cA gente sabe que o Carnaval \u00e9 celebra\u00e7\u00e3o, \u00e9 festa, mas aqui em Canoas vai muito al\u00e9m disso. A gente fala sobre pol\u00edticas p\u00fablicas, sobre o combate \u00e0 transfobia, ao feminic\u00eddio, ao racismo e \u00e0 intoler\u00e2ncia religiosa\u201d, destaca.<\/span><span data-ccp-props=\"{&quot;134233117&quot;:false,&quot;134233118&quot;:false,&quot;335551550&quot;:0,&quot;335551620&quot;:0,&quot;335559738&quot;:240,&quot;335559739&quot;:240}\">\u00a0<\/span><\/p><\/blockquote>\n","protected":false},"excerpt":{"rendered":"<p>As ruas de Canoas receberam, na tarde deste s\u00e1bado, 14, o primeiro Esquenta Carnaval 2026. A programa\u00e7\u00e3o serviu como prepara\u00e7\u00e3o para o desfile participativo marcado para o dia 28 de mar\u00e7o, no Parque Eduardo Gomes.\u00a0 Por volta das 17h, um trio el\u00e9trico saiu da quadra da Escola de Samba Unidos do Guajuviras e percorreu diferentes [&hellip;]<\/p>\n","protected":false},"author":2,"featured_media":39596,"comment_status":"open","ping_status":"open","sticky":false,"template":"","format":"standard","meta":{"amp_status":"","footnotes":""},"categories":[76],"tags":[31,93,116,1783,190],"class_list":["post-39595","post","type-post","status-publish","format-standard","has-post-thumbnail","hentry","category-cultura","tag-canoas","tag-carnaval","tag-cultura","tag-desfile-escolas-de-samba","tag-featured"],"yoast_head":"<!-- This site is optimized with the Yoast SEO plugin v20.5 - https:\/\/yoast.com\/wordpress\/plugins\/seo\/ -->\n<title>Esquenta Carnaval 2026 percorre bairros de Canoas e se prepara para desfile do dia 28 de mar\u00e7o - O Timoneiro Jornal Canoas RS<\/title>\n<meta name=\"description\" content=\"Esquenta Carnaval 2026 leva trio el\u00e9trico e cortejo por bairros de Canoas e antecipa o desfile participativo marcado para o dia 28 de mar\u00e7o no Parque Eduardo Gomes.\" \/>\n<meta name=\"robots\" content=\"index, follow, max-snippet:-1, max-image-preview:large, max-video-preview:-1\" \/>\n<link rel=\"canonical\" href=\"https:\/\/jornaltimoneiro.com.br\/index.php\/2026\/03\/17\/esquenta-carnaval-2026-cortejo-bairros-canoas\/\" \/>\n<meta property=\"og:locale\" content=\"pt_BR\" \/>\n<meta property=\"og:type\" content=\"article\" \/>\n<meta property=\"og:title\" content=\"Esquenta Carnaval 2026 percorre bairros de Canoas e se prepara para desfile do dia 28 de mar\u00e7o - O Timoneiro Jornal Canoas RS\" \/>\n<meta property=\"og:description\" content=\"Esquenta Carnaval 2026 leva trio el\u00e9trico e cortejo por bairros de Canoas e antecipa o desfile participativo marcado para o dia 28 de mar\u00e7o no Parque Eduardo Gomes.\" \/>\n<meta property=\"og:url\" content=\"https:\/\/jornaltimoneiro.com.br\/index.php\/2026\/03\/17\/esquenta-carnaval-2026-cortejo-bairros-canoas\/\" \/>\n<meta property=\"og:site_name\" content=\"O Timoneiro Jornal Canoas RS\" \/>\n<meta property=\"article:publisher\" content=\"https:\/\/www.facebook.com\/jornaltimoneiro\" \/>\n<meta property=\"article:published_time\" content=\"2026-03-17T09:51:47+00:00\" \/>\n<meta property=\"og:image\" content=\"https:\/\/jornaltimoneiro.com.br\/wp-content\/uploads\/2026\/03\/14-03-26-1o-ESQUENTA-CARNAVAL-2026-TRIO-ELETRICO-VINICIUS-THORMANN-20-scaled-1.jpg\" \/>\n\t<meta property=\"og:image:width\" content=\"2560\" \/>\n\t<meta property=\"og:image:height\" content=\"1699\" \/>\n\t<meta property=\"og:image:type\" content=\"image\/jpeg\" \/>\n<meta name=\"author\" content=\"Reda\u00e7\u00e3o\" \/>\n<meta name=\"twitter:card\" content=\"summary_large_image\" \/>\n<meta name=\"twitter:creator\" content=\"@_OTimoneiro\" \/>\n<meta name=\"twitter:site\" content=\"@_OTimoneiro\" \/>\n<meta name=\"twitter:label1\" content=\"Escrito por\" \/>\n\t<meta name=\"twitter:data1\" content=\"Reda\u00e7\u00e3o\" \/>\n\t<meta name=\"twitter:label2\" content=\"Est. tempo de leitura\" \/>\n\t<meta name=\"twitter:data2\" content=\"2 minutos\" \/>\n<script type=\"application\/ld+json\" class=\"yoast-schema-graph\">{\"@context\":\"https:\/\/schema.org\",\"@graph\":[{\"@type\":\"Article\",\"@id\":\"https:\/\/jornaltimoneiro.com.br\/index.php\/2026\/03\/17\/esquenta-carnaval-2026-cortejo-bairros-canoas\/#article\",\"isPartOf\":{\"@id\":\"https:\/\/jornaltimoneiro.com.br\/index.php\/2026\/03\/17\/esquenta-carnaval-2026-cortejo-bairros-canoas\/\"},\"author\":{\"name\":\"Reda\u00e7\u00e3o\",\"@id\":\"https:\/\/jornaltimoneiro.com.br\/#\/schema\/person\/f63482f1a02b1a9592707865e509ab40\"},\"headline\":\"Esquenta Carnaval 2026 percorre bairros de Canoas e se prepara para desfile do dia 28 de mar\u00e7o\",\"datePublished\":\"2026-03-17T09:51:47+00:00\",\"dateModified\":\"2026-03-17T09:51:47+00:00\",\"mainEntityOfPage\":{\"@id\":\"https:\/\/jornaltimoneiro.com.br\/index.php\/2026\/03\/17\/esquenta-carnaval-2026-cortejo-bairros-canoas\/\"},\"wordCount\":308,\"commentCount\":0,\"publisher\":{\"@id\":\"https:\/\/jornaltimoneiro.com.br\/#organization\"},\"keywords\":[\"canoas\",\"Carnaval\",\"cultura\",\"desfile escolas de samba\",\"featured\"],\"articleSection\":[\"Cultura\"],\"inLanguage\":\"pt-BR\",\"potentialAction\":[{\"@type\":\"CommentAction\",\"name\":\"Comment\",\"target\":[\"https:\/\/jornaltimoneiro.com.br\/index.php\/2026\/03\/17\/esquenta-carnaval-2026-cortejo-bairros-canoas\/#respond\"]}]},{\"@type\":\"WebPage\",\"@id\":\"https:\/\/jornaltimoneiro.com.br\/index.php\/2026\/03\/17\/esquenta-carnaval-2026-cortejo-bairros-canoas\/\",\"url\":\"https:\/\/jornaltimoneiro.com.br\/index.php\/2026\/03\/17\/esquenta-carnaval-2026-cortejo-bairros-canoas\/\",\"name\":\"Esquenta Carnaval 2026 percorre bairros de Canoas e se prepara para desfile do dia 28 de mar\u00e7o - O Timoneiro Jornal Canoas RS\",\"isPartOf\":{\"@id\":\"https:\/\/jornaltimoneiro.com.br\/#website\"},\"datePublished\":\"2026-03-17T09:51:47+00:00\",\"dateModified\":\"2026-03-17T09:51:47+00:00\",\"description\":\"Esquenta Carnaval 2026 leva trio el\u00e9trico e cortejo por bairros de Canoas e antecipa o desfile participativo marcado para o dia 28 de mar\u00e7o no Parque Eduardo Gomes.\",\"breadcrumb\":{\"@id\":\"https:\/\/jornaltimoneiro.com.br\/index.php\/2026\/03\/17\/esquenta-carnaval-2026-cortejo-bairros-canoas\/#breadcrumb\"},\"inLanguage\":\"pt-BR\",\"potentialAction\":[{\"@type\":\"ReadAction\",\"target\":[\"https:\/\/jornaltimoneiro.com.br\/index.php\/2026\/03\/17\/esquenta-carnaval-2026-cortejo-bairros-canoas\/\"]}]},{\"@type\":\"BreadcrumbList\",\"@id\":\"https:\/\/jornaltimoneiro.com.br\/index.php\/2026\/03\/17\/esquenta-carnaval-2026-cortejo-bairros-canoas\/#breadcrumb\",\"itemListElement\":[{\"@type\":\"ListItem\",\"position\":1,\"name\":\"In\u00edcio\",\"item\":\"https:\/\/jornaltimoneiro.com.br\/\"},{\"@type\":\"ListItem\",\"position\":2,\"name\":\"Esquenta Carnaval 2026 percorre bairros de Canoas e se prepara para desfile do dia 28 de mar\u00e7o\"}]},{\"@type\":\"WebSite\",\"@id\":\"https:\/\/jornaltimoneiro.com.br\/#website\",\"url\":\"https:\/\/jornaltimoneiro.com.br\/\",\"name\":\"Jornal Timoneiro Canoas RS\",\"description\":\"Jornal O Timoneiro, o verdadeiro jornal de Canoas\",\"publisher\":{\"@id\":\"https:\/\/jornaltimoneiro.com.br\/#organization\"},\"potentialAction\":[{\"@type\":\"SearchAction\",\"target\":{\"@type\":\"EntryPoint\",\"urlTemplate\":\"https:\/\/jornaltimoneiro.com.br\/?s={search_term_string}\"},\"query-input\":\"required name=search_term_string\"}],\"inLanguage\":\"pt-BR\"},{\"@type\":\"Organization\",\"@id\":\"https:\/\/jornaltimoneiro.com.br\/#organization\",\"name\":\"Jornal Timoneiro Canoas RS\",\"url\":\"https:\/\/jornaltimoneiro.com.br\/\",\"logo\":{\"@type\":\"ImageObject\",\"inLanguage\":\"pt-BR\",\"@id\":\"https:\/\/jornaltimoneiro.com.br\/#\/schema\/logo\/image\/\",\"url\":\"https:\/\/jornaltimoneiro.com.br\/wp-content\/uploads\/2023\/03\/logonovo.png\",\"contentUrl\":\"https:\/\/jornaltimoneiro.com.br\/wp-content\/uploads\/2023\/03\/logonovo.png\",\"width\":\"469\",\"height\":\"171\",\"caption\":\"Jornal Timoneiro Canoas RS\"},\"image\":{\"@id\":\"https:\/\/jornaltimoneiro.com.br\/#\/schema\/logo\/image\/\"},\"sameAs\":[\"https:\/\/www.facebook.com\/jornaltimoneiro\",\"https:\/\/twitter.com\/_OTimoneiro\",\"https:\/\/www.instagram.com\/jornaltimoneirocanoas\/\",\"https:\/\/www.youtube.com\/@jornalotimoneiro7927\"]},{\"@type\":\"Person\",\"@id\":\"https:\/\/jornaltimoneiro.com.br\/#\/schema\/person\/f63482f1a02b1a9592707865e509ab40\",\"name\":\"Reda\u00e7\u00e3o\",\"image\":{\"@type\":\"ImageObject\",\"inLanguage\":\"pt-BR\",\"@id\":\"https:\/\/jornaltimoneiro.com.br\/#\/schema\/person\/image\/\",\"url\":\"https:\/\/jornaltimoneiro.com.br\/wp-content\/uploads\/2023\/03\/download.jpeg\",\"contentUrl\":\"https:\/\/jornaltimoneiro.com.br\/wp-content\/uploads\/2023\/03\/download.jpeg\",\"caption\":\"Reda\u00e7\u00e3o\"},\"url\":\"https:\/\/jornaltimoneiro.com.br\/index.php\/author\/simone-dutra\/\"}]}<\/script>\n<!-- \/ Yoast SEO plugin. -->","yoast_head_json":{"title":"Esquenta Carnaval 2026 percorre bairros de Canoas e se prepara para desfile do dia 28 de mar\u00e7o - O Timoneiro Jornal Canoas RS","description":"Esquenta Carnaval 2026 leva trio el\u00e9trico e cortejo por bairros de Canoas e antecipa o desfile participativo marcado para o dia 28 de mar\u00e7o no Parque Eduardo Gomes.","robots":{"index":"index","follow":"follow","max-snippet":"max-snippet:-1","max-image-preview":"max-image-preview:large","max-video-preview":"max-video-preview:-1"},"canonical":"https:\/\/jornaltimoneiro.com.br\/index.php\/2026\/03\/17\/esquenta-carnaval-2026-cortejo-bairros-canoas\/","og_locale":"pt_BR","og_type":"article","og_title":"Esquenta Carnaval 2026 percorre bairros de Canoas e se prepara para desfile do dia 28 de mar\u00e7o - O Timoneiro Jornal Canoas RS","og_description":"Esquenta Carnaval 2026 leva trio el\u00e9trico e cortejo por bairros de Canoas e antecipa o desfile participativo marcado para o dia 28 de mar\u00e7o no Parque Eduardo Gomes.","og_url":"https:\/\/jornaltimoneiro.com.br\/index.php\/2026\/03\/17\/esquenta-carnaval-2026-cortejo-bairros-canoas\/","og_site_name":"O Timoneiro Jornal Canoas RS","article_publisher":"https:\/\/www.facebook.com\/jornaltimoneiro","article_published_time":"2026-03-17T09:51:47+00:00","og_image":[{"width":"2560","height":"1699","url":"https:\/\/jornaltimoneiro.com.br\/wp-content\/uploads\/2026\/03\/14-03-26-1o-ESQUENTA-CARNAVAL-2026-TRIO-ELETRICO-VINICIUS-THORMANN-20-scaled-1.jpg","type":"image\/jpeg"}],"author":"Reda\u00e7\u00e3o","twitter_card":"summary_large_image","twitter_creator":"@_OTimoneiro","twitter_site":"@_OTimoneiro","twitter_misc":{"Escrito por":"Reda\u00e7\u00e3o","Est. tempo de leitura":"2 minutos"},"schema":{"@context":"https:\/\/schema.org","@graph":[{"@type":"Article","@id":"https:\/\/jornaltimoneiro.com.br\/index.php\/2026\/03\/17\/esquenta-carnaval-2026-cortejo-bairros-canoas\/#article","isPartOf":{"@id":"https:\/\/jornaltimoneiro.com.br\/index.php\/2026\/03\/17\/esquenta-carnaval-2026-cortejo-bairros-canoas\/"},"author":{"name":"Reda\u00e7\u00e3o","@id":"https:\/\/jornaltimoneiro.com.br\/#\/schema\/person\/f63482f1a02b1a9592707865e509ab40"},"headline":"Esquenta Carnaval 2026 percorre bairros de Canoas e se prepara para desfile do dia 28 de mar\u00e7o","datePublished":"2026-03-17T09:51:47+00:00","dateModified":"2026-03-17T09:51:47+00:00","mainEntityOfPage":{"@id":"https:\/\/jornaltimoneiro.com.br\/index.php\/2026\/03\/17\/esquenta-carnaval-2026-cortejo-bairros-canoas\/"},"wordCount":308,"commentCount":0,"publisher":{"@id":"https:\/\/jornaltimoneiro.com.br\/#organization"},"keywords":["canoas","Carnaval","cultura","desfile escolas de samba","featured"],"articleSection":["Cultura"],"inLanguage":"pt-BR","potentialAction":[{"@type":"CommentAction","name":"Comment","target":["https:\/\/jornaltimoneiro.com.br\/index.php\/2026\/03\/17\/esquenta-carnaval-2026-cortejo-bairros-canoas\/#respond"]}]},{"@type":"WebPage","@id":"https:\/\/jornaltimoneiro.com.br\/index.php\/2026\/03\/17\/esquenta-carnaval-2026-cortejo-bairros-canoas\/","url":"https:\/\/jornaltimoneiro.com.br\/index.php\/2026\/03\/17\/esquenta-carnaval-2026-cortejo-bairros-canoas\/","name":"Esquenta Carnaval 2026 percorre bairros de Canoas e se prepara para desfile do dia 28 de mar\u00e7o - O Timoneiro Jornal Canoas RS","isPartOf":{"@id":"https:\/\/jornaltimoneiro.com.br\/#website"},"datePublished":"2026-03-17T09:51:47+00:00","dateModified":"2026-03-17T09:51:47+00:00","description":"Esquenta Carnaval 2026 leva trio el\u00e9trico e cortejo por bairros de Canoas e antecipa o desfile participativo marcado para o dia 28 de mar\u00e7o no Parque Eduardo Gomes.","breadcrumb":{"@id":"https:\/\/jornaltimoneiro.com.br\/index.php\/2026\/03\/17\/esquenta-carnaval-2026-cortejo-bairros-canoas\/#breadcrumb"},"inLanguage":"pt-BR","potentialAction":[{"@type":"ReadAction","target":["https:\/\/jornaltimoneiro.com.br\/index.php\/2026\/03\/17\/esquenta-carnaval-2026-cortejo-bairros-canoas\/"]}]},{"@type":"BreadcrumbList","@id":"https:\/\/jornaltimoneiro.com.br\/index.php\/2026\/03\/17\/esquenta-carnaval-2026-cortejo-bairros-canoas\/#breadcrumb","itemListElement":[{"@type":"ListItem","position":1,"name":"In\u00edcio","item":"https:\/\/jornaltimoneiro.com.br\/"},{"@type":"ListItem","position":2,"name":"Esquenta Carnaval 2026 percorre bairros de Canoas e se prepara para desfile do dia 28 de mar\u00e7o"}]},{"@type":"WebSite","@id":"https:\/\/jornaltimoneiro.com.br\/#website","url":"https:\/\/jornaltimoneiro.com.br\/","name":"Jornal Timoneiro Canoas RS","description":"Jornal O Timoneiro, o verdadeiro jornal de Canoas","publisher":{"@id":"https:\/\/jornaltimoneiro.com.br\/#organization"},"potentialAction":[{"@type":"SearchAction","target":{"@type":"EntryPoint","urlTemplate":"https:\/\/jornaltimoneiro.com.br\/?s={search_term_string}"},"query-input":"required name=search_term_string"}],"inLanguage":"pt-BR"},{"@type":"Organization","@id":"https:\/\/jornaltimoneiro.com.br\/#organization","name":"Jornal Timoneiro Canoas RS","url":"https:\/\/jornaltimoneiro.com.br\/","logo":{"@type":"ImageObject","inLanguage":"pt-BR","@id":"https:\/\/jornaltimoneiro.com.br\/#\/schema\/logo\/image\/","url":"https:\/\/jornaltimoneiro.com.br\/wp-content\/uploads\/2023\/03\/logonovo.png","contentUrl":"https:\/\/jornaltimoneiro.com.br\/wp-content\/uploads\/2023\/03\/logonovo.png","width":"469","height":"171","caption":"Jornal Timoneiro Canoas RS"},"image":{"@id":"https:\/\/jornaltimoneiro.com.br\/#\/schema\/logo\/image\/"},"sameAs":["https:\/\/www.facebook.com\/jornaltimoneiro","https:\/\/twitter.com\/_OTimoneiro","https:\/\/www.instagram.com\/jornaltimoneirocanoas\/","https:\/\/www.youtube.com\/@jornalotimoneiro7927"]},{"@type":"Person","@id":"https:\/\/jornaltimoneiro.com.br\/#\/schema\/person\/f63482f1a02b1a9592707865e509ab40","name":"Reda\u00e7\u00e3o","image":{"@type":"ImageObject","inLanguage":"pt-BR","@id":"https:\/\/jornaltimoneiro.com.br\/#\/schema\/person\/image\/","url":"https:\/\/jornaltimoneiro.com.br\/wp-content\/uploads\/2023\/03\/download.jpeg","contentUrl":"https:\/\/jornaltimoneiro.com.br\/wp-content\/uploads\/2023\/03\/download.jpeg","caption":"Reda\u00e7\u00e3o"},"url":"https:\/\/jornaltimoneiro.com.br\/index.php\/author\/simone-dutra\/"}]}},"_links":{"self":[{"href":"https:\/\/jornaltimoneiro.com.br\/index.php\/wp-json\/wp\/v2\/posts\/39595"}],"collection":[{"href":"https:\/\/jornaltimoneiro.com.br\/index.php\/wp-json\/wp\/v2\/posts"}],"about":[{"href":"https:\/\/jornaltimoneiro.com.br\/index.php\/wp-json\/wp\/v2\/types\/post"}],"author":[{"embeddable":true,"href":"https:\/\/jornaltimoneiro.com.br\/index.php\/wp-json\/wp\/v2\/users\/2"}],"replies":[{"embeddable":true,"href":"https:\/\/jornaltimoneiro.com.br\/index.php\/wp-json\/wp\/v2\/comments?post=39595"}],"version-history":[{"count":1,"href":"https:\/\/jornaltimoneiro.com.br\/index.php\/wp-json\/wp\/v2\/posts\/39595\/revisions"}],"predecessor-version":[{"id":39597,"href":"https:\/\/jornaltimoneiro.com.br\/index.php\/wp-json\/wp\/v2\/posts\/39595\/revisions\/39597"}],"wp:featuredmedia":[{"embeddable":true,"href":"https:\/\/jornaltimoneiro.com.br\/index.php\/wp-json\/wp\/v2\/media\/39596"}],"wp:attachment":[{"href":"https:\/\/jornaltimoneiro.com.br\/index.php\/wp-json\/wp\/v2\/media?parent=39595"}],"wp:term":[{"taxonomy":"category","embeddable":true,"href":"https:\/\/jornaltimoneiro.com.br\/index.php\/wp-json\/wp\/v2\/categories?post=39595"},{"taxonomy":"post_tag","embeddable":true,"href":"https:\/\/jornaltimoneiro.com.br\/index.php\/wp-json\/wp\/v2\/tags?post=39595"}],"curies":[{"name":"wp","href":"https:\/\/api.w.org\/{rel}","templated":true}]}}