{"id":39591,"date":"2026-03-17T06:47:43","date_gmt":"2026-03-17T09:47:43","guid":{"rendered":"https:\/\/jornaltimoneiro.com.br\/?p=39591"},"modified":"2026-03-17T06:47:43","modified_gmt":"2026-03-17T09:47:43","slug":"procon-fiscaliza-postos-combustiveis-canoas","status":"publish","type":"post","link":"https:\/\/jornaltimoneiro.com.br\/index.php\/2026\/03\/17\/procon-fiscaliza-postos-combustiveis-canoas\/","title":{"rendered":"Procon Canoas fiscaliza postos de combust\u00edveis ap\u00f3s den\u00fancias de aumento de pre\u00e7os"},"content":{"rendered":"<p><span data-contrast=\"auto\">O Procon Canoas realizou, na \u00faltima sexta-feira, 13, uma opera\u00e7\u00e3o de fiscaliza\u00e7\u00e3o em postos de combust\u00edveis no munic\u00edpio de Canoas. Ao todo, 11 estabelecimentos foram vistoriados pelos fiscais do \u00f3rg\u00e3o, que verificaram documentos relacionados \u00e0 comercializa\u00e7\u00e3o de combust\u00edveis.<\/span><span data-ccp-props=\"{&quot;134233117&quot;:false,&quot;134233118&quot;:false,&quot;335551550&quot;:0,&quot;335551620&quot;:0,&quot;335559738&quot;:240,&quot;335559739&quot;:240}\">\u00a0<\/span><\/p>\n<p><span data-contrast=\"auto\">Durante a a\u00e7\u00e3o, todos os postos foram notificados a apresentar o Livro de Movimenta\u00e7\u00e3o de Combust\u00edveis (LMC), documento obrigat\u00f3rio que registra a entrada e a sa\u00edda dos produtos, al\u00e9m das tr\u00eas \u00faltimas notas fiscais de compra. Os estabelecimentos t\u00eam prazo de at\u00e9 20 dias \u00fateis, a partir do recebimento da notifica\u00e7\u00e3o, para encaminhar a documenta\u00e7\u00e3o ao \u00f3rg\u00e3o para an\u00e1lise.<\/span><span data-ccp-props=\"{&quot;134233117&quot;:false,&quot;134233118&quot;:false,&quot;335551550&quot;:0,&quot;335551620&quot;:0,&quot;335559738&quot;:240,&quot;335559739&quot;:240}\">\u00a0<\/span><\/p>\n<p><span data-contrast=\"auto\">J\u00e1 na segunda-feira, 16, o Procon realizou uma nova fiscaliza\u00e7\u00e3o em conjunto com a Ag\u00eancia Nacional do Petr\u00f3leo, G\u00e1s Natural e Biocombust\u00edveis. A opera\u00e7\u00e3o ocorreu em tr\u00eas postos da cidade e avaliou aspectos como a qualidade dos combust\u00edveis e a aferi\u00e7\u00e3o da quantidade fornecida pelas bombas.<\/span><span data-ccp-props=\"{&quot;134233117&quot;:false,&quot;134233118&quot;:false,&quot;335551550&quot;:0,&quot;335551620&quot;:0,&quot;335559738&quot;:240,&quot;335559739&quot;:240}\">\u00a0<\/span><\/p>\n<p><span data-contrast=\"auto\">Segundo o Procon, os testes realizados apresentaram resultados satisfat\u00f3rios e os postos fiscalizados estavam em conformidade com as normas, sem necessidade de autua\u00e7\u00f5es.<\/span><span data-ccp-props=\"{&quot;134233117&quot;:false,&quot;134233118&quot;:false,&quot;335551550&quot;:0,&quot;335551620&quot;:0,&quot;335559738&quot;:240,&quot;335559739&quot;:240}\">\u00a0<\/span><\/p>\n<p><span data-contrast=\"auto\">As a\u00e7\u00f5es fazem parte do trabalho cont\u00ednuo de fiscaliza\u00e7\u00e3o do \u00f3rg\u00e3o, que busca garantir transpar\u00eancia nas rela\u00e7\u00f5es de consumo e assegurar que os consumidores recebam combust\u00edveis dentro dos padr\u00f5es de qualidade e quantidade previstos na legisla\u00e7\u00e3o.<\/span><span data-ccp-props=\"{&quot;134233117&quot;:false,&quot;134233118&quot;:false,&quot;335551550&quot;:0,&quot;335551620&quot;:0,&quot;335559738&quot;:240,&quot;335559739&quot;:240}\">\u00a0<\/span><\/p>\n","protected":false},"excerpt":{"rendered":"<p>O Procon Canoas realizou, na \u00faltima sexta-feira, 13, uma opera\u00e7\u00e3o de fiscaliza\u00e7\u00e3o em postos de combust\u00edveis no munic\u00edpio de Canoas. Ao todo, 11 estabelecimentos foram vistoriados pelos fiscais do \u00f3rg\u00e3o, que verificaram documentos relacionados \u00e0 comercializa\u00e7\u00e3o de combust\u00edveis.\u00a0 Durante a a\u00e7\u00e3o, todos os postos foram notificados a apresentar o Livro de Movimenta\u00e7\u00e3o de Combust\u00edveis (LMC), [&hellip;]<\/p>\n","protected":false},"author":2,"featured_media":39592,"comment_status":"open","ping_status":"open","sticky":false,"template":"","format":"standard","meta":{"amp_status":"","footnotes":""},"categories":[23],"tags":[31,190,1145,1129],"class_list":["post-39591","post","type-post","status-publish","format-standard","has-post-thumbnail","hentry","category-geral","tag-canoas","tag-featured","tag-fiscalizacao","tag-procon-canoas"],"yoast_head":"<!-- This site is optimized with the Yoast SEO plugin v20.5 - https:\/\/yoast.com\/wordpress\/plugins\/seo\/ -->\n<title>Procon Canoas fiscaliza postos de combust\u00edveis ap\u00f3s den\u00fancias de aumento de pre\u00e7os - O Timoneiro Jornal Canoas RS<\/title>\n<meta name=\"description\" content=\"Procon de Canoas realiza fiscaliza\u00e7\u00e3o em 11 postos de combust\u00edveis e opera\u00e7\u00e3o conjunta com a Ag\u00eancia Nacional do Petr\u00f3leo aponta conformidade nos testes de qualidade e quantidade.\" \/>\n<meta name=\"robots\" content=\"index, follow, max-snippet:-1, max-image-preview:large, max-video-preview:-1\" \/>\n<link rel=\"canonical\" href=\"https:\/\/jornaltimoneiro.com.br\/index.php\/2026\/03\/17\/procon-fiscaliza-postos-combustiveis-canoas\/\" \/>\n<meta property=\"og:locale\" content=\"pt_BR\" \/>\n<meta property=\"og:type\" content=\"article\" \/>\n<meta property=\"og:title\" content=\"Procon Canoas fiscaliza postos de combust\u00edveis ap\u00f3s den\u00fancias de aumento de pre\u00e7os - O Timoneiro Jornal Canoas RS\" \/>\n<meta property=\"og:description\" content=\"Procon de Canoas realiza fiscaliza\u00e7\u00e3o em 11 postos de combust\u00edveis e opera\u00e7\u00e3o conjunta com a Ag\u00eancia Nacional do Petr\u00f3leo aponta conformidade nos testes de qualidade e quantidade.\" \/>\n<meta property=\"og:url\" content=\"https:\/\/jornaltimoneiro.com.br\/index.php\/2026\/03\/17\/procon-fiscaliza-postos-combustiveis-canoas\/\" \/>\n<meta property=\"og:site_name\" content=\"O Timoneiro Jornal Canoas RS\" \/>\n<meta property=\"article:publisher\" content=\"https:\/\/www.facebook.com\/jornaltimoneiro\" \/>\n<meta property=\"article:published_time\" content=\"2026-03-17T09:47:43+00:00\" \/>\n<meta property=\"og:image\" content=\"https:\/\/jornaltimoneiro.com.br\/wp-content\/uploads\/2026\/03\/Procon.jpg\" \/>\n\t<meta property=\"og:image:width\" content=\"680\" \/>\n\t<meta property=\"og:image:height\" content=\"510\" \/>\n\t<meta property=\"og:image:type\" content=\"image\/jpeg\" \/>\n<meta name=\"author\" content=\"Reda\u00e7\u00e3o\" \/>\n<meta name=\"twitter:card\" content=\"summary_large_image\" \/>\n<meta name=\"twitter:creator\" content=\"@_OTimoneiro\" \/>\n<meta name=\"twitter:site\" content=\"@_OTimoneiro\" \/>\n<meta name=\"twitter:label1\" content=\"Escrito por\" \/>\n\t<meta name=\"twitter:data1\" content=\"Reda\u00e7\u00e3o\" \/>\n\t<meta name=\"twitter:label2\" content=\"Est. tempo de leitura\" \/>\n\t<meta name=\"twitter:data2\" content=\"2 minutos\" \/>\n<script type=\"application\/ld+json\" class=\"yoast-schema-graph\">{\"@context\":\"https:\/\/schema.org\",\"@graph\":[{\"@type\":\"Article\",\"@id\":\"https:\/\/jornaltimoneiro.com.br\/index.php\/2026\/03\/17\/procon-fiscaliza-postos-combustiveis-canoas\/#article\",\"isPartOf\":{\"@id\":\"https:\/\/jornaltimoneiro.com.br\/index.php\/2026\/03\/17\/procon-fiscaliza-postos-combustiveis-canoas\/\"},\"author\":{\"name\":\"Reda\u00e7\u00e3o\",\"@id\":\"https:\/\/jornaltimoneiro.com.br\/#\/schema\/person\/f63482f1a02b1a9592707865e509ab40\"},\"headline\":\"Procon Canoas fiscaliza postos de combust\u00edveis ap\u00f3s den\u00fancias de aumento de pre\u00e7os\",\"datePublished\":\"2026-03-17T09:47:43+00:00\",\"dateModified\":\"2026-03-17T09:47:43+00:00\",\"mainEntityOfPage\":{\"@id\":\"https:\/\/jornaltimoneiro.com.br\/index.php\/2026\/03\/17\/procon-fiscaliza-postos-combustiveis-canoas\/\"},\"wordCount\":252,\"commentCount\":0,\"publisher\":{\"@id\":\"https:\/\/jornaltimoneiro.com.br\/#organization\"},\"keywords\":[\"canoas\",\"featured\",\"fiscaliza\u00e7\u00e3o\",\"procon canoas\"],\"articleSection\":[\"Geral\"],\"inLanguage\":\"pt-BR\",\"potentialAction\":[{\"@type\":\"CommentAction\",\"name\":\"Comment\",\"target\":[\"https:\/\/jornaltimoneiro.com.br\/index.php\/2026\/03\/17\/procon-fiscaliza-postos-combustiveis-canoas\/#respond\"]}]},{\"@type\":\"WebPage\",\"@id\":\"https:\/\/jornaltimoneiro.com.br\/index.php\/2026\/03\/17\/procon-fiscaliza-postos-combustiveis-canoas\/\",\"url\":\"https:\/\/jornaltimoneiro.com.br\/index.php\/2026\/03\/17\/procon-fiscaliza-postos-combustiveis-canoas\/\",\"name\":\"Procon Canoas fiscaliza postos de combust\u00edveis ap\u00f3s den\u00fancias de aumento de pre\u00e7os - O Timoneiro Jornal Canoas RS\",\"isPartOf\":{\"@id\":\"https:\/\/jornaltimoneiro.com.br\/#website\"},\"datePublished\":\"2026-03-17T09:47:43+00:00\",\"dateModified\":\"2026-03-17T09:47:43+00:00\",\"description\":\"Procon de Canoas realiza fiscaliza\u00e7\u00e3o em 11 postos de combust\u00edveis e opera\u00e7\u00e3o conjunta com a Ag\u00eancia Nacional do Petr\u00f3leo aponta conformidade nos testes de qualidade e quantidade.\",\"breadcrumb\":{\"@id\":\"https:\/\/jornaltimoneiro.com.br\/index.php\/2026\/03\/17\/procon-fiscaliza-postos-combustiveis-canoas\/#breadcrumb\"},\"inLanguage\":\"pt-BR\",\"potentialAction\":[{\"@type\":\"ReadAction\",\"target\":[\"https:\/\/jornaltimoneiro.com.br\/index.php\/2026\/03\/17\/procon-fiscaliza-postos-combustiveis-canoas\/\"]}]},{\"@type\":\"BreadcrumbList\",\"@id\":\"https:\/\/jornaltimoneiro.com.br\/index.php\/2026\/03\/17\/procon-fiscaliza-postos-combustiveis-canoas\/#breadcrumb\",\"itemListElement\":[{\"@type\":\"ListItem\",\"position\":1,\"name\":\"In\u00edcio\",\"item\":\"https:\/\/jornaltimoneiro.com.br\/\"},{\"@type\":\"ListItem\",\"position\":2,\"name\":\"Procon Canoas fiscaliza postos de combust\u00edveis ap\u00f3s den\u00fancias de aumento de pre\u00e7os\"}]},{\"@type\":\"WebSite\",\"@id\":\"https:\/\/jornaltimoneiro.com.br\/#website\",\"url\":\"https:\/\/jornaltimoneiro.com.br\/\",\"name\":\"Jornal Timoneiro Canoas RS\",\"description\":\"Jornal O Timoneiro, o verdadeiro jornal de Canoas\",\"publisher\":{\"@id\":\"https:\/\/jornaltimoneiro.com.br\/#organization\"},\"potentialAction\":[{\"@type\":\"SearchAction\",\"target\":{\"@type\":\"EntryPoint\",\"urlTemplate\":\"https:\/\/jornaltimoneiro.com.br\/?s={search_term_string}\"},\"query-input\":\"required name=search_term_string\"}],\"inLanguage\":\"pt-BR\"},{\"@type\":\"Organization\",\"@id\":\"https:\/\/jornaltimoneiro.com.br\/#organization\",\"name\":\"Jornal Timoneiro Canoas RS\",\"url\":\"https:\/\/jornaltimoneiro.com.br\/\",\"logo\":{\"@type\":\"ImageObject\",\"inLanguage\":\"pt-BR\",\"@id\":\"https:\/\/jornaltimoneiro.com.br\/#\/schema\/logo\/image\/\",\"url\":\"https:\/\/jornaltimoneiro.com.br\/wp-content\/uploads\/2023\/03\/logonovo.png\",\"contentUrl\":\"https:\/\/jornaltimoneiro.com.br\/wp-content\/uploads\/2023\/03\/logonovo.png\",\"width\":\"469\",\"height\":\"171\",\"caption\":\"Jornal Timoneiro Canoas RS\"},\"image\":{\"@id\":\"https:\/\/jornaltimoneiro.com.br\/#\/schema\/logo\/image\/\"},\"sameAs\":[\"https:\/\/www.facebook.com\/jornaltimoneiro\",\"https:\/\/twitter.com\/_OTimoneiro\",\"https:\/\/www.instagram.com\/jornaltimoneirocanoas\/\",\"https:\/\/www.youtube.com\/@jornalotimoneiro7927\"]},{\"@type\":\"Person\",\"@id\":\"https:\/\/jornaltimoneiro.com.br\/#\/schema\/person\/f63482f1a02b1a9592707865e509ab40\",\"name\":\"Reda\u00e7\u00e3o\",\"image\":{\"@type\":\"ImageObject\",\"inLanguage\":\"pt-BR\",\"@id\":\"https:\/\/jornaltimoneiro.com.br\/#\/schema\/person\/image\/\",\"url\":\"https:\/\/jornaltimoneiro.com.br\/wp-content\/uploads\/2023\/03\/download.jpeg\",\"contentUrl\":\"https:\/\/jornaltimoneiro.com.br\/wp-content\/uploads\/2023\/03\/download.jpeg\",\"caption\":\"Reda\u00e7\u00e3o\"},\"url\":\"https:\/\/jornaltimoneiro.com.br\/index.php\/author\/simone-dutra\/\"}]}<\/script>\n<!-- \/ Yoast SEO plugin. -->","yoast_head_json":{"title":"Procon Canoas fiscaliza postos de combust\u00edveis ap\u00f3s den\u00fancias de aumento de pre\u00e7os - O Timoneiro Jornal Canoas RS","description":"Procon de Canoas realiza fiscaliza\u00e7\u00e3o em 11 postos de combust\u00edveis e opera\u00e7\u00e3o conjunta com a Ag\u00eancia Nacional do Petr\u00f3leo aponta conformidade nos testes de qualidade e quantidade.","robots":{"index":"index","follow":"follow","max-snippet":"max-snippet:-1","max-image-preview":"max-image-preview:large","max-video-preview":"max-video-preview:-1"},"canonical":"https:\/\/jornaltimoneiro.com.br\/index.php\/2026\/03\/17\/procon-fiscaliza-postos-combustiveis-canoas\/","og_locale":"pt_BR","og_type":"article","og_title":"Procon Canoas fiscaliza postos de combust\u00edveis ap\u00f3s den\u00fancias de aumento de pre\u00e7os - O Timoneiro Jornal Canoas RS","og_description":"Procon de Canoas realiza fiscaliza\u00e7\u00e3o em 11 postos de combust\u00edveis e opera\u00e7\u00e3o conjunta com a Ag\u00eancia Nacional do Petr\u00f3leo aponta conformidade nos testes de qualidade e quantidade.","og_url":"https:\/\/jornaltimoneiro.com.br\/index.php\/2026\/03\/17\/procon-fiscaliza-postos-combustiveis-canoas\/","og_site_name":"O Timoneiro Jornal Canoas RS","article_publisher":"https:\/\/www.facebook.com\/jornaltimoneiro","article_published_time":"2026-03-17T09:47:43+00:00","og_image":[{"width":"680","height":"510","url":"https:\/\/jornaltimoneiro.com.br\/wp-content\/uploads\/2026\/03\/Procon.jpg","type":"image\/jpeg"}],"author":"Reda\u00e7\u00e3o","twitter_card":"summary_large_image","twitter_creator":"@_OTimoneiro","twitter_site":"@_OTimoneiro","twitter_misc":{"Escrito por":"Reda\u00e7\u00e3o","Est. tempo de leitura":"2 minutos"},"schema":{"@context":"https:\/\/schema.org","@graph":[{"@type":"Article","@id":"https:\/\/jornaltimoneiro.com.br\/index.php\/2026\/03\/17\/procon-fiscaliza-postos-combustiveis-canoas\/#article","isPartOf":{"@id":"https:\/\/jornaltimoneiro.com.br\/index.php\/2026\/03\/17\/procon-fiscaliza-postos-combustiveis-canoas\/"},"author":{"name":"Reda\u00e7\u00e3o","@id":"https:\/\/jornaltimoneiro.com.br\/#\/schema\/person\/f63482f1a02b1a9592707865e509ab40"},"headline":"Procon Canoas fiscaliza postos de combust\u00edveis ap\u00f3s den\u00fancias de aumento de pre\u00e7os","datePublished":"2026-03-17T09:47:43+00:00","dateModified":"2026-03-17T09:47:43+00:00","mainEntityOfPage":{"@id":"https:\/\/jornaltimoneiro.com.br\/index.php\/2026\/03\/17\/procon-fiscaliza-postos-combustiveis-canoas\/"},"wordCount":252,"commentCount":0,"publisher":{"@id":"https:\/\/jornaltimoneiro.com.br\/#organization"},"keywords":["canoas","featured","fiscaliza\u00e7\u00e3o","procon canoas"],"articleSection":["Geral"],"inLanguage":"pt-BR","potentialAction":[{"@type":"CommentAction","name":"Comment","target":["https:\/\/jornaltimoneiro.com.br\/index.php\/2026\/03\/17\/procon-fiscaliza-postos-combustiveis-canoas\/#respond"]}]},{"@type":"WebPage","@id":"https:\/\/jornaltimoneiro.com.br\/index.php\/2026\/03\/17\/procon-fiscaliza-postos-combustiveis-canoas\/","url":"https:\/\/jornaltimoneiro.com.br\/index.php\/2026\/03\/17\/procon-fiscaliza-postos-combustiveis-canoas\/","name":"Procon Canoas fiscaliza postos de combust\u00edveis ap\u00f3s den\u00fancias de aumento de pre\u00e7os - O Timoneiro Jornal Canoas RS","isPartOf":{"@id":"https:\/\/jornaltimoneiro.com.br\/#website"},"datePublished":"2026-03-17T09:47:43+00:00","dateModified":"2026-03-17T09:47:43+00:00","description":"Procon de Canoas realiza fiscaliza\u00e7\u00e3o em 11 postos de combust\u00edveis e opera\u00e7\u00e3o conjunta com a Ag\u00eancia Nacional do Petr\u00f3leo aponta conformidade nos testes de qualidade e quantidade.","breadcrumb":{"@id":"https:\/\/jornaltimoneiro.com.br\/index.php\/2026\/03\/17\/procon-fiscaliza-postos-combustiveis-canoas\/#breadcrumb"},"inLanguage":"pt-BR","potentialAction":[{"@type":"ReadAction","target":["https:\/\/jornaltimoneiro.com.br\/index.php\/2026\/03\/17\/procon-fiscaliza-postos-combustiveis-canoas\/"]}]},{"@type":"BreadcrumbList","@id":"https:\/\/jornaltimoneiro.com.br\/index.php\/2026\/03\/17\/procon-fiscaliza-postos-combustiveis-canoas\/#breadcrumb","itemListElement":[{"@type":"ListItem","position":1,"name":"In\u00edcio","item":"https:\/\/jornaltimoneiro.com.br\/"},{"@type":"ListItem","position":2,"name":"Procon Canoas fiscaliza postos de combust\u00edveis ap\u00f3s den\u00fancias de aumento de pre\u00e7os"}]},{"@type":"WebSite","@id":"https:\/\/jornaltimoneiro.com.br\/#website","url":"https:\/\/jornaltimoneiro.com.br\/","name":"Jornal Timoneiro Canoas RS","description":"Jornal O Timoneiro, o verdadeiro jornal de Canoas","publisher":{"@id":"https:\/\/jornaltimoneiro.com.br\/#organization"},"potentialAction":[{"@type":"SearchAction","target":{"@type":"EntryPoint","urlTemplate":"https:\/\/jornaltimoneiro.com.br\/?s={search_term_string}"},"query-input":"required name=search_term_string"}],"inLanguage":"pt-BR"},{"@type":"Organization","@id":"https:\/\/jornaltimoneiro.com.br\/#organization","name":"Jornal Timoneiro Canoas RS","url":"https:\/\/jornaltimoneiro.com.br\/","logo":{"@type":"ImageObject","inLanguage":"pt-BR","@id":"https:\/\/jornaltimoneiro.com.br\/#\/schema\/logo\/image\/","url":"https:\/\/jornaltimoneiro.com.br\/wp-content\/uploads\/2023\/03\/logonovo.png","contentUrl":"https:\/\/jornaltimoneiro.com.br\/wp-content\/uploads\/2023\/03\/logonovo.png","width":"469","height":"171","caption":"Jornal Timoneiro Canoas RS"},"image":{"@id":"https:\/\/jornaltimoneiro.com.br\/#\/schema\/logo\/image\/"},"sameAs":["https:\/\/www.facebook.com\/jornaltimoneiro","https:\/\/twitter.com\/_OTimoneiro","https:\/\/www.instagram.com\/jornaltimoneirocanoas\/","https:\/\/www.youtube.com\/@jornalotimoneiro7927"]},{"@type":"Person","@id":"https:\/\/jornaltimoneiro.com.br\/#\/schema\/person\/f63482f1a02b1a9592707865e509ab40","name":"Reda\u00e7\u00e3o","image":{"@type":"ImageObject","inLanguage":"pt-BR","@id":"https:\/\/jornaltimoneiro.com.br\/#\/schema\/person\/image\/","url":"https:\/\/jornaltimoneiro.com.br\/wp-content\/uploads\/2023\/03\/download.jpeg","contentUrl":"https:\/\/jornaltimoneiro.com.br\/wp-content\/uploads\/2023\/03\/download.jpeg","caption":"Reda\u00e7\u00e3o"},"url":"https:\/\/jornaltimoneiro.com.br\/index.php\/author\/simone-dutra\/"}]}},"_links":{"self":[{"href":"https:\/\/jornaltimoneiro.com.br\/index.php\/wp-json\/wp\/v2\/posts\/39591"}],"collection":[{"href":"https:\/\/jornaltimoneiro.com.br\/index.php\/wp-json\/wp\/v2\/posts"}],"about":[{"href":"https:\/\/jornaltimoneiro.com.br\/index.php\/wp-json\/wp\/v2\/types\/post"}],"author":[{"embeddable":true,"href":"https:\/\/jornaltimoneiro.com.br\/index.php\/wp-json\/wp\/v2\/users\/2"}],"replies":[{"embeddable":true,"href":"https:\/\/jornaltimoneiro.com.br\/index.php\/wp-json\/wp\/v2\/comments?post=39591"}],"version-history":[{"count":1,"href":"https:\/\/jornaltimoneiro.com.br\/index.php\/wp-json\/wp\/v2\/posts\/39591\/revisions"}],"predecessor-version":[{"id":39593,"href":"https:\/\/jornaltimoneiro.com.br\/index.php\/wp-json\/wp\/v2\/posts\/39591\/revisions\/39593"}],"wp:featuredmedia":[{"embeddable":true,"href":"https:\/\/jornaltimoneiro.com.br\/index.php\/wp-json\/wp\/v2\/media\/39592"}],"wp:attachment":[{"href":"https:\/\/jornaltimoneiro.com.br\/index.php\/wp-json\/wp\/v2\/media?parent=39591"}],"wp:term":[{"taxonomy":"category","embeddable":true,"href":"https:\/\/jornaltimoneiro.com.br\/index.php\/wp-json\/wp\/v2\/categories?post=39591"},{"taxonomy":"post_tag","embeddable":true,"href":"https:\/\/jornaltimoneiro.com.br\/index.php\/wp-json\/wp\/v2\/tags?post=39591"}],"curies":[{"name":"wp","href":"https:\/\/api.w.org\/{rel}","templated":true}]}}