{"id":39583,"date":"2026-03-16T15:19:31","date_gmt":"2026-03-16T18:19:31","guid":{"rendered":"https:\/\/jornaltimoneiro.com.br\/?p=39583"},"modified":"2026-03-16T15:19:31","modified_gmt":"2026-03-16T18:19:31","slug":"corsan-atendimento-unidade-movel-bairros-canoas-marco","status":"publish","type":"post","link":"https:\/\/jornaltimoneiro.com.br\/index.php\/2026\/03\/16\/corsan-atendimento-unidade-movel-bairros-canoas-marco\/","title":{"rendered":"Unidade m\u00f3vel da Corsan atende moradores em cinco bairros de Canoas"},"content":{"rendered":"<p data-start=\"79\" data-end=\"353\">A <span class=\"hover:entity-accent entity-underline inline cursor-pointer align-baseline\"><span class=\"whitespace-normal\">Corsan<\/span><\/span> realiza, entre os dias 16 e 20 de mar\u00e7o, atendimentos por meio de uma unidade m\u00f3vel em diferentes bairros de <span class=\"hover:entity-accent entity-underline inline cursor-pointer align-baseline\"><span class=\"whitespace-normal\">Canoas<\/span><\/span>. A iniciativa busca ampliar o acesso da popula\u00e7\u00e3o aos servi\u00e7os comerciais da companhia.<\/p>\n<p data-start=\"355\" data-end=\"574\">Durante o per\u00edodo, moradores poder\u00e3o solicitar servi\u00e7os como troca de titularidade da conta, informa\u00e7\u00f5es sobre tarifas, ades\u00e3o \u00e0 tarifa social, esclarecimentos sobre faturas e pedidos de liga\u00e7\u00e3o \u00e0 rede de abastecimento.<\/p>\n<p data-start=\"576\" data-end=\"700\">O atendimento ser\u00e1 realizado por ordem de chegada. Para alguns servi\u00e7os, \u00e9 necess\u00e1rio apresentar documento oficial com foto.<\/p>\n<h4 data-start=\"702\" data-end=\"717\"><strong data-start=\"702\" data-end=\"717\">Programa\u00e7\u00e3o<\/strong><\/h4>\n<p data-start=\"719\" data-end=\"1189\" data-is-last-node=\"\" data-is-only-node=\"\">16 de mar\u00e7o \u2013 Pra\u00e7a da Brigada, bairro Guajuviras, das 9h \u00e0s 17h<br data-start=\"783\" data-end=\"786\" \/>17 de mar\u00e7o \u2013 Rua S\u00e3o Gabriel, esquina com a Rua Rio Grande do Sul, bairro Mathias Velho, das 13h \u00e0s 17h<br data-start=\"890\" data-end=\"893\" \/>18 de mar\u00e7o \u2013 Rua Fernando Ferrari, em frente ao campo do Ira\u00ed, bairro Niter\u00f3i, das 9h \u00e0s 17h<br data-start=\"986\" data-end=\"989\" \/>19 de mar\u00e7o \u2013 Rua Nazar\u00e9, esquina com a r\u00f3tula, bairro Nossa Senhora das Gra\u00e7as, das 9h \u00e0s 17h<br data-start=\"1083\" data-end=\"1086\" data-is-only-node=\"\" \/>20 de mar\u00e7o \u2013 Rua Professora Dona Sara, em frente \u00e0 Escola Max Oderich, bairro Harmonia, das 9h \u00e0s 17h.<\/p>\n","protected":false},"excerpt":{"rendered":"<p>A Corsan realiza, entre os dias 16 e 20 de mar\u00e7o, atendimentos por meio de uma unidade m\u00f3vel em diferentes bairros de Canoas. A iniciativa busca ampliar o acesso da popula\u00e7\u00e3o aos servi\u00e7os comerciais da companhia. Durante o per\u00edodo, moradores poder\u00e3o solicitar servi\u00e7os como troca de titularidade da conta, informa\u00e7\u00f5es sobre tarifas, ades\u00e3o \u00e0 tarifa [&hellip;]<\/p>\n","protected":false},"author":2,"featured_media":39584,"comment_status":"open","ping_status":"open","sticky":false,"template":"","format":"standard","meta":{"amp_status":"","footnotes":""},"categories":[23],"tags":[31,868,190,4247,289],"class_list":["post-39583","post","type-post","status-publish","format-standard","has-post-thumbnail","hentry","category-geral","tag-canoas","tag-corsan","tag-featured","tag-loja-movel-da-corsan","tag-servicos"],"yoast_head":"<!-- This site is optimized with the Yoast SEO plugin v20.5 - https:\/\/yoast.com\/wordpress\/plugins\/seo\/ -->\n<title>Unidade m\u00f3vel da Corsan atende moradores em cinco bairros de Canoas - O Timoneiro Jornal Canoas RS<\/title>\n<meta name=\"description\" content=\"A Corsan realiza atendimentos com unidade m\u00f3vel em cinco bairros de Canoas entre 16 e 20 de mar\u00e7o. Confira os locais e hor\u00e1rios.\" \/>\n<meta name=\"robots\" content=\"index, follow, max-snippet:-1, max-image-preview:large, max-video-preview:-1\" \/>\n<link rel=\"canonical\" href=\"https:\/\/jornaltimoneiro.com.br\/index.php\/2026\/03\/16\/corsan-atendimento-unidade-movel-bairros-canoas-marco\/\" \/>\n<meta property=\"og:locale\" content=\"pt_BR\" \/>\n<meta property=\"og:type\" content=\"article\" \/>\n<meta property=\"og:title\" content=\"Unidade m\u00f3vel da Corsan atende moradores em cinco bairros de Canoas - O Timoneiro Jornal Canoas RS\" \/>\n<meta property=\"og:description\" content=\"A Corsan realiza atendimentos com unidade m\u00f3vel em cinco bairros de Canoas entre 16 e 20 de mar\u00e7o. Confira os locais e hor\u00e1rios.\" \/>\n<meta property=\"og:url\" content=\"https:\/\/jornaltimoneiro.com.br\/index.php\/2026\/03\/16\/corsan-atendimento-unidade-movel-bairros-canoas-marco\/\" \/>\n<meta property=\"og:site_name\" content=\"O Timoneiro Jornal Canoas RS\" \/>\n<meta property=\"article:publisher\" content=\"https:\/\/www.facebook.com\/jornaltimoneiro\" \/>\n<meta property=\"article:published_time\" content=\"2026-03-16T18:19:31+00:00\" \/>\n<meta property=\"og:image\" content=\"https:\/\/jornaltimoneiro.com.br\/wp-content\/uploads\/2026\/03\/WhatsApp-Image-2026-03-16-at-13.41.28.jpeg\" \/>\n\t<meta property=\"og:image:width\" content=\"1200\" \/>\n\t<meta property=\"og:image:height\" content=\"1600\" \/>\n\t<meta property=\"og:image:type\" content=\"image\/jpeg\" \/>\n<meta name=\"author\" content=\"Reda\u00e7\u00e3o\" \/>\n<meta name=\"twitter:card\" content=\"summary_large_image\" \/>\n<meta name=\"twitter:creator\" content=\"@_OTimoneiro\" \/>\n<meta name=\"twitter:site\" content=\"@_OTimoneiro\" \/>\n<meta name=\"twitter:label1\" content=\"Escrito por\" \/>\n\t<meta name=\"twitter:data1\" content=\"Reda\u00e7\u00e3o\" \/>\n\t<meta name=\"twitter:label2\" content=\"Est. tempo de leitura\" \/>\n\t<meta name=\"twitter:data2\" content=\"1 minuto\" \/>\n<script type=\"application\/ld+json\" class=\"yoast-schema-graph\">{\"@context\":\"https:\/\/schema.org\",\"@graph\":[{\"@type\":\"Article\",\"@id\":\"https:\/\/jornaltimoneiro.com.br\/index.php\/2026\/03\/16\/corsan-atendimento-unidade-movel-bairros-canoas-marco\/#article\",\"isPartOf\":{\"@id\":\"https:\/\/jornaltimoneiro.com.br\/index.php\/2026\/03\/16\/corsan-atendimento-unidade-movel-bairros-canoas-marco\/\"},\"author\":{\"name\":\"Reda\u00e7\u00e3o\",\"@id\":\"https:\/\/jornaltimoneiro.com.br\/#\/schema\/person\/f63482f1a02b1a9592707865e509ab40\"},\"headline\":\"Unidade m\u00f3vel da Corsan atende moradores em cinco bairros de Canoas\",\"datePublished\":\"2026-03-16T18:19:31+00:00\",\"dateModified\":\"2026-03-16T18:19:31+00:00\",\"mainEntityOfPage\":{\"@id\":\"https:\/\/jornaltimoneiro.com.br\/index.php\/2026\/03\/16\/corsan-atendimento-unidade-movel-bairros-canoas-marco\/\"},\"wordCount\":198,\"commentCount\":0,\"publisher\":{\"@id\":\"https:\/\/jornaltimoneiro.com.br\/#organization\"},\"keywords\":[\"canoas\",\"corsan\",\"featured\",\"loja m\u00f3vel da corsan\",\"servi\u00e7os\"],\"articleSection\":[\"Geral\"],\"inLanguage\":\"pt-BR\",\"potentialAction\":[{\"@type\":\"CommentAction\",\"name\":\"Comment\",\"target\":[\"https:\/\/jornaltimoneiro.com.br\/index.php\/2026\/03\/16\/corsan-atendimento-unidade-movel-bairros-canoas-marco\/#respond\"]}]},{\"@type\":\"WebPage\",\"@id\":\"https:\/\/jornaltimoneiro.com.br\/index.php\/2026\/03\/16\/corsan-atendimento-unidade-movel-bairros-canoas-marco\/\",\"url\":\"https:\/\/jornaltimoneiro.com.br\/index.php\/2026\/03\/16\/corsan-atendimento-unidade-movel-bairros-canoas-marco\/\",\"name\":\"Unidade m\u00f3vel da Corsan atende moradores em cinco bairros de Canoas - O Timoneiro Jornal Canoas RS\",\"isPartOf\":{\"@id\":\"https:\/\/jornaltimoneiro.com.br\/#website\"},\"datePublished\":\"2026-03-16T18:19:31+00:00\",\"dateModified\":\"2026-03-16T18:19:31+00:00\",\"description\":\"A Corsan realiza atendimentos com unidade m\u00f3vel em cinco bairros de Canoas entre 16 e 20 de mar\u00e7o. Confira os locais e hor\u00e1rios.\",\"breadcrumb\":{\"@id\":\"https:\/\/jornaltimoneiro.com.br\/index.php\/2026\/03\/16\/corsan-atendimento-unidade-movel-bairros-canoas-marco\/#breadcrumb\"},\"inLanguage\":\"pt-BR\",\"potentialAction\":[{\"@type\":\"ReadAction\",\"target\":[\"https:\/\/jornaltimoneiro.com.br\/index.php\/2026\/03\/16\/corsan-atendimento-unidade-movel-bairros-canoas-marco\/\"]}]},{\"@type\":\"BreadcrumbList\",\"@id\":\"https:\/\/jornaltimoneiro.com.br\/index.php\/2026\/03\/16\/corsan-atendimento-unidade-movel-bairros-canoas-marco\/#breadcrumb\",\"itemListElement\":[{\"@type\":\"ListItem\",\"position\":1,\"name\":\"In\u00edcio\",\"item\":\"https:\/\/jornaltimoneiro.com.br\/\"},{\"@type\":\"ListItem\",\"position\":2,\"name\":\"Unidade m\u00f3vel da Corsan atende moradores em cinco bairros de Canoas\"}]},{\"@type\":\"WebSite\",\"@id\":\"https:\/\/jornaltimoneiro.com.br\/#website\",\"url\":\"https:\/\/jornaltimoneiro.com.br\/\",\"name\":\"Jornal Timoneiro Canoas RS\",\"description\":\"Jornal O Timoneiro, o verdadeiro jornal de Canoas\",\"publisher\":{\"@id\":\"https:\/\/jornaltimoneiro.com.br\/#organization\"},\"potentialAction\":[{\"@type\":\"SearchAction\",\"target\":{\"@type\":\"EntryPoint\",\"urlTemplate\":\"https:\/\/jornaltimoneiro.com.br\/?s={search_term_string}\"},\"query-input\":\"required name=search_term_string\"}],\"inLanguage\":\"pt-BR\"},{\"@type\":\"Organization\",\"@id\":\"https:\/\/jornaltimoneiro.com.br\/#organization\",\"name\":\"Jornal Timoneiro Canoas RS\",\"url\":\"https:\/\/jornaltimoneiro.com.br\/\",\"logo\":{\"@type\":\"ImageObject\",\"inLanguage\":\"pt-BR\",\"@id\":\"https:\/\/jornaltimoneiro.com.br\/#\/schema\/logo\/image\/\",\"url\":\"https:\/\/jornaltimoneiro.com.br\/wp-content\/uploads\/2023\/03\/logonovo.png\",\"contentUrl\":\"https:\/\/jornaltimoneiro.com.br\/wp-content\/uploads\/2023\/03\/logonovo.png\",\"width\":\"469\",\"height\":\"171\",\"caption\":\"Jornal Timoneiro Canoas RS\"},\"image\":{\"@id\":\"https:\/\/jornaltimoneiro.com.br\/#\/schema\/logo\/image\/\"},\"sameAs\":[\"https:\/\/www.facebook.com\/jornaltimoneiro\",\"https:\/\/twitter.com\/_OTimoneiro\",\"https:\/\/www.instagram.com\/jornaltimoneirocanoas\/\",\"https:\/\/www.youtube.com\/@jornalotimoneiro7927\"]},{\"@type\":\"Person\",\"@id\":\"https:\/\/jornaltimoneiro.com.br\/#\/schema\/person\/f63482f1a02b1a9592707865e509ab40\",\"name\":\"Reda\u00e7\u00e3o\",\"image\":{\"@type\":\"ImageObject\",\"inLanguage\":\"pt-BR\",\"@id\":\"https:\/\/jornaltimoneiro.com.br\/#\/schema\/person\/image\/\",\"url\":\"https:\/\/jornaltimoneiro.com.br\/wp-content\/uploads\/2023\/03\/download.jpeg\",\"contentUrl\":\"https:\/\/jornaltimoneiro.com.br\/wp-content\/uploads\/2023\/03\/download.jpeg\",\"caption\":\"Reda\u00e7\u00e3o\"},\"url\":\"https:\/\/jornaltimoneiro.com.br\/index.php\/author\/simone-dutra\/\"}]}<\/script>\n<!-- \/ Yoast SEO plugin. -->","yoast_head_json":{"title":"Unidade m\u00f3vel da Corsan atende moradores em cinco bairros de Canoas - O Timoneiro Jornal Canoas RS","description":"A Corsan realiza atendimentos com unidade m\u00f3vel em cinco bairros de Canoas entre 16 e 20 de mar\u00e7o. Confira os locais e hor\u00e1rios.","robots":{"index":"index","follow":"follow","max-snippet":"max-snippet:-1","max-image-preview":"max-image-preview:large","max-video-preview":"max-video-preview:-1"},"canonical":"https:\/\/jornaltimoneiro.com.br\/index.php\/2026\/03\/16\/corsan-atendimento-unidade-movel-bairros-canoas-marco\/","og_locale":"pt_BR","og_type":"article","og_title":"Unidade m\u00f3vel da Corsan atende moradores em cinco bairros de Canoas - O Timoneiro Jornal Canoas RS","og_description":"A Corsan realiza atendimentos com unidade m\u00f3vel em cinco bairros de Canoas entre 16 e 20 de mar\u00e7o. Confira os locais e hor\u00e1rios.","og_url":"https:\/\/jornaltimoneiro.com.br\/index.php\/2026\/03\/16\/corsan-atendimento-unidade-movel-bairros-canoas-marco\/","og_site_name":"O Timoneiro Jornal Canoas RS","article_publisher":"https:\/\/www.facebook.com\/jornaltimoneiro","article_published_time":"2026-03-16T18:19:31+00:00","og_image":[{"width":"1200","height":"1600","url":"https:\/\/jornaltimoneiro.com.br\/wp-content\/uploads\/2026\/03\/WhatsApp-Image-2026-03-16-at-13.41.28.jpeg","type":"image\/jpeg"}],"author":"Reda\u00e7\u00e3o","twitter_card":"summary_large_image","twitter_creator":"@_OTimoneiro","twitter_site":"@_OTimoneiro","twitter_misc":{"Escrito por":"Reda\u00e7\u00e3o","Est. tempo de leitura":"1 minuto"},"schema":{"@context":"https:\/\/schema.org","@graph":[{"@type":"Article","@id":"https:\/\/jornaltimoneiro.com.br\/index.php\/2026\/03\/16\/corsan-atendimento-unidade-movel-bairros-canoas-marco\/#article","isPartOf":{"@id":"https:\/\/jornaltimoneiro.com.br\/index.php\/2026\/03\/16\/corsan-atendimento-unidade-movel-bairros-canoas-marco\/"},"author":{"name":"Reda\u00e7\u00e3o","@id":"https:\/\/jornaltimoneiro.com.br\/#\/schema\/person\/f63482f1a02b1a9592707865e509ab40"},"headline":"Unidade m\u00f3vel da Corsan atende moradores em cinco bairros de Canoas","datePublished":"2026-03-16T18:19:31+00:00","dateModified":"2026-03-16T18:19:31+00:00","mainEntityOfPage":{"@id":"https:\/\/jornaltimoneiro.com.br\/index.php\/2026\/03\/16\/corsan-atendimento-unidade-movel-bairros-canoas-marco\/"},"wordCount":198,"commentCount":0,"publisher":{"@id":"https:\/\/jornaltimoneiro.com.br\/#organization"},"keywords":["canoas","corsan","featured","loja m\u00f3vel da corsan","servi\u00e7os"],"articleSection":["Geral"],"inLanguage":"pt-BR","potentialAction":[{"@type":"CommentAction","name":"Comment","target":["https:\/\/jornaltimoneiro.com.br\/index.php\/2026\/03\/16\/corsan-atendimento-unidade-movel-bairros-canoas-marco\/#respond"]}]},{"@type":"WebPage","@id":"https:\/\/jornaltimoneiro.com.br\/index.php\/2026\/03\/16\/corsan-atendimento-unidade-movel-bairros-canoas-marco\/","url":"https:\/\/jornaltimoneiro.com.br\/index.php\/2026\/03\/16\/corsan-atendimento-unidade-movel-bairros-canoas-marco\/","name":"Unidade m\u00f3vel da Corsan atende moradores em cinco bairros de Canoas - O Timoneiro Jornal Canoas RS","isPartOf":{"@id":"https:\/\/jornaltimoneiro.com.br\/#website"},"datePublished":"2026-03-16T18:19:31+00:00","dateModified":"2026-03-16T18:19:31+00:00","description":"A Corsan realiza atendimentos com unidade m\u00f3vel em cinco bairros de Canoas entre 16 e 20 de mar\u00e7o. Confira os locais e hor\u00e1rios.","breadcrumb":{"@id":"https:\/\/jornaltimoneiro.com.br\/index.php\/2026\/03\/16\/corsan-atendimento-unidade-movel-bairros-canoas-marco\/#breadcrumb"},"inLanguage":"pt-BR","potentialAction":[{"@type":"ReadAction","target":["https:\/\/jornaltimoneiro.com.br\/index.php\/2026\/03\/16\/corsan-atendimento-unidade-movel-bairros-canoas-marco\/"]}]},{"@type":"BreadcrumbList","@id":"https:\/\/jornaltimoneiro.com.br\/index.php\/2026\/03\/16\/corsan-atendimento-unidade-movel-bairros-canoas-marco\/#breadcrumb","itemListElement":[{"@type":"ListItem","position":1,"name":"In\u00edcio","item":"https:\/\/jornaltimoneiro.com.br\/"},{"@type":"ListItem","position":2,"name":"Unidade m\u00f3vel da Corsan atende moradores em cinco bairros de Canoas"}]},{"@type":"WebSite","@id":"https:\/\/jornaltimoneiro.com.br\/#website","url":"https:\/\/jornaltimoneiro.com.br\/","name":"Jornal Timoneiro Canoas RS","description":"Jornal O Timoneiro, o verdadeiro jornal de Canoas","publisher":{"@id":"https:\/\/jornaltimoneiro.com.br\/#organization"},"potentialAction":[{"@type":"SearchAction","target":{"@type":"EntryPoint","urlTemplate":"https:\/\/jornaltimoneiro.com.br\/?s={search_term_string}"},"query-input":"required name=search_term_string"}],"inLanguage":"pt-BR"},{"@type":"Organization","@id":"https:\/\/jornaltimoneiro.com.br\/#organization","name":"Jornal Timoneiro Canoas RS","url":"https:\/\/jornaltimoneiro.com.br\/","logo":{"@type":"ImageObject","inLanguage":"pt-BR","@id":"https:\/\/jornaltimoneiro.com.br\/#\/schema\/logo\/image\/","url":"https:\/\/jornaltimoneiro.com.br\/wp-content\/uploads\/2023\/03\/logonovo.png","contentUrl":"https:\/\/jornaltimoneiro.com.br\/wp-content\/uploads\/2023\/03\/logonovo.png","width":"469","height":"171","caption":"Jornal Timoneiro Canoas RS"},"image":{"@id":"https:\/\/jornaltimoneiro.com.br\/#\/schema\/logo\/image\/"},"sameAs":["https:\/\/www.facebook.com\/jornaltimoneiro","https:\/\/twitter.com\/_OTimoneiro","https:\/\/www.instagram.com\/jornaltimoneirocanoas\/","https:\/\/www.youtube.com\/@jornalotimoneiro7927"]},{"@type":"Person","@id":"https:\/\/jornaltimoneiro.com.br\/#\/schema\/person\/f63482f1a02b1a9592707865e509ab40","name":"Reda\u00e7\u00e3o","image":{"@type":"ImageObject","inLanguage":"pt-BR","@id":"https:\/\/jornaltimoneiro.com.br\/#\/schema\/person\/image\/","url":"https:\/\/jornaltimoneiro.com.br\/wp-content\/uploads\/2023\/03\/download.jpeg","contentUrl":"https:\/\/jornaltimoneiro.com.br\/wp-content\/uploads\/2023\/03\/download.jpeg","caption":"Reda\u00e7\u00e3o"},"url":"https:\/\/jornaltimoneiro.com.br\/index.php\/author\/simone-dutra\/"}]}},"_links":{"self":[{"href":"https:\/\/jornaltimoneiro.com.br\/index.php\/wp-json\/wp\/v2\/posts\/39583"}],"collection":[{"href":"https:\/\/jornaltimoneiro.com.br\/index.php\/wp-json\/wp\/v2\/posts"}],"about":[{"href":"https:\/\/jornaltimoneiro.com.br\/index.php\/wp-json\/wp\/v2\/types\/post"}],"author":[{"embeddable":true,"href":"https:\/\/jornaltimoneiro.com.br\/index.php\/wp-json\/wp\/v2\/users\/2"}],"replies":[{"embeddable":true,"href":"https:\/\/jornaltimoneiro.com.br\/index.php\/wp-json\/wp\/v2\/comments?post=39583"}],"version-history":[{"count":1,"href":"https:\/\/jornaltimoneiro.com.br\/index.php\/wp-json\/wp\/v2\/posts\/39583\/revisions"}],"predecessor-version":[{"id":39585,"href":"https:\/\/jornaltimoneiro.com.br\/index.php\/wp-json\/wp\/v2\/posts\/39583\/revisions\/39585"}],"wp:featuredmedia":[{"embeddable":true,"href":"https:\/\/jornaltimoneiro.com.br\/index.php\/wp-json\/wp\/v2\/media\/39584"}],"wp:attachment":[{"href":"https:\/\/jornaltimoneiro.com.br\/index.php\/wp-json\/wp\/v2\/media?parent=39583"}],"wp:term":[{"taxonomy":"category","embeddable":true,"href":"https:\/\/jornaltimoneiro.com.br\/index.php\/wp-json\/wp\/v2\/categories?post=39583"},{"taxonomy":"post_tag","embeddable":true,"href":"https:\/\/jornaltimoneiro.com.br\/index.php\/wp-json\/wp\/v2\/tags?post=39583"}],"curies":[{"name":"wp","href":"https:\/\/api.w.org\/{rel}","templated":true}]}}