{"id":3958,"date":"2016-06-03T10:40:07","date_gmt":"2016-06-03T13:40:07","guid":{"rendered":"http:\/\/otimoneiro.com.br\/?p=3958"},"modified":"2016-06-03T10:40:07","modified_gmt":"2016-06-03T13:40:07","slug":"vereadores-aprovam-lei-que-proibe-restaurantes-de-deixar-sal-nas-mesas","status":"publish","type":"post","link":"https:\/\/jornaltimoneiro.com.br\/index.php\/2016\/06\/03\/vereadores-aprovam-lei-que-proibe-restaurantes-de-deixar-sal-nas-mesas\/","title":{"rendered":"Vereadores aprovam lei que pro\u00edbe restaurantes de deixar sal nas mesas"},"content":{"rendered":"<div id=\"attachment_3977\" style=\"width: 621px\" class=\"wp-caption aligncenter\"><a href=\"http:\/\/otimoneiro.com.br\/wp-content\/uploads\/2016\/06\/DSC0586.jpg\"><img decoding=\"async\" aria-describedby=\"caption-attachment-3977\" class=\" wp-image-3977\" src=\"http:\/\/otimoneiro.com.br\/wp-content\/uploads\/2016\/06\/DSC0586-1024x683.jpg\" alt=\"C\u00e2mara considera o sal um risco a sa\u00fade. Foto: Bruno Lara\/OT.\" width=\"611\" height=\"408\" \/><\/a><p id=\"caption-attachment-3977\" class=\"wp-caption-text\">C\u00e2mara considera o sal um risco a sa\u00fade. Foto: Bruno Lara\/OT.<\/p><\/div>\n<p>O pol\u00eamico projeto de lei que percorre o Brasil chegou a Canoas pelas m\u00e3os do vereador Emilio Neto (PT). O parlamentar \u00e9 o autor da proposi\u00e7\u00e3o que pro\u00edbe expor em mesas e balc\u00f5es recipientes que contenham sal de cozinha em todos os estabelecimentos que comercializam alimentos para consumo imediato como bares, restaurantes, hot\u00e9is e quaisquer outros em todo o territ\u00f3rio canoense. Na ter\u00e7a-feira, 31, o mesmo foi aprovado na C\u00e2mara de Vereadores.<\/p>\n<p>Em sua justificativa, o parlamentar destaca que o sal de cozinha (cloreto de s\u00f3dio) \u00e9 o principal fator para o desenvolvimento de problemas cr\u00f4nicos de sa\u00fade, como a hipertens\u00e3o, doen\u00e7as renais, osteoporose, perda de paladar, doen\u00e7as autoimunes, obesidade, al\u00e9m de envelhecimento precoce.<\/p>\n<p>\u201c\u00c9 um projeto pol\u00eamico. Ele foi pol\u00eamico dentro do meu gabinete, em um debate interno dentro do nosso gabinete, do nosso conselho pol\u00edtico. N\u00e3o imaginei que seria tranquilo aqui na Casa, que \u00e9 t\u00e3o plural. Mas eu tenho muita tranquilidade quanto a esse projeto e acho, inclusive, que n\u00f3s dever\u00edamos tamb\u00e9m tentar legislar em rela\u00e7\u00e3o ao a\u00e7\u00facar que, ao lado do sal, \u00e9 o grande problema da nossa sa\u00fade\u201d, afirmou Em\u00edlio.<br \/>\nPara o empres\u00e1rio C\u00e9sar Bauer, de 49, que \u00e9 propriet\u00e1rio de um restaurante no Centro da cidade, a altera\u00e7\u00e3o n\u00e3o \u00e9 t\u00e3o significativa. \u201cMuda muito pouco. A pessoa que est\u00e1 acostumada a utilizar o sal vai continuar. Na mesa apenas fica mais a m\u00e3o. Talvez ajude na sa\u00fade\u201d, opinou.<\/p>\n<p>&nbsp;<\/p>\n<h3>Contra<\/h3>\n<p>A proposta de Emilio, por mais que tenha sido aprovada por unanimidade, foi ironizada pelo vereador e m\u00e9dico Dr. Walmor (PDT), embora o mesmo tenha dado parecer favor\u00e1vel na comiss\u00e3o de sa\u00fade da Casa, a qual preside. \u201cEu tenho, por h\u00e1bito, como presidente da comiss\u00e3o de sa\u00fade, dar parecer favor\u00e1vel para que os projetos passem ao plen\u00e1rio para a discuss\u00e3o\u201d, justificou.<br \/>\n\u201cEst\u00e3o querendo regularizar como a pessoa vai almo\u00e7ar ou vai jantar. Eu vou botar, Emilio, uma lei proibindo botar carne com muita gordura. Picanha com muita gordura n\u00e3o pode ter. N\u00e3o pode ter muita pimenta que faz mal pra sa\u00fade. N\u00e3o pode usar saladas com coisas verdes mal lavadas, e assim afora. Estamos nos intrometendo em uma coisa que n\u00e3o cabe a n\u00f3s\u201d, comentou o parlamentar.<\/p>\n<p>&nbsp;<\/p>\n<h3>Favor\u00e1vel<\/h3>\n<p>O tamb\u00e9m vereador e m\u00e9dico Dr. Pompeu saiu em defesa do projeto parabenizando o petista pelo que chamou de \u201cexcelente iniciativa\u201d. \u201cQualquer atitude que possamos ter no sentido de trazer mais sa\u00fade para a popula\u00e7\u00e3o \u00e9 muito bem vinda e merece o nosso louvor e elogio\u201d, comentou. O projeto cria tamb\u00e9m o \u201cDia Municipal do Mais Sa\u00fade, Menos Sal\u201d, a ser comemorado no dia 27 de abril.<\/p>\n","protected":false},"excerpt":{"rendered":"<p>Proposi\u00e7\u00e3o \u00e9 do vereador Emilio Neto (PT), que acredita que a proibi\u00e7\u00e3o auxilia na sa\u00fade.<\/p>\n","protected":false},"author":1,"featured_media":3977,"comment_status":"open","ping_status":"open","sticky":false,"template":"","format":"standard","meta":{"amp_status":"","footnotes":""},"categories":[25,19,20],"tags":[],"class_list":["post-3958","post","type-post","status-publish","format-standard","has-post-thumbnail","hentry","category-comunidade","category-destaques","category-politica-noticias"],"yoast_head":"<!-- This site is optimized with the Yoast SEO plugin v20.5 - https:\/\/yoast.com\/wordpress\/plugins\/seo\/ -->\n<title>Vereadores aprovam lei que pro\u00edbe restaurantes de deixar sal nas mesas - O Timoneiro Jornal Canoas RS<\/title>\n<meta name=\"robots\" content=\"index, follow, max-snippet:-1, max-image-preview:large, max-video-preview:-1\" \/>\n<link rel=\"canonical\" href=\"https:\/\/jornaltimoneiro.com.br\/index.php\/2016\/06\/03\/vereadores-aprovam-lei-que-proibe-restaurantes-de-deixar-sal-nas-mesas\/\" \/>\n<meta property=\"og:locale\" content=\"pt_BR\" \/>\n<meta property=\"og:type\" content=\"article\" \/>\n<meta property=\"og:title\" content=\"Vereadores aprovam lei que pro\u00edbe restaurantes de deixar sal nas mesas - O Timoneiro Jornal Canoas RS\" \/>\n<meta property=\"og:description\" content=\"Proposi\u00e7\u00e3o \u00e9 do vereador Emilio Neto (PT), que acredita que a proibi\u00e7\u00e3o auxilia na sa\u00fade.\" \/>\n<meta property=\"og:url\" content=\"https:\/\/jornaltimoneiro.com.br\/index.php\/2016\/06\/03\/vereadores-aprovam-lei-que-proibe-restaurantes-de-deixar-sal-nas-mesas\/\" \/>\n<meta property=\"og:site_name\" content=\"O Timoneiro Jornal Canoas RS\" \/>\n<meta property=\"article:publisher\" content=\"https:\/\/www.facebook.com\/jornaltimoneiro\" \/>\n<meta property=\"article:published_time\" content=\"2016-06-03T13:40:07+00:00\" \/>\n<meta name=\"author\" content=\"Reda\u00e7\u00e3o\" \/>\n<meta name=\"twitter:card\" content=\"summary_large_image\" \/>\n<meta name=\"twitter:creator\" content=\"@_OTimoneiro\" \/>\n<meta name=\"twitter:site\" content=\"@_OTimoneiro\" \/>\n<meta name=\"twitter:label1\" content=\"Escrito por\" \/>\n\t<meta name=\"twitter:data1\" content=\"Reda\u00e7\u00e3o\" \/>\n\t<meta name=\"twitter:label2\" content=\"Est. tempo de leitura\" \/>\n\t<meta name=\"twitter:data2\" content=\"3 minutos\" \/>\n<script type=\"application\/ld+json\" class=\"yoast-schema-graph\">{\"@context\":\"https:\/\/schema.org\",\"@graph\":[{\"@type\":\"Article\",\"@id\":\"https:\/\/jornaltimoneiro.com.br\/index.php\/2016\/06\/03\/vereadores-aprovam-lei-que-proibe-restaurantes-de-deixar-sal-nas-mesas\/#article\",\"isPartOf\":{\"@id\":\"https:\/\/jornaltimoneiro.com.br\/index.php\/2016\/06\/03\/vereadores-aprovam-lei-que-proibe-restaurantes-de-deixar-sal-nas-mesas\/\"},\"author\":{\"name\":\"Reda\u00e7\u00e3o\",\"@id\":\"https:\/\/jornaltimoneiro.com.br\/#\/schema\/person\/620efd1d8244466117482be494360b08\"},\"headline\":\"Vereadores aprovam lei que pro\u00edbe restaurantes de deixar sal nas mesas\",\"datePublished\":\"2016-06-03T13:40:07+00:00\",\"dateModified\":\"2016-06-03T13:40:07+00:00\",\"mainEntityOfPage\":{\"@id\":\"https:\/\/jornaltimoneiro.com.br\/index.php\/2016\/06\/03\/vereadores-aprovam-lei-que-proibe-restaurantes-de-deixar-sal-nas-mesas\/\"},\"wordCount\":515,\"commentCount\":0,\"publisher\":{\"@id\":\"https:\/\/jornaltimoneiro.com.br\/#organization\"},\"articleSection\":[\"Comunidade\",\"Destaques\",\"Pol\u00edtica\"],\"inLanguage\":\"pt-BR\",\"potentialAction\":[{\"@type\":\"CommentAction\",\"name\":\"Comment\",\"target\":[\"https:\/\/jornaltimoneiro.com.br\/index.php\/2016\/06\/03\/vereadores-aprovam-lei-que-proibe-restaurantes-de-deixar-sal-nas-mesas\/#respond\"]}]},{\"@type\":\"WebPage\",\"@id\":\"https:\/\/jornaltimoneiro.com.br\/index.php\/2016\/06\/03\/vereadores-aprovam-lei-que-proibe-restaurantes-de-deixar-sal-nas-mesas\/\",\"url\":\"https:\/\/jornaltimoneiro.com.br\/index.php\/2016\/06\/03\/vereadores-aprovam-lei-que-proibe-restaurantes-de-deixar-sal-nas-mesas\/\",\"name\":\"Vereadores aprovam lei que pro\u00edbe restaurantes de deixar sal nas mesas - O Timoneiro Jornal Canoas RS\",\"isPartOf\":{\"@id\":\"https:\/\/jornaltimoneiro.com.br\/#website\"},\"datePublished\":\"2016-06-03T13:40:07+00:00\",\"dateModified\":\"2016-06-03T13:40:07+00:00\",\"breadcrumb\":{\"@id\":\"https:\/\/jornaltimoneiro.com.br\/index.php\/2016\/06\/03\/vereadores-aprovam-lei-que-proibe-restaurantes-de-deixar-sal-nas-mesas\/#breadcrumb\"},\"inLanguage\":\"pt-BR\",\"potentialAction\":[{\"@type\":\"ReadAction\",\"target\":[\"https:\/\/jornaltimoneiro.com.br\/index.php\/2016\/06\/03\/vereadores-aprovam-lei-que-proibe-restaurantes-de-deixar-sal-nas-mesas\/\"]}]},{\"@type\":\"BreadcrumbList\",\"@id\":\"https:\/\/jornaltimoneiro.com.br\/index.php\/2016\/06\/03\/vereadores-aprovam-lei-que-proibe-restaurantes-de-deixar-sal-nas-mesas\/#breadcrumb\",\"itemListElement\":[{\"@type\":\"ListItem\",\"position\":1,\"name\":\"In\u00edcio\",\"item\":\"https:\/\/jornaltimoneiro.com.br\/\"},{\"@type\":\"ListItem\",\"position\":2,\"name\":\"Vereadores aprovam lei que pro\u00edbe restaurantes de deixar sal nas mesas\"}]},{\"@type\":\"WebSite\",\"@id\":\"https:\/\/jornaltimoneiro.com.br\/#website\",\"url\":\"https:\/\/jornaltimoneiro.com.br\/\",\"name\":\"Jornal Timoneiro Canoas RS\",\"description\":\"Jornal O Timoneiro, o verdadeiro jornal de Canoas\",\"publisher\":{\"@id\":\"https:\/\/jornaltimoneiro.com.br\/#organization\"},\"potentialAction\":[{\"@type\":\"SearchAction\",\"target\":{\"@type\":\"EntryPoint\",\"urlTemplate\":\"https:\/\/jornaltimoneiro.com.br\/?s={search_term_string}\"},\"query-input\":\"required name=search_term_string\"}],\"inLanguage\":\"pt-BR\"},{\"@type\":\"Organization\",\"@id\":\"https:\/\/jornaltimoneiro.com.br\/#organization\",\"name\":\"Jornal Timoneiro Canoas RS\",\"url\":\"https:\/\/jornaltimoneiro.com.br\/\",\"logo\":{\"@type\":\"ImageObject\",\"inLanguage\":\"pt-BR\",\"@id\":\"https:\/\/jornaltimoneiro.com.br\/#\/schema\/logo\/image\/\",\"url\":\"https:\/\/jornaltimoneiro.com.br\/wp-content\/uploads\/2023\/03\/logonovo.png\",\"contentUrl\":\"https:\/\/jornaltimoneiro.com.br\/wp-content\/uploads\/2023\/03\/logonovo.png\",\"width\":\"469\",\"height\":\"171\",\"caption\":\"Jornal Timoneiro Canoas RS\"},\"image\":{\"@id\":\"https:\/\/jornaltimoneiro.com.br\/#\/schema\/logo\/image\/\"},\"sameAs\":[\"https:\/\/www.facebook.com\/jornaltimoneiro\",\"https:\/\/twitter.com\/_OTimoneiro\",\"https:\/\/www.instagram.com\/jornaltimoneirocanoas\/\",\"https:\/\/www.youtube.com\/@jornalotimoneiro7927\"]},{\"@type\":\"Person\",\"@id\":\"https:\/\/jornaltimoneiro.com.br\/#\/schema\/person\/620efd1d8244466117482be494360b08\",\"name\":\"Reda\u00e7\u00e3o\",\"image\":{\"@type\":\"ImageObject\",\"inLanguage\":\"pt-BR\",\"@id\":\"https:\/\/jornaltimoneiro.com.br\/#\/schema\/person\/image\/\",\"url\":\"https:\/\/secure.gravatar.com\/avatar\/2f04e1b304682a8d9db336c7acd77f08?s=96&d=mm&r=g\",\"contentUrl\":\"https:\/\/secure.gravatar.com\/avatar\/2f04e1b304682a8d9db336c7acd77f08?s=96&d=mm&r=g\",\"caption\":\"Reda\u00e7\u00e3o\"},\"url\":\"https:\/\/jornaltimoneiro.com.br\/index.php\/author\/timoneirocanoas\/\"}]}<\/script>\n<!-- \/ Yoast SEO plugin. -->","yoast_head_json":{"title":"Vereadores aprovam lei que pro\u00edbe restaurantes de deixar sal nas mesas - O Timoneiro Jornal Canoas RS","robots":{"index":"index","follow":"follow","max-snippet":"max-snippet:-1","max-image-preview":"max-image-preview:large","max-video-preview":"max-video-preview:-1"},"canonical":"https:\/\/jornaltimoneiro.com.br\/index.php\/2016\/06\/03\/vereadores-aprovam-lei-que-proibe-restaurantes-de-deixar-sal-nas-mesas\/","og_locale":"pt_BR","og_type":"article","og_title":"Vereadores aprovam lei que pro\u00edbe restaurantes de deixar sal nas mesas - O Timoneiro Jornal Canoas RS","og_description":"Proposi\u00e7\u00e3o \u00e9 do vereador Emilio Neto (PT), que acredita que a proibi\u00e7\u00e3o auxilia na sa\u00fade.","og_url":"https:\/\/jornaltimoneiro.com.br\/index.php\/2016\/06\/03\/vereadores-aprovam-lei-que-proibe-restaurantes-de-deixar-sal-nas-mesas\/","og_site_name":"O Timoneiro Jornal Canoas RS","article_publisher":"https:\/\/www.facebook.com\/jornaltimoneiro","article_published_time":"2016-06-03T13:40:07+00:00","author":"Reda\u00e7\u00e3o","twitter_card":"summary_large_image","twitter_creator":"@_OTimoneiro","twitter_site":"@_OTimoneiro","twitter_misc":{"Escrito por":"Reda\u00e7\u00e3o","Est. tempo de leitura":"3 minutos"},"schema":{"@context":"https:\/\/schema.org","@graph":[{"@type":"Article","@id":"https:\/\/jornaltimoneiro.com.br\/index.php\/2016\/06\/03\/vereadores-aprovam-lei-que-proibe-restaurantes-de-deixar-sal-nas-mesas\/#article","isPartOf":{"@id":"https:\/\/jornaltimoneiro.com.br\/index.php\/2016\/06\/03\/vereadores-aprovam-lei-que-proibe-restaurantes-de-deixar-sal-nas-mesas\/"},"author":{"name":"Reda\u00e7\u00e3o","@id":"https:\/\/jornaltimoneiro.com.br\/#\/schema\/person\/620efd1d8244466117482be494360b08"},"headline":"Vereadores aprovam lei que pro\u00edbe restaurantes de deixar sal nas mesas","datePublished":"2016-06-03T13:40:07+00:00","dateModified":"2016-06-03T13:40:07+00:00","mainEntityOfPage":{"@id":"https:\/\/jornaltimoneiro.com.br\/index.php\/2016\/06\/03\/vereadores-aprovam-lei-que-proibe-restaurantes-de-deixar-sal-nas-mesas\/"},"wordCount":515,"commentCount":0,"publisher":{"@id":"https:\/\/jornaltimoneiro.com.br\/#organization"},"articleSection":["Comunidade","Destaques","Pol\u00edtica"],"inLanguage":"pt-BR","potentialAction":[{"@type":"CommentAction","name":"Comment","target":["https:\/\/jornaltimoneiro.com.br\/index.php\/2016\/06\/03\/vereadores-aprovam-lei-que-proibe-restaurantes-de-deixar-sal-nas-mesas\/#respond"]}]},{"@type":"WebPage","@id":"https:\/\/jornaltimoneiro.com.br\/index.php\/2016\/06\/03\/vereadores-aprovam-lei-que-proibe-restaurantes-de-deixar-sal-nas-mesas\/","url":"https:\/\/jornaltimoneiro.com.br\/index.php\/2016\/06\/03\/vereadores-aprovam-lei-que-proibe-restaurantes-de-deixar-sal-nas-mesas\/","name":"Vereadores aprovam lei que pro\u00edbe restaurantes de deixar sal nas mesas - O Timoneiro Jornal Canoas RS","isPartOf":{"@id":"https:\/\/jornaltimoneiro.com.br\/#website"},"datePublished":"2016-06-03T13:40:07+00:00","dateModified":"2016-06-03T13:40:07+00:00","breadcrumb":{"@id":"https:\/\/jornaltimoneiro.com.br\/index.php\/2016\/06\/03\/vereadores-aprovam-lei-que-proibe-restaurantes-de-deixar-sal-nas-mesas\/#breadcrumb"},"inLanguage":"pt-BR","potentialAction":[{"@type":"ReadAction","target":["https:\/\/jornaltimoneiro.com.br\/index.php\/2016\/06\/03\/vereadores-aprovam-lei-que-proibe-restaurantes-de-deixar-sal-nas-mesas\/"]}]},{"@type":"BreadcrumbList","@id":"https:\/\/jornaltimoneiro.com.br\/index.php\/2016\/06\/03\/vereadores-aprovam-lei-que-proibe-restaurantes-de-deixar-sal-nas-mesas\/#breadcrumb","itemListElement":[{"@type":"ListItem","position":1,"name":"In\u00edcio","item":"https:\/\/jornaltimoneiro.com.br\/"},{"@type":"ListItem","position":2,"name":"Vereadores aprovam lei que pro\u00edbe restaurantes de deixar sal nas mesas"}]},{"@type":"WebSite","@id":"https:\/\/jornaltimoneiro.com.br\/#website","url":"https:\/\/jornaltimoneiro.com.br\/","name":"Jornal Timoneiro Canoas RS","description":"Jornal O Timoneiro, o verdadeiro jornal de Canoas","publisher":{"@id":"https:\/\/jornaltimoneiro.com.br\/#organization"},"potentialAction":[{"@type":"SearchAction","target":{"@type":"EntryPoint","urlTemplate":"https:\/\/jornaltimoneiro.com.br\/?s={search_term_string}"},"query-input":"required name=search_term_string"}],"inLanguage":"pt-BR"},{"@type":"Organization","@id":"https:\/\/jornaltimoneiro.com.br\/#organization","name":"Jornal Timoneiro Canoas RS","url":"https:\/\/jornaltimoneiro.com.br\/","logo":{"@type":"ImageObject","inLanguage":"pt-BR","@id":"https:\/\/jornaltimoneiro.com.br\/#\/schema\/logo\/image\/","url":"https:\/\/jornaltimoneiro.com.br\/wp-content\/uploads\/2023\/03\/logonovo.png","contentUrl":"https:\/\/jornaltimoneiro.com.br\/wp-content\/uploads\/2023\/03\/logonovo.png","width":"469","height":"171","caption":"Jornal Timoneiro Canoas RS"},"image":{"@id":"https:\/\/jornaltimoneiro.com.br\/#\/schema\/logo\/image\/"},"sameAs":["https:\/\/www.facebook.com\/jornaltimoneiro","https:\/\/twitter.com\/_OTimoneiro","https:\/\/www.instagram.com\/jornaltimoneirocanoas\/","https:\/\/www.youtube.com\/@jornalotimoneiro7927"]},{"@type":"Person","@id":"https:\/\/jornaltimoneiro.com.br\/#\/schema\/person\/620efd1d8244466117482be494360b08","name":"Reda\u00e7\u00e3o","image":{"@type":"ImageObject","inLanguage":"pt-BR","@id":"https:\/\/jornaltimoneiro.com.br\/#\/schema\/person\/image\/","url":"https:\/\/secure.gravatar.com\/avatar\/2f04e1b304682a8d9db336c7acd77f08?s=96&d=mm&r=g","contentUrl":"https:\/\/secure.gravatar.com\/avatar\/2f04e1b304682a8d9db336c7acd77f08?s=96&d=mm&r=g","caption":"Reda\u00e7\u00e3o"},"url":"https:\/\/jornaltimoneiro.com.br\/index.php\/author\/timoneirocanoas\/"}]}},"_links":{"self":[{"href":"https:\/\/jornaltimoneiro.com.br\/index.php\/wp-json\/wp\/v2\/posts\/3958"}],"collection":[{"href":"https:\/\/jornaltimoneiro.com.br\/index.php\/wp-json\/wp\/v2\/posts"}],"about":[{"href":"https:\/\/jornaltimoneiro.com.br\/index.php\/wp-json\/wp\/v2\/types\/post"}],"author":[{"embeddable":true,"href":"https:\/\/jornaltimoneiro.com.br\/index.php\/wp-json\/wp\/v2\/users\/1"}],"replies":[{"embeddable":true,"href":"https:\/\/jornaltimoneiro.com.br\/index.php\/wp-json\/wp\/v2\/comments?post=3958"}],"version-history":[{"count":0,"href":"https:\/\/jornaltimoneiro.com.br\/index.php\/wp-json\/wp\/v2\/posts\/3958\/revisions"}],"wp:featuredmedia":[{"embeddable":true,"href":"https:\/\/jornaltimoneiro.com.br\/index.php\/wp-json\/"}],"wp:attachment":[{"href":"https:\/\/jornaltimoneiro.com.br\/index.php\/wp-json\/wp\/v2\/media?parent=3958"}],"wp:term":[{"taxonomy":"category","embeddable":true,"href":"https:\/\/jornaltimoneiro.com.br\/index.php\/wp-json\/wp\/v2\/categories?post=3958"},{"taxonomy":"post_tag","embeddable":true,"href":"https:\/\/jornaltimoneiro.com.br\/index.php\/wp-json\/wp\/v2\/tags?post=3958"}],"curies":[{"name":"wp","href":"https:\/\/api.w.org\/{rel}","templated":true}]}}