{"id":39579,"date":"2026-03-16T13:17:56","date_gmt":"2026-03-16T16:17:56","guid":{"rendered":"https:\/\/jornaltimoneiro.com.br\/?p=39579"},"modified":"2026-03-16T13:17:56","modified_gmt":"2026-03-16T16:17:56","slug":"pagamento-segundo-lote-abono-salarial-pis-pasep-2026-comeca-nesta-segunda-feira","status":"publish","type":"post","link":"https:\/\/jornaltimoneiro.com.br\/index.php\/2026\/03\/16\/pagamento-segundo-lote-abono-salarial-pis-pasep-2026-comeca-nesta-segunda-feira\/","title":{"rendered":"Pagamento do segundo lote do abono salarial PIS\/Pasep 2026 come\u00e7a nesta segunda-feira, 16"},"content":{"rendered":"<article class=\"text-token-text-primary w-full focus:outline-none [--shadow-height:45px] has-data-writing-block:pointer-events-none has-data-writing-block:-mt-(--shadow-height) has-data-writing-block:pt-(--shadow-height) [&amp;:has([data-writing-block])&gt;*]:pointer-events-auto scroll-mt-(--header-height)\" dir=\"auto\" tabindex=\"-1\" data-turn-id=\"49fc7d1b-5596-4e73-9772-84746f7a0ae8\" data-testid=\"conversation-turn-3\" data-scroll-anchor=\"false\" data-turn=\"user\"><\/article>\n<article class=\"text-token-text-primary w-full focus:outline-none [--shadow-height:45px] has-data-writing-block:pointer-events-none has-data-writing-block:-mt-(--shadow-height) has-data-writing-block:pt-(--shadow-height) [&amp;:has([data-writing-block])&gt;*]:pointer-events-auto scroll-mt-[calc(var(--header-height)+min(200px,max(70px,20svh)))]\" dir=\"auto\" tabindex=\"-1\" data-turn-id=\"request-WEB:1ce0ade2-5820-45fd-8492-fc9697e78eb2-1\" data-testid=\"conversation-turn-4\" data-scroll-anchor=\"true\" data-turn=\"assistant\">\n<div class=\"text-base my-auto mx-auto pb-10 [--thread-content-margin:var(--thread-content-margin-xs,calc(var(--spacing)*4))] @w-sm\/main:[--thread-content-margin:var(--thread-content-margin-sm,calc(var(--spacing)*6))] @w-lg\/main:[--thread-content-margin:var(--thread-content-margin-lg,calc(var(--spacing)*16))] px-(--thread-content-margin)\">\n<div class=\"[--thread-content-max-width:40rem] @w-lg\/main:[--thread-content-max-width:48rem] mx-auto max-w-(--thread-content-max-width) flex-1 group\/turn-messages focus-visible:outline-hidden relative flex w-full min-w-0 flex-col agent-turn\" tabindex=\"-1\">\n<div class=\"flex max-w-full flex-col gap-4 grow\">\n<div class=\"min-h-8 text-message relative flex w-full flex-col items-end gap-2 text-start break-words whitespace-normal [.text-message+&amp;]:mt-1\" dir=\"auto\" data-message-author-role=\"assistant\" data-message-id=\"f04bef26-ae3d-4b6c-a997-5b3313c11845\" data-message-model-slug=\"gpt-5-3\">\n<div class=\"flex w-full flex-col gap-1 empty:hidden\">\n<div class=\"markdown prose dark:prose-invert w-full wrap-break-word light markdown-new-styling\">\n<p data-start=\"0\" data-end=\"262\">O pagamento do segundo lote do abono salarial PIS\/Pasep 2026, referente ao ano-base 2024, come\u00e7a nesta segunda-feira, 16. Ao todo, 2.021.972 trabalhadores em todo o pa\u00eds devem receber o benef\u00edcio, que soma cerca de R$ 2,5 bilh\u00f5es liberados pelo governo federal.<\/p>\n<p data-start=\"264\" data-end=\"432\">O calend\u00e1rio de pagamentos do abono salarial teve in\u00edcio em 16 de fevereiro e segue at\u00e9 30 de dezembro, prazo final para que os trabalhadores fa\u00e7am o saque dos valores.<\/p>\n<p data-start=\"434\" data-end=\"767\">Segundo o <span class=\"hover:entity-accent entity-underline inline cursor-pointer align-baseline\"><span class=\"whitespace-normal\">Minist\u00e9rio do Trabalho e Emprego<\/span><\/span>, mais de 1,8 milh\u00e3o de benefici\u00e1rios s\u00e3o trabalhadores da iniciativa privada com direito ao PIS, pago pela <span class=\"hover:entity-accent entity-underline inline cursor-pointer align-baseline\"><span class=\"whitespace-normal\">Caixa Econ\u00f4mica Federal<\/span><\/span>. Outros cerca de 203 mil s\u00e3o servidores p\u00fablicos que recebem o Pasep, cujo pagamento \u00e9 realizado pelo <span class=\"hover:entity-accent entity-underline inline cursor-pointer align-baseline\"><span class=\"whitespace-normal\">Banco do Brasil<\/span><\/span>.<\/p>\n<p data-start=\"769\" data-end=\"1004\">O valor do abono varia conforme o tempo de trabalho do empregado no ano-base 2024. Quem trabalhou durante todo o per\u00edodo pode receber o valor integral do benef\u00edcio, enquanto os demais recebem quantia proporcional aos meses trabalhados.<\/p>\n<p data-start=\"1006\" data-end=\"1361\" data-is-last-node=\"\" data-is-only-node=\"\">O governo federal tamb\u00e9m autorizou a antecipa\u00e7\u00e3o do pagamento para trabalhadores nascidos entre mar\u00e7o e dezembro que t\u00eam v\u00ednculo com empresas localizadas nos munic\u00edpios de <span class=\"hover:entity-accent entity-underline inline cursor-pointer align-baseline\"><span class=\"whitespace-normal\">Juiz de Fora<\/span><\/span>, <span class=\"hover:entity-accent entity-underline inline cursor-pointer align-baseline\"><span class=\"whitespace-normal\">Matias Barbosa<\/span><\/span> e <span class=\"hover:entity-accent entity-underline inline cursor-pointer align-baseline\"><span class=\"whitespace-normal\">Ub\u00e1<\/span><\/span>. As cidades foram atingidas por fortes chuvas no fim de fevereiro.<\/p>\n<\/div>\n<\/div>\n<\/div>\n<\/div>\n<\/div>\n<\/div>\n<\/article>\n","protected":false},"excerpt":{"rendered":"<p>O pagamento do segundo lote do abono salarial PIS\/Pasep 2026, referente ao ano-base 2024, come\u00e7a nesta segunda-feira, 16. Ao todo, 2.021.972 trabalhadores em todo o pa\u00eds devem receber o benef\u00edcio, que soma cerca de R$ 2,5 bilh\u00f5es liberados pelo governo federal. O calend\u00e1rio de pagamentos do abono salarial teve in\u00edcio em 16 de fevereiro e [&hellip;]<\/p>\n","protected":false},"author":2,"featured_media":39580,"comment_status":"open","ping_status":"open","sticky":false,"template":"","format":"standard","meta":{"amp_status":"","footnotes":""},"categories":[1854],"tags":[5047,31,190,402,1896],"class_list":["post-39579","post","type-post","status-publish","format-standard","has-post-thumbnail","hentry","category-economia","tag-abono-s","tag-canoas","tag-featured","tag-pagamento","tag-pis-pasep"],"yoast_head":"<!-- This site is optimized with the Yoast SEO plugin v20.5 - https:\/\/yoast.com\/wordpress\/plugins\/seo\/ -->\n<title>Pagamento do segundo lote do abono salarial PIS\/Pasep 2026 come\u00e7a nesta segunda-feira, 16 - O Timoneiro Jornal Canoas RS<\/title>\n<meta name=\"description\" content=\"Pagamento do segundo lote do abono salarial PIS\/Pasep 2026 come\u00e7a nesta segunda-feira, 16, e beneficia mais de 2 milh\u00f5es de trabalhadores em todo o pa\u00eds.\" \/>\n<meta name=\"robots\" content=\"index, follow, max-snippet:-1, max-image-preview:large, max-video-preview:-1\" \/>\n<link rel=\"canonical\" href=\"https:\/\/jornaltimoneiro.com.br\/index.php\/2026\/03\/16\/pagamento-segundo-lote-abono-salarial-pis-pasep-2026-comeca-nesta-segunda-feira\/\" \/>\n<meta property=\"og:locale\" content=\"pt_BR\" \/>\n<meta property=\"og:type\" content=\"article\" \/>\n<meta property=\"og:title\" content=\"Pagamento do segundo lote do abono salarial PIS\/Pasep 2026 come\u00e7a nesta segunda-feira, 16 - O Timoneiro Jornal Canoas RS\" \/>\n<meta property=\"og:description\" content=\"Pagamento do segundo lote do abono salarial PIS\/Pasep 2026 come\u00e7a nesta segunda-feira, 16, e beneficia mais de 2 milh\u00f5es de trabalhadores em todo o pa\u00eds.\" \/>\n<meta property=\"og:url\" content=\"https:\/\/jornaltimoneiro.com.br\/index.php\/2026\/03\/16\/pagamento-segundo-lote-abono-salarial-pis-pasep-2026-comeca-nesta-segunda-feira\/\" \/>\n<meta property=\"og:site_name\" content=\"O Timoneiro Jornal Canoas RS\" \/>\n<meta property=\"article:publisher\" content=\"https:\/\/www.facebook.com\/jornaltimoneiro\" \/>\n<meta property=\"article:published_time\" content=\"2026-03-16T16:17:56+00:00\" \/>\n<meta property=\"og:image\" content=\"https:\/\/jornaltimoneiro.com.br\/wp-content\/uploads\/2026\/03\/ciclo_do_numer__rio-1.webp\" \/>\n\t<meta property=\"og:image:width\" content=\"710\" \/>\n\t<meta property=\"og:image:height\" content=\"473\" \/>\n\t<meta property=\"og:image:type\" content=\"image\/webp\" \/>\n<meta name=\"author\" content=\"Reda\u00e7\u00e3o\" \/>\n<meta name=\"twitter:card\" content=\"summary_large_image\" \/>\n<meta name=\"twitter:creator\" content=\"@_OTimoneiro\" \/>\n<meta name=\"twitter:site\" content=\"@_OTimoneiro\" \/>\n<meta name=\"twitter:label1\" content=\"Escrito por\" \/>\n\t<meta name=\"twitter:data1\" content=\"Reda\u00e7\u00e3o\" \/>\n\t<meta name=\"twitter:label2\" content=\"Est. tempo de leitura\" \/>\n\t<meta name=\"twitter:data2\" content=\"2 minutos\" \/>\n<script type=\"application\/ld+json\" class=\"yoast-schema-graph\">{\"@context\":\"https:\/\/schema.org\",\"@graph\":[{\"@type\":\"Article\",\"@id\":\"https:\/\/jornaltimoneiro.com.br\/index.php\/2026\/03\/16\/pagamento-segundo-lote-abono-salarial-pis-pasep-2026-comeca-nesta-segunda-feira\/#article\",\"isPartOf\":{\"@id\":\"https:\/\/jornaltimoneiro.com.br\/index.php\/2026\/03\/16\/pagamento-segundo-lote-abono-salarial-pis-pasep-2026-comeca-nesta-segunda-feira\/\"},\"author\":{\"name\":\"Reda\u00e7\u00e3o\",\"@id\":\"https:\/\/jornaltimoneiro.com.br\/#\/schema\/person\/f63482f1a02b1a9592707865e509ab40\"},\"headline\":\"Pagamento do segundo lote do abono salarial PIS\/Pasep 2026 come\u00e7a nesta segunda-feira, 16\",\"datePublished\":\"2026-03-16T16:17:56+00:00\",\"dateModified\":\"2026-03-16T16:17:56+00:00\",\"mainEntityOfPage\":{\"@id\":\"https:\/\/jornaltimoneiro.com.br\/index.php\/2026\/03\/16\/pagamento-segundo-lote-abono-salarial-pis-pasep-2026-comeca-nesta-segunda-feira\/\"},\"wordCount\":223,\"commentCount\":0,\"publisher\":{\"@id\":\"https:\/\/jornaltimoneiro.com.br\/#organization\"},\"keywords\":[\"Abono S\",\"canoas\",\"featured\",\"pagamento\",\"PIS-Pasep\"],\"articleSection\":[\"Economia\"],\"inLanguage\":\"pt-BR\",\"potentialAction\":[{\"@type\":\"CommentAction\",\"name\":\"Comment\",\"target\":[\"https:\/\/jornaltimoneiro.com.br\/index.php\/2026\/03\/16\/pagamento-segundo-lote-abono-salarial-pis-pasep-2026-comeca-nesta-segunda-feira\/#respond\"]}]},{\"@type\":\"WebPage\",\"@id\":\"https:\/\/jornaltimoneiro.com.br\/index.php\/2026\/03\/16\/pagamento-segundo-lote-abono-salarial-pis-pasep-2026-comeca-nesta-segunda-feira\/\",\"url\":\"https:\/\/jornaltimoneiro.com.br\/index.php\/2026\/03\/16\/pagamento-segundo-lote-abono-salarial-pis-pasep-2026-comeca-nesta-segunda-feira\/\",\"name\":\"Pagamento do segundo lote do abono salarial PIS\/Pasep 2026 come\u00e7a nesta segunda-feira, 16 - O Timoneiro Jornal Canoas RS\",\"isPartOf\":{\"@id\":\"https:\/\/jornaltimoneiro.com.br\/#website\"},\"datePublished\":\"2026-03-16T16:17:56+00:00\",\"dateModified\":\"2026-03-16T16:17:56+00:00\",\"description\":\"Pagamento do segundo lote do abono salarial PIS\/Pasep 2026 come\u00e7a nesta segunda-feira, 16, e beneficia mais de 2 milh\u00f5es de trabalhadores em todo o pa\u00eds.\",\"breadcrumb\":{\"@id\":\"https:\/\/jornaltimoneiro.com.br\/index.php\/2026\/03\/16\/pagamento-segundo-lote-abono-salarial-pis-pasep-2026-comeca-nesta-segunda-feira\/#breadcrumb\"},\"inLanguage\":\"pt-BR\",\"potentialAction\":[{\"@type\":\"ReadAction\",\"target\":[\"https:\/\/jornaltimoneiro.com.br\/index.php\/2026\/03\/16\/pagamento-segundo-lote-abono-salarial-pis-pasep-2026-comeca-nesta-segunda-feira\/\"]}]},{\"@type\":\"BreadcrumbList\",\"@id\":\"https:\/\/jornaltimoneiro.com.br\/index.php\/2026\/03\/16\/pagamento-segundo-lote-abono-salarial-pis-pasep-2026-comeca-nesta-segunda-feira\/#breadcrumb\",\"itemListElement\":[{\"@type\":\"ListItem\",\"position\":1,\"name\":\"In\u00edcio\",\"item\":\"https:\/\/jornaltimoneiro.com.br\/\"},{\"@type\":\"ListItem\",\"position\":2,\"name\":\"Pagamento do segundo lote do abono salarial PIS\/Pasep 2026 come\u00e7a nesta segunda-feira, 16\"}]},{\"@type\":\"WebSite\",\"@id\":\"https:\/\/jornaltimoneiro.com.br\/#website\",\"url\":\"https:\/\/jornaltimoneiro.com.br\/\",\"name\":\"Jornal Timoneiro Canoas RS\",\"description\":\"Jornal O Timoneiro, o verdadeiro jornal de Canoas\",\"publisher\":{\"@id\":\"https:\/\/jornaltimoneiro.com.br\/#organization\"},\"potentialAction\":[{\"@type\":\"SearchAction\",\"target\":{\"@type\":\"EntryPoint\",\"urlTemplate\":\"https:\/\/jornaltimoneiro.com.br\/?s={search_term_string}\"},\"query-input\":\"required name=search_term_string\"}],\"inLanguage\":\"pt-BR\"},{\"@type\":\"Organization\",\"@id\":\"https:\/\/jornaltimoneiro.com.br\/#organization\",\"name\":\"Jornal Timoneiro Canoas RS\",\"url\":\"https:\/\/jornaltimoneiro.com.br\/\",\"logo\":{\"@type\":\"ImageObject\",\"inLanguage\":\"pt-BR\",\"@id\":\"https:\/\/jornaltimoneiro.com.br\/#\/schema\/logo\/image\/\",\"url\":\"https:\/\/jornaltimoneiro.com.br\/wp-content\/uploads\/2023\/03\/logonovo.png\",\"contentUrl\":\"https:\/\/jornaltimoneiro.com.br\/wp-content\/uploads\/2023\/03\/logonovo.png\",\"width\":\"469\",\"height\":\"171\",\"caption\":\"Jornal Timoneiro Canoas RS\"},\"image\":{\"@id\":\"https:\/\/jornaltimoneiro.com.br\/#\/schema\/logo\/image\/\"},\"sameAs\":[\"https:\/\/www.facebook.com\/jornaltimoneiro\",\"https:\/\/twitter.com\/_OTimoneiro\",\"https:\/\/www.instagram.com\/jornaltimoneirocanoas\/\",\"https:\/\/www.youtube.com\/@jornalotimoneiro7927\"]},{\"@type\":\"Person\",\"@id\":\"https:\/\/jornaltimoneiro.com.br\/#\/schema\/person\/f63482f1a02b1a9592707865e509ab40\",\"name\":\"Reda\u00e7\u00e3o\",\"image\":{\"@type\":\"ImageObject\",\"inLanguage\":\"pt-BR\",\"@id\":\"https:\/\/jornaltimoneiro.com.br\/#\/schema\/person\/image\/\",\"url\":\"https:\/\/jornaltimoneiro.com.br\/wp-content\/uploads\/2023\/03\/download.jpeg\",\"contentUrl\":\"https:\/\/jornaltimoneiro.com.br\/wp-content\/uploads\/2023\/03\/download.jpeg\",\"caption\":\"Reda\u00e7\u00e3o\"},\"url\":\"https:\/\/jornaltimoneiro.com.br\/index.php\/author\/simone-dutra\/\"}]}<\/script>\n<!-- \/ Yoast SEO plugin. -->","yoast_head_json":{"title":"Pagamento do segundo lote do abono salarial PIS\/Pasep 2026 come\u00e7a nesta segunda-feira, 16 - O Timoneiro Jornal Canoas RS","description":"Pagamento do segundo lote do abono salarial PIS\/Pasep 2026 come\u00e7a nesta segunda-feira, 16, e beneficia mais de 2 milh\u00f5es de trabalhadores em todo o pa\u00eds.","robots":{"index":"index","follow":"follow","max-snippet":"max-snippet:-1","max-image-preview":"max-image-preview:large","max-video-preview":"max-video-preview:-1"},"canonical":"https:\/\/jornaltimoneiro.com.br\/index.php\/2026\/03\/16\/pagamento-segundo-lote-abono-salarial-pis-pasep-2026-comeca-nesta-segunda-feira\/","og_locale":"pt_BR","og_type":"article","og_title":"Pagamento do segundo lote do abono salarial PIS\/Pasep 2026 come\u00e7a nesta segunda-feira, 16 - O Timoneiro Jornal Canoas RS","og_description":"Pagamento do segundo lote do abono salarial PIS\/Pasep 2026 come\u00e7a nesta segunda-feira, 16, e beneficia mais de 2 milh\u00f5es de trabalhadores em todo o pa\u00eds.","og_url":"https:\/\/jornaltimoneiro.com.br\/index.php\/2026\/03\/16\/pagamento-segundo-lote-abono-salarial-pis-pasep-2026-comeca-nesta-segunda-feira\/","og_site_name":"O Timoneiro Jornal Canoas RS","article_publisher":"https:\/\/www.facebook.com\/jornaltimoneiro","article_published_time":"2026-03-16T16:17:56+00:00","og_image":[{"width":710,"height":473,"url":"https:\/\/jornaltimoneiro.com.br\/wp-content\/uploads\/2026\/03\/ciclo_do_numer__rio-1.webp","type":"image\/webp"}],"author":"Reda\u00e7\u00e3o","twitter_card":"summary_large_image","twitter_creator":"@_OTimoneiro","twitter_site":"@_OTimoneiro","twitter_misc":{"Escrito por":"Reda\u00e7\u00e3o","Est. tempo de leitura":"2 minutos"},"schema":{"@context":"https:\/\/schema.org","@graph":[{"@type":"Article","@id":"https:\/\/jornaltimoneiro.com.br\/index.php\/2026\/03\/16\/pagamento-segundo-lote-abono-salarial-pis-pasep-2026-comeca-nesta-segunda-feira\/#article","isPartOf":{"@id":"https:\/\/jornaltimoneiro.com.br\/index.php\/2026\/03\/16\/pagamento-segundo-lote-abono-salarial-pis-pasep-2026-comeca-nesta-segunda-feira\/"},"author":{"name":"Reda\u00e7\u00e3o","@id":"https:\/\/jornaltimoneiro.com.br\/#\/schema\/person\/f63482f1a02b1a9592707865e509ab40"},"headline":"Pagamento do segundo lote do abono salarial PIS\/Pasep 2026 come\u00e7a nesta segunda-feira, 16","datePublished":"2026-03-16T16:17:56+00:00","dateModified":"2026-03-16T16:17:56+00:00","mainEntityOfPage":{"@id":"https:\/\/jornaltimoneiro.com.br\/index.php\/2026\/03\/16\/pagamento-segundo-lote-abono-salarial-pis-pasep-2026-comeca-nesta-segunda-feira\/"},"wordCount":223,"commentCount":0,"publisher":{"@id":"https:\/\/jornaltimoneiro.com.br\/#organization"},"keywords":["Abono S","canoas","featured","pagamento","PIS-Pasep"],"articleSection":["Economia"],"inLanguage":"pt-BR","potentialAction":[{"@type":"CommentAction","name":"Comment","target":["https:\/\/jornaltimoneiro.com.br\/index.php\/2026\/03\/16\/pagamento-segundo-lote-abono-salarial-pis-pasep-2026-comeca-nesta-segunda-feira\/#respond"]}]},{"@type":"WebPage","@id":"https:\/\/jornaltimoneiro.com.br\/index.php\/2026\/03\/16\/pagamento-segundo-lote-abono-salarial-pis-pasep-2026-comeca-nesta-segunda-feira\/","url":"https:\/\/jornaltimoneiro.com.br\/index.php\/2026\/03\/16\/pagamento-segundo-lote-abono-salarial-pis-pasep-2026-comeca-nesta-segunda-feira\/","name":"Pagamento do segundo lote do abono salarial PIS\/Pasep 2026 come\u00e7a nesta segunda-feira, 16 - O Timoneiro Jornal Canoas RS","isPartOf":{"@id":"https:\/\/jornaltimoneiro.com.br\/#website"},"datePublished":"2026-03-16T16:17:56+00:00","dateModified":"2026-03-16T16:17:56+00:00","description":"Pagamento do segundo lote do abono salarial PIS\/Pasep 2026 come\u00e7a nesta segunda-feira, 16, e beneficia mais de 2 milh\u00f5es de trabalhadores em todo o pa\u00eds.","breadcrumb":{"@id":"https:\/\/jornaltimoneiro.com.br\/index.php\/2026\/03\/16\/pagamento-segundo-lote-abono-salarial-pis-pasep-2026-comeca-nesta-segunda-feira\/#breadcrumb"},"inLanguage":"pt-BR","potentialAction":[{"@type":"ReadAction","target":["https:\/\/jornaltimoneiro.com.br\/index.php\/2026\/03\/16\/pagamento-segundo-lote-abono-salarial-pis-pasep-2026-comeca-nesta-segunda-feira\/"]}]},{"@type":"BreadcrumbList","@id":"https:\/\/jornaltimoneiro.com.br\/index.php\/2026\/03\/16\/pagamento-segundo-lote-abono-salarial-pis-pasep-2026-comeca-nesta-segunda-feira\/#breadcrumb","itemListElement":[{"@type":"ListItem","position":1,"name":"In\u00edcio","item":"https:\/\/jornaltimoneiro.com.br\/"},{"@type":"ListItem","position":2,"name":"Pagamento do segundo lote do abono salarial PIS\/Pasep 2026 come\u00e7a nesta segunda-feira, 16"}]},{"@type":"WebSite","@id":"https:\/\/jornaltimoneiro.com.br\/#website","url":"https:\/\/jornaltimoneiro.com.br\/","name":"Jornal Timoneiro Canoas RS","description":"Jornal O Timoneiro, o verdadeiro jornal de Canoas","publisher":{"@id":"https:\/\/jornaltimoneiro.com.br\/#organization"},"potentialAction":[{"@type":"SearchAction","target":{"@type":"EntryPoint","urlTemplate":"https:\/\/jornaltimoneiro.com.br\/?s={search_term_string}"},"query-input":"required name=search_term_string"}],"inLanguage":"pt-BR"},{"@type":"Organization","@id":"https:\/\/jornaltimoneiro.com.br\/#organization","name":"Jornal Timoneiro Canoas RS","url":"https:\/\/jornaltimoneiro.com.br\/","logo":{"@type":"ImageObject","inLanguage":"pt-BR","@id":"https:\/\/jornaltimoneiro.com.br\/#\/schema\/logo\/image\/","url":"https:\/\/jornaltimoneiro.com.br\/wp-content\/uploads\/2023\/03\/logonovo.png","contentUrl":"https:\/\/jornaltimoneiro.com.br\/wp-content\/uploads\/2023\/03\/logonovo.png","width":"469","height":"171","caption":"Jornal Timoneiro Canoas RS"},"image":{"@id":"https:\/\/jornaltimoneiro.com.br\/#\/schema\/logo\/image\/"},"sameAs":["https:\/\/www.facebook.com\/jornaltimoneiro","https:\/\/twitter.com\/_OTimoneiro","https:\/\/www.instagram.com\/jornaltimoneirocanoas\/","https:\/\/www.youtube.com\/@jornalotimoneiro7927"]},{"@type":"Person","@id":"https:\/\/jornaltimoneiro.com.br\/#\/schema\/person\/f63482f1a02b1a9592707865e509ab40","name":"Reda\u00e7\u00e3o","image":{"@type":"ImageObject","inLanguage":"pt-BR","@id":"https:\/\/jornaltimoneiro.com.br\/#\/schema\/person\/image\/","url":"https:\/\/jornaltimoneiro.com.br\/wp-content\/uploads\/2023\/03\/download.jpeg","contentUrl":"https:\/\/jornaltimoneiro.com.br\/wp-content\/uploads\/2023\/03\/download.jpeg","caption":"Reda\u00e7\u00e3o"},"url":"https:\/\/jornaltimoneiro.com.br\/index.php\/author\/simone-dutra\/"}]}},"_links":{"self":[{"href":"https:\/\/jornaltimoneiro.com.br\/index.php\/wp-json\/wp\/v2\/posts\/39579"}],"collection":[{"href":"https:\/\/jornaltimoneiro.com.br\/index.php\/wp-json\/wp\/v2\/posts"}],"about":[{"href":"https:\/\/jornaltimoneiro.com.br\/index.php\/wp-json\/wp\/v2\/types\/post"}],"author":[{"embeddable":true,"href":"https:\/\/jornaltimoneiro.com.br\/index.php\/wp-json\/wp\/v2\/users\/2"}],"replies":[{"embeddable":true,"href":"https:\/\/jornaltimoneiro.com.br\/index.php\/wp-json\/wp\/v2\/comments?post=39579"}],"version-history":[{"count":1,"href":"https:\/\/jornaltimoneiro.com.br\/index.php\/wp-json\/wp\/v2\/posts\/39579\/revisions"}],"predecessor-version":[{"id":39581,"href":"https:\/\/jornaltimoneiro.com.br\/index.php\/wp-json\/wp\/v2\/posts\/39579\/revisions\/39581"}],"wp:featuredmedia":[{"embeddable":true,"href":"https:\/\/jornaltimoneiro.com.br\/index.php\/wp-json\/wp\/v2\/media\/39580"}],"wp:attachment":[{"href":"https:\/\/jornaltimoneiro.com.br\/index.php\/wp-json\/wp\/v2\/media?parent=39579"}],"wp:term":[{"taxonomy":"category","embeddable":true,"href":"https:\/\/jornaltimoneiro.com.br\/index.php\/wp-json\/wp\/v2\/categories?post=39579"},{"taxonomy":"post_tag","embeddable":true,"href":"https:\/\/jornaltimoneiro.com.br\/index.php\/wp-json\/wp\/v2\/tags?post=39579"}],"curies":[{"name":"wp","href":"https:\/\/api.w.org\/{rel}","templated":true}]}}