{"id":39573,"date":"2026-03-16T10:55:31","date_gmt":"2026-03-16T13:55:31","guid":{"rendered":"https:\/\/jornaltimoneiro.com.br\/?p=39573"},"modified":"2026-03-16T10:55:31","modified_gmt":"2026-03-16T13:55:31","slug":"acordo-gaucho-icms-rs-adesao-dividas-descontos-65-por-cento","status":"publish","type":"post","link":"https:\/\/jornaltimoneiro.com.br\/index.php\/2026\/03\/16\/acordo-gaucho-icms-rs-adesao-dividas-descontos-65-por-cento\/","title":{"rendered":"Prazo para ades\u00e3o ao Acordo Ga\u00facho de regulariza\u00e7\u00e3o de d\u00edvidas de ICMS come\u00e7a nesta segunda-feira"},"content":{"rendered":"<div class=\"flex flex-col text-sm pb-25\">\n<article class=\"text-token-text-primary w-full focus:outline-none [--shadow-height:45px] has-data-writing-block:pointer-events-none has-data-writing-block:-mt-(--shadow-height) has-data-writing-block:pt-(--shadow-height) [&amp;:has([data-writing-block])&gt;*]:pointer-events-auto scroll-mt-[calc(var(--header-height)+min(200px,max(70px,20svh)))]\" dir=\"auto\" tabindex=\"-1\" data-turn-id=\"request-WEB:5ac17585-b4ec-46a2-849d-5fd5770cafa6-1\" data-testid=\"conversation-turn-4\" data-scroll-anchor=\"true\" data-turn=\"assistant\">\n<div class=\"text-base my-auto mx-auto pb-10 [--thread-content-margin:var(--thread-content-margin-xs,calc(var(--spacing)*4))] @w-sm\/main:[--thread-content-margin:var(--thread-content-margin-sm,calc(var(--spacing)*6))] @w-lg\/main:[--thread-content-margin:var(--thread-content-margin-lg,calc(var(--spacing)*16))] px-(--thread-content-margin)\">\n<div class=\"[--thread-content-max-width:40rem] @w-lg\/main:[--thread-content-max-width:48rem] mx-auto max-w-(--thread-content-max-width) flex-1 group\/turn-messages focus-visible:outline-hidden relative flex w-full min-w-0 flex-col agent-turn\" tabindex=\"-1\">\n<div class=\"flex max-w-full flex-col gap-4 grow\">\n<div class=\"min-h-8 text-message relative flex w-full flex-col items-end gap-2 text-start break-words whitespace-normal [.text-message+&amp;]:mt-1\" dir=\"auto\" data-message-author-role=\"assistant\" data-message-id=\"64ad970e-515d-4f78-afa3-34f4c96888dc\" data-message-model-slug=\"gpt-5-3\">\n<div class=\"flex w-full flex-col gap-1 empty:hidden\">\n<div class=\"markdown prose dark:prose-invert w-full wrap-break-word light markdown-new-styling\">\n<p data-start=\"74\" data-end=\"278\">Come\u00e7a nesta segunda-feira, 16, o prazo para ades\u00e3o ao segundo edital do programa <a href=\"https:\/\/receita.fazenda.rs.gov.br\/acordo-gaucho\" target=\"_blank\" rel=\"noopener\">Acordo Ga\u00facho<\/a>, voltado \u00e0 regulariza\u00e7\u00e3o de d\u00edvidas de ICMS no Rio Grande do Sul. O per\u00edodo de ades\u00e3o segue at\u00e9 15 de abril.<\/p>\n<p data-start=\"280\" data-end=\"522\">O edital abrange d\u00e9bitos inscritos em d\u00edvida ativa at\u00e9 30 de junho de 2025. A iniciativa permite a renegocia\u00e7\u00e3o dos valores com possibilidade de redu\u00e7\u00e3o de juros e multas, o que pode resultar em diminui\u00e7\u00e3o de at\u00e9 65% no valor total da d\u00edvida.<\/p>\n<p data-start=\"524\" data-end=\"828\">O programa prev\u00ea duas modalidades de pagamento. Na primeira, o contribuinte pode quitar o d\u00e9bito \u00e0 vista ou parcelar em at\u00e9 dez vezes, com redu\u00e7\u00e3o de at\u00e9 75% nos juros e nas multas. O pagamento da parcela \u00fanica ou da primeira presta\u00e7\u00e3o deve ser feito at\u00e9 o \u00faltimo dia \u00fatil do m\u00eas em que ocorrer a ades\u00e3o.<\/p>\n<p data-start=\"830\" data-end=\"1057\">A segunda modalidade permite parte da quita\u00e7\u00e3o por meio de compensa\u00e7\u00e3o com precat\u00f3rios. Nesse caso, 40% do valor total da d\u00edvida deve ser pago em at\u00e9 quatro parcelas mensais. Os 60% restantes podem ser abatidos com precat\u00f3rios.<\/p>\n<p data-start=\"1059\" data-end=\"1378\" data-is-last-node=\"\" data-is-only-node=\"\">Para utilizar essa op\u00e7\u00e3o, os precat\u00f3rios precisam estar em nome da empresa devedora e devem ser apresentados no momento da ades\u00e3o. Tamb\u00e9m \u00e9 necess\u00e1rio que sejam d\u00e9bitos reconhecidos contra o Estado do Rio Grande do Sul, autarquias ou funda\u00e7\u00f5es, estejam vencidos e n\u00e3o estejam vinculados como garantia de outras d\u00edvidas.<\/p>\n<div class=\"flex max-w-full flex-col gap-4 grow\">\n<div class=\"min-h-8 text-message relative flex w-full flex-col items-end gap-2 text-start break-words whitespace-normal [.text-message+&amp;]:mt-1\" dir=\"auto\" data-message-author-role=\"assistant\" data-message-id=\"670e730c-c60c-4b6f-8966-ec12f3fe8354\" data-message-model-slug=\"gpt-5-3\">\n<div class=\"flex w-full flex-col gap-1 empty:hidden\">\n<div class=\"markdown prose dark:prose-invert w-full wrap-break-word light markdown-new-styling\">\n<h4 data-start=\"0\" data-end=\"89\"><strong data-start=\"0\" data-end=\"89\">Contribuintes podem escolher quais d\u00e9bitos incluir em acordo de regulariza\u00e7\u00e3o do ICMS<\/strong><\/h4>\n<p data-start=\"91\" data-end=\"344\">Contribuintes que possuem parcelamentos de d\u00edvidas em andamento tamb\u00e9m podem aderir ao Acordo Ga\u00facho de regulariza\u00e7\u00e3o do ICMS. Nesses casos, o acordo anterior \u00e9 cancelado automaticamente ap\u00f3s o pagamento da parcela inicial ou da quita\u00e7\u00e3o do novo acordo.<\/p>\n<p data-start=\"346\" data-end=\"522\">Com a ades\u00e3o, passam a valer apenas as condi\u00e7\u00f5es previstas na nova transa\u00e7\u00e3o. As parcelas j\u00e1 pagas n\u00e3o s\u00e3o recalculadas e os descontos obtidos anteriormente n\u00e3o s\u00e3o acumulados.<\/p>\n<p data-start=\"524\" data-end=\"729\">Entre as possibilidades previstas no edital est\u00e1 a escolha, por parte do contribuinte, de quais d\u00e9bitos eleg\u00edveis deseja incluir na negocia\u00e7\u00e3o. Tamb\u00e9m \u00e9 permitido apresentar mais de um pedido de transa\u00e7\u00e3o.<\/p>\n<p data-start=\"731\" data-end=\"862\">Outro ponto previsto \u00e9 a possibilidade de utilizar precat\u00f3rios devidos pelo Estado para abatimento das d\u00edvidas inclu\u00eddas no acordo.<\/p>\n<blockquote>\n<p data-start=\"864\" data-end=\"1397\">\u201cEsse \u00e9 um edital muito solicitado pelos contribuintes e traz uma inova\u00e7\u00e3o para os acordos de regulariza\u00e7\u00e3o de d\u00edvidas tribut\u00e1rias, que \u00e9 a possibilidade de usar precat\u00f3rios devidos pelo Estado para o abatimento dos d\u00e9bitos. \u00c9 uma oportunidade para as empresas ficarem em dia com o fisco e organizarem suas finan\u00e7as. Para o Estado, \u00e9 mais um instrumento de recupera\u00e7\u00e3o de receitas fundamentais para a continuidade da presta\u00e7\u00e3o de servi\u00e7os p\u00fablicos\u201d, afirmou o subsecret\u00e1rio da Receita Estadual, <span class=\"hover:entity-accent entity-underline inline cursor-pointer align-baseline\"><span class=\"whitespace-normal\">Ricardo Neves Pereira<\/span><\/span>.<\/p>\n<\/blockquote>\n<p data-start=\"1399\" data-end=\"1925\" data-is-last-node=\"\" data-is-only-node=\"\">Para a coordenadora da Procuradoria Fiscal, <span class=\"hover:entity-accent entity-underline inline cursor-pointer align-baseline\"><span class=\"whitespace-normal\">Luciana Mab\u00edlia Martins<\/span><\/span>, o edital amplia as possibilidades de regulariza\u00e7\u00e3o fiscal.<\/p>\n<blockquote>\n<p data-start=\"1399\" data-end=\"1925\" data-is-last-node=\"\" data-is-only-node=\"\">\u201c\u00c9 mais uma iniciativa do Estado no sentido da consensualidade, oportunizando ao contribuinte retornar \u00e0 regularidade fiscal. Trata-se de uma a\u00e7\u00e3o na linha da transa\u00e7\u00e3o tribut\u00e1ria, voltada \u00e0 racionaliza\u00e7\u00e3o da cobran\u00e7a da d\u00edvida ativa, permitindo a recupera\u00e7\u00e3o de cr\u00e9ditos considerados de dif\u00edcil recebimento e contribuindo para a redu\u00e7\u00e3o do estoque de precat\u00f3rios do Estado\u201d, afirmou.<\/p>\n<\/blockquote>\n<\/div>\n<\/div>\n<\/div>\n<\/div>\n<div class=\"mt-3 w-full empty:hidden\">\n<div class=\"text-center\">\n<div class=\"inline-flex border border-gray-100 dark:border-gray-700 rounded-xl\">\n<h4 class=\"bg-token-main-surface-tertiary w-px flex-1 self-stretch\">Redu\u00e7\u00e3o do estoque da d\u00edvida tribut\u00e1ria<\/h4>\n<div>O governo do Estado tem adotado medidas para reduzir o estoque de d\u00edvidas tribut\u00e1rias nos \u00faltimos anos, com a\u00e7\u00f5es voltadas \u00e0 recupera\u00e7\u00e3o de cr\u00e9ditos e atua\u00e7\u00e3o conjunta com a Procuradoria-Geral do Estado (PGE) e outros \u00f3rg\u00e3os.<\/div>\n<div class=\"bg-token-main-surface-tertiary w-px flex-1 self-stretch\">\n<p data-start=\"229\" data-end=\"453\">Em 2025, o programa Refaz Reconstru\u00e7\u00e3o resultou na regulariza\u00e7\u00e3o de mais de R$ 7 bilh\u00f5es em d\u00e9bitos tribut\u00e1rios. Na ocasi\u00e3o, foram concedidos cerca de R$ 3 bilh\u00f5es em descontos para contribuintes que aderiram \u00e0 iniciativa.<\/p>\n<p data-start=\"455\" data-end=\"676\" data-is-last-node=\"\" data-is-only-node=\"\">O edital de transa\u00e7\u00e3o tribut\u00e1ria que permite abatimento de d\u00e9bitos com precat\u00f3rios corresponde ao segundo chamamento do programa Acordo Ga\u00facho. A primeira etapa foi voltada \u00e0 regulariza\u00e7\u00e3o de d\u00edvidas relacionadas ao IPVA.<\/p>\n<h4>O que \u00e9 o Acordo Ga\u00facho<\/h4>\n<p><span data-contrast=\"none\">O Acordo Ga\u00facho \u00e9 o novo programa de transa\u00e7\u00e3o tribut\u00e1ria do Estado, estabelecido pela Lei 16.241\/2024 e regulamentado pelo Decreto 58.264\/2025. A iniciativa permite a negocia\u00e7\u00e3o de d\u00e9bitos inscritos em d\u00edvida ativa ou em discuss\u00e3o judicial, oferecendo descontos e prazos diferenciados de pagamento.<\/span><span data-ccp-props=\"{&quot;134233117&quot;:false,&quot;134233118&quot;:false,&quot;335551550&quot;:0,&quot;335551620&quot;:0,&quot;335557856&quot;:16777215,&quot;335559738&quot;:0,&quot;335559739&quot;:360}\">\u00a0<\/span><\/p>\n<p><span data-contrast=\"none\">Al\u00e9m de contribuir para a recupera\u00e7\u00e3o de empresas afetadas pelo cen\u00e1rio econ\u00f4mico e, em especial, pelos reflexos das enchentes e da pandemia, o programa ter\u00e1 impacto positivo na arrecada\u00e7\u00e3o estadual deste ano e influenciar\u00e1 na receita futura do Imposto de Bens e Servi\u00e7os (IBS), que ser\u00e1 calculada a partir de uma m\u00e9dia da arrecada\u00e7\u00e3o de diversos exerc\u00edcios financeiros.<\/span><\/p>\n<h4><strong>Principais informa\u00e7\u00f5es sobre o Edital 2\/2025 do Acordo Ga\u00facho<\/strong><\/h4>\n<p><strong>Per\u00edodo de ades\u00e3o<\/strong><\/p>\n<p>De 16 de mar\u00e7o a 15 de abril.<\/p>\n<p><strong>Quem pode aderir<\/strong><\/p>\n<p>Pessoas f\u00edsicas e jur\u00eddicas que possuam d\u00e9bitos de ICMS em d\u00edvida ativa inscrita at\u00e9 30 de junho de 2025.<\/p>\n<p><strong>Como aderir<\/strong><\/p>\n<p>A ades\u00e3o \u00e9 100% on-line, no site da Receita Estadual.<\/p>\n<h4><strong>Modalidades de ades\u00e3o<\/strong><\/h4>\n<p><strong>Modalidade 1<\/strong>\u00a0&#8211; permite quita\u00e7\u00e3o \u00e0 vista ou em at\u00e9 dez parcelas mensais, com pagamento da parcela \u00fanica ou da primeira cota at\u00e9 o \u00faltimo dia \u00fatil do m\u00eas de ades\u00e3o.<\/p>\n<p><strong>Modalidade 2<\/strong>\u00a0&#8211; possibilita a compensa\u00e7\u00e3o com precat\u00f3rios. Neste caso, 40% do valor total dever\u00e1 ser pago em quatro parcelas, sendo a primeira parcela com vencimento no \u00faltimo dia \u00fatil do m\u00eas de ades\u00e3o. O saldo remanescente, correspondente a 60%, ser\u00e1 compensado com precat\u00f3rios.<\/p>\n<h4><strong>Descontos concedidos<\/strong><\/h4>\n<p>At\u00e9 75% do valor de juros e multas. O desconto pode chegar at\u00e9 a 65% do valor bruto da d\u00edvida.<\/p>\n<h4><strong>Principais prazos<\/strong><\/h4>\n<p><strong>16 de mar\u00e7o<\/strong>: in\u00edcio do prazo de ades\u00e3o.<\/p>\n<p><strong>15 de abril<\/strong>: t\u00e9rmino do prazo de ades\u00e3o.<\/p>\n<p><strong>30 de abril<\/strong>: \u00faltimo dia para pagamento em moeda corrente da parcela \u00fanica ou 1\u00aa parcela.<\/p>\n<p><strong>27 de julho<\/strong>: \u00faltimo dia para entrega das certid\u00f5es judiciais dos precat\u00f3rios na Modalidade 2. \u00daltimo dia para pagamento das tr\u00eas parcelas subsequentes necess\u00e1rias para an\u00e1lise do precat\u00f3rio na Modalidade 2.<\/p>\n<\/div>\n<\/div>\n<\/div>\n<\/div>\n<\/div>\n<\/div>\n<\/div>\n<\/div>\n<\/div>\n<\/div>\n<\/article>\n<\/div>\n","protected":false},"excerpt":{"rendered":"<p>Come\u00e7a nesta segunda-feira, 16, o prazo para ades\u00e3o ao segundo edital do programa Acordo Ga\u00facho, voltado \u00e0 regulariza\u00e7\u00e3o de d\u00edvidas de ICMS no Rio Grande do Sul. O per\u00edodo de ades\u00e3o segue at\u00e9 15 de abril. O edital abrange d\u00e9bitos inscritos em d\u00edvida ativa at\u00e9 30 de junho de 2025. A iniciativa permite a renegocia\u00e7\u00e3o [&hellip;]<\/p>\n","protected":false},"author":2,"featured_media":39574,"comment_status":"open","ping_status":"open","sticky":false,"template":"","format":"standard","meta":{"amp_status":"","footnotes":""},"categories":[1],"tags":[31,190,2176,4179],"class_list":["post-39573","post","type-post","status-publish","format-standard","has-post-thumbnail","hentry","category-sem-categoria","tag-canoas","tag-featured","tag-icms","tag-receita-federal"],"yoast_head":"<!-- This site is optimized with the Yoast SEO plugin v20.5 - https:\/\/yoast.com\/wordpress\/plugins\/seo\/ -->\n<title>Prazo para ades\u00e3o ao Acordo Ga\u00facho de regulariza\u00e7\u00e3o de d\u00edvidas de ICMS come\u00e7a nesta segunda-feira - O Timoneiro Jornal Canoas RS<\/title>\n<meta name=\"description\" content=\"Prazo para ades\u00e3o ao Acordo Ga\u00facho come\u00e7a em 16 de mar\u00e7o e permite renegocia\u00e7\u00e3o de d\u00edvidas de ICMS no RS com descontos de at\u00e9 65% e op\u00e7\u00e3o de parcelamento ou uso de precat\u00f3rios.\" \/>\n<meta name=\"robots\" content=\"index, follow, max-snippet:-1, max-image-preview:large, max-video-preview:-1\" \/>\n<link rel=\"canonical\" href=\"https:\/\/jornaltimoneiro.com.br\/index.php\/2026\/03\/16\/acordo-gaucho-icms-rs-adesao-dividas-descontos-65-por-cento\/\" \/>\n<meta property=\"og:locale\" content=\"pt_BR\" \/>\n<meta property=\"og:type\" content=\"article\" \/>\n<meta property=\"og:title\" content=\"Prazo para ades\u00e3o ao Acordo Ga\u00facho de regulariza\u00e7\u00e3o de d\u00edvidas de ICMS come\u00e7a nesta segunda-feira - O Timoneiro Jornal Canoas RS\" \/>\n<meta property=\"og:description\" content=\"Prazo para ades\u00e3o ao Acordo Ga\u00facho come\u00e7a em 16 de mar\u00e7o e permite renegocia\u00e7\u00e3o de d\u00edvidas de ICMS no RS com descontos de at\u00e9 65% e op\u00e7\u00e3o de parcelamento ou uso de precat\u00f3rios.\" \/>\n<meta property=\"og:url\" content=\"https:\/\/jornaltimoneiro.com.br\/index.php\/2026\/03\/16\/acordo-gaucho-icms-rs-adesao-dividas-descontos-65-por-cento\/\" \/>\n<meta property=\"og:site_name\" content=\"O Timoneiro Jornal Canoas RS\" \/>\n<meta property=\"article:publisher\" content=\"https:\/\/www.facebook.com\/jornaltimoneiro\" \/>\n<meta property=\"article:published_time\" content=\"2026-03-16T13:55:31+00:00\" \/>\n<meta property=\"og:image\" content=\"https:\/\/jornaltimoneiro.com.br\/wp-content\/uploads\/2026\/03\/ciclo_do_numer__rio.webp\" \/>\n\t<meta property=\"og:image:width\" content=\"796\" \/>\n\t<meta property=\"og:image:height\" content=\"349\" \/>\n\t<meta property=\"og:image:type\" content=\"image\/webp\" \/>\n<meta name=\"author\" content=\"Reda\u00e7\u00e3o\" \/>\n<meta name=\"twitter:card\" content=\"summary_large_image\" \/>\n<meta name=\"twitter:creator\" content=\"@_OTimoneiro\" \/>\n<meta name=\"twitter:site\" content=\"@_OTimoneiro\" \/>\n<meta name=\"twitter:label1\" content=\"Escrito por\" \/>\n\t<meta name=\"twitter:data1\" content=\"Reda\u00e7\u00e3o\" \/>\n\t<meta name=\"twitter:label2\" content=\"Est. tempo de leitura\" \/>\n\t<meta name=\"twitter:data2\" content=\"6 minutos\" \/>\n<script type=\"application\/ld+json\" class=\"yoast-schema-graph\">{\"@context\":\"https:\/\/schema.org\",\"@graph\":[{\"@type\":\"Article\",\"@id\":\"https:\/\/jornaltimoneiro.com.br\/index.php\/2026\/03\/16\/acordo-gaucho-icms-rs-adesao-dividas-descontos-65-por-cento\/#article\",\"isPartOf\":{\"@id\":\"https:\/\/jornaltimoneiro.com.br\/index.php\/2026\/03\/16\/acordo-gaucho-icms-rs-adesao-dividas-descontos-65-por-cento\/\"},\"author\":{\"name\":\"Reda\u00e7\u00e3o\",\"@id\":\"https:\/\/jornaltimoneiro.com.br\/#\/schema\/person\/f63482f1a02b1a9592707865e509ab40\"},\"headline\":\"Prazo para ades\u00e3o ao Acordo Ga\u00facho de regulariza\u00e7\u00e3o de d\u00edvidas de ICMS come\u00e7a nesta segunda-feira\",\"datePublished\":\"2026-03-16T13:55:31+00:00\",\"dateModified\":\"2026-03-16T13:55:31+00:00\",\"mainEntityOfPage\":{\"@id\":\"https:\/\/jornaltimoneiro.com.br\/index.php\/2026\/03\/16\/acordo-gaucho-icms-rs-adesao-dividas-descontos-65-por-cento\/\"},\"wordCount\":1058,\"commentCount\":0,\"publisher\":{\"@id\":\"https:\/\/jornaltimoneiro.com.br\/#organization\"},\"keywords\":[\"canoas\",\"featured\",\"ICMS\",\"receita federal\"],\"inLanguage\":\"pt-BR\",\"potentialAction\":[{\"@type\":\"CommentAction\",\"name\":\"Comment\",\"target\":[\"https:\/\/jornaltimoneiro.com.br\/index.php\/2026\/03\/16\/acordo-gaucho-icms-rs-adesao-dividas-descontos-65-por-cento\/#respond\"]}]},{\"@type\":\"WebPage\",\"@id\":\"https:\/\/jornaltimoneiro.com.br\/index.php\/2026\/03\/16\/acordo-gaucho-icms-rs-adesao-dividas-descontos-65-por-cento\/\",\"url\":\"https:\/\/jornaltimoneiro.com.br\/index.php\/2026\/03\/16\/acordo-gaucho-icms-rs-adesao-dividas-descontos-65-por-cento\/\",\"name\":\"Prazo para ades\u00e3o ao Acordo Ga\u00facho de regulariza\u00e7\u00e3o de d\u00edvidas de ICMS come\u00e7a nesta segunda-feira - O Timoneiro Jornal Canoas RS\",\"isPartOf\":{\"@id\":\"https:\/\/jornaltimoneiro.com.br\/#website\"},\"datePublished\":\"2026-03-16T13:55:31+00:00\",\"dateModified\":\"2026-03-16T13:55:31+00:00\",\"description\":\"Prazo para ades\u00e3o ao Acordo Ga\u00facho come\u00e7a em 16 de mar\u00e7o e permite renegocia\u00e7\u00e3o de d\u00edvidas de ICMS no RS com descontos de at\u00e9 65% e op\u00e7\u00e3o de parcelamento ou uso de precat\u00f3rios.\",\"breadcrumb\":{\"@id\":\"https:\/\/jornaltimoneiro.com.br\/index.php\/2026\/03\/16\/acordo-gaucho-icms-rs-adesao-dividas-descontos-65-por-cento\/#breadcrumb\"},\"inLanguage\":\"pt-BR\",\"potentialAction\":[{\"@type\":\"ReadAction\",\"target\":[\"https:\/\/jornaltimoneiro.com.br\/index.php\/2026\/03\/16\/acordo-gaucho-icms-rs-adesao-dividas-descontos-65-por-cento\/\"]}]},{\"@type\":\"BreadcrumbList\",\"@id\":\"https:\/\/jornaltimoneiro.com.br\/index.php\/2026\/03\/16\/acordo-gaucho-icms-rs-adesao-dividas-descontos-65-por-cento\/#breadcrumb\",\"itemListElement\":[{\"@type\":\"ListItem\",\"position\":1,\"name\":\"In\u00edcio\",\"item\":\"https:\/\/jornaltimoneiro.com.br\/\"},{\"@type\":\"ListItem\",\"position\":2,\"name\":\"Prazo para ades\u00e3o ao Acordo Ga\u00facho de regulariza\u00e7\u00e3o de d\u00edvidas de ICMS come\u00e7a nesta segunda-feira\"}]},{\"@type\":\"WebSite\",\"@id\":\"https:\/\/jornaltimoneiro.com.br\/#website\",\"url\":\"https:\/\/jornaltimoneiro.com.br\/\",\"name\":\"Jornal Timoneiro Canoas RS\",\"description\":\"Jornal O Timoneiro, o verdadeiro jornal de Canoas\",\"publisher\":{\"@id\":\"https:\/\/jornaltimoneiro.com.br\/#organization\"},\"potentialAction\":[{\"@type\":\"SearchAction\",\"target\":{\"@type\":\"EntryPoint\",\"urlTemplate\":\"https:\/\/jornaltimoneiro.com.br\/?s={search_term_string}\"},\"query-input\":\"required name=search_term_string\"}],\"inLanguage\":\"pt-BR\"},{\"@type\":\"Organization\",\"@id\":\"https:\/\/jornaltimoneiro.com.br\/#organization\",\"name\":\"Jornal Timoneiro Canoas RS\",\"url\":\"https:\/\/jornaltimoneiro.com.br\/\",\"logo\":{\"@type\":\"ImageObject\",\"inLanguage\":\"pt-BR\",\"@id\":\"https:\/\/jornaltimoneiro.com.br\/#\/schema\/logo\/image\/\",\"url\":\"https:\/\/jornaltimoneiro.com.br\/wp-content\/uploads\/2023\/03\/logonovo.png\",\"contentUrl\":\"https:\/\/jornaltimoneiro.com.br\/wp-content\/uploads\/2023\/03\/logonovo.png\",\"width\":\"469\",\"height\":\"171\",\"caption\":\"Jornal Timoneiro Canoas RS\"},\"image\":{\"@id\":\"https:\/\/jornaltimoneiro.com.br\/#\/schema\/logo\/image\/\"},\"sameAs\":[\"https:\/\/www.facebook.com\/jornaltimoneiro\",\"https:\/\/twitter.com\/_OTimoneiro\",\"https:\/\/www.instagram.com\/jornaltimoneirocanoas\/\",\"https:\/\/www.youtube.com\/@jornalotimoneiro7927\"]},{\"@type\":\"Person\",\"@id\":\"https:\/\/jornaltimoneiro.com.br\/#\/schema\/person\/f63482f1a02b1a9592707865e509ab40\",\"name\":\"Reda\u00e7\u00e3o\",\"image\":{\"@type\":\"ImageObject\",\"inLanguage\":\"pt-BR\",\"@id\":\"https:\/\/jornaltimoneiro.com.br\/#\/schema\/person\/image\/\",\"url\":\"https:\/\/jornaltimoneiro.com.br\/wp-content\/uploads\/2023\/03\/download.jpeg\",\"contentUrl\":\"https:\/\/jornaltimoneiro.com.br\/wp-content\/uploads\/2023\/03\/download.jpeg\",\"caption\":\"Reda\u00e7\u00e3o\"},\"url\":\"https:\/\/jornaltimoneiro.com.br\/index.php\/author\/simone-dutra\/\"}]}<\/script>\n<!-- \/ Yoast SEO plugin. -->","yoast_head_json":{"title":"Prazo para ades\u00e3o ao Acordo Ga\u00facho de regulariza\u00e7\u00e3o de d\u00edvidas de ICMS come\u00e7a nesta segunda-feira - O Timoneiro Jornal Canoas RS","description":"Prazo para ades\u00e3o ao Acordo Ga\u00facho come\u00e7a em 16 de mar\u00e7o e permite renegocia\u00e7\u00e3o de d\u00edvidas de ICMS no RS com descontos de at\u00e9 65% e op\u00e7\u00e3o de parcelamento ou uso de precat\u00f3rios.","robots":{"index":"index","follow":"follow","max-snippet":"max-snippet:-1","max-image-preview":"max-image-preview:large","max-video-preview":"max-video-preview:-1"},"canonical":"https:\/\/jornaltimoneiro.com.br\/index.php\/2026\/03\/16\/acordo-gaucho-icms-rs-adesao-dividas-descontos-65-por-cento\/","og_locale":"pt_BR","og_type":"article","og_title":"Prazo para ades\u00e3o ao Acordo Ga\u00facho de regulariza\u00e7\u00e3o de d\u00edvidas de ICMS come\u00e7a nesta segunda-feira - O Timoneiro Jornal Canoas RS","og_description":"Prazo para ades\u00e3o ao Acordo Ga\u00facho come\u00e7a em 16 de mar\u00e7o e permite renegocia\u00e7\u00e3o de d\u00edvidas de ICMS no RS com descontos de at\u00e9 65% e op\u00e7\u00e3o de parcelamento ou uso de precat\u00f3rios.","og_url":"https:\/\/jornaltimoneiro.com.br\/index.php\/2026\/03\/16\/acordo-gaucho-icms-rs-adesao-dividas-descontos-65-por-cento\/","og_site_name":"O Timoneiro Jornal Canoas RS","article_publisher":"https:\/\/www.facebook.com\/jornaltimoneiro","article_published_time":"2026-03-16T13:55:31+00:00","og_image":[{"width":"796","height":"349","url":"https:\/\/jornaltimoneiro.com.br\/wp-content\/uploads\/2026\/03\/ciclo_do_numer__rio.webp","type":"image\/webp"}],"author":"Reda\u00e7\u00e3o","twitter_card":"summary_large_image","twitter_creator":"@_OTimoneiro","twitter_site":"@_OTimoneiro","twitter_misc":{"Escrito por":"Reda\u00e7\u00e3o","Est. tempo de leitura":"6 minutos"},"schema":{"@context":"https:\/\/schema.org","@graph":[{"@type":"Article","@id":"https:\/\/jornaltimoneiro.com.br\/index.php\/2026\/03\/16\/acordo-gaucho-icms-rs-adesao-dividas-descontos-65-por-cento\/#article","isPartOf":{"@id":"https:\/\/jornaltimoneiro.com.br\/index.php\/2026\/03\/16\/acordo-gaucho-icms-rs-adesao-dividas-descontos-65-por-cento\/"},"author":{"name":"Reda\u00e7\u00e3o","@id":"https:\/\/jornaltimoneiro.com.br\/#\/schema\/person\/f63482f1a02b1a9592707865e509ab40"},"headline":"Prazo para ades\u00e3o ao Acordo Ga\u00facho de regulariza\u00e7\u00e3o de d\u00edvidas de ICMS come\u00e7a nesta segunda-feira","datePublished":"2026-03-16T13:55:31+00:00","dateModified":"2026-03-16T13:55:31+00:00","mainEntityOfPage":{"@id":"https:\/\/jornaltimoneiro.com.br\/index.php\/2026\/03\/16\/acordo-gaucho-icms-rs-adesao-dividas-descontos-65-por-cento\/"},"wordCount":1058,"commentCount":0,"publisher":{"@id":"https:\/\/jornaltimoneiro.com.br\/#organization"},"keywords":["canoas","featured","ICMS","receita federal"],"inLanguage":"pt-BR","potentialAction":[{"@type":"CommentAction","name":"Comment","target":["https:\/\/jornaltimoneiro.com.br\/index.php\/2026\/03\/16\/acordo-gaucho-icms-rs-adesao-dividas-descontos-65-por-cento\/#respond"]}]},{"@type":"WebPage","@id":"https:\/\/jornaltimoneiro.com.br\/index.php\/2026\/03\/16\/acordo-gaucho-icms-rs-adesao-dividas-descontos-65-por-cento\/","url":"https:\/\/jornaltimoneiro.com.br\/index.php\/2026\/03\/16\/acordo-gaucho-icms-rs-adesao-dividas-descontos-65-por-cento\/","name":"Prazo para ades\u00e3o ao Acordo Ga\u00facho de regulariza\u00e7\u00e3o de d\u00edvidas de ICMS come\u00e7a nesta segunda-feira - O Timoneiro Jornal Canoas RS","isPartOf":{"@id":"https:\/\/jornaltimoneiro.com.br\/#website"},"datePublished":"2026-03-16T13:55:31+00:00","dateModified":"2026-03-16T13:55:31+00:00","description":"Prazo para ades\u00e3o ao Acordo Ga\u00facho come\u00e7a em 16 de mar\u00e7o e permite renegocia\u00e7\u00e3o de d\u00edvidas de ICMS no RS com descontos de at\u00e9 65% e op\u00e7\u00e3o de parcelamento ou uso de precat\u00f3rios.","breadcrumb":{"@id":"https:\/\/jornaltimoneiro.com.br\/index.php\/2026\/03\/16\/acordo-gaucho-icms-rs-adesao-dividas-descontos-65-por-cento\/#breadcrumb"},"inLanguage":"pt-BR","potentialAction":[{"@type":"ReadAction","target":["https:\/\/jornaltimoneiro.com.br\/index.php\/2026\/03\/16\/acordo-gaucho-icms-rs-adesao-dividas-descontos-65-por-cento\/"]}]},{"@type":"BreadcrumbList","@id":"https:\/\/jornaltimoneiro.com.br\/index.php\/2026\/03\/16\/acordo-gaucho-icms-rs-adesao-dividas-descontos-65-por-cento\/#breadcrumb","itemListElement":[{"@type":"ListItem","position":1,"name":"In\u00edcio","item":"https:\/\/jornaltimoneiro.com.br\/"},{"@type":"ListItem","position":2,"name":"Prazo para ades\u00e3o ao Acordo Ga\u00facho de regulariza\u00e7\u00e3o de d\u00edvidas de ICMS come\u00e7a nesta segunda-feira"}]},{"@type":"WebSite","@id":"https:\/\/jornaltimoneiro.com.br\/#website","url":"https:\/\/jornaltimoneiro.com.br\/","name":"Jornal Timoneiro Canoas RS","description":"Jornal O Timoneiro, o verdadeiro jornal de Canoas","publisher":{"@id":"https:\/\/jornaltimoneiro.com.br\/#organization"},"potentialAction":[{"@type":"SearchAction","target":{"@type":"EntryPoint","urlTemplate":"https:\/\/jornaltimoneiro.com.br\/?s={search_term_string}"},"query-input":"required name=search_term_string"}],"inLanguage":"pt-BR"},{"@type":"Organization","@id":"https:\/\/jornaltimoneiro.com.br\/#organization","name":"Jornal Timoneiro Canoas RS","url":"https:\/\/jornaltimoneiro.com.br\/","logo":{"@type":"ImageObject","inLanguage":"pt-BR","@id":"https:\/\/jornaltimoneiro.com.br\/#\/schema\/logo\/image\/","url":"https:\/\/jornaltimoneiro.com.br\/wp-content\/uploads\/2023\/03\/logonovo.png","contentUrl":"https:\/\/jornaltimoneiro.com.br\/wp-content\/uploads\/2023\/03\/logonovo.png","width":"469","height":"171","caption":"Jornal Timoneiro Canoas RS"},"image":{"@id":"https:\/\/jornaltimoneiro.com.br\/#\/schema\/logo\/image\/"},"sameAs":["https:\/\/www.facebook.com\/jornaltimoneiro","https:\/\/twitter.com\/_OTimoneiro","https:\/\/www.instagram.com\/jornaltimoneirocanoas\/","https:\/\/www.youtube.com\/@jornalotimoneiro7927"]},{"@type":"Person","@id":"https:\/\/jornaltimoneiro.com.br\/#\/schema\/person\/f63482f1a02b1a9592707865e509ab40","name":"Reda\u00e7\u00e3o","image":{"@type":"ImageObject","inLanguage":"pt-BR","@id":"https:\/\/jornaltimoneiro.com.br\/#\/schema\/person\/image\/","url":"https:\/\/jornaltimoneiro.com.br\/wp-content\/uploads\/2023\/03\/download.jpeg","contentUrl":"https:\/\/jornaltimoneiro.com.br\/wp-content\/uploads\/2023\/03\/download.jpeg","caption":"Reda\u00e7\u00e3o"},"url":"https:\/\/jornaltimoneiro.com.br\/index.php\/author\/simone-dutra\/"}]}},"_links":{"self":[{"href":"https:\/\/jornaltimoneiro.com.br\/index.php\/wp-json\/wp\/v2\/posts\/39573"}],"collection":[{"href":"https:\/\/jornaltimoneiro.com.br\/index.php\/wp-json\/wp\/v2\/posts"}],"about":[{"href":"https:\/\/jornaltimoneiro.com.br\/index.php\/wp-json\/wp\/v2\/types\/post"}],"author":[{"embeddable":true,"href":"https:\/\/jornaltimoneiro.com.br\/index.php\/wp-json\/wp\/v2\/users\/2"}],"replies":[{"embeddable":true,"href":"https:\/\/jornaltimoneiro.com.br\/index.php\/wp-json\/wp\/v2\/comments?post=39573"}],"version-history":[{"count":1,"href":"https:\/\/jornaltimoneiro.com.br\/index.php\/wp-json\/wp\/v2\/posts\/39573\/revisions"}],"predecessor-version":[{"id":39575,"href":"https:\/\/jornaltimoneiro.com.br\/index.php\/wp-json\/wp\/v2\/posts\/39573\/revisions\/39575"}],"wp:featuredmedia":[{"embeddable":true,"href":"https:\/\/jornaltimoneiro.com.br\/index.php\/wp-json\/wp\/v2\/media\/39574"}],"wp:attachment":[{"href":"https:\/\/jornaltimoneiro.com.br\/index.php\/wp-json\/wp\/v2\/media?parent=39573"}],"wp:term":[{"taxonomy":"category","embeddable":true,"href":"https:\/\/jornaltimoneiro.com.br\/index.php\/wp-json\/wp\/v2\/categories?post=39573"},{"taxonomy":"post_tag","embeddable":true,"href":"https:\/\/jornaltimoneiro.com.br\/index.php\/wp-json\/wp\/v2\/tags?post=39573"}],"curies":[{"name":"wp","href":"https:\/\/api.w.org\/{rel}","templated":true}]}}