{"id":39563,"date":"2026-03-13T15:24:43","date_gmt":"2026-03-13T18:24:43","guid":{"rendered":"https:\/\/jornaltimoneiro.com.br\/?p=39563"},"modified":"2026-03-13T15:24:43","modified_gmt":"2026-03-13T18:24:43","slug":"sabado-solidario-2026-arrecadacao-alimentos-canoas","status":"publish","type":"post","link":"https:\/\/jornaltimoneiro.com.br\/index.php\/2026\/03\/13\/sabado-solidario-2026-arrecadacao-alimentos-canoas\/","title":{"rendered":"S\u00e1bado Solid\u00e1rio mobiliza Canoas para arrecadar alimentos; saiba os pontos de coleta"},"content":{"rendered":"<p>O Banco de Alimentos de Canoas promove, no pr\u00f3ximo s\u00e1bado, 14, o primeiro S\u00e1bado Solid\u00e1rio de 2026, uma mobiliza\u00e7\u00e3o voltada \u00e0 arrecada\u00e7\u00e3o de alimentos n\u00e3o perec\u00edveis para fortalecer o atendimento \u00e0s institui\u00e7\u00f5es sociais que apoiam fam\u00edlias em situa\u00e7\u00e3o de vulnerabilidade no munic\u00edpio.<\/p>\n<p>A a\u00e7\u00e3o acontece das 9h \u00e0s 18h, com pontos de coleta em diversos supermercados de Canoas. Durante todo o dia, volunt\u00e1rios estar\u00e3o nos locais recebendo doa\u00e7\u00f5es de clientes que desejarem contribuir com a iniciativa.<\/p>\n<p>A inseguran\u00e7a alimentar ainda \u00e9 uma realidade presente em muitas comunidades, onde fam\u00edlias convivem com o or\u00e7amento comprometido e com acesso limitado a uma alimenta\u00e7\u00e3o adequada, tanto em quantidade quanto em qualidade. Nesse contexto, a atua\u00e7\u00e3o do Banco de Alimentos \u00e9 fundamental ao arrecadar e distribuir alimentos para<br \/>\nentidades sociais cadastradas, contribuindo para que mais pessoas tenham acesso a refei\u00e7\u00f5es regulares e equilibradas.<\/p>\n<p>Realizada h\u00e1 mais de 24 anos, a campanha S\u00e1bado Solid\u00e1rio mobiliza volunt\u00e1rios, parceiros e a comunidade em torno de um objetivo comum: ampliar a arrecada\u00e7\u00e3o de alimentos e fortalecer o atendimento \u00e0s entidades assistenciais do munic\u00edpio.<\/p>\n<p>Em Canoas, a iniciativa conta com o apoio do Rotary Club Industrial, que colabora na mobiliza\u00e7\u00e3o de volunt\u00e1rios e na sensibiliza\u00e7\u00e3o da comunidade. Para a presidente do Banco de Alimentos de Canoas, a participa\u00e7\u00e3o da popula\u00e7\u00e3o \u00e9<br \/>\nfundamental para ampliar o alcance da a\u00e7\u00e3o.<\/p>\n<blockquote><p>\u201cCada doa\u00e7\u00e3o faz diferen\u00e7a. Quando a comunidade se mobiliza, conseguimos fortalecer o trabalho das entidades sociais e garantir que mais fam\u00edlias tenham acesso a uma alimenta\u00e7\u00e3o digna\u201d, afirma Isabel Bodini Viegas.<\/p><\/blockquote>\n<h4>Como contribuir<\/h4>\n<p>A participa\u00e7\u00e3o da comunidade \u00e9 simples: ao fazer suas compras, basta incluir alimentos n\u00e3o perec\u00edveis no carrinho como arroz, feij\u00e3o, \u00f3leo, farinhas, massas e enlatados e entreg\u00e1-los aos volunt\u00e1rios do Banco de Alimentos nos pontos de coleta, pr\u00f3ximo \u00e0s sa\u00eddas dos estabelecimentos participantes da a\u00e7\u00e3o.<\/p>\n<p>Tamb\u00e9m \u00e9 poss\u00edvel contribuir por meio de PIX 10426437000145 ou realizando doa\u00e7\u00f5es diretamente na sede do Banco de Alimentos de Canoas, localizada na Rua Expedicion\u00e1rio, 182, bairro Nossa Senhora das Gra\u00e7as, de segunda a sexta-feira, das 13h30 \u00e0s 18h.<\/p>\n<h4>Pontos de arrecada\u00e7\u00e3o em Canoas<\/h4>\n<p>Macromix Canoas \u2013 Rua Liberdade, 1381 \u2013 Bairro Marechal Rondon<br \/>\nRissul \u2013 Rua Ven\u00e2ncio Aires, 2800 \u2013 Bairro Niter\u00f3i<br \/>\nRissul \u2013 Av. Santos Ferreira, 2620 \u2013 Bairro Est\u00e2ncia Velha<br \/>\nFort Atacadista \u2013 Av. Farroupilha, 4803 \u2013 Bairro Marechal Rondon<br \/>\nCarrefour \u2013 Rua Mathias Velho, 467 \u2013 Bairro Centro<br \/>\nAsun Center \u2013 Av. Boqueir\u00e3o, 2100 \u2013 Bairro Igara<br \/>\nSupermercado Zortea \u2013 Rua Joaquim Caetano, 270 \u2013 Bairro F\u00e1tima<br \/>\nSupermercado Industrial \u2013 Rua Lisboa, 6 \u2013 Bairro Niter\u00f3i<\/p>\n","protected":false},"excerpt":{"rendered":"<p>O Banco de Alimentos de Canoas promove, no pr\u00f3ximo s\u00e1bado, 14, o primeiro S\u00e1bado Solid\u00e1rio de 2026, uma mobiliza\u00e7\u00e3o voltada \u00e0 arrecada\u00e7\u00e3o de alimentos n\u00e3o perec\u00edveis para fortalecer o atendimento \u00e0s institui\u00e7\u00f5es sociais que apoiam fam\u00edlias em situa\u00e7\u00e3o de vulnerabilidade no munic\u00edpio. A a\u00e7\u00e3o acontece das 9h \u00e0s 18h, com pontos de coleta em diversos [&hellip;]<\/p>\n","protected":false},"author":2,"featured_media":39564,"comment_status":"open","ping_status":"open","sticky":false,"template":"","format":"standard","meta":{"amp_status":"","footnotes":""},"categories":[23],"tags":[3871,749,31,1377],"class_list":["post-39563","post","type-post","status-publish","format-standard","has-post-thumbnail","hentry","category-geral","tag-arrecadacao-de-alimentos","tag-banco-de-alimentos","tag-canoas","tag-feat"],"yoast_head":"<!-- This site is optimized with the Yoast SEO plugin v20.5 - https:\/\/yoast.com\/wordpress\/plugins\/seo\/ -->\n<title>S\u00e1bado Solid\u00e1rio mobiliza Canoas para arrecadar alimentos; saiba os pontos de coleta - O Timoneiro Jornal Canoas RS<\/title>\n<meta name=\"description\" content=\"Banco de Alimentos de Canoas realiza no s\u00e1bado (14) o primeiro S\u00e1bado Solid\u00e1rio de 2026, com arrecada\u00e7\u00e3o de alimentos n\u00e3o perec\u00edveis em supermercados da cidade.\" \/>\n<meta name=\"robots\" content=\"index, follow, max-snippet:-1, max-image-preview:large, max-video-preview:-1\" \/>\n<link rel=\"canonical\" href=\"https:\/\/jornaltimoneiro.com.br\/index.php\/2026\/03\/13\/sabado-solidario-2026-arrecadacao-alimentos-canoas\/\" \/>\n<meta property=\"og:locale\" content=\"pt_BR\" \/>\n<meta property=\"og:type\" content=\"article\" \/>\n<meta property=\"og:title\" content=\"S\u00e1bado Solid\u00e1rio mobiliza Canoas para arrecadar alimentos; saiba os pontos de coleta - O Timoneiro Jornal Canoas RS\" \/>\n<meta property=\"og:description\" content=\"Banco de Alimentos de Canoas realiza no s\u00e1bado (14) o primeiro S\u00e1bado Solid\u00e1rio de 2026, com arrecada\u00e7\u00e3o de alimentos n\u00e3o perec\u00edveis em supermercados da cidade.\" \/>\n<meta property=\"og:url\" content=\"https:\/\/jornaltimoneiro.com.br\/index.php\/2026\/03\/13\/sabado-solidario-2026-arrecadacao-alimentos-canoas\/\" \/>\n<meta property=\"og:site_name\" content=\"O Timoneiro Jornal Canoas RS\" \/>\n<meta property=\"article:publisher\" content=\"https:\/\/www.facebook.com\/jornaltimoneiro\" \/>\n<meta property=\"article:published_time\" content=\"2026-03-13T18:24:43+00:00\" \/>\n<meta property=\"og:image\" content=\"https:\/\/jornaltimoneiro.com.br\/wp-content\/uploads\/2026\/03\/WhatsApp-Image-2026-03-12-at-16.24.51.jpeg\" \/>\n\t<meta property=\"og:image:width\" content=\"1201\" \/>\n\t<meta property=\"og:image:height\" content=\"901\" \/>\n\t<meta property=\"og:image:type\" content=\"image\/jpeg\" \/>\n<meta name=\"author\" content=\"Reda\u00e7\u00e3o\" \/>\n<meta name=\"twitter:card\" content=\"summary_large_image\" \/>\n<meta name=\"twitter:creator\" content=\"@_OTimoneiro\" \/>\n<meta name=\"twitter:site\" content=\"@_OTimoneiro\" \/>\n<meta name=\"twitter:label1\" content=\"Escrito por\" \/>\n\t<meta name=\"twitter:data1\" content=\"Reda\u00e7\u00e3o\" \/>\n\t<meta name=\"twitter:label2\" content=\"Est. tempo de leitura\" \/>\n\t<meta name=\"twitter:data2\" content=\"3 minutos\" \/>\n<script type=\"application\/ld+json\" class=\"yoast-schema-graph\">{\"@context\":\"https:\/\/schema.org\",\"@graph\":[{\"@type\":\"Article\",\"@id\":\"https:\/\/jornaltimoneiro.com.br\/index.php\/2026\/03\/13\/sabado-solidario-2026-arrecadacao-alimentos-canoas\/#article\",\"isPartOf\":{\"@id\":\"https:\/\/jornaltimoneiro.com.br\/index.php\/2026\/03\/13\/sabado-solidario-2026-arrecadacao-alimentos-canoas\/\"},\"author\":{\"name\":\"Reda\u00e7\u00e3o\",\"@id\":\"https:\/\/jornaltimoneiro.com.br\/#\/schema\/person\/f63482f1a02b1a9592707865e509ab40\"},\"headline\":\"S\u00e1bado Solid\u00e1rio mobiliza Canoas para arrecadar alimentos; saiba os pontos de coleta\",\"datePublished\":\"2026-03-13T18:24:43+00:00\",\"dateModified\":\"2026-03-13T18:24:43+00:00\",\"mainEntityOfPage\":{\"@id\":\"https:\/\/jornaltimoneiro.com.br\/index.php\/2026\/03\/13\/sabado-solidario-2026-arrecadacao-alimentos-canoas\/\"},\"wordCount\":454,\"commentCount\":0,\"publisher\":{\"@id\":\"https:\/\/jornaltimoneiro.com.br\/#organization\"},\"keywords\":[\"arrecada\u00e7\u00e3o de alimentos\",\"banco de alimentos\",\"canoas\",\"feat\"],\"articleSection\":[\"Geral\"],\"inLanguage\":\"pt-BR\",\"potentialAction\":[{\"@type\":\"CommentAction\",\"name\":\"Comment\",\"target\":[\"https:\/\/jornaltimoneiro.com.br\/index.php\/2026\/03\/13\/sabado-solidario-2026-arrecadacao-alimentos-canoas\/#respond\"]}]},{\"@type\":\"WebPage\",\"@id\":\"https:\/\/jornaltimoneiro.com.br\/index.php\/2026\/03\/13\/sabado-solidario-2026-arrecadacao-alimentos-canoas\/\",\"url\":\"https:\/\/jornaltimoneiro.com.br\/index.php\/2026\/03\/13\/sabado-solidario-2026-arrecadacao-alimentos-canoas\/\",\"name\":\"S\u00e1bado Solid\u00e1rio mobiliza Canoas para arrecadar alimentos; saiba os pontos de coleta - O Timoneiro Jornal Canoas RS\",\"isPartOf\":{\"@id\":\"https:\/\/jornaltimoneiro.com.br\/#website\"},\"datePublished\":\"2026-03-13T18:24:43+00:00\",\"dateModified\":\"2026-03-13T18:24:43+00:00\",\"description\":\"Banco de Alimentos de Canoas realiza no s\u00e1bado (14) o primeiro S\u00e1bado Solid\u00e1rio de 2026, com arrecada\u00e7\u00e3o de alimentos n\u00e3o perec\u00edveis em supermercados da cidade.\",\"breadcrumb\":{\"@id\":\"https:\/\/jornaltimoneiro.com.br\/index.php\/2026\/03\/13\/sabado-solidario-2026-arrecadacao-alimentos-canoas\/#breadcrumb\"},\"inLanguage\":\"pt-BR\",\"potentialAction\":[{\"@type\":\"ReadAction\",\"target\":[\"https:\/\/jornaltimoneiro.com.br\/index.php\/2026\/03\/13\/sabado-solidario-2026-arrecadacao-alimentos-canoas\/\"]}]},{\"@type\":\"BreadcrumbList\",\"@id\":\"https:\/\/jornaltimoneiro.com.br\/index.php\/2026\/03\/13\/sabado-solidario-2026-arrecadacao-alimentos-canoas\/#breadcrumb\",\"itemListElement\":[{\"@type\":\"ListItem\",\"position\":1,\"name\":\"In\u00edcio\",\"item\":\"https:\/\/jornaltimoneiro.com.br\/\"},{\"@type\":\"ListItem\",\"position\":2,\"name\":\"S\u00e1bado Solid\u00e1rio mobiliza Canoas para arrecadar alimentos; saiba os pontos de coleta\"}]},{\"@type\":\"WebSite\",\"@id\":\"https:\/\/jornaltimoneiro.com.br\/#website\",\"url\":\"https:\/\/jornaltimoneiro.com.br\/\",\"name\":\"Jornal Timoneiro Canoas RS\",\"description\":\"Jornal O Timoneiro, o verdadeiro jornal de Canoas\",\"publisher\":{\"@id\":\"https:\/\/jornaltimoneiro.com.br\/#organization\"},\"potentialAction\":[{\"@type\":\"SearchAction\",\"target\":{\"@type\":\"EntryPoint\",\"urlTemplate\":\"https:\/\/jornaltimoneiro.com.br\/?s={search_term_string}\"},\"query-input\":\"required name=search_term_string\"}],\"inLanguage\":\"pt-BR\"},{\"@type\":\"Organization\",\"@id\":\"https:\/\/jornaltimoneiro.com.br\/#organization\",\"name\":\"Jornal Timoneiro Canoas RS\",\"url\":\"https:\/\/jornaltimoneiro.com.br\/\",\"logo\":{\"@type\":\"ImageObject\",\"inLanguage\":\"pt-BR\",\"@id\":\"https:\/\/jornaltimoneiro.com.br\/#\/schema\/logo\/image\/\",\"url\":\"https:\/\/jornaltimoneiro.com.br\/wp-content\/uploads\/2023\/03\/logonovo.png\",\"contentUrl\":\"https:\/\/jornaltimoneiro.com.br\/wp-content\/uploads\/2023\/03\/logonovo.png\",\"width\":\"469\",\"height\":\"171\",\"caption\":\"Jornal Timoneiro Canoas RS\"},\"image\":{\"@id\":\"https:\/\/jornaltimoneiro.com.br\/#\/schema\/logo\/image\/\"},\"sameAs\":[\"https:\/\/www.facebook.com\/jornaltimoneiro\",\"https:\/\/twitter.com\/_OTimoneiro\",\"https:\/\/www.instagram.com\/jornaltimoneirocanoas\/\",\"https:\/\/www.youtube.com\/@jornalotimoneiro7927\"]},{\"@type\":\"Person\",\"@id\":\"https:\/\/jornaltimoneiro.com.br\/#\/schema\/person\/f63482f1a02b1a9592707865e509ab40\",\"name\":\"Reda\u00e7\u00e3o\",\"image\":{\"@type\":\"ImageObject\",\"inLanguage\":\"pt-BR\",\"@id\":\"https:\/\/jornaltimoneiro.com.br\/#\/schema\/person\/image\/\",\"url\":\"https:\/\/jornaltimoneiro.com.br\/wp-content\/uploads\/2023\/03\/download.jpeg\",\"contentUrl\":\"https:\/\/jornaltimoneiro.com.br\/wp-content\/uploads\/2023\/03\/download.jpeg\",\"caption\":\"Reda\u00e7\u00e3o\"},\"url\":\"https:\/\/jornaltimoneiro.com.br\/index.php\/author\/simone-dutra\/\"}]}<\/script>\n<!-- \/ Yoast SEO plugin. -->","yoast_head_json":{"title":"S\u00e1bado Solid\u00e1rio mobiliza Canoas para arrecadar alimentos; saiba os pontos de coleta - O Timoneiro Jornal Canoas RS","description":"Banco de Alimentos de Canoas realiza no s\u00e1bado (14) o primeiro S\u00e1bado Solid\u00e1rio de 2026, com arrecada\u00e7\u00e3o de alimentos n\u00e3o perec\u00edveis em supermercados da cidade.","robots":{"index":"index","follow":"follow","max-snippet":"max-snippet:-1","max-image-preview":"max-image-preview:large","max-video-preview":"max-video-preview:-1"},"canonical":"https:\/\/jornaltimoneiro.com.br\/index.php\/2026\/03\/13\/sabado-solidario-2026-arrecadacao-alimentos-canoas\/","og_locale":"pt_BR","og_type":"article","og_title":"S\u00e1bado Solid\u00e1rio mobiliza Canoas para arrecadar alimentos; saiba os pontos de coleta - O Timoneiro Jornal Canoas RS","og_description":"Banco de Alimentos de Canoas realiza no s\u00e1bado (14) o primeiro S\u00e1bado Solid\u00e1rio de 2026, com arrecada\u00e7\u00e3o de alimentos n\u00e3o perec\u00edveis em supermercados da cidade.","og_url":"https:\/\/jornaltimoneiro.com.br\/index.php\/2026\/03\/13\/sabado-solidario-2026-arrecadacao-alimentos-canoas\/","og_site_name":"O Timoneiro Jornal Canoas RS","article_publisher":"https:\/\/www.facebook.com\/jornaltimoneiro","article_published_time":"2026-03-13T18:24:43+00:00","og_image":[{"width":"1201","height":"901","url":"https:\/\/jornaltimoneiro.com.br\/wp-content\/uploads\/2026\/03\/WhatsApp-Image-2026-03-12-at-16.24.51.jpeg","type":"image\/jpeg"}],"author":"Reda\u00e7\u00e3o","twitter_card":"summary_large_image","twitter_creator":"@_OTimoneiro","twitter_site":"@_OTimoneiro","twitter_misc":{"Escrito por":"Reda\u00e7\u00e3o","Est. tempo de leitura":"3 minutos"},"schema":{"@context":"https:\/\/schema.org","@graph":[{"@type":"Article","@id":"https:\/\/jornaltimoneiro.com.br\/index.php\/2026\/03\/13\/sabado-solidario-2026-arrecadacao-alimentos-canoas\/#article","isPartOf":{"@id":"https:\/\/jornaltimoneiro.com.br\/index.php\/2026\/03\/13\/sabado-solidario-2026-arrecadacao-alimentos-canoas\/"},"author":{"name":"Reda\u00e7\u00e3o","@id":"https:\/\/jornaltimoneiro.com.br\/#\/schema\/person\/f63482f1a02b1a9592707865e509ab40"},"headline":"S\u00e1bado Solid\u00e1rio mobiliza Canoas para arrecadar alimentos; saiba os pontos de coleta","datePublished":"2026-03-13T18:24:43+00:00","dateModified":"2026-03-13T18:24:43+00:00","mainEntityOfPage":{"@id":"https:\/\/jornaltimoneiro.com.br\/index.php\/2026\/03\/13\/sabado-solidario-2026-arrecadacao-alimentos-canoas\/"},"wordCount":454,"commentCount":0,"publisher":{"@id":"https:\/\/jornaltimoneiro.com.br\/#organization"},"keywords":["arrecada\u00e7\u00e3o de alimentos","banco de alimentos","canoas","feat"],"articleSection":["Geral"],"inLanguage":"pt-BR","potentialAction":[{"@type":"CommentAction","name":"Comment","target":["https:\/\/jornaltimoneiro.com.br\/index.php\/2026\/03\/13\/sabado-solidario-2026-arrecadacao-alimentos-canoas\/#respond"]}]},{"@type":"WebPage","@id":"https:\/\/jornaltimoneiro.com.br\/index.php\/2026\/03\/13\/sabado-solidario-2026-arrecadacao-alimentos-canoas\/","url":"https:\/\/jornaltimoneiro.com.br\/index.php\/2026\/03\/13\/sabado-solidario-2026-arrecadacao-alimentos-canoas\/","name":"S\u00e1bado Solid\u00e1rio mobiliza Canoas para arrecadar alimentos; saiba os pontos de coleta - O Timoneiro Jornal Canoas RS","isPartOf":{"@id":"https:\/\/jornaltimoneiro.com.br\/#website"},"datePublished":"2026-03-13T18:24:43+00:00","dateModified":"2026-03-13T18:24:43+00:00","description":"Banco de Alimentos de Canoas realiza no s\u00e1bado (14) o primeiro S\u00e1bado Solid\u00e1rio de 2026, com arrecada\u00e7\u00e3o de alimentos n\u00e3o perec\u00edveis em supermercados da cidade.","breadcrumb":{"@id":"https:\/\/jornaltimoneiro.com.br\/index.php\/2026\/03\/13\/sabado-solidario-2026-arrecadacao-alimentos-canoas\/#breadcrumb"},"inLanguage":"pt-BR","potentialAction":[{"@type":"ReadAction","target":["https:\/\/jornaltimoneiro.com.br\/index.php\/2026\/03\/13\/sabado-solidario-2026-arrecadacao-alimentos-canoas\/"]}]},{"@type":"BreadcrumbList","@id":"https:\/\/jornaltimoneiro.com.br\/index.php\/2026\/03\/13\/sabado-solidario-2026-arrecadacao-alimentos-canoas\/#breadcrumb","itemListElement":[{"@type":"ListItem","position":1,"name":"In\u00edcio","item":"https:\/\/jornaltimoneiro.com.br\/"},{"@type":"ListItem","position":2,"name":"S\u00e1bado Solid\u00e1rio mobiliza Canoas para arrecadar alimentos; saiba os pontos de coleta"}]},{"@type":"WebSite","@id":"https:\/\/jornaltimoneiro.com.br\/#website","url":"https:\/\/jornaltimoneiro.com.br\/","name":"Jornal Timoneiro Canoas RS","description":"Jornal O Timoneiro, o verdadeiro jornal de Canoas","publisher":{"@id":"https:\/\/jornaltimoneiro.com.br\/#organization"},"potentialAction":[{"@type":"SearchAction","target":{"@type":"EntryPoint","urlTemplate":"https:\/\/jornaltimoneiro.com.br\/?s={search_term_string}"},"query-input":"required name=search_term_string"}],"inLanguage":"pt-BR"},{"@type":"Organization","@id":"https:\/\/jornaltimoneiro.com.br\/#organization","name":"Jornal Timoneiro Canoas RS","url":"https:\/\/jornaltimoneiro.com.br\/","logo":{"@type":"ImageObject","inLanguage":"pt-BR","@id":"https:\/\/jornaltimoneiro.com.br\/#\/schema\/logo\/image\/","url":"https:\/\/jornaltimoneiro.com.br\/wp-content\/uploads\/2023\/03\/logonovo.png","contentUrl":"https:\/\/jornaltimoneiro.com.br\/wp-content\/uploads\/2023\/03\/logonovo.png","width":"469","height":"171","caption":"Jornal Timoneiro Canoas RS"},"image":{"@id":"https:\/\/jornaltimoneiro.com.br\/#\/schema\/logo\/image\/"},"sameAs":["https:\/\/www.facebook.com\/jornaltimoneiro","https:\/\/twitter.com\/_OTimoneiro","https:\/\/www.instagram.com\/jornaltimoneirocanoas\/","https:\/\/www.youtube.com\/@jornalotimoneiro7927"]},{"@type":"Person","@id":"https:\/\/jornaltimoneiro.com.br\/#\/schema\/person\/f63482f1a02b1a9592707865e509ab40","name":"Reda\u00e7\u00e3o","image":{"@type":"ImageObject","inLanguage":"pt-BR","@id":"https:\/\/jornaltimoneiro.com.br\/#\/schema\/person\/image\/","url":"https:\/\/jornaltimoneiro.com.br\/wp-content\/uploads\/2023\/03\/download.jpeg","contentUrl":"https:\/\/jornaltimoneiro.com.br\/wp-content\/uploads\/2023\/03\/download.jpeg","caption":"Reda\u00e7\u00e3o"},"url":"https:\/\/jornaltimoneiro.com.br\/index.php\/author\/simone-dutra\/"}]}},"_links":{"self":[{"href":"https:\/\/jornaltimoneiro.com.br\/index.php\/wp-json\/wp\/v2\/posts\/39563"}],"collection":[{"href":"https:\/\/jornaltimoneiro.com.br\/index.php\/wp-json\/wp\/v2\/posts"}],"about":[{"href":"https:\/\/jornaltimoneiro.com.br\/index.php\/wp-json\/wp\/v2\/types\/post"}],"author":[{"embeddable":true,"href":"https:\/\/jornaltimoneiro.com.br\/index.php\/wp-json\/wp\/v2\/users\/2"}],"replies":[{"embeddable":true,"href":"https:\/\/jornaltimoneiro.com.br\/index.php\/wp-json\/wp\/v2\/comments?post=39563"}],"version-history":[{"count":1,"href":"https:\/\/jornaltimoneiro.com.br\/index.php\/wp-json\/wp\/v2\/posts\/39563\/revisions"}],"predecessor-version":[{"id":39565,"href":"https:\/\/jornaltimoneiro.com.br\/index.php\/wp-json\/wp\/v2\/posts\/39563\/revisions\/39565"}],"wp:featuredmedia":[{"embeddable":true,"href":"https:\/\/jornaltimoneiro.com.br\/index.php\/wp-json\/wp\/v2\/media\/39564"}],"wp:attachment":[{"href":"https:\/\/jornaltimoneiro.com.br\/index.php\/wp-json\/wp\/v2\/media?parent=39563"}],"wp:term":[{"taxonomy":"category","embeddable":true,"href":"https:\/\/jornaltimoneiro.com.br\/index.php\/wp-json\/wp\/v2\/categories?post=39563"},{"taxonomy":"post_tag","embeddable":true,"href":"https:\/\/jornaltimoneiro.com.br\/index.php\/wp-json\/wp\/v2\/tags?post=39563"}],"curies":[{"name":"wp","href":"https:\/\/api.w.org\/{rel}","templated":true}]}}