{"id":3956,"date":"2016-06-03T10:38:35","date_gmt":"2016-06-03T13:38:35","guid":{"rendered":"http:\/\/otimoneiro.com.br\/?p=3956"},"modified":"2016-06-03T10:38:35","modified_gmt":"2016-06-03T13:38:35","slug":"feira-do-livro-do-igara-segue-ate-sabado","status":"publish","type":"post","link":"https:\/\/jornaltimoneiro.com.br\/index.php\/2016\/06\/03\/feira-do-livro-do-igara-segue-ate-sabado\/","title":{"rendered":"Feira do Livro do Igara segue at\u00e9 s\u00e1bado"},"content":{"rendered":"<p>Iniciada na quinta-feira, 2, a Feira do Livro do Bairro Igara prossegue at\u00e9 o s\u00e1bado, 4, na Associa\u00e7\u00e3o de Moradores do Jardim Igara II (Rua das Azal\u00e9ias, 189). A feira integra o Circuito de Feiras do Livro de Canoas e tem o tema \u201cRecicle, inclusive Ideias\u201d.<br \/>\nEm sua 6\u00aa edi\u00e7\u00e3o, s\u00e3o prestadas homenagens ao artista pl\u00e1stico e escritor Fernando Lima, que \u00e9 o patrono, \u00e0 Escola Estadual \u00c9rico Verissimo e \u00e0 Mari Regina Rigo, moradora homenageada.<br \/>\nA abertura da Feira ocorreu na manh\u00e3 do dia. Logo ap\u00f3s a performance po\u00e9tica \u201cOuvir com Ouros Olhos\u201d, com o ator Odair Fonseca de Souza e seu Mago das Quimeras, no Palco Central. No mesmo dia, o homenageado Fernando Lima teve um encontro com seu p\u00fablico, apresentando o livro \u201cA Chegada dos Tamptons\u201d. Ainda na noite da quinta-feira ocorreu uma apresenta\u00e7\u00e3o de m\u00fasica e dan\u00e7a cigana com a Caravana Esmeralda.<br \/>\nDurante toda a feira acontecem exposi\u00e7\u00f5es permanentes, com obras de artistas do bairro, como Hilda Lape, Nelly Debastiane e Maga\u00e7a Brand\u00e3o, al\u00e9m do patrono pr\u00f3prio Fernando Lima. Tamb\u00e9m est\u00e3o expostos livros antigos do professor de Hist\u00f3ria Dari Simi, pe\u00e7as de artesanato, assim como brom\u00e9lias, orqu\u00eddeas e cactus, do C\u00edrculo Canoense de Orquid\u00f3filos. Paralelamente ocorre tamb\u00e9m o brech\u00f3 do Lions Club de Canoas.<\/p>\n<p>&nbsp;<\/p>\n<h4>Confira a programa\u00e7\u00e3o\u00a0da Feira<\/h4>\n<p>Dia 3 de junho<br \/>\n8h30min<br \/>\nEncontro com o Escritor Jairo de Souza &#8211; Poemar<br \/>\n9 horas<br \/>\nEncontro com o Escritor Dem\u00e9trio Leite &#8211; Repensando Canoas : Trajeto, Hist\u00f3ria , Mem\u00f3ria e Imagem da Cidade<br \/>\n10 horas<br \/>\nProjeto Roda de Leitura e Oficina de Teatro do IFRS &#8211; Instituto Federal &#8211; Campus Canoas \u2013 Coordenado por Gustavo Neuberger.<br \/>\n11 horas<br \/>\nTeatro de Fantoches da Guarda Municipal de Canoas (SMSP)<br \/>\nMedia\u00e7\u00e3o de Leitura<br \/>\n13h30min<br \/>\nMedia\u00e7\u00e3o de Leitura<br \/>\n14 horas<br \/>\nEncontro com a Escritora Neida Rocha &#8211; &#8220;Danilo, sua mochila e seus amigos&#8221; Selecionado pela Bolsa de Fomento \u00e0 Literatura Da Funda\u00e7\u00e3o Biblioteca Nacional e Minist\u00e9rio da Cultura<br \/>\n14h30min<br \/>\nApresenta\u00e7\u00e3o de Bal\u00e9 &#8220;Fragmentos do Espet\u00e1culo Danilo e sua Mochila&#8221; &#8211; Michele Santana &#8211; Escola de Dan\u00e7a e M\u00fasica \u00d3pera e Dan\u00e7a<br \/>\n15 horas<br \/>\nEncontro com o Artista Pl\u00e1stico Fernando Lima &#8211; Arte Ef\u00eamera<br \/>\nConstru\u00e7\u00e3o de Retrato de Cecilia Meireles com tampas de garrafas pet<br \/>\n15h30min<br \/>\nEncontro com a Escritora Nelsi Urnau &#8211; Casa do Poeta de Canoas<br \/>\nPalestra sobre Cecilia Meireles<br \/>\n16 horas<br \/>\nApresenta\u00e7\u00e3o Musical: Renato Larrosa<br \/>\n19h30min<br \/>\nPerformance Po\u00e9tica com Arnaldo Bauer<br \/>\n20 horas<br \/>\nApresenta\u00e7\u00e3o Musical do Coral de Canoas &#8211; Cocan &#8211; Maestro Andr\u00e9<br \/>\n20h30min<br \/>\nApresenta\u00e7\u00e3o Musical \u2013 Andr\u00e9 Luzardo e Gilberto Prass &#8211; Koisarada Del Sur<\/p>\n<p>Dia 4 de junho &#8211; S\u00e1bado<br \/>\n8h15min<br \/>\nAcampamento Modelo Grupo de Escoteiros M\u2019boab\u00e1<br \/>\n8h30min<br \/>\nConcentra\u00e7\u00e3o do Passeio Cicl\u00edstico<br \/>\nDistribui\u00e7\u00e3o de Camisetas<br \/>\n8h45min<br \/>\nPasseio Cicl\u00edstico &#8211; Percurso na Comunidade<br \/>\n9 horas<br \/>\nBiblioSESC<br \/>\nReuni\u00e3o do Colegiado Livro , Leitura e Literatura<br \/>\n10 horas<br \/>\nApresenta\u00e7\u00e3o do Coral da Casa do Poeta de Canoas<br \/>\nRegente Denize Lucas Machado e participa\u00e7\u00e3o de Cin\u00e9sio Bandok<br \/>\n10h30min<br \/>\nApresenta\u00e7\u00e3o Musical: Banda Black Box com Gustavo Coelho e Banda<br \/>\n11horas<br \/>\nApresenta\u00e7\u00e3o da Orquestra Infanto juvenil Trilhos Sonoros<br \/>\nMaestro Augusto Souto<br \/>\n11h30min<br \/>\nEncerramento da VI Feira do Bairro Igara<\/p>\n","protected":false},"excerpt":{"rendered":"<p>O tema desta sexta edi\u00e7\u00e3o do evento liter\u00e1rio \u00e9 \u201cRecicle, inclusive Ideias\u201d<\/p>\n","protected":false},"author":1,"featured_media":3978,"comment_status":"open","ping_status":"open","sticky":false,"template":"","format":"standard","meta":{"amp_status":"","footnotes":""},"categories":[76,19],"tags":[],"class_list":["post-3956","post","type-post","status-publish","format-standard","has-post-thumbnail","hentry","category-cultura","category-destaques"],"yoast_head":"<!-- This site is optimized with the Yoast SEO plugin v20.5 - https:\/\/yoast.com\/wordpress\/plugins\/seo\/ -->\n<title>Feira do Livro do Igara segue at\u00e9 s\u00e1bado - O Timoneiro Jornal Canoas RS<\/title>\n<meta name=\"robots\" content=\"index, follow, max-snippet:-1, max-image-preview:large, max-video-preview:-1\" \/>\n<link rel=\"canonical\" href=\"https:\/\/jornaltimoneiro.com.br\/index.php\/2016\/06\/03\/feira-do-livro-do-igara-segue-ate-sabado\/\" \/>\n<meta property=\"og:locale\" content=\"pt_BR\" \/>\n<meta property=\"og:type\" content=\"article\" \/>\n<meta property=\"og:title\" content=\"Feira do Livro do Igara segue at\u00e9 s\u00e1bado - O Timoneiro Jornal Canoas RS\" \/>\n<meta property=\"og:description\" content=\"O tema desta sexta edi\u00e7\u00e3o do evento liter\u00e1rio \u00e9 \u201cRecicle, inclusive Ideias\u201d\" \/>\n<meta property=\"og:url\" content=\"https:\/\/jornaltimoneiro.com.br\/index.php\/2016\/06\/03\/feira-do-livro-do-igara-segue-ate-sabado\/\" \/>\n<meta property=\"og:site_name\" content=\"O Timoneiro Jornal Canoas RS\" \/>\n<meta property=\"article:publisher\" content=\"https:\/\/www.facebook.com\/jornaltimoneiro\" \/>\n<meta property=\"article:published_time\" content=\"2016-06-03T13:38:35+00:00\" \/>\n<meta name=\"author\" content=\"Reda\u00e7\u00e3o\" \/>\n<meta name=\"twitter:card\" content=\"summary_large_image\" \/>\n<meta name=\"twitter:creator\" content=\"@_OTimoneiro\" \/>\n<meta name=\"twitter:site\" content=\"@_OTimoneiro\" \/>\n<meta name=\"twitter:label1\" content=\"Escrito por\" \/>\n\t<meta name=\"twitter:data1\" content=\"Reda\u00e7\u00e3o\" \/>\n\t<meta name=\"twitter:label2\" content=\"Est. tempo de leitura\" \/>\n\t<meta name=\"twitter:data2\" content=\"3 minutos\" \/>\n<script type=\"application\/ld+json\" class=\"yoast-schema-graph\">{\"@context\":\"https:\/\/schema.org\",\"@graph\":[{\"@type\":\"Article\",\"@id\":\"https:\/\/jornaltimoneiro.com.br\/index.php\/2016\/06\/03\/feira-do-livro-do-igara-segue-ate-sabado\/#article\",\"isPartOf\":{\"@id\":\"https:\/\/jornaltimoneiro.com.br\/index.php\/2016\/06\/03\/feira-do-livro-do-igara-segue-ate-sabado\/\"},\"author\":{\"name\":\"Reda\u00e7\u00e3o\",\"@id\":\"https:\/\/jornaltimoneiro.com.br\/#\/schema\/person\/620efd1d8244466117482be494360b08\"},\"headline\":\"Feira do Livro do Igara segue at\u00e9 s\u00e1bado\",\"datePublished\":\"2016-06-03T13:38:35+00:00\",\"dateModified\":\"2016-06-03T13:38:35+00:00\",\"mainEntityOfPage\":{\"@id\":\"https:\/\/jornaltimoneiro.com.br\/index.php\/2016\/06\/03\/feira-do-livro-do-igara-segue-ate-sabado\/\"},\"wordCount\":563,\"commentCount\":0,\"publisher\":{\"@id\":\"https:\/\/jornaltimoneiro.com.br\/#organization\"},\"articleSection\":[\"Cultura\",\"Destaques\"],\"inLanguage\":\"pt-BR\",\"potentialAction\":[{\"@type\":\"CommentAction\",\"name\":\"Comment\",\"target\":[\"https:\/\/jornaltimoneiro.com.br\/index.php\/2016\/06\/03\/feira-do-livro-do-igara-segue-ate-sabado\/#respond\"]}]},{\"@type\":\"WebPage\",\"@id\":\"https:\/\/jornaltimoneiro.com.br\/index.php\/2016\/06\/03\/feira-do-livro-do-igara-segue-ate-sabado\/\",\"url\":\"https:\/\/jornaltimoneiro.com.br\/index.php\/2016\/06\/03\/feira-do-livro-do-igara-segue-ate-sabado\/\",\"name\":\"Feira do Livro do Igara segue at\u00e9 s\u00e1bado - O Timoneiro Jornal Canoas RS\",\"isPartOf\":{\"@id\":\"https:\/\/jornaltimoneiro.com.br\/#website\"},\"datePublished\":\"2016-06-03T13:38:35+00:00\",\"dateModified\":\"2016-06-03T13:38:35+00:00\",\"breadcrumb\":{\"@id\":\"https:\/\/jornaltimoneiro.com.br\/index.php\/2016\/06\/03\/feira-do-livro-do-igara-segue-ate-sabado\/#breadcrumb\"},\"inLanguage\":\"pt-BR\",\"potentialAction\":[{\"@type\":\"ReadAction\",\"target\":[\"https:\/\/jornaltimoneiro.com.br\/index.php\/2016\/06\/03\/feira-do-livro-do-igara-segue-ate-sabado\/\"]}]},{\"@type\":\"BreadcrumbList\",\"@id\":\"https:\/\/jornaltimoneiro.com.br\/index.php\/2016\/06\/03\/feira-do-livro-do-igara-segue-ate-sabado\/#breadcrumb\",\"itemListElement\":[{\"@type\":\"ListItem\",\"position\":1,\"name\":\"In\u00edcio\",\"item\":\"https:\/\/jornaltimoneiro.com.br\/\"},{\"@type\":\"ListItem\",\"position\":2,\"name\":\"Feira do Livro do Igara segue at\u00e9 s\u00e1bado\"}]},{\"@type\":\"WebSite\",\"@id\":\"https:\/\/jornaltimoneiro.com.br\/#website\",\"url\":\"https:\/\/jornaltimoneiro.com.br\/\",\"name\":\"Jornal Timoneiro Canoas RS\",\"description\":\"Jornal O Timoneiro, o verdadeiro jornal de Canoas\",\"publisher\":{\"@id\":\"https:\/\/jornaltimoneiro.com.br\/#organization\"},\"potentialAction\":[{\"@type\":\"SearchAction\",\"target\":{\"@type\":\"EntryPoint\",\"urlTemplate\":\"https:\/\/jornaltimoneiro.com.br\/?s={search_term_string}\"},\"query-input\":\"required name=search_term_string\"}],\"inLanguage\":\"pt-BR\"},{\"@type\":\"Organization\",\"@id\":\"https:\/\/jornaltimoneiro.com.br\/#organization\",\"name\":\"Jornal Timoneiro Canoas RS\",\"url\":\"https:\/\/jornaltimoneiro.com.br\/\",\"logo\":{\"@type\":\"ImageObject\",\"inLanguage\":\"pt-BR\",\"@id\":\"https:\/\/jornaltimoneiro.com.br\/#\/schema\/logo\/image\/\",\"url\":\"https:\/\/jornaltimoneiro.com.br\/wp-content\/uploads\/2023\/03\/logonovo.png\",\"contentUrl\":\"https:\/\/jornaltimoneiro.com.br\/wp-content\/uploads\/2023\/03\/logonovo.png\",\"width\":\"469\",\"height\":\"171\",\"caption\":\"Jornal Timoneiro Canoas RS\"},\"image\":{\"@id\":\"https:\/\/jornaltimoneiro.com.br\/#\/schema\/logo\/image\/\"},\"sameAs\":[\"https:\/\/www.facebook.com\/jornaltimoneiro\",\"https:\/\/twitter.com\/_OTimoneiro\",\"https:\/\/www.instagram.com\/jornaltimoneirocanoas\/\",\"https:\/\/www.youtube.com\/@jornalotimoneiro7927\"]},{\"@type\":\"Person\",\"@id\":\"https:\/\/jornaltimoneiro.com.br\/#\/schema\/person\/620efd1d8244466117482be494360b08\",\"name\":\"Reda\u00e7\u00e3o\",\"image\":{\"@type\":\"ImageObject\",\"inLanguage\":\"pt-BR\",\"@id\":\"https:\/\/jornaltimoneiro.com.br\/#\/schema\/person\/image\/\",\"url\":\"https:\/\/secure.gravatar.com\/avatar\/2f04e1b304682a8d9db336c7acd77f08?s=96&d=mm&r=g\",\"contentUrl\":\"https:\/\/secure.gravatar.com\/avatar\/2f04e1b304682a8d9db336c7acd77f08?s=96&d=mm&r=g\",\"caption\":\"Reda\u00e7\u00e3o\"},\"url\":\"https:\/\/jornaltimoneiro.com.br\/index.php\/author\/timoneirocanoas\/\"}]}<\/script>\n<!-- \/ Yoast SEO plugin. -->","yoast_head_json":{"title":"Feira do Livro do Igara segue at\u00e9 s\u00e1bado - O Timoneiro Jornal Canoas RS","robots":{"index":"index","follow":"follow","max-snippet":"max-snippet:-1","max-image-preview":"max-image-preview:large","max-video-preview":"max-video-preview:-1"},"canonical":"https:\/\/jornaltimoneiro.com.br\/index.php\/2016\/06\/03\/feira-do-livro-do-igara-segue-ate-sabado\/","og_locale":"pt_BR","og_type":"article","og_title":"Feira do Livro do Igara segue at\u00e9 s\u00e1bado - O Timoneiro Jornal Canoas RS","og_description":"O tema desta sexta edi\u00e7\u00e3o do evento liter\u00e1rio \u00e9 \u201cRecicle, inclusive Ideias\u201d","og_url":"https:\/\/jornaltimoneiro.com.br\/index.php\/2016\/06\/03\/feira-do-livro-do-igara-segue-ate-sabado\/","og_site_name":"O Timoneiro Jornal Canoas RS","article_publisher":"https:\/\/www.facebook.com\/jornaltimoneiro","article_published_time":"2016-06-03T13:38:35+00:00","author":"Reda\u00e7\u00e3o","twitter_card":"summary_large_image","twitter_creator":"@_OTimoneiro","twitter_site":"@_OTimoneiro","twitter_misc":{"Escrito por":"Reda\u00e7\u00e3o","Est. tempo de leitura":"3 minutos"},"schema":{"@context":"https:\/\/schema.org","@graph":[{"@type":"Article","@id":"https:\/\/jornaltimoneiro.com.br\/index.php\/2016\/06\/03\/feira-do-livro-do-igara-segue-ate-sabado\/#article","isPartOf":{"@id":"https:\/\/jornaltimoneiro.com.br\/index.php\/2016\/06\/03\/feira-do-livro-do-igara-segue-ate-sabado\/"},"author":{"name":"Reda\u00e7\u00e3o","@id":"https:\/\/jornaltimoneiro.com.br\/#\/schema\/person\/620efd1d8244466117482be494360b08"},"headline":"Feira do Livro do Igara segue at\u00e9 s\u00e1bado","datePublished":"2016-06-03T13:38:35+00:00","dateModified":"2016-06-03T13:38:35+00:00","mainEntityOfPage":{"@id":"https:\/\/jornaltimoneiro.com.br\/index.php\/2016\/06\/03\/feira-do-livro-do-igara-segue-ate-sabado\/"},"wordCount":563,"commentCount":0,"publisher":{"@id":"https:\/\/jornaltimoneiro.com.br\/#organization"},"articleSection":["Cultura","Destaques"],"inLanguage":"pt-BR","potentialAction":[{"@type":"CommentAction","name":"Comment","target":["https:\/\/jornaltimoneiro.com.br\/index.php\/2016\/06\/03\/feira-do-livro-do-igara-segue-ate-sabado\/#respond"]}]},{"@type":"WebPage","@id":"https:\/\/jornaltimoneiro.com.br\/index.php\/2016\/06\/03\/feira-do-livro-do-igara-segue-ate-sabado\/","url":"https:\/\/jornaltimoneiro.com.br\/index.php\/2016\/06\/03\/feira-do-livro-do-igara-segue-ate-sabado\/","name":"Feira do Livro do Igara segue at\u00e9 s\u00e1bado - O Timoneiro Jornal Canoas RS","isPartOf":{"@id":"https:\/\/jornaltimoneiro.com.br\/#website"},"datePublished":"2016-06-03T13:38:35+00:00","dateModified":"2016-06-03T13:38:35+00:00","breadcrumb":{"@id":"https:\/\/jornaltimoneiro.com.br\/index.php\/2016\/06\/03\/feira-do-livro-do-igara-segue-ate-sabado\/#breadcrumb"},"inLanguage":"pt-BR","potentialAction":[{"@type":"ReadAction","target":["https:\/\/jornaltimoneiro.com.br\/index.php\/2016\/06\/03\/feira-do-livro-do-igara-segue-ate-sabado\/"]}]},{"@type":"BreadcrumbList","@id":"https:\/\/jornaltimoneiro.com.br\/index.php\/2016\/06\/03\/feira-do-livro-do-igara-segue-ate-sabado\/#breadcrumb","itemListElement":[{"@type":"ListItem","position":1,"name":"In\u00edcio","item":"https:\/\/jornaltimoneiro.com.br\/"},{"@type":"ListItem","position":2,"name":"Feira do Livro do Igara segue at\u00e9 s\u00e1bado"}]},{"@type":"WebSite","@id":"https:\/\/jornaltimoneiro.com.br\/#website","url":"https:\/\/jornaltimoneiro.com.br\/","name":"Jornal Timoneiro Canoas RS","description":"Jornal O Timoneiro, o verdadeiro jornal de Canoas","publisher":{"@id":"https:\/\/jornaltimoneiro.com.br\/#organization"},"potentialAction":[{"@type":"SearchAction","target":{"@type":"EntryPoint","urlTemplate":"https:\/\/jornaltimoneiro.com.br\/?s={search_term_string}"},"query-input":"required name=search_term_string"}],"inLanguage":"pt-BR"},{"@type":"Organization","@id":"https:\/\/jornaltimoneiro.com.br\/#organization","name":"Jornal Timoneiro Canoas RS","url":"https:\/\/jornaltimoneiro.com.br\/","logo":{"@type":"ImageObject","inLanguage":"pt-BR","@id":"https:\/\/jornaltimoneiro.com.br\/#\/schema\/logo\/image\/","url":"https:\/\/jornaltimoneiro.com.br\/wp-content\/uploads\/2023\/03\/logonovo.png","contentUrl":"https:\/\/jornaltimoneiro.com.br\/wp-content\/uploads\/2023\/03\/logonovo.png","width":"469","height":"171","caption":"Jornal Timoneiro Canoas RS"},"image":{"@id":"https:\/\/jornaltimoneiro.com.br\/#\/schema\/logo\/image\/"},"sameAs":["https:\/\/www.facebook.com\/jornaltimoneiro","https:\/\/twitter.com\/_OTimoneiro","https:\/\/www.instagram.com\/jornaltimoneirocanoas\/","https:\/\/www.youtube.com\/@jornalotimoneiro7927"]},{"@type":"Person","@id":"https:\/\/jornaltimoneiro.com.br\/#\/schema\/person\/620efd1d8244466117482be494360b08","name":"Reda\u00e7\u00e3o","image":{"@type":"ImageObject","inLanguage":"pt-BR","@id":"https:\/\/jornaltimoneiro.com.br\/#\/schema\/person\/image\/","url":"https:\/\/secure.gravatar.com\/avatar\/2f04e1b304682a8d9db336c7acd77f08?s=96&d=mm&r=g","contentUrl":"https:\/\/secure.gravatar.com\/avatar\/2f04e1b304682a8d9db336c7acd77f08?s=96&d=mm&r=g","caption":"Reda\u00e7\u00e3o"},"url":"https:\/\/jornaltimoneiro.com.br\/index.php\/author\/timoneirocanoas\/"}]}},"_links":{"self":[{"href":"https:\/\/jornaltimoneiro.com.br\/index.php\/wp-json\/wp\/v2\/posts\/3956"}],"collection":[{"href":"https:\/\/jornaltimoneiro.com.br\/index.php\/wp-json\/wp\/v2\/posts"}],"about":[{"href":"https:\/\/jornaltimoneiro.com.br\/index.php\/wp-json\/wp\/v2\/types\/post"}],"author":[{"embeddable":true,"href":"https:\/\/jornaltimoneiro.com.br\/index.php\/wp-json\/wp\/v2\/users\/1"}],"replies":[{"embeddable":true,"href":"https:\/\/jornaltimoneiro.com.br\/index.php\/wp-json\/wp\/v2\/comments?post=3956"}],"version-history":[{"count":0,"href":"https:\/\/jornaltimoneiro.com.br\/index.php\/wp-json\/wp\/v2\/posts\/3956\/revisions"}],"wp:featuredmedia":[{"embeddable":true,"href":"https:\/\/jornaltimoneiro.com.br\/index.php\/wp-json\/"}],"wp:attachment":[{"href":"https:\/\/jornaltimoneiro.com.br\/index.php\/wp-json\/wp\/v2\/media?parent=3956"}],"wp:term":[{"taxonomy":"category","embeddable":true,"href":"https:\/\/jornaltimoneiro.com.br\/index.php\/wp-json\/wp\/v2\/categories?post=3956"},{"taxonomy":"post_tag","embeddable":true,"href":"https:\/\/jornaltimoneiro.com.br\/index.php\/wp-json\/wp\/v2\/tags?post=3956"}],"curies":[{"name":"wp","href":"https:\/\/api.w.org\/{rel}","templated":true}]}}