{"id":39558,"date":"2026-03-13T14:55:00","date_gmt":"2026-03-13T17:55:00","guid":{"rendered":"https:\/\/jornaltimoneiro.com.br\/?p=39558"},"modified":"2026-03-13T14:55:00","modified_gmt":"2026-03-13T17:55:00","slug":"evento-reconstruir-para-prosperar-sera-realizado-em-canoas-com-atendimento-a-beneficiarios-do-aluguel-social-e-informacoes-sobre-cursos-gratuitos","status":"publish","type":"post","link":"https:\/\/jornaltimoneiro.com.br\/index.php\/2026\/03\/13\/evento-reconstruir-para-prosperar-sera-realizado-em-canoas-com-atendimento-a-beneficiarios-do-aluguel-social-e-informacoes-sobre-cursos-gratuitos\/","title":{"rendered":"Canoas promove evento \u201cReconstruir para Prosperar\u201d com cursos gratuitos e apoio a fam\u00edlias do Aluguel Social"},"content":{"rendered":"<p data-start=\"96\" data-end=\"345\">A Secretaria Municipal de Assist\u00eancia Social de <span class=\"hover:entity-accent entity-underline inline cursor-pointer align-baseline\"><span class=\"whitespace-normal\">Canoas<\/span><\/span> promove na pr\u00f3xima segunda-feira, 16, o evento \u201cReconstruir para Prosperar\u201d. A atividade ocorre a partir das 14h no <span class=\"hover:entity-accent entity-underline inline cursor-pointer align-baseline\"><span class=\"whitespace-normal\">Instituto Pestalozzi de Canoas<\/span><\/span>.<\/p>\n<p data-start=\"347\" data-end=\"573\">A a\u00e7\u00e3o \u00e9 destinada a fam\u00edlias atendidas por programas sociais do munic\u00edpio, entre elas benefici\u00e1rios do Aluguel Social, participantes do Servi\u00e7o de Prote\u00e7\u00e3o e Atendimento Integral \u00e0 Fam\u00edlia (PAIF) e do programa Fam\u00edlia Ga\u00facha.<\/p>\n<p data-start=\"575\" data-end=\"784\">Durante o encontro, a equipe da secretaria far\u00e1 o recebimento de recibos de aluguel dos benefici\u00e1rios do programa Aluguel Social. O procedimento faz parte do acompanhamento realizado com as fam\u00edlias atendidas.<\/p>\n<p data-start=\"786\" data-end=\"947\">No evento tamb\u00e9m ser\u00e3o apresentadas informa\u00e7\u00f5es sobre cursos gratuitos nas \u00e1reas de com\u00e9rcio e inform\u00e1tica, voltados ao p\u00fablico atendido pelos programas sociais.<\/p>\n<p data-start=\"949\" data-end=\"1101\" data-is-last-node=\"\" data-is-only-node=\"\">A atividade re\u00fane servi\u00e7os da rede municipal de assist\u00eancia social e informa\u00e7\u00f5es sobre oportunidades de qualifica\u00e7\u00e3o profissional para os participantes.<\/p>\n","protected":false},"excerpt":{"rendered":"<p>A Secretaria Municipal de Assist\u00eancia Social de Canoas promove na pr\u00f3xima segunda-feira, 16, o evento \u201cReconstruir para Prosperar\u201d. A atividade ocorre a partir das 14h no Instituto Pestalozzi de Canoas. A a\u00e7\u00e3o \u00e9 destinada a fam\u00edlias atendidas por programas sociais do munic\u00edpio, entre elas benefici\u00e1rios do Aluguel Social, participantes do Servi\u00e7o de Prote\u00e7\u00e3o e Atendimento [&hellip;]<\/p>\n","protected":false},"author":2,"featured_media":39559,"comment_status":"open","ping_status":"open","sticky":false,"template":"","format":"standard","meta":{"amp_status":"","footnotes":""},"categories":[4984],"tags":[2652,3195,1377,289],"class_list":["post-39558","post","type-post","status-publish","format-standard","has-post-thumbnail","hentry","category-social","tag-assistencia-social","tag-canaos","tag-feat","tag-servicos"],"yoast_head":"<!-- This site is optimized with the Yoast SEO plugin v20.5 - https:\/\/yoast.com\/wordpress\/plugins\/seo\/ -->\n<title>Canoas promove evento \u201cReconstruir para Prosperar\u201d com cursos gratuitos e apoio a fam\u00edlias do Aluguel Social - O Timoneiro Jornal Canoas RS<\/title>\n<meta name=\"description\" content=\"Evento \u201cReconstruir para Prosperar\u201d ser\u00e1 realizado em Canoas com atendimento a benefici\u00e1rios do Aluguel Social e informa\u00e7\u00f5es sobre cursos gratuitos.\" \/>\n<meta name=\"robots\" content=\"index, follow, max-snippet:-1, max-image-preview:large, max-video-preview:-1\" \/>\n<link rel=\"canonical\" href=\"https:\/\/jornaltimoneiro.com.br\/index.php\/2026\/03\/13\/evento-reconstruir-para-prosperar-sera-realizado-em-canoas-com-atendimento-a-beneficiarios-do-aluguel-social-e-informacoes-sobre-cursos-gratuitos\/\" \/>\n<meta property=\"og:locale\" content=\"pt_BR\" \/>\n<meta property=\"og:type\" content=\"article\" \/>\n<meta property=\"og:title\" content=\"Canoas promove evento \u201cReconstruir para Prosperar\u201d com cursos gratuitos e apoio a fam\u00edlias do Aluguel Social - O Timoneiro Jornal Canoas RS\" \/>\n<meta property=\"og:description\" content=\"Evento \u201cReconstruir para Prosperar\u201d ser\u00e1 realizado em Canoas com atendimento a benefici\u00e1rios do Aluguel Social e informa\u00e7\u00f5es sobre cursos gratuitos.\" \/>\n<meta property=\"og:url\" content=\"https:\/\/jornaltimoneiro.com.br\/index.php\/2026\/03\/13\/evento-reconstruir-para-prosperar-sera-realizado-em-canoas-com-atendimento-a-beneficiarios-do-aluguel-social-e-informacoes-sobre-cursos-gratuitos\/\" \/>\n<meta property=\"og:site_name\" content=\"O Timoneiro Jornal Canoas RS\" \/>\n<meta property=\"article:publisher\" content=\"https:\/\/www.facebook.com\/jornaltimoneiro\" \/>\n<meta property=\"article:published_time\" content=\"2026-03-13T17:55:00+00:00\" \/>\n<meta property=\"og:image\" content=\"https:\/\/jornaltimoneiro.com.br\/wp-content\/uploads\/2026\/03\/13-09-25-ASSISTENCIA-SOCIAL-TA-NA-AREA-VINICIUS-THORMANN-destaque-unidade-movel-cras-1-scaled.jpg\" \/>\n\t<meta property=\"og:image:width\" content=\"2560\" \/>\n\t<meta property=\"og:image:height\" content=\"1699\" \/>\n\t<meta property=\"og:image:type\" content=\"image\/jpeg\" \/>\n<meta name=\"author\" content=\"Reda\u00e7\u00e3o\" \/>\n<meta name=\"twitter:card\" content=\"summary_large_image\" \/>\n<meta name=\"twitter:creator\" content=\"@_OTimoneiro\" \/>\n<meta name=\"twitter:site\" content=\"@_OTimoneiro\" \/>\n<meta name=\"twitter:label1\" content=\"Escrito por\" \/>\n\t<meta name=\"twitter:data1\" content=\"Reda\u00e7\u00e3o\" \/>\n\t<meta name=\"twitter:label2\" content=\"Est. tempo de leitura\" \/>\n\t<meta name=\"twitter:data2\" content=\"1 minuto\" \/>\n<script type=\"application\/ld+json\" class=\"yoast-schema-graph\">{\"@context\":\"https:\/\/schema.org\",\"@graph\":[{\"@type\":\"Article\",\"@id\":\"https:\/\/jornaltimoneiro.com.br\/index.php\/2026\/03\/13\/evento-reconstruir-para-prosperar-sera-realizado-em-canoas-com-atendimento-a-beneficiarios-do-aluguel-social-e-informacoes-sobre-cursos-gratuitos\/#article\",\"isPartOf\":{\"@id\":\"https:\/\/jornaltimoneiro.com.br\/index.php\/2026\/03\/13\/evento-reconstruir-para-prosperar-sera-realizado-em-canoas-com-atendimento-a-beneficiarios-do-aluguel-social-e-informacoes-sobre-cursos-gratuitos\/\"},\"author\":{\"name\":\"Reda\u00e7\u00e3o\",\"@id\":\"https:\/\/jornaltimoneiro.com.br\/#\/schema\/person\/f63482f1a02b1a9592707865e509ab40\"},\"headline\":\"Canoas promove evento \u201cReconstruir para Prosperar\u201d com cursos gratuitos e apoio a fam\u00edlias do Aluguel Social\",\"datePublished\":\"2026-03-13T17:55:00+00:00\",\"dateModified\":\"2026-03-13T17:55:00+00:00\",\"mainEntityOfPage\":{\"@id\":\"https:\/\/jornaltimoneiro.com.br\/index.php\/2026\/03\/13\/evento-reconstruir-para-prosperar-sera-realizado-em-canoas-com-atendimento-a-beneficiarios-do-aluguel-social-e-informacoes-sobre-cursos-gratuitos\/\"},\"wordCount\":175,\"commentCount\":0,\"publisher\":{\"@id\":\"https:\/\/jornaltimoneiro.com.br\/#organization\"},\"keywords\":[\"assist\u00eancia social\",\"canaos\",\"feat\",\"servi\u00e7os\"],\"articleSection\":[\"Social\"],\"inLanguage\":\"pt-BR\",\"potentialAction\":[{\"@type\":\"CommentAction\",\"name\":\"Comment\",\"target\":[\"https:\/\/jornaltimoneiro.com.br\/index.php\/2026\/03\/13\/evento-reconstruir-para-prosperar-sera-realizado-em-canoas-com-atendimento-a-beneficiarios-do-aluguel-social-e-informacoes-sobre-cursos-gratuitos\/#respond\"]}]},{\"@type\":\"WebPage\",\"@id\":\"https:\/\/jornaltimoneiro.com.br\/index.php\/2026\/03\/13\/evento-reconstruir-para-prosperar-sera-realizado-em-canoas-com-atendimento-a-beneficiarios-do-aluguel-social-e-informacoes-sobre-cursos-gratuitos\/\",\"url\":\"https:\/\/jornaltimoneiro.com.br\/index.php\/2026\/03\/13\/evento-reconstruir-para-prosperar-sera-realizado-em-canoas-com-atendimento-a-beneficiarios-do-aluguel-social-e-informacoes-sobre-cursos-gratuitos\/\",\"name\":\"Canoas promove evento \u201cReconstruir para Prosperar\u201d com cursos gratuitos e apoio a fam\u00edlias do Aluguel Social - O Timoneiro Jornal Canoas RS\",\"isPartOf\":{\"@id\":\"https:\/\/jornaltimoneiro.com.br\/#website\"},\"datePublished\":\"2026-03-13T17:55:00+00:00\",\"dateModified\":\"2026-03-13T17:55:00+00:00\",\"description\":\"Evento \u201cReconstruir para Prosperar\u201d ser\u00e1 realizado em Canoas com atendimento a benefici\u00e1rios do Aluguel Social e informa\u00e7\u00f5es sobre cursos gratuitos.\",\"breadcrumb\":{\"@id\":\"https:\/\/jornaltimoneiro.com.br\/index.php\/2026\/03\/13\/evento-reconstruir-para-prosperar-sera-realizado-em-canoas-com-atendimento-a-beneficiarios-do-aluguel-social-e-informacoes-sobre-cursos-gratuitos\/#breadcrumb\"},\"inLanguage\":\"pt-BR\",\"potentialAction\":[{\"@type\":\"ReadAction\",\"target\":[\"https:\/\/jornaltimoneiro.com.br\/index.php\/2026\/03\/13\/evento-reconstruir-para-prosperar-sera-realizado-em-canoas-com-atendimento-a-beneficiarios-do-aluguel-social-e-informacoes-sobre-cursos-gratuitos\/\"]}]},{\"@type\":\"BreadcrumbList\",\"@id\":\"https:\/\/jornaltimoneiro.com.br\/index.php\/2026\/03\/13\/evento-reconstruir-para-prosperar-sera-realizado-em-canoas-com-atendimento-a-beneficiarios-do-aluguel-social-e-informacoes-sobre-cursos-gratuitos\/#breadcrumb\",\"itemListElement\":[{\"@type\":\"ListItem\",\"position\":1,\"name\":\"In\u00edcio\",\"item\":\"https:\/\/jornaltimoneiro.com.br\/\"},{\"@type\":\"ListItem\",\"position\":2,\"name\":\"Canoas promove evento \u201cReconstruir para Prosperar\u201d com cursos gratuitos e apoio a fam\u00edlias do Aluguel Social\"}]},{\"@type\":\"WebSite\",\"@id\":\"https:\/\/jornaltimoneiro.com.br\/#website\",\"url\":\"https:\/\/jornaltimoneiro.com.br\/\",\"name\":\"Jornal Timoneiro Canoas RS\",\"description\":\"Jornal O Timoneiro, o verdadeiro jornal de Canoas\",\"publisher\":{\"@id\":\"https:\/\/jornaltimoneiro.com.br\/#organization\"},\"potentialAction\":[{\"@type\":\"SearchAction\",\"target\":{\"@type\":\"EntryPoint\",\"urlTemplate\":\"https:\/\/jornaltimoneiro.com.br\/?s={search_term_string}\"},\"query-input\":\"required name=search_term_string\"}],\"inLanguage\":\"pt-BR\"},{\"@type\":\"Organization\",\"@id\":\"https:\/\/jornaltimoneiro.com.br\/#organization\",\"name\":\"Jornal Timoneiro Canoas RS\",\"url\":\"https:\/\/jornaltimoneiro.com.br\/\",\"logo\":{\"@type\":\"ImageObject\",\"inLanguage\":\"pt-BR\",\"@id\":\"https:\/\/jornaltimoneiro.com.br\/#\/schema\/logo\/image\/\",\"url\":\"https:\/\/jornaltimoneiro.com.br\/wp-content\/uploads\/2023\/03\/logonovo.png\",\"contentUrl\":\"https:\/\/jornaltimoneiro.com.br\/wp-content\/uploads\/2023\/03\/logonovo.png\",\"width\":\"469\",\"height\":\"171\",\"caption\":\"Jornal Timoneiro Canoas RS\"},\"image\":{\"@id\":\"https:\/\/jornaltimoneiro.com.br\/#\/schema\/logo\/image\/\"},\"sameAs\":[\"https:\/\/www.facebook.com\/jornaltimoneiro\",\"https:\/\/twitter.com\/_OTimoneiro\",\"https:\/\/www.instagram.com\/jornaltimoneirocanoas\/\",\"https:\/\/www.youtube.com\/@jornalotimoneiro7927\"]},{\"@type\":\"Person\",\"@id\":\"https:\/\/jornaltimoneiro.com.br\/#\/schema\/person\/f63482f1a02b1a9592707865e509ab40\",\"name\":\"Reda\u00e7\u00e3o\",\"image\":{\"@type\":\"ImageObject\",\"inLanguage\":\"pt-BR\",\"@id\":\"https:\/\/jornaltimoneiro.com.br\/#\/schema\/person\/image\/\",\"url\":\"https:\/\/jornaltimoneiro.com.br\/wp-content\/uploads\/2023\/03\/download.jpeg\",\"contentUrl\":\"https:\/\/jornaltimoneiro.com.br\/wp-content\/uploads\/2023\/03\/download.jpeg\",\"caption\":\"Reda\u00e7\u00e3o\"},\"url\":\"https:\/\/jornaltimoneiro.com.br\/index.php\/author\/simone-dutra\/\"}]}<\/script>\n<!-- \/ Yoast SEO plugin. -->","yoast_head_json":{"title":"Canoas promove evento \u201cReconstruir para Prosperar\u201d com cursos gratuitos e apoio a fam\u00edlias do Aluguel Social - O Timoneiro Jornal Canoas RS","description":"Evento \u201cReconstruir para Prosperar\u201d ser\u00e1 realizado em Canoas com atendimento a benefici\u00e1rios do Aluguel Social e informa\u00e7\u00f5es sobre cursos gratuitos.","robots":{"index":"index","follow":"follow","max-snippet":"max-snippet:-1","max-image-preview":"max-image-preview:large","max-video-preview":"max-video-preview:-1"},"canonical":"https:\/\/jornaltimoneiro.com.br\/index.php\/2026\/03\/13\/evento-reconstruir-para-prosperar-sera-realizado-em-canoas-com-atendimento-a-beneficiarios-do-aluguel-social-e-informacoes-sobre-cursos-gratuitos\/","og_locale":"pt_BR","og_type":"article","og_title":"Canoas promove evento \u201cReconstruir para Prosperar\u201d com cursos gratuitos e apoio a fam\u00edlias do Aluguel Social - O Timoneiro Jornal Canoas RS","og_description":"Evento \u201cReconstruir para Prosperar\u201d ser\u00e1 realizado em Canoas com atendimento a benefici\u00e1rios do Aluguel Social e informa\u00e7\u00f5es sobre cursos gratuitos.","og_url":"https:\/\/jornaltimoneiro.com.br\/index.php\/2026\/03\/13\/evento-reconstruir-para-prosperar-sera-realizado-em-canoas-com-atendimento-a-beneficiarios-do-aluguel-social-e-informacoes-sobre-cursos-gratuitos\/","og_site_name":"O Timoneiro Jornal Canoas RS","article_publisher":"https:\/\/www.facebook.com\/jornaltimoneiro","article_published_time":"2026-03-13T17:55:00+00:00","og_image":[{"width":"2560","height":"1699","url":"https:\/\/jornaltimoneiro.com.br\/wp-content\/uploads\/2026\/03\/13-09-25-ASSISTENCIA-SOCIAL-TA-NA-AREA-VINICIUS-THORMANN-destaque-unidade-movel-cras-1-scaled.jpg","type":"image\/jpeg"}],"author":"Reda\u00e7\u00e3o","twitter_card":"summary_large_image","twitter_creator":"@_OTimoneiro","twitter_site":"@_OTimoneiro","twitter_misc":{"Escrito por":"Reda\u00e7\u00e3o","Est. tempo de leitura":"1 minuto"},"schema":{"@context":"https:\/\/schema.org","@graph":[{"@type":"Article","@id":"https:\/\/jornaltimoneiro.com.br\/index.php\/2026\/03\/13\/evento-reconstruir-para-prosperar-sera-realizado-em-canoas-com-atendimento-a-beneficiarios-do-aluguel-social-e-informacoes-sobre-cursos-gratuitos\/#article","isPartOf":{"@id":"https:\/\/jornaltimoneiro.com.br\/index.php\/2026\/03\/13\/evento-reconstruir-para-prosperar-sera-realizado-em-canoas-com-atendimento-a-beneficiarios-do-aluguel-social-e-informacoes-sobre-cursos-gratuitos\/"},"author":{"name":"Reda\u00e7\u00e3o","@id":"https:\/\/jornaltimoneiro.com.br\/#\/schema\/person\/f63482f1a02b1a9592707865e509ab40"},"headline":"Canoas promove evento \u201cReconstruir para Prosperar\u201d com cursos gratuitos e apoio a fam\u00edlias do Aluguel Social","datePublished":"2026-03-13T17:55:00+00:00","dateModified":"2026-03-13T17:55:00+00:00","mainEntityOfPage":{"@id":"https:\/\/jornaltimoneiro.com.br\/index.php\/2026\/03\/13\/evento-reconstruir-para-prosperar-sera-realizado-em-canoas-com-atendimento-a-beneficiarios-do-aluguel-social-e-informacoes-sobre-cursos-gratuitos\/"},"wordCount":175,"commentCount":0,"publisher":{"@id":"https:\/\/jornaltimoneiro.com.br\/#organization"},"keywords":["assist\u00eancia social","canaos","feat","servi\u00e7os"],"articleSection":["Social"],"inLanguage":"pt-BR","potentialAction":[{"@type":"CommentAction","name":"Comment","target":["https:\/\/jornaltimoneiro.com.br\/index.php\/2026\/03\/13\/evento-reconstruir-para-prosperar-sera-realizado-em-canoas-com-atendimento-a-beneficiarios-do-aluguel-social-e-informacoes-sobre-cursos-gratuitos\/#respond"]}]},{"@type":"WebPage","@id":"https:\/\/jornaltimoneiro.com.br\/index.php\/2026\/03\/13\/evento-reconstruir-para-prosperar-sera-realizado-em-canoas-com-atendimento-a-beneficiarios-do-aluguel-social-e-informacoes-sobre-cursos-gratuitos\/","url":"https:\/\/jornaltimoneiro.com.br\/index.php\/2026\/03\/13\/evento-reconstruir-para-prosperar-sera-realizado-em-canoas-com-atendimento-a-beneficiarios-do-aluguel-social-e-informacoes-sobre-cursos-gratuitos\/","name":"Canoas promove evento \u201cReconstruir para Prosperar\u201d com cursos gratuitos e apoio a fam\u00edlias do Aluguel Social - O Timoneiro Jornal Canoas RS","isPartOf":{"@id":"https:\/\/jornaltimoneiro.com.br\/#website"},"datePublished":"2026-03-13T17:55:00+00:00","dateModified":"2026-03-13T17:55:00+00:00","description":"Evento \u201cReconstruir para Prosperar\u201d ser\u00e1 realizado em Canoas com atendimento a benefici\u00e1rios do Aluguel Social e informa\u00e7\u00f5es sobre cursos gratuitos.","breadcrumb":{"@id":"https:\/\/jornaltimoneiro.com.br\/index.php\/2026\/03\/13\/evento-reconstruir-para-prosperar-sera-realizado-em-canoas-com-atendimento-a-beneficiarios-do-aluguel-social-e-informacoes-sobre-cursos-gratuitos\/#breadcrumb"},"inLanguage":"pt-BR","potentialAction":[{"@type":"ReadAction","target":["https:\/\/jornaltimoneiro.com.br\/index.php\/2026\/03\/13\/evento-reconstruir-para-prosperar-sera-realizado-em-canoas-com-atendimento-a-beneficiarios-do-aluguel-social-e-informacoes-sobre-cursos-gratuitos\/"]}]},{"@type":"BreadcrumbList","@id":"https:\/\/jornaltimoneiro.com.br\/index.php\/2026\/03\/13\/evento-reconstruir-para-prosperar-sera-realizado-em-canoas-com-atendimento-a-beneficiarios-do-aluguel-social-e-informacoes-sobre-cursos-gratuitos\/#breadcrumb","itemListElement":[{"@type":"ListItem","position":1,"name":"In\u00edcio","item":"https:\/\/jornaltimoneiro.com.br\/"},{"@type":"ListItem","position":2,"name":"Canoas promove evento \u201cReconstruir para Prosperar\u201d com cursos gratuitos e apoio a fam\u00edlias do Aluguel Social"}]},{"@type":"WebSite","@id":"https:\/\/jornaltimoneiro.com.br\/#website","url":"https:\/\/jornaltimoneiro.com.br\/","name":"Jornal Timoneiro Canoas RS","description":"Jornal O Timoneiro, o verdadeiro jornal de Canoas","publisher":{"@id":"https:\/\/jornaltimoneiro.com.br\/#organization"},"potentialAction":[{"@type":"SearchAction","target":{"@type":"EntryPoint","urlTemplate":"https:\/\/jornaltimoneiro.com.br\/?s={search_term_string}"},"query-input":"required name=search_term_string"}],"inLanguage":"pt-BR"},{"@type":"Organization","@id":"https:\/\/jornaltimoneiro.com.br\/#organization","name":"Jornal Timoneiro Canoas RS","url":"https:\/\/jornaltimoneiro.com.br\/","logo":{"@type":"ImageObject","inLanguage":"pt-BR","@id":"https:\/\/jornaltimoneiro.com.br\/#\/schema\/logo\/image\/","url":"https:\/\/jornaltimoneiro.com.br\/wp-content\/uploads\/2023\/03\/logonovo.png","contentUrl":"https:\/\/jornaltimoneiro.com.br\/wp-content\/uploads\/2023\/03\/logonovo.png","width":"469","height":"171","caption":"Jornal Timoneiro Canoas RS"},"image":{"@id":"https:\/\/jornaltimoneiro.com.br\/#\/schema\/logo\/image\/"},"sameAs":["https:\/\/www.facebook.com\/jornaltimoneiro","https:\/\/twitter.com\/_OTimoneiro","https:\/\/www.instagram.com\/jornaltimoneirocanoas\/","https:\/\/www.youtube.com\/@jornalotimoneiro7927"]},{"@type":"Person","@id":"https:\/\/jornaltimoneiro.com.br\/#\/schema\/person\/f63482f1a02b1a9592707865e509ab40","name":"Reda\u00e7\u00e3o","image":{"@type":"ImageObject","inLanguage":"pt-BR","@id":"https:\/\/jornaltimoneiro.com.br\/#\/schema\/person\/image\/","url":"https:\/\/jornaltimoneiro.com.br\/wp-content\/uploads\/2023\/03\/download.jpeg","contentUrl":"https:\/\/jornaltimoneiro.com.br\/wp-content\/uploads\/2023\/03\/download.jpeg","caption":"Reda\u00e7\u00e3o"},"url":"https:\/\/jornaltimoneiro.com.br\/index.php\/author\/simone-dutra\/"}]}},"_links":{"self":[{"href":"https:\/\/jornaltimoneiro.com.br\/index.php\/wp-json\/wp\/v2\/posts\/39558"}],"collection":[{"href":"https:\/\/jornaltimoneiro.com.br\/index.php\/wp-json\/wp\/v2\/posts"}],"about":[{"href":"https:\/\/jornaltimoneiro.com.br\/index.php\/wp-json\/wp\/v2\/types\/post"}],"author":[{"embeddable":true,"href":"https:\/\/jornaltimoneiro.com.br\/index.php\/wp-json\/wp\/v2\/users\/2"}],"replies":[{"embeddable":true,"href":"https:\/\/jornaltimoneiro.com.br\/index.php\/wp-json\/wp\/v2\/comments?post=39558"}],"version-history":[{"count":1,"href":"https:\/\/jornaltimoneiro.com.br\/index.php\/wp-json\/wp\/v2\/posts\/39558\/revisions"}],"predecessor-version":[{"id":39560,"href":"https:\/\/jornaltimoneiro.com.br\/index.php\/wp-json\/wp\/v2\/posts\/39558\/revisions\/39560"}],"wp:featuredmedia":[{"embeddable":true,"href":"https:\/\/jornaltimoneiro.com.br\/index.php\/wp-json\/wp\/v2\/media\/39559"}],"wp:attachment":[{"href":"https:\/\/jornaltimoneiro.com.br\/index.php\/wp-json\/wp\/v2\/media?parent=39558"}],"wp:term":[{"taxonomy":"category","embeddable":true,"href":"https:\/\/jornaltimoneiro.com.br\/index.php\/wp-json\/wp\/v2\/categories?post=39558"},{"taxonomy":"post_tag","embeddable":true,"href":"https:\/\/jornaltimoneiro.com.br\/index.php\/wp-json\/wp\/v2\/tags?post=39558"}],"curies":[{"name":"wp","href":"https:\/\/api.w.org\/{rel}","templated":true}]}}