{"id":39554,"date":"2026-03-13T14:17:18","date_gmt":"2026-03-13T17:17:18","guid":{"rendered":"https:\/\/jornaltimoneiro.com.br\/?p=39554"},"modified":"2026-03-13T14:17:56","modified_gmt":"2026-03-13T17:17:56","slug":"bolsonaro-internado-uti-brasilia-broncopneumonia-bacteriana","status":"publish","type":"post","link":"https:\/\/jornaltimoneiro.com.br\/index.php\/2026\/03\/13\/bolsonaro-internado-uti-brasilia-broncopneumonia-bacteriana\/","title":{"rendered":"Jair Bolsonaro \u00e9 internado em UTI em Bras\u00edlia com broncopneumonia bacteriana"},"content":{"rendered":"<p data-start=\"0\" data-end=\"244\">O ex-presidente <span class=\"hover:entity-accent entity-underline inline cursor-pointer align-baseline\"><span class=\"whitespace-normal\">Jair Bolsonaro<\/span><\/span> (PL) foi diagnosticado com broncopneumonia bacteriana e est\u00e1 internado na Unidade de Terapia Intensiva (UTI). A informa\u00e7\u00e3o foi confirmada por boletim m\u00e9dico divulgado nesta sexta-feira, 13.<\/p>\n<p data-start=\"246\" data-end=\"560\">Bolsonaro deu entrada no <span class=\"hover:entity-accent entity-underline inline cursor-pointer align-baseline\"><span class=\"whitespace-normal\">Hospital DF Star<\/span><\/span>, em <span class=\"hover:entity-accent entity-underline inline cursor-pointer align-baseline\"><span class=\"whitespace-normal\">Bras\u00edlia<\/span><\/span>, ap\u00f3s apresentar febre alta, sudorese e calafrios. De acordo com a equipe m\u00e9dica, exames de imagem e laboratoriais confirmaram um quadro de broncopneumonia bacteriana bilateral, com prov\u00e1vel origem aspirativa.<\/p>\n<p data-start=\"562\" data-end=\"716\">Segundo o boletim, o ex-presidente permanece internado na UTI, onde recebe tratamento com antibi\u00f3ticos por via intravenosa e suporte cl\u00ednico n\u00e3o invasivo.<\/p>\n<p data-start=\"718\" data-end=\"987\">Durante a madrugada, Bolsonaro apresentou v\u00f4mitos e falta de ar, o que motivou o encaminhamento para atendimento hospitalar no in\u00edcio da manh\u00e3. O chamado para atendimento foi registrado pelo Corpo de Bombeiros por volta das 7h40, inicialmente com suspeita de pneumonia.<\/p>\n<p data-start=\"989\" data-end=\"1103\">O ex-presidente chegou ao hospital por volta das 8h50, em uma ambul\u00e2ncia do <span class=\"hover:entity-accent entity-underline inline cursor-pointer align-baseline\"><span class=\"whitespace-normal\">Servi\u00e7o de Atendimento M\u00f3vel de Urg\u00eancia<\/span><\/span>.<\/p>\n<p data-start=\"1105\" data-end=\"1373\">De acordo com o cardiologista <span class=\"hover:entity-accent entity-underline inline cursor-pointer align-baseline\"><span class=\"whitespace-normal\">Brasil Caiado<\/span><\/span>, que acompanha o caso, o quadro teve in\u00edcio de forma repentina durante a madrugada.<\/p>\n<blockquote>\n<p data-start=\"1105\" data-end=\"1373\">\u201cEle estava bem na noite anterior. O quadro come\u00e7ou por volta das 2h ou 3h da manh\u00e3 e evoluiu rapidamente\u201d, relatou.<\/p>\n<\/blockquote>\n<p data-start=\"1375\" data-end=\"1599\">Ainda segundo o m\u00e9dico, Bolsonaro iniciou tratamento com dois antibi\u00f3ticos e apresentou leve melhora, mas continua com sintomas como enjoo, dor de cabe\u00e7a e dores musculares. At\u00e9 o momento, n\u00e3o h\u00e1 previs\u00e3o de alta hospitalar.<\/p>\n<p data-start=\"1601\" data-end=\"1764\">A expectativa da equipe m\u00e9dica \u00e9 de que ele permane\u00e7a internado por pelo menos sete dias para continuidade do tratamento com antibi\u00f3ticos e acompanhamento cl\u00ednico.<\/p>\n<p data-start=\"1766\" data-end=\"1891\" data-is-last-node=\"\" data-is-only-node=\"\">O m\u00e9dico tamb\u00e9m informou que o ex-presidente faz uso di\u00e1rio de sete medicamentos voltados ao tratamento do sistema digestivo.<\/p>\n","protected":false},"excerpt":{"rendered":"<p>O ex-presidente Jair Bolsonaro (PL) foi diagnosticado com broncopneumonia bacteriana e est\u00e1 internado na Unidade de Terapia Intensiva (UTI). A informa\u00e7\u00e3o foi confirmada por boletim m\u00e9dico divulgado nesta sexta-feira, 13. Bolsonaro deu entrada no Hospital DF Star, em Bras\u00edlia, ap\u00f3s apresentar febre alta, sudorese e calafrios. De acordo com a equipe m\u00e9dica, exames de imagem [&hellip;]<\/p>\n","protected":false},"author":2,"featured_media":39555,"comment_status":"open","ping_status":"open","sticky":false,"template":"","format":"standard","meta":{"amp_status":"","footnotes":""},"categories":[20],"tags":[31,190,5045,126],"class_list":["post-39554","post","type-post","status-publish","format-standard","has-post-thumbnail","hentry","category-politica-noticias","tag-canoas","tag-featured","tag-jair-bolsonaro","tag-politica"],"yoast_head":"<!-- This site is optimized with the Yoast SEO plugin v20.5 - https:\/\/yoast.com\/wordpress\/plugins\/seo\/ -->\n<title>Jair Bolsonaro \u00e9 internado em UTI em Bras\u00edlia com broncopneumonia bacteriana - O Timoneiro Jornal Canoas RS<\/title>\n<meta name=\"description\" content=\"O ex-presidente Jair Bolsonaro foi internado na UTI de hospital em Bras\u00edlia ap\u00f3s diagn\u00f3stico de broncopneumonia bacteriana. N\u00e3o h\u00e1 previs\u00e3o de alta.\" \/>\n<meta name=\"robots\" content=\"index, follow, max-snippet:-1, max-image-preview:large, max-video-preview:-1\" \/>\n<link rel=\"canonical\" href=\"https:\/\/jornaltimoneiro.com.br\/index.php\/2026\/03\/13\/bolsonaro-internado-uti-brasilia-broncopneumonia-bacteriana\/\" \/>\n<meta property=\"og:locale\" content=\"pt_BR\" \/>\n<meta property=\"og:type\" content=\"article\" \/>\n<meta property=\"og:title\" content=\"Jair Bolsonaro \u00e9 internado em UTI em Bras\u00edlia com broncopneumonia bacteriana - O Timoneiro Jornal Canoas RS\" \/>\n<meta property=\"og:description\" content=\"O ex-presidente Jair Bolsonaro foi internado na UTI de hospital em Bras\u00edlia ap\u00f3s diagn\u00f3stico de broncopneumonia bacteriana. N\u00e3o h\u00e1 previs\u00e3o de alta.\" \/>\n<meta property=\"og:url\" content=\"https:\/\/jornaltimoneiro.com.br\/index.php\/2026\/03\/13\/bolsonaro-internado-uti-brasilia-broncopneumonia-bacteriana\/\" \/>\n<meta property=\"og:site_name\" content=\"O Timoneiro Jornal Canoas RS\" \/>\n<meta property=\"article:publisher\" content=\"https:\/\/www.facebook.com\/jornaltimoneiro\" \/>\n<meta property=\"article:published_time\" content=\"2026-03-13T17:17:18+00:00\" \/>\n<meta property=\"article:modified_time\" content=\"2026-03-13T17:17:56+00:00\" \/>\n<meta property=\"og:image\" content=\"https:\/\/jornaltimoneiro.com.br\/wp-content\/uploads\/2026\/03\/IMG_1116.JPG.jpeg\" \/>\n\t<meta property=\"og:image:width\" content=\"456\" \/>\n\t<meta property=\"og:image:height\" content=\"679\" \/>\n\t<meta property=\"og:image:type\" content=\"image\/jpeg\" \/>\n<meta name=\"author\" content=\"Reda\u00e7\u00e3o\" \/>\n<meta name=\"twitter:card\" content=\"summary_large_image\" \/>\n<meta name=\"twitter:creator\" content=\"@_OTimoneiro\" \/>\n<meta name=\"twitter:site\" content=\"@_OTimoneiro\" \/>\n<meta name=\"twitter:label1\" content=\"Escrito por\" \/>\n\t<meta name=\"twitter:data1\" content=\"Reda\u00e7\u00e3o\" \/>\n\t<meta name=\"twitter:label2\" content=\"Est. tempo de leitura\" \/>\n\t<meta name=\"twitter:data2\" content=\"2 minutos\" \/>\n<script type=\"application\/ld+json\" class=\"yoast-schema-graph\">{\"@context\":\"https:\/\/schema.org\",\"@graph\":[{\"@type\":\"Article\",\"@id\":\"https:\/\/jornaltimoneiro.com.br\/index.php\/2026\/03\/13\/bolsonaro-internado-uti-brasilia-broncopneumonia-bacteriana\/#article\",\"isPartOf\":{\"@id\":\"https:\/\/jornaltimoneiro.com.br\/index.php\/2026\/03\/13\/bolsonaro-internado-uti-brasilia-broncopneumonia-bacteriana\/\"},\"author\":{\"name\":\"Reda\u00e7\u00e3o\",\"@id\":\"https:\/\/jornaltimoneiro.com.br\/#\/schema\/person\/f63482f1a02b1a9592707865e509ab40\"},\"headline\":\"Jair Bolsonaro \u00e9 internado em UTI em Bras\u00edlia com broncopneumonia bacteriana\",\"datePublished\":\"2026-03-13T17:17:18+00:00\",\"dateModified\":\"2026-03-13T17:17:56+00:00\",\"mainEntityOfPage\":{\"@id\":\"https:\/\/jornaltimoneiro.com.br\/index.php\/2026\/03\/13\/bolsonaro-internado-uti-brasilia-broncopneumonia-bacteriana\/\"},\"wordCount\":309,\"commentCount\":0,\"publisher\":{\"@id\":\"https:\/\/jornaltimoneiro.com.br\/#organization\"},\"keywords\":[\"canoas\",\"featured\",\"Jair Bolsonaro\",\"Pol\u00edtica\"],\"articleSection\":[\"Pol\u00edtica\"],\"inLanguage\":\"pt-BR\",\"potentialAction\":[{\"@type\":\"CommentAction\",\"name\":\"Comment\",\"target\":[\"https:\/\/jornaltimoneiro.com.br\/index.php\/2026\/03\/13\/bolsonaro-internado-uti-brasilia-broncopneumonia-bacteriana\/#respond\"]}]},{\"@type\":\"WebPage\",\"@id\":\"https:\/\/jornaltimoneiro.com.br\/index.php\/2026\/03\/13\/bolsonaro-internado-uti-brasilia-broncopneumonia-bacteriana\/\",\"url\":\"https:\/\/jornaltimoneiro.com.br\/index.php\/2026\/03\/13\/bolsonaro-internado-uti-brasilia-broncopneumonia-bacteriana\/\",\"name\":\"Jair Bolsonaro \u00e9 internado em UTI em Bras\u00edlia com broncopneumonia bacteriana - O Timoneiro Jornal Canoas RS\",\"isPartOf\":{\"@id\":\"https:\/\/jornaltimoneiro.com.br\/#website\"},\"datePublished\":\"2026-03-13T17:17:18+00:00\",\"dateModified\":\"2026-03-13T17:17:56+00:00\",\"description\":\"O ex-presidente Jair Bolsonaro foi internado na UTI de hospital em Bras\u00edlia ap\u00f3s diagn\u00f3stico de broncopneumonia bacteriana. N\u00e3o h\u00e1 previs\u00e3o de alta.\",\"breadcrumb\":{\"@id\":\"https:\/\/jornaltimoneiro.com.br\/index.php\/2026\/03\/13\/bolsonaro-internado-uti-brasilia-broncopneumonia-bacteriana\/#breadcrumb\"},\"inLanguage\":\"pt-BR\",\"potentialAction\":[{\"@type\":\"ReadAction\",\"target\":[\"https:\/\/jornaltimoneiro.com.br\/index.php\/2026\/03\/13\/bolsonaro-internado-uti-brasilia-broncopneumonia-bacteriana\/\"]}]},{\"@type\":\"BreadcrumbList\",\"@id\":\"https:\/\/jornaltimoneiro.com.br\/index.php\/2026\/03\/13\/bolsonaro-internado-uti-brasilia-broncopneumonia-bacteriana\/#breadcrumb\",\"itemListElement\":[{\"@type\":\"ListItem\",\"position\":1,\"name\":\"In\u00edcio\",\"item\":\"https:\/\/jornaltimoneiro.com.br\/\"},{\"@type\":\"ListItem\",\"position\":2,\"name\":\"Jair Bolsonaro \u00e9 internado em UTI em Bras\u00edlia com broncopneumonia bacteriana\"}]},{\"@type\":\"WebSite\",\"@id\":\"https:\/\/jornaltimoneiro.com.br\/#website\",\"url\":\"https:\/\/jornaltimoneiro.com.br\/\",\"name\":\"Jornal Timoneiro Canoas RS\",\"description\":\"Jornal O Timoneiro, o verdadeiro jornal de Canoas\",\"publisher\":{\"@id\":\"https:\/\/jornaltimoneiro.com.br\/#organization\"},\"potentialAction\":[{\"@type\":\"SearchAction\",\"target\":{\"@type\":\"EntryPoint\",\"urlTemplate\":\"https:\/\/jornaltimoneiro.com.br\/?s={search_term_string}\"},\"query-input\":\"required name=search_term_string\"}],\"inLanguage\":\"pt-BR\"},{\"@type\":\"Organization\",\"@id\":\"https:\/\/jornaltimoneiro.com.br\/#organization\",\"name\":\"Jornal Timoneiro Canoas RS\",\"url\":\"https:\/\/jornaltimoneiro.com.br\/\",\"logo\":{\"@type\":\"ImageObject\",\"inLanguage\":\"pt-BR\",\"@id\":\"https:\/\/jornaltimoneiro.com.br\/#\/schema\/logo\/image\/\",\"url\":\"https:\/\/jornaltimoneiro.com.br\/wp-content\/uploads\/2023\/03\/logonovo.png\",\"contentUrl\":\"https:\/\/jornaltimoneiro.com.br\/wp-content\/uploads\/2023\/03\/logonovo.png\",\"width\":\"469\",\"height\":\"171\",\"caption\":\"Jornal Timoneiro Canoas RS\"},\"image\":{\"@id\":\"https:\/\/jornaltimoneiro.com.br\/#\/schema\/logo\/image\/\"},\"sameAs\":[\"https:\/\/www.facebook.com\/jornaltimoneiro\",\"https:\/\/twitter.com\/_OTimoneiro\",\"https:\/\/www.instagram.com\/jornaltimoneirocanoas\/\",\"https:\/\/www.youtube.com\/@jornalotimoneiro7927\"]},{\"@type\":\"Person\",\"@id\":\"https:\/\/jornaltimoneiro.com.br\/#\/schema\/person\/f63482f1a02b1a9592707865e509ab40\",\"name\":\"Reda\u00e7\u00e3o\",\"image\":{\"@type\":\"ImageObject\",\"inLanguage\":\"pt-BR\",\"@id\":\"https:\/\/jornaltimoneiro.com.br\/#\/schema\/person\/image\/\",\"url\":\"https:\/\/jornaltimoneiro.com.br\/wp-content\/uploads\/2023\/03\/download.jpeg\",\"contentUrl\":\"https:\/\/jornaltimoneiro.com.br\/wp-content\/uploads\/2023\/03\/download.jpeg\",\"caption\":\"Reda\u00e7\u00e3o\"},\"url\":\"https:\/\/jornaltimoneiro.com.br\/index.php\/author\/simone-dutra\/\"}]}<\/script>\n<!-- \/ Yoast SEO plugin. -->","yoast_head_json":{"title":"Jair Bolsonaro \u00e9 internado em UTI em Bras\u00edlia com broncopneumonia bacteriana - O Timoneiro Jornal Canoas RS","description":"O ex-presidente Jair Bolsonaro foi internado na UTI de hospital em Bras\u00edlia ap\u00f3s diagn\u00f3stico de broncopneumonia bacteriana. N\u00e3o h\u00e1 previs\u00e3o de alta.","robots":{"index":"index","follow":"follow","max-snippet":"max-snippet:-1","max-image-preview":"max-image-preview:large","max-video-preview":"max-video-preview:-1"},"canonical":"https:\/\/jornaltimoneiro.com.br\/index.php\/2026\/03\/13\/bolsonaro-internado-uti-brasilia-broncopneumonia-bacteriana\/","og_locale":"pt_BR","og_type":"article","og_title":"Jair Bolsonaro \u00e9 internado em UTI em Bras\u00edlia com broncopneumonia bacteriana - O Timoneiro Jornal Canoas RS","og_description":"O ex-presidente Jair Bolsonaro foi internado na UTI de hospital em Bras\u00edlia ap\u00f3s diagn\u00f3stico de broncopneumonia bacteriana. N\u00e3o h\u00e1 previs\u00e3o de alta.","og_url":"https:\/\/jornaltimoneiro.com.br\/index.php\/2026\/03\/13\/bolsonaro-internado-uti-brasilia-broncopneumonia-bacteriana\/","og_site_name":"O Timoneiro Jornal Canoas RS","article_publisher":"https:\/\/www.facebook.com\/jornaltimoneiro","article_published_time":"2026-03-13T17:17:18+00:00","article_modified_time":"2026-03-13T17:17:56+00:00","og_image":[{"width":"456","height":"679","url":"https:\/\/jornaltimoneiro.com.br\/wp-content\/uploads\/2026\/03\/IMG_1116.JPG.jpeg","type":"image\/jpeg"}],"author":"Reda\u00e7\u00e3o","twitter_card":"summary_large_image","twitter_creator":"@_OTimoneiro","twitter_site":"@_OTimoneiro","twitter_misc":{"Escrito por":"Reda\u00e7\u00e3o","Est. tempo de leitura":"2 minutos"},"schema":{"@context":"https:\/\/schema.org","@graph":[{"@type":"Article","@id":"https:\/\/jornaltimoneiro.com.br\/index.php\/2026\/03\/13\/bolsonaro-internado-uti-brasilia-broncopneumonia-bacteriana\/#article","isPartOf":{"@id":"https:\/\/jornaltimoneiro.com.br\/index.php\/2026\/03\/13\/bolsonaro-internado-uti-brasilia-broncopneumonia-bacteriana\/"},"author":{"name":"Reda\u00e7\u00e3o","@id":"https:\/\/jornaltimoneiro.com.br\/#\/schema\/person\/f63482f1a02b1a9592707865e509ab40"},"headline":"Jair Bolsonaro \u00e9 internado em UTI em Bras\u00edlia com broncopneumonia bacteriana","datePublished":"2026-03-13T17:17:18+00:00","dateModified":"2026-03-13T17:17:56+00:00","mainEntityOfPage":{"@id":"https:\/\/jornaltimoneiro.com.br\/index.php\/2026\/03\/13\/bolsonaro-internado-uti-brasilia-broncopneumonia-bacteriana\/"},"wordCount":309,"commentCount":0,"publisher":{"@id":"https:\/\/jornaltimoneiro.com.br\/#organization"},"keywords":["canoas","featured","Jair Bolsonaro","Pol\u00edtica"],"articleSection":["Pol\u00edtica"],"inLanguage":"pt-BR","potentialAction":[{"@type":"CommentAction","name":"Comment","target":["https:\/\/jornaltimoneiro.com.br\/index.php\/2026\/03\/13\/bolsonaro-internado-uti-brasilia-broncopneumonia-bacteriana\/#respond"]}]},{"@type":"WebPage","@id":"https:\/\/jornaltimoneiro.com.br\/index.php\/2026\/03\/13\/bolsonaro-internado-uti-brasilia-broncopneumonia-bacteriana\/","url":"https:\/\/jornaltimoneiro.com.br\/index.php\/2026\/03\/13\/bolsonaro-internado-uti-brasilia-broncopneumonia-bacteriana\/","name":"Jair Bolsonaro \u00e9 internado em UTI em Bras\u00edlia com broncopneumonia bacteriana - O Timoneiro Jornal Canoas RS","isPartOf":{"@id":"https:\/\/jornaltimoneiro.com.br\/#website"},"datePublished":"2026-03-13T17:17:18+00:00","dateModified":"2026-03-13T17:17:56+00:00","description":"O ex-presidente Jair Bolsonaro foi internado na UTI de hospital em Bras\u00edlia ap\u00f3s diagn\u00f3stico de broncopneumonia bacteriana. N\u00e3o h\u00e1 previs\u00e3o de alta.","breadcrumb":{"@id":"https:\/\/jornaltimoneiro.com.br\/index.php\/2026\/03\/13\/bolsonaro-internado-uti-brasilia-broncopneumonia-bacteriana\/#breadcrumb"},"inLanguage":"pt-BR","potentialAction":[{"@type":"ReadAction","target":["https:\/\/jornaltimoneiro.com.br\/index.php\/2026\/03\/13\/bolsonaro-internado-uti-brasilia-broncopneumonia-bacteriana\/"]}]},{"@type":"BreadcrumbList","@id":"https:\/\/jornaltimoneiro.com.br\/index.php\/2026\/03\/13\/bolsonaro-internado-uti-brasilia-broncopneumonia-bacteriana\/#breadcrumb","itemListElement":[{"@type":"ListItem","position":1,"name":"In\u00edcio","item":"https:\/\/jornaltimoneiro.com.br\/"},{"@type":"ListItem","position":2,"name":"Jair Bolsonaro \u00e9 internado em UTI em Bras\u00edlia com broncopneumonia bacteriana"}]},{"@type":"WebSite","@id":"https:\/\/jornaltimoneiro.com.br\/#website","url":"https:\/\/jornaltimoneiro.com.br\/","name":"Jornal Timoneiro Canoas RS","description":"Jornal O Timoneiro, o verdadeiro jornal de Canoas","publisher":{"@id":"https:\/\/jornaltimoneiro.com.br\/#organization"},"potentialAction":[{"@type":"SearchAction","target":{"@type":"EntryPoint","urlTemplate":"https:\/\/jornaltimoneiro.com.br\/?s={search_term_string}"},"query-input":"required name=search_term_string"}],"inLanguage":"pt-BR"},{"@type":"Organization","@id":"https:\/\/jornaltimoneiro.com.br\/#organization","name":"Jornal Timoneiro Canoas RS","url":"https:\/\/jornaltimoneiro.com.br\/","logo":{"@type":"ImageObject","inLanguage":"pt-BR","@id":"https:\/\/jornaltimoneiro.com.br\/#\/schema\/logo\/image\/","url":"https:\/\/jornaltimoneiro.com.br\/wp-content\/uploads\/2023\/03\/logonovo.png","contentUrl":"https:\/\/jornaltimoneiro.com.br\/wp-content\/uploads\/2023\/03\/logonovo.png","width":"469","height":"171","caption":"Jornal Timoneiro Canoas RS"},"image":{"@id":"https:\/\/jornaltimoneiro.com.br\/#\/schema\/logo\/image\/"},"sameAs":["https:\/\/www.facebook.com\/jornaltimoneiro","https:\/\/twitter.com\/_OTimoneiro","https:\/\/www.instagram.com\/jornaltimoneirocanoas\/","https:\/\/www.youtube.com\/@jornalotimoneiro7927"]},{"@type":"Person","@id":"https:\/\/jornaltimoneiro.com.br\/#\/schema\/person\/f63482f1a02b1a9592707865e509ab40","name":"Reda\u00e7\u00e3o","image":{"@type":"ImageObject","inLanguage":"pt-BR","@id":"https:\/\/jornaltimoneiro.com.br\/#\/schema\/person\/image\/","url":"https:\/\/jornaltimoneiro.com.br\/wp-content\/uploads\/2023\/03\/download.jpeg","contentUrl":"https:\/\/jornaltimoneiro.com.br\/wp-content\/uploads\/2023\/03\/download.jpeg","caption":"Reda\u00e7\u00e3o"},"url":"https:\/\/jornaltimoneiro.com.br\/index.php\/author\/simone-dutra\/"}]}},"_links":{"self":[{"href":"https:\/\/jornaltimoneiro.com.br\/index.php\/wp-json\/wp\/v2\/posts\/39554"}],"collection":[{"href":"https:\/\/jornaltimoneiro.com.br\/index.php\/wp-json\/wp\/v2\/posts"}],"about":[{"href":"https:\/\/jornaltimoneiro.com.br\/index.php\/wp-json\/wp\/v2\/types\/post"}],"author":[{"embeddable":true,"href":"https:\/\/jornaltimoneiro.com.br\/index.php\/wp-json\/wp\/v2\/users\/2"}],"replies":[{"embeddable":true,"href":"https:\/\/jornaltimoneiro.com.br\/index.php\/wp-json\/wp\/v2\/comments?post=39554"}],"version-history":[{"count":2,"href":"https:\/\/jornaltimoneiro.com.br\/index.php\/wp-json\/wp\/v2\/posts\/39554\/revisions"}],"predecessor-version":[{"id":39557,"href":"https:\/\/jornaltimoneiro.com.br\/index.php\/wp-json\/wp\/v2\/posts\/39554\/revisions\/39557"}],"wp:featuredmedia":[{"embeddable":true,"href":"https:\/\/jornaltimoneiro.com.br\/index.php\/wp-json\/wp\/v2\/media\/39555"}],"wp:attachment":[{"href":"https:\/\/jornaltimoneiro.com.br\/index.php\/wp-json\/wp\/v2\/media?parent=39554"}],"wp:term":[{"taxonomy":"category","embeddable":true,"href":"https:\/\/jornaltimoneiro.com.br\/index.php\/wp-json\/wp\/v2\/categories?post=39554"},{"taxonomy":"post_tag","embeddable":true,"href":"https:\/\/jornaltimoneiro.com.br\/index.php\/wp-json\/wp\/v2\/tags?post=39554"}],"curies":[{"name":"wp","href":"https:\/\/api.w.org\/{rel}","templated":true}]}}