{"id":39550,"date":"2026-03-13T13:21:43","date_gmt":"2026-03-13T16:21:43","guid":{"rendered":"https:\/\/jornaltimoneiro.com.br\/?p=39550"},"modified":"2026-03-13T13:21:43","modified_gmt":"2026-03-13T16:21:43","slug":"pesca-com-botos-e-reconhecida-como-patrimonio-cultural-do-brasil","status":"publish","type":"post","link":"https:\/\/jornaltimoneiro.com.br\/index.php\/2026\/03\/13\/pesca-com-botos-e-reconhecida-como-patrimonio-cultural-do-brasil\/","title":{"rendered":"Iphan aprova registro da pesca com botos no RS e SC como Patrim\u00f4nio Cultural do Brasil"},"content":{"rendered":"<p data-start=\"87\" data-end=\"437\">A tradicional pesca com botos, realizada no litoral do Rio Grande do Sul e de Santa Catarina, foi reconhecida como Patrim\u00f4nio Cultural do Brasil. A aprova\u00e7\u00e3o ocorreu na ter\u00e7a-feira, 11, durante a 112\u00aa reuni\u00e3o do Conselho Consultivo do Patrim\u00f4nio Cultural, \u00f3rg\u00e3o m\u00e1ximo de decis\u00e3o do Instituto do Patrim\u00f4nio Hist\u00f3rico e Art\u00edstico Nacional (Iphan).<\/p>\n<p data-start=\"439\" data-end=\"706\">Com a decis\u00e3o, a pr\u00e1tica passa a integrar o Livro dos Saberes do Iphan, que re\u00fane conhecimentos e modos de fazer transmitidos entre gera\u00e7\u00f5es. A pesca com botos \u00e9 considerada um saber tradicional que expressa a rela\u00e7\u00e3o entre pescadores artesanais e o ambiente natural.<\/p>\n<p data-start=\"708\" data-end=\"989\">A atividade acontece principalmente na foz do Rio Tramanda\u00ed, no Rio Grande do Sul, e na regi\u00e3o de Laguna, em Santa Catarina. Nesses locais, pescadores aguardam o sinal dos botos, que conduzem os cardumes em dire\u00e7\u00e3o \u00e0 margem e indicam o momento certo para lan\u00e7ar as redes.<\/p>\n<p data-start=\"991\" data-end=\"1248\">A pesca colaborativa ocorre principalmente durante o outono, entre os meses de maio, junho e julho. Nesse per\u00edodo, os pescadores se posicionam nos estu\u00e1rios e esperam os saltos e movimentos dos botos, que ajudam a concentrar os peixes e facilitam a captura.<\/p>\n<p data-start=\"1250\" data-end=\"1570\" data-is-last-node=\"\" data-is-only-node=\"\">O reconhecimento nacional destaca o valor cultural, hist\u00f3rico e ambiental da pr\u00e1tica, considerada um exemplo de coopera\u00e7\u00e3o entre seres humanos e animais. Estima-se que cerca de 330 botos-da-Lahille existam no mundo, a maioria no litoral sul do Brasil, esp\u00e9cie que atualmente est\u00e1 classificada como em perigo de extin\u00e7\u00e3o.<\/p>\n","protected":false},"excerpt":{"rendered":"<p>A tradicional pesca com botos, realizada no litoral do Rio Grande do Sul e de Santa Catarina, foi reconhecida como Patrim\u00f4nio Cultural do Brasil. A aprova\u00e7\u00e3o ocorreu na ter\u00e7a-feira, 11, durante a 112\u00aa reuni\u00e3o do Conselho Consultivo do Patrim\u00f4nio Cultural, \u00f3rg\u00e3o m\u00e1ximo de decis\u00e3o do Instituto do Patrim\u00f4nio Hist\u00f3rico e Art\u00edstico Nacional (Iphan). Com a [&hellip;]<\/p>\n","protected":false},"author":2,"featured_media":39551,"comment_status":"open","ping_status":"open","sticky":false,"template":"","format":"standard","meta":{"amp_status":"","footnotes":""},"categories":[23],"tags":[5043,31,116,190,5044],"class_list":["post-39550","post","type-post","status-publish","format-standard","has-post-thumbnail","hentry","category-geral","tag-botos","tag-canoas","tag-cultura","tag-featured","tag-pescaria"],"yoast_head":"<!-- This site is optimized with the Yoast SEO plugin v20.5 - https:\/\/yoast.com\/wordpress\/plugins\/seo\/ -->\n<title>Iphan aprova registro da pesca com botos no RS e SC como Patrim\u00f4nio Cultural do Brasil - O Timoneiro Jornal Canoas RS<\/title>\n<meta name=\"description\" content=\"Pesca com botos no litoral do Rio Grande do Sul e Santa Catarina \u00e9 reconhecida como Patrim\u00f4nio Cultural do Brasil pelo Iphan.\" \/>\n<meta name=\"robots\" content=\"index, follow, max-snippet:-1, max-image-preview:large, max-video-preview:-1\" \/>\n<link rel=\"canonical\" href=\"https:\/\/jornaltimoneiro.com.br\/index.php\/2026\/03\/13\/pesca-com-botos-e-reconhecida-como-patrimonio-cultural-do-brasil\/\" \/>\n<meta property=\"og:locale\" content=\"pt_BR\" \/>\n<meta property=\"og:type\" content=\"article\" \/>\n<meta property=\"og:title\" content=\"Iphan aprova registro da pesca com botos no RS e SC como Patrim\u00f4nio Cultural do Brasil - O Timoneiro Jornal Canoas RS\" \/>\n<meta property=\"og:description\" content=\"Pesca com botos no litoral do Rio Grande do Sul e Santa Catarina \u00e9 reconhecida como Patrim\u00f4nio Cultural do Brasil pelo Iphan.\" \/>\n<meta property=\"og:url\" content=\"https:\/\/jornaltimoneiro.com.br\/index.php\/2026\/03\/13\/pesca-com-botos-e-reconhecida-como-patrimonio-cultural-do-brasil\/\" \/>\n<meta property=\"og:site_name\" content=\"O Timoneiro Jornal Canoas RS\" \/>\n<meta property=\"article:publisher\" content=\"https:\/\/www.facebook.com\/jornaltimoneiro\" \/>\n<meta property=\"article:published_time\" content=\"2026-03-13T16:21:43+00:00\" \/>\n<meta property=\"og:image\" content=\"https:\/\/jornaltimoneiro.com.br\/wp-content\/uploads\/2026\/03\/726a136c-da11-47ad-a7f6-a7aed0e26571.jpeg\" \/>\n\t<meta property=\"og:image:width\" content=\"768\" \/>\n\t<meta property=\"og:image:height\" content=\"333\" \/>\n\t<meta property=\"og:image:type\" content=\"image\/jpeg\" \/>\n<meta name=\"author\" content=\"Reda\u00e7\u00e3o\" \/>\n<meta name=\"twitter:card\" content=\"summary_large_image\" \/>\n<meta name=\"twitter:creator\" content=\"@_OTimoneiro\" \/>\n<meta name=\"twitter:site\" content=\"@_OTimoneiro\" \/>\n<meta name=\"twitter:label1\" content=\"Escrito por\" \/>\n\t<meta name=\"twitter:data1\" content=\"Reda\u00e7\u00e3o\" \/>\n\t<meta name=\"twitter:label2\" content=\"Est. tempo de leitura\" \/>\n\t<meta name=\"twitter:data2\" content=\"2 minutos\" \/>\n<script type=\"application\/ld+json\" class=\"yoast-schema-graph\">{\"@context\":\"https:\/\/schema.org\",\"@graph\":[{\"@type\":\"Article\",\"@id\":\"https:\/\/jornaltimoneiro.com.br\/index.php\/2026\/03\/13\/pesca-com-botos-e-reconhecida-como-patrimonio-cultural-do-brasil\/#article\",\"isPartOf\":{\"@id\":\"https:\/\/jornaltimoneiro.com.br\/index.php\/2026\/03\/13\/pesca-com-botos-e-reconhecida-como-patrimonio-cultural-do-brasil\/\"},\"author\":{\"name\":\"Reda\u00e7\u00e3o\",\"@id\":\"https:\/\/jornaltimoneiro.com.br\/#\/schema\/person\/f63482f1a02b1a9592707865e509ab40\"},\"headline\":\"Iphan aprova registro da pesca com botos no RS e SC como Patrim\u00f4nio Cultural do Brasil\",\"datePublished\":\"2026-03-13T16:21:43+00:00\",\"dateModified\":\"2026-03-13T16:21:43+00:00\",\"mainEntityOfPage\":{\"@id\":\"https:\/\/jornaltimoneiro.com.br\/index.php\/2026\/03\/13\/pesca-com-botos-e-reconhecida-como-patrimonio-cultural-do-brasil\/\"},\"wordCount\":272,\"commentCount\":0,\"publisher\":{\"@id\":\"https:\/\/jornaltimoneiro.com.br\/#organization\"},\"keywords\":[\"botos\",\"canoas\",\"cultura\",\"featured\",\"pescaria\"],\"articleSection\":[\"Geral\"],\"inLanguage\":\"pt-BR\",\"potentialAction\":[{\"@type\":\"CommentAction\",\"name\":\"Comment\",\"target\":[\"https:\/\/jornaltimoneiro.com.br\/index.php\/2026\/03\/13\/pesca-com-botos-e-reconhecida-como-patrimonio-cultural-do-brasil\/#respond\"]}]},{\"@type\":\"WebPage\",\"@id\":\"https:\/\/jornaltimoneiro.com.br\/index.php\/2026\/03\/13\/pesca-com-botos-e-reconhecida-como-patrimonio-cultural-do-brasil\/\",\"url\":\"https:\/\/jornaltimoneiro.com.br\/index.php\/2026\/03\/13\/pesca-com-botos-e-reconhecida-como-patrimonio-cultural-do-brasil\/\",\"name\":\"Iphan aprova registro da pesca com botos no RS e SC como Patrim\u00f4nio Cultural do Brasil - O Timoneiro Jornal Canoas RS\",\"isPartOf\":{\"@id\":\"https:\/\/jornaltimoneiro.com.br\/#website\"},\"datePublished\":\"2026-03-13T16:21:43+00:00\",\"dateModified\":\"2026-03-13T16:21:43+00:00\",\"description\":\"Pesca com botos no litoral do Rio Grande do Sul e Santa Catarina \u00e9 reconhecida como Patrim\u00f4nio Cultural do Brasil pelo Iphan.\",\"breadcrumb\":{\"@id\":\"https:\/\/jornaltimoneiro.com.br\/index.php\/2026\/03\/13\/pesca-com-botos-e-reconhecida-como-patrimonio-cultural-do-brasil\/#breadcrumb\"},\"inLanguage\":\"pt-BR\",\"potentialAction\":[{\"@type\":\"ReadAction\",\"target\":[\"https:\/\/jornaltimoneiro.com.br\/index.php\/2026\/03\/13\/pesca-com-botos-e-reconhecida-como-patrimonio-cultural-do-brasil\/\"]}]},{\"@type\":\"BreadcrumbList\",\"@id\":\"https:\/\/jornaltimoneiro.com.br\/index.php\/2026\/03\/13\/pesca-com-botos-e-reconhecida-como-patrimonio-cultural-do-brasil\/#breadcrumb\",\"itemListElement\":[{\"@type\":\"ListItem\",\"position\":1,\"name\":\"In\u00edcio\",\"item\":\"https:\/\/jornaltimoneiro.com.br\/\"},{\"@type\":\"ListItem\",\"position\":2,\"name\":\"Iphan aprova registro da pesca com botos no RS e SC como Patrim\u00f4nio Cultural do Brasil\"}]},{\"@type\":\"WebSite\",\"@id\":\"https:\/\/jornaltimoneiro.com.br\/#website\",\"url\":\"https:\/\/jornaltimoneiro.com.br\/\",\"name\":\"Jornal Timoneiro Canoas RS\",\"description\":\"Jornal O Timoneiro, o verdadeiro jornal de Canoas\",\"publisher\":{\"@id\":\"https:\/\/jornaltimoneiro.com.br\/#organization\"},\"potentialAction\":[{\"@type\":\"SearchAction\",\"target\":{\"@type\":\"EntryPoint\",\"urlTemplate\":\"https:\/\/jornaltimoneiro.com.br\/?s={search_term_string}\"},\"query-input\":\"required name=search_term_string\"}],\"inLanguage\":\"pt-BR\"},{\"@type\":\"Organization\",\"@id\":\"https:\/\/jornaltimoneiro.com.br\/#organization\",\"name\":\"Jornal Timoneiro Canoas RS\",\"url\":\"https:\/\/jornaltimoneiro.com.br\/\",\"logo\":{\"@type\":\"ImageObject\",\"inLanguage\":\"pt-BR\",\"@id\":\"https:\/\/jornaltimoneiro.com.br\/#\/schema\/logo\/image\/\",\"url\":\"https:\/\/jornaltimoneiro.com.br\/wp-content\/uploads\/2023\/03\/logonovo.png\",\"contentUrl\":\"https:\/\/jornaltimoneiro.com.br\/wp-content\/uploads\/2023\/03\/logonovo.png\",\"width\":\"469\",\"height\":\"171\",\"caption\":\"Jornal Timoneiro Canoas RS\"},\"image\":{\"@id\":\"https:\/\/jornaltimoneiro.com.br\/#\/schema\/logo\/image\/\"},\"sameAs\":[\"https:\/\/www.facebook.com\/jornaltimoneiro\",\"https:\/\/twitter.com\/_OTimoneiro\",\"https:\/\/www.instagram.com\/jornaltimoneirocanoas\/\",\"https:\/\/www.youtube.com\/@jornalotimoneiro7927\"]},{\"@type\":\"Person\",\"@id\":\"https:\/\/jornaltimoneiro.com.br\/#\/schema\/person\/f63482f1a02b1a9592707865e509ab40\",\"name\":\"Reda\u00e7\u00e3o\",\"image\":{\"@type\":\"ImageObject\",\"inLanguage\":\"pt-BR\",\"@id\":\"https:\/\/jornaltimoneiro.com.br\/#\/schema\/person\/image\/\",\"url\":\"https:\/\/jornaltimoneiro.com.br\/wp-content\/uploads\/2023\/03\/download.jpeg\",\"contentUrl\":\"https:\/\/jornaltimoneiro.com.br\/wp-content\/uploads\/2023\/03\/download.jpeg\",\"caption\":\"Reda\u00e7\u00e3o\"},\"url\":\"https:\/\/jornaltimoneiro.com.br\/index.php\/author\/simone-dutra\/\"}]}<\/script>\n<!-- \/ Yoast SEO plugin. -->","yoast_head_json":{"title":"Iphan aprova registro da pesca com botos no RS e SC como Patrim\u00f4nio Cultural do Brasil - O Timoneiro Jornal Canoas RS","description":"Pesca com botos no litoral do Rio Grande do Sul e Santa Catarina \u00e9 reconhecida como Patrim\u00f4nio Cultural do Brasil pelo Iphan.","robots":{"index":"index","follow":"follow","max-snippet":"max-snippet:-1","max-image-preview":"max-image-preview:large","max-video-preview":"max-video-preview:-1"},"canonical":"https:\/\/jornaltimoneiro.com.br\/index.php\/2026\/03\/13\/pesca-com-botos-e-reconhecida-como-patrimonio-cultural-do-brasil\/","og_locale":"pt_BR","og_type":"article","og_title":"Iphan aprova registro da pesca com botos no RS e SC como Patrim\u00f4nio Cultural do Brasil - O Timoneiro Jornal Canoas RS","og_description":"Pesca com botos no litoral do Rio Grande do Sul e Santa Catarina \u00e9 reconhecida como Patrim\u00f4nio Cultural do Brasil pelo Iphan.","og_url":"https:\/\/jornaltimoneiro.com.br\/index.php\/2026\/03\/13\/pesca-com-botos-e-reconhecida-como-patrimonio-cultural-do-brasil\/","og_site_name":"O Timoneiro Jornal Canoas RS","article_publisher":"https:\/\/www.facebook.com\/jornaltimoneiro","article_published_time":"2026-03-13T16:21:43+00:00","og_image":[{"width":"768","height":"333","url":"https:\/\/jornaltimoneiro.com.br\/wp-content\/uploads\/2026\/03\/726a136c-da11-47ad-a7f6-a7aed0e26571.jpeg","type":"image\/jpeg"}],"author":"Reda\u00e7\u00e3o","twitter_card":"summary_large_image","twitter_creator":"@_OTimoneiro","twitter_site":"@_OTimoneiro","twitter_misc":{"Escrito por":"Reda\u00e7\u00e3o","Est. tempo de leitura":"2 minutos"},"schema":{"@context":"https:\/\/schema.org","@graph":[{"@type":"Article","@id":"https:\/\/jornaltimoneiro.com.br\/index.php\/2026\/03\/13\/pesca-com-botos-e-reconhecida-como-patrimonio-cultural-do-brasil\/#article","isPartOf":{"@id":"https:\/\/jornaltimoneiro.com.br\/index.php\/2026\/03\/13\/pesca-com-botos-e-reconhecida-como-patrimonio-cultural-do-brasil\/"},"author":{"name":"Reda\u00e7\u00e3o","@id":"https:\/\/jornaltimoneiro.com.br\/#\/schema\/person\/f63482f1a02b1a9592707865e509ab40"},"headline":"Iphan aprova registro da pesca com botos no RS e SC como Patrim\u00f4nio Cultural do Brasil","datePublished":"2026-03-13T16:21:43+00:00","dateModified":"2026-03-13T16:21:43+00:00","mainEntityOfPage":{"@id":"https:\/\/jornaltimoneiro.com.br\/index.php\/2026\/03\/13\/pesca-com-botos-e-reconhecida-como-patrimonio-cultural-do-brasil\/"},"wordCount":272,"commentCount":0,"publisher":{"@id":"https:\/\/jornaltimoneiro.com.br\/#organization"},"keywords":["botos","canoas","cultura","featured","pescaria"],"articleSection":["Geral"],"inLanguage":"pt-BR","potentialAction":[{"@type":"CommentAction","name":"Comment","target":["https:\/\/jornaltimoneiro.com.br\/index.php\/2026\/03\/13\/pesca-com-botos-e-reconhecida-como-patrimonio-cultural-do-brasil\/#respond"]}]},{"@type":"WebPage","@id":"https:\/\/jornaltimoneiro.com.br\/index.php\/2026\/03\/13\/pesca-com-botos-e-reconhecida-como-patrimonio-cultural-do-brasil\/","url":"https:\/\/jornaltimoneiro.com.br\/index.php\/2026\/03\/13\/pesca-com-botos-e-reconhecida-como-patrimonio-cultural-do-brasil\/","name":"Iphan aprova registro da pesca com botos no RS e SC como Patrim\u00f4nio Cultural do Brasil - O Timoneiro Jornal Canoas RS","isPartOf":{"@id":"https:\/\/jornaltimoneiro.com.br\/#website"},"datePublished":"2026-03-13T16:21:43+00:00","dateModified":"2026-03-13T16:21:43+00:00","description":"Pesca com botos no litoral do Rio Grande do Sul e Santa Catarina \u00e9 reconhecida como Patrim\u00f4nio Cultural do Brasil pelo Iphan.","breadcrumb":{"@id":"https:\/\/jornaltimoneiro.com.br\/index.php\/2026\/03\/13\/pesca-com-botos-e-reconhecida-como-patrimonio-cultural-do-brasil\/#breadcrumb"},"inLanguage":"pt-BR","potentialAction":[{"@type":"ReadAction","target":["https:\/\/jornaltimoneiro.com.br\/index.php\/2026\/03\/13\/pesca-com-botos-e-reconhecida-como-patrimonio-cultural-do-brasil\/"]}]},{"@type":"BreadcrumbList","@id":"https:\/\/jornaltimoneiro.com.br\/index.php\/2026\/03\/13\/pesca-com-botos-e-reconhecida-como-patrimonio-cultural-do-brasil\/#breadcrumb","itemListElement":[{"@type":"ListItem","position":1,"name":"In\u00edcio","item":"https:\/\/jornaltimoneiro.com.br\/"},{"@type":"ListItem","position":2,"name":"Iphan aprova registro da pesca com botos no RS e SC como Patrim\u00f4nio Cultural do Brasil"}]},{"@type":"WebSite","@id":"https:\/\/jornaltimoneiro.com.br\/#website","url":"https:\/\/jornaltimoneiro.com.br\/","name":"Jornal Timoneiro Canoas RS","description":"Jornal O Timoneiro, o verdadeiro jornal de Canoas","publisher":{"@id":"https:\/\/jornaltimoneiro.com.br\/#organization"},"potentialAction":[{"@type":"SearchAction","target":{"@type":"EntryPoint","urlTemplate":"https:\/\/jornaltimoneiro.com.br\/?s={search_term_string}"},"query-input":"required name=search_term_string"}],"inLanguage":"pt-BR"},{"@type":"Organization","@id":"https:\/\/jornaltimoneiro.com.br\/#organization","name":"Jornal Timoneiro Canoas RS","url":"https:\/\/jornaltimoneiro.com.br\/","logo":{"@type":"ImageObject","inLanguage":"pt-BR","@id":"https:\/\/jornaltimoneiro.com.br\/#\/schema\/logo\/image\/","url":"https:\/\/jornaltimoneiro.com.br\/wp-content\/uploads\/2023\/03\/logonovo.png","contentUrl":"https:\/\/jornaltimoneiro.com.br\/wp-content\/uploads\/2023\/03\/logonovo.png","width":"469","height":"171","caption":"Jornal Timoneiro Canoas RS"},"image":{"@id":"https:\/\/jornaltimoneiro.com.br\/#\/schema\/logo\/image\/"},"sameAs":["https:\/\/www.facebook.com\/jornaltimoneiro","https:\/\/twitter.com\/_OTimoneiro","https:\/\/www.instagram.com\/jornaltimoneirocanoas\/","https:\/\/www.youtube.com\/@jornalotimoneiro7927"]},{"@type":"Person","@id":"https:\/\/jornaltimoneiro.com.br\/#\/schema\/person\/f63482f1a02b1a9592707865e509ab40","name":"Reda\u00e7\u00e3o","image":{"@type":"ImageObject","inLanguage":"pt-BR","@id":"https:\/\/jornaltimoneiro.com.br\/#\/schema\/person\/image\/","url":"https:\/\/jornaltimoneiro.com.br\/wp-content\/uploads\/2023\/03\/download.jpeg","contentUrl":"https:\/\/jornaltimoneiro.com.br\/wp-content\/uploads\/2023\/03\/download.jpeg","caption":"Reda\u00e7\u00e3o"},"url":"https:\/\/jornaltimoneiro.com.br\/index.php\/author\/simone-dutra\/"}]}},"_links":{"self":[{"href":"https:\/\/jornaltimoneiro.com.br\/index.php\/wp-json\/wp\/v2\/posts\/39550"}],"collection":[{"href":"https:\/\/jornaltimoneiro.com.br\/index.php\/wp-json\/wp\/v2\/posts"}],"about":[{"href":"https:\/\/jornaltimoneiro.com.br\/index.php\/wp-json\/wp\/v2\/types\/post"}],"author":[{"embeddable":true,"href":"https:\/\/jornaltimoneiro.com.br\/index.php\/wp-json\/wp\/v2\/users\/2"}],"replies":[{"embeddable":true,"href":"https:\/\/jornaltimoneiro.com.br\/index.php\/wp-json\/wp\/v2\/comments?post=39550"}],"version-history":[{"count":1,"href":"https:\/\/jornaltimoneiro.com.br\/index.php\/wp-json\/wp\/v2\/posts\/39550\/revisions"}],"predecessor-version":[{"id":39552,"href":"https:\/\/jornaltimoneiro.com.br\/index.php\/wp-json\/wp\/v2\/posts\/39550\/revisions\/39552"}],"wp:featuredmedia":[{"embeddable":true,"href":"https:\/\/jornaltimoneiro.com.br\/index.php\/wp-json\/wp\/v2\/media\/39551"}],"wp:attachment":[{"href":"https:\/\/jornaltimoneiro.com.br\/index.php\/wp-json\/wp\/v2\/media?parent=39550"}],"wp:term":[{"taxonomy":"category","embeddable":true,"href":"https:\/\/jornaltimoneiro.com.br\/index.php\/wp-json\/wp\/v2\/categories?post=39550"},{"taxonomy":"post_tag","embeddable":true,"href":"https:\/\/jornaltimoneiro.com.br\/index.php\/wp-json\/wp\/v2\/tags?post=39550"}],"curies":[{"name":"wp","href":"https:\/\/api.w.org\/{rel}","templated":true}]}}