{"id":39542,"date":"2026-03-13T10:31:54","date_gmt":"2026-03-13T13:31:54","guid":{"rendered":"https:\/\/jornaltimoneiro.com.br\/?p=39542"},"modified":"2026-03-13T10:31:54","modified_gmt":"2026-03-13T13:31:54","slug":"startup-day-canoas-palestra-captacao-recursos-inovacao","status":"publish","type":"post","link":"https:\/\/jornaltimoneiro.com.br\/index.php\/2026\/03\/13\/startup-day-canoas-palestra-captacao-recursos-inovacao\/","title":{"rendered":"Canoas recebe a 12\u00aa edi\u00e7\u00e3o do Startup Day com palestras sobre inova\u00e7\u00e3o e empreendedorismo"},"content":{"rendered":"<p>Empreendedores, estudantes e interessados em inova\u00e7\u00e3o ter\u00e3o a oportunidade de participar da 12\u00aa edi\u00e7\u00e3o do Startup Day, que acontece no dia 21 de mar\u00e7o, em Canoas. O evento, promovido pelo Sebrae Startups em parceria com o ecossistema de inova\u00e7\u00e3o, ser\u00e1 realizado simultaneamente em diversas cidades brasileiras, com atividades voltadas ao incentivo do empreendedorismo e ao compartilhamento de conhecimento.<\/p>\n<p>Na programa\u00e7\u00e3o local, o p\u00fablico poder\u00e1 acompanhar a palestra \u201cAprenda a captar recursos para seu projeto inovador\u201d, ministrada por Yuri Ribeiro, especialista da Inova-RS. Durante o encontro, ser\u00e3o apresentados caminhos e estrat\u00e9gias para transformar ideias inovadoras em projetos vi\u00e1veis, al\u00e9m de orienta\u00e7\u00f5es sobre como buscar financiamento para impulsionar novos neg\u00f3cios.<\/p>\n<p>A atividade ser\u00e1 realizada no LaSalle Tech, Shared Business Coworking, localizado no pr\u00e9dio 15 da Universidade La Salle, na Rua XV de Janeiro, 423, no Centro. A programa\u00e7\u00e3o inicia \u00e0s 8h30, com recep\u00e7\u00e3o e coffee break. A palestra tem dura\u00e7\u00e3o aproximada de duas horas.<\/p>\n<p>O encontro tamb\u00e9m marcar\u00e1 o lan\u00e7amento da logomarca do Ecossistema de Inova\u00e7\u00e3o Inova Canoas, iniciativa que re\u00fane institui\u00e7\u00f5es, empresas e poder p\u00fablico com o objetivo de fortalecer o ambiente de inova\u00e7\u00e3o no munic\u00edpio.<\/p>\n<p>O Startup Day busca promover a troca de experi\u00eancias, ampliar conex\u00f5es entre empreendedores e apresentar iniciativas que contribuem para o desenvolvimento de startups e projetos inovadores.<\/p>\n<p>As inscri\u00e7\u00f5es s\u00e3o gratuitas e podem ser feitas at\u00e9 o dia 21 de mar\u00e7o por meio de link:\u00a0<a href=\"https:\/\/www.sympla.com.br\/evento\/startup-day-2026\u2014canoas\/3332085\">AQUI<\/a><\/p>\n","protected":false},"excerpt":{"rendered":"<p>Empreendedores, estudantes e interessados em inova\u00e7\u00e3o ter\u00e3o a oportunidade de participar da 12\u00aa edi\u00e7\u00e3o do Startup Day, que acontece no dia 21 de mar\u00e7o, em Canoas. O evento, promovido pelo Sebrae Startups em parceria com o ecossistema de inova\u00e7\u00e3o, ser\u00e1 realizado simultaneamente em diversas cidades brasileiras, com atividades voltadas ao incentivo do empreendedorismo e ao [&hellip;]<\/p>\n","protected":false},"author":2,"featured_media":39543,"comment_status":"open","ping_status":"open","sticky":false,"template":"","format":"standard","meta":{"amp_status":"","footnotes":""},"categories":[4958],"tags":[31,3667,190,4518],"class_list":["post-39542","post","type-post","status-publish","format-standard","has-post-thumbnail","hentry","category-desenvolvimento","tag-canoas","tag-desenvolvimento-economico","tag-featured","tag-startup"],"yoast_head":"<!-- This site is optimized with the Yoast SEO plugin v20.5 - https:\/\/yoast.com\/wordpress\/plugins\/seo\/ -->\n<title>Canoas recebe a 12\u00aa edi\u00e7\u00e3o do Startup Day com palestras sobre inova\u00e7\u00e3o e empreendedorismo - O Timoneiro Jornal Canoas RS<\/title>\n<meta name=\"description\" content=\"Startup Day ser\u00e1 realizado em 21 de mar\u00e7o, em Canoas, com palestra sobre capta\u00e7\u00e3o de recursos para projetos inovadores e lan\u00e7amento da marca do ecossistema Inova Canoas.\" \/>\n<meta name=\"robots\" content=\"index, follow, max-snippet:-1, max-image-preview:large, max-video-preview:-1\" \/>\n<link rel=\"canonical\" href=\"https:\/\/jornaltimoneiro.com.br\/index.php\/2026\/03\/13\/startup-day-canoas-palestra-captacao-recursos-inovacao\/\" \/>\n<meta property=\"og:locale\" content=\"pt_BR\" \/>\n<meta property=\"og:type\" content=\"article\" \/>\n<meta property=\"og:title\" content=\"Canoas recebe a 12\u00aa edi\u00e7\u00e3o do Startup Day com palestras sobre inova\u00e7\u00e3o e empreendedorismo - O Timoneiro Jornal Canoas RS\" \/>\n<meta property=\"og:description\" content=\"Startup Day ser\u00e1 realizado em 21 de mar\u00e7o, em Canoas, com palestra sobre capta\u00e7\u00e3o de recursos para projetos inovadores e lan\u00e7amento da marca do ecossistema Inova Canoas.\" \/>\n<meta property=\"og:url\" content=\"https:\/\/jornaltimoneiro.com.br\/index.php\/2026\/03\/13\/startup-day-canoas-palestra-captacao-recursos-inovacao\/\" \/>\n<meta property=\"og:site_name\" content=\"O Timoneiro Jornal Canoas RS\" \/>\n<meta property=\"article:publisher\" content=\"https:\/\/www.facebook.com\/jornaltimoneiro\" \/>\n<meta property=\"article:published_time\" content=\"2026-03-13T13:31:54+00:00\" \/>\n<meta property=\"og:image\" content=\"https:\/\/jornaltimoneiro.com.br\/wp-content\/uploads\/2026\/03\/28-01-26-CARAVANA-DE-EMPREGOS-BRUNO-OURIQUE-13-scaled-1.jpg\" \/>\n\t<meta property=\"og:image:width\" content=\"2560\" \/>\n\t<meta property=\"og:image:height\" content=\"1707\" \/>\n\t<meta property=\"og:image:type\" content=\"image\/jpeg\" \/>\n<meta name=\"author\" content=\"Reda\u00e7\u00e3o\" \/>\n<meta name=\"twitter:card\" content=\"summary_large_image\" \/>\n<meta name=\"twitter:creator\" content=\"@_OTimoneiro\" \/>\n<meta name=\"twitter:site\" content=\"@_OTimoneiro\" \/>\n<meta name=\"twitter:label1\" content=\"Escrito por\" \/>\n\t<meta name=\"twitter:data1\" content=\"Reda\u00e7\u00e3o\" \/>\n\t<meta name=\"twitter:label2\" content=\"Est. tempo de leitura\" \/>\n\t<meta name=\"twitter:data2\" content=\"2 minutos\" \/>\n<script type=\"application\/ld+json\" class=\"yoast-schema-graph\">{\"@context\":\"https:\/\/schema.org\",\"@graph\":[{\"@type\":\"Article\",\"@id\":\"https:\/\/jornaltimoneiro.com.br\/index.php\/2026\/03\/13\/startup-day-canoas-palestra-captacao-recursos-inovacao\/#article\",\"isPartOf\":{\"@id\":\"https:\/\/jornaltimoneiro.com.br\/index.php\/2026\/03\/13\/startup-day-canoas-palestra-captacao-recursos-inovacao\/\"},\"author\":{\"name\":\"Reda\u00e7\u00e3o\",\"@id\":\"https:\/\/jornaltimoneiro.com.br\/#\/schema\/person\/f63482f1a02b1a9592707865e509ab40\"},\"headline\":\"Canoas recebe a 12\u00aa edi\u00e7\u00e3o do Startup Day com palestras sobre inova\u00e7\u00e3o e empreendedorismo\",\"datePublished\":\"2026-03-13T13:31:54+00:00\",\"dateModified\":\"2026-03-13T13:31:54+00:00\",\"mainEntityOfPage\":{\"@id\":\"https:\/\/jornaltimoneiro.com.br\/index.php\/2026\/03\/13\/startup-day-canoas-palestra-captacao-recursos-inovacao\/\"},\"wordCount\":270,\"commentCount\":0,\"publisher\":{\"@id\":\"https:\/\/jornaltimoneiro.com.br\/#organization\"},\"keywords\":[\"canoas\",\"desenvolvimento econ\u00f4mico\",\"featured\",\"startup\"],\"articleSection\":[\"Desenvolvimento\"],\"inLanguage\":\"pt-BR\",\"potentialAction\":[{\"@type\":\"CommentAction\",\"name\":\"Comment\",\"target\":[\"https:\/\/jornaltimoneiro.com.br\/index.php\/2026\/03\/13\/startup-day-canoas-palestra-captacao-recursos-inovacao\/#respond\"]}]},{\"@type\":\"WebPage\",\"@id\":\"https:\/\/jornaltimoneiro.com.br\/index.php\/2026\/03\/13\/startup-day-canoas-palestra-captacao-recursos-inovacao\/\",\"url\":\"https:\/\/jornaltimoneiro.com.br\/index.php\/2026\/03\/13\/startup-day-canoas-palestra-captacao-recursos-inovacao\/\",\"name\":\"Canoas recebe a 12\u00aa edi\u00e7\u00e3o do Startup Day com palestras sobre inova\u00e7\u00e3o e empreendedorismo - O Timoneiro Jornal Canoas RS\",\"isPartOf\":{\"@id\":\"https:\/\/jornaltimoneiro.com.br\/#website\"},\"datePublished\":\"2026-03-13T13:31:54+00:00\",\"dateModified\":\"2026-03-13T13:31:54+00:00\",\"description\":\"Startup Day ser\u00e1 realizado em 21 de mar\u00e7o, em Canoas, com palestra sobre capta\u00e7\u00e3o de recursos para projetos inovadores e lan\u00e7amento da marca do ecossistema Inova Canoas.\",\"breadcrumb\":{\"@id\":\"https:\/\/jornaltimoneiro.com.br\/index.php\/2026\/03\/13\/startup-day-canoas-palestra-captacao-recursos-inovacao\/#breadcrumb\"},\"inLanguage\":\"pt-BR\",\"potentialAction\":[{\"@type\":\"ReadAction\",\"target\":[\"https:\/\/jornaltimoneiro.com.br\/index.php\/2026\/03\/13\/startup-day-canoas-palestra-captacao-recursos-inovacao\/\"]}]},{\"@type\":\"BreadcrumbList\",\"@id\":\"https:\/\/jornaltimoneiro.com.br\/index.php\/2026\/03\/13\/startup-day-canoas-palestra-captacao-recursos-inovacao\/#breadcrumb\",\"itemListElement\":[{\"@type\":\"ListItem\",\"position\":1,\"name\":\"In\u00edcio\",\"item\":\"https:\/\/jornaltimoneiro.com.br\/\"},{\"@type\":\"ListItem\",\"position\":2,\"name\":\"Canoas recebe a 12\u00aa edi\u00e7\u00e3o do Startup Day com palestras sobre inova\u00e7\u00e3o e empreendedorismo\"}]},{\"@type\":\"WebSite\",\"@id\":\"https:\/\/jornaltimoneiro.com.br\/#website\",\"url\":\"https:\/\/jornaltimoneiro.com.br\/\",\"name\":\"Jornal Timoneiro Canoas RS\",\"description\":\"Jornal O Timoneiro, o verdadeiro jornal de Canoas\",\"publisher\":{\"@id\":\"https:\/\/jornaltimoneiro.com.br\/#organization\"},\"potentialAction\":[{\"@type\":\"SearchAction\",\"target\":{\"@type\":\"EntryPoint\",\"urlTemplate\":\"https:\/\/jornaltimoneiro.com.br\/?s={search_term_string}\"},\"query-input\":\"required name=search_term_string\"}],\"inLanguage\":\"pt-BR\"},{\"@type\":\"Organization\",\"@id\":\"https:\/\/jornaltimoneiro.com.br\/#organization\",\"name\":\"Jornal Timoneiro Canoas RS\",\"url\":\"https:\/\/jornaltimoneiro.com.br\/\",\"logo\":{\"@type\":\"ImageObject\",\"inLanguage\":\"pt-BR\",\"@id\":\"https:\/\/jornaltimoneiro.com.br\/#\/schema\/logo\/image\/\",\"url\":\"https:\/\/jornaltimoneiro.com.br\/wp-content\/uploads\/2023\/03\/logonovo.png\",\"contentUrl\":\"https:\/\/jornaltimoneiro.com.br\/wp-content\/uploads\/2023\/03\/logonovo.png\",\"width\":\"469\",\"height\":\"171\",\"caption\":\"Jornal Timoneiro Canoas RS\"},\"image\":{\"@id\":\"https:\/\/jornaltimoneiro.com.br\/#\/schema\/logo\/image\/\"},\"sameAs\":[\"https:\/\/www.facebook.com\/jornaltimoneiro\",\"https:\/\/twitter.com\/_OTimoneiro\",\"https:\/\/www.instagram.com\/jornaltimoneirocanoas\/\",\"https:\/\/www.youtube.com\/@jornalotimoneiro7927\"]},{\"@type\":\"Person\",\"@id\":\"https:\/\/jornaltimoneiro.com.br\/#\/schema\/person\/f63482f1a02b1a9592707865e509ab40\",\"name\":\"Reda\u00e7\u00e3o\",\"image\":{\"@type\":\"ImageObject\",\"inLanguage\":\"pt-BR\",\"@id\":\"https:\/\/jornaltimoneiro.com.br\/#\/schema\/person\/image\/\",\"url\":\"https:\/\/jornaltimoneiro.com.br\/wp-content\/uploads\/2023\/03\/download.jpeg\",\"contentUrl\":\"https:\/\/jornaltimoneiro.com.br\/wp-content\/uploads\/2023\/03\/download.jpeg\",\"caption\":\"Reda\u00e7\u00e3o\"},\"url\":\"https:\/\/jornaltimoneiro.com.br\/index.php\/author\/simone-dutra\/\"}]}<\/script>\n<!-- \/ Yoast SEO plugin. -->","yoast_head_json":{"title":"Canoas recebe a 12\u00aa edi\u00e7\u00e3o do Startup Day com palestras sobre inova\u00e7\u00e3o e empreendedorismo - O Timoneiro Jornal Canoas RS","description":"Startup Day ser\u00e1 realizado em 21 de mar\u00e7o, em Canoas, com palestra sobre capta\u00e7\u00e3o de recursos para projetos inovadores e lan\u00e7amento da marca do ecossistema Inova Canoas.","robots":{"index":"index","follow":"follow","max-snippet":"max-snippet:-1","max-image-preview":"max-image-preview:large","max-video-preview":"max-video-preview:-1"},"canonical":"https:\/\/jornaltimoneiro.com.br\/index.php\/2026\/03\/13\/startup-day-canoas-palestra-captacao-recursos-inovacao\/","og_locale":"pt_BR","og_type":"article","og_title":"Canoas recebe a 12\u00aa edi\u00e7\u00e3o do Startup Day com palestras sobre inova\u00e7\u00e3o e empreendedorismo - O Timoneiro Jornal Canoas RS","og_description":"Startup Day ser\u00e1 realizado em 21 de mar\u00e7o, em Canoas, com palestra sobre capta\u00e7\u00e3o de recursos para projetos inovadores e lan\u00e7amento da marca do ecossistema Inova Canoas.","og_url":"https:\/\/jornaltimoneiro.com.br\/index.php\/2026\/03\/13\/startup-day-canoas-palestra-captacao-recursos-inovacao\/","og_site_name":"O Timoneiro Jornal Canoas RS","article_publisher":"https:\/\/www.facebook.com\/jornaltimoneiro","article_published_time":"2026-03-13T13:31:54+00:00","og_image":[{"width":"2560","height":"1707","url":"https:\/\/jornaltimoneiro.com.br\/wp-content\/uploads\/2026\/03\/28-01-26-CARAVANA-DE-EMPREGOS-BRUNO-OURIQUE-13-scaled-1.jpg","type":"image\/jpeg"}],"author":"Reda\u00e7\u00e3o","twitter_card":"summary_large_image","twitter_creator":"@_OTimoneiro","twitter_site":"@_OTimoneiro","twitter_misc":{"Escrito por":"Reda\u00e7\u00e3o","Est. tempo de leitura":"2 minutos"},"schema":{"@context":"https:\/\/schema.org","@graph":[{"@type":"Article","@id":"https:\/\/jornaltimoneiro.com.br\/index.php\/2026\/03\/13\/startup-day-canoas-palestra-captacao-recursos-inovacao\/#article","isPartOf":{"@id":"https:\/\/jornaltimoneiro.com.br\/index.php\/2026\/03\/13\/startup-day-canoas-palestra-captacao-recursos-inovacao\/"},"author":{"name":"Reda\u00e7\u00e3o","@id":"https:\/\/jornaltimoneiro.com.br\/#\/schema\/person\/f63482f1a02b1a9592707865e509ab40"},"headline":"Canoas recebe a 12\u00aa edi\u00e7\u00e3o do Startup Day com palestras sobre inova\u00e7\u00e3o e empreendedorismo","datePublished":"2026-03-13T13:31:54+00:00","dateModified":"2026-03-13T13:31:54+00:00","mainEntityOfPage":{"@id":"https:\/\/jornaltimoneiro.com.br\/index.php\/2026\/03\/13\/startup-day-canoas-palestra-captacao-recursos-inovacao\/"},"wordCount":270,"commentCount":0,"publisher":{"@id":"https:\/\/jornaltimoneiro.com.br\/#organization"},"keywords":["canoas","desenvolvimento econ\u00f4mico","featured","startup"],"articleSection":["Desenvolvimento"],"inLanguage":"pt-BR","potentialAction":[{"@type":"CommentAction","name":"Comment","target":["https:\/\/jornaltimoneiro.com.br\/index.php\/2026\/03\/13\/startup-day-canoas-palestra-captacao-recursos-inovacao\/#respond"]}]},{"@type":"WebPage","@id":"https:\/\/jornaltimoneiro.com.br\/index.php\/2026\/03\/13\/startup-day-canoas-palestra-captacao-recursos-inovacao\/","url":"https:\/\/jornaltimoneiro.com.br\/index.php\/2026\/03\/13\/startup-day-canoas-palestra-captacao-recursos-inovacao\/","name":"Canoas recebe a 12\u00aa edi\u00e7\u00e3o do Startup Day com palestras sobre inova\u00e7\u00e3o e empreendedorismo - O Timoneiro Jornal Canoas RS","isPartOf":{"@id":"https:\/\/jornaltimoneiro.com.br\/#website"},"datePublished":"2026-03-13T13:31:54+00:00","dateModified":"2026-03-13T13:31:54+00:00","description":"Startup Day ser\u00e1 realizado em 21 de mar\u00e7o, em Canoas, com palestra sobre capta\u00e7\u00e3o de recursos para projetos inovadores e lan\u00e7amento da marca do ecossistema Inova Canoas.","breadcrumb":{"@id":"https:\/\/jornaltimoneiro.com.br\/index.php\/2026\/03\/13\/startup-day-canoas-palestra-captacao-recursos-inovacao\/#breadcrumb"},"inLanguage":"pt-BR","potentialAction":[{"@type":"ReadAction","target":["https:\/\/jornaltimoneiro.com.br\/index.php\/2026\/03\/13\/startup-day-canoas-palestra-captacao-recursos-inovacao\/"]}]},{"@type":"BreadcrumbList","@id":"https:\/\/jornaltimoneiro.com.br\/index.php\/2026\/03\/13\/startup-day-canoas-palestra-captacao-recursos-inovacao\/#breadcrumb","itemListElement":[{"@type":"ListItem","position":1,"name":"In\u00edcio","item":"https:\/\/jornaltimoneiro.com.br\/"},{"@type":"ListItem","position":2,"name":"Canoas recebe a 12\u00aa edi\u00e7\u00e3o do Startup Day com palestras sobre inova\u00e7\u00e3o e empreendedorismo"}]},{"@type":"WebSite","@id":"https:\/\/jornaltimoneiro.com.br\/#website","url":"https:\/\/jornaltimoneiro.com.br\/","name":"Jornal Timoneiro Canoas RS","description":"Jornal O Timoneiro, o verdadeiro jornal de Canoas","publisher":{"@id":"https:\/\/jornaltimoneiro.com.br\/#organization"},"potentialAction":[{"@type":"SearchAction","target":{"@type":"EntryPoint","urlTemplate":"https:\/\/jornaltimoneiro.com.br\/?s={search_term_string}"},"query-input":"required name=search_term_string"}],"inLanguage":"pt-BR"},{"@type":"Organization","@id":"https:\/\/jornaltimoneiro.com.br\/#organization","name":"Jornal Timoneiro Canoas RS","url":"https:\/\/jornaltimoneiro.com.br\/","logo":{"@type":"ImageObject","inLanguage":"pt-BR","@id":"https:\/\/jornaltimoneiro.com.br\/#\/schema\/logo\/image\/","url":"https:\/\/jornaltimoneiro.com.br\/wp-content\/uploads\/2023\/03\/logonovo.png","contentUrl":"https:\/\/jornaltimoneiro.com.br\/wp-content\/uploads\/2023\/03\/logonovo.png","width":"469","height":"171","caption":"Jornal Timoneiro Canoas RS"},"image":{"@id":"https:\/\/jornaltimoneiro.com.br\/#\/schema\/logo\/image\/"},"sameAs":["https:\/\/www.facebook.com\/jornaltimoneiro","https:\/\/twitter.com\/_OTimoneiro","https:\/\/www.instagram.com\/jornaltimoneirocanoas\/","https:\/\/www.youtube.com\/@jornalotimoneiro7927"]},{"@type":"Person","@id":"https:\/\/jornaltimoneiro.com.br\/#\/schema\/person\/f63482f1a02b1a9592707865e509ab40","name":"Reda\u00e7\u00e3o","image":{"@type":"ImageObject","inLanguage":"pt-BR","@id":"https:\/\/jornaltimoneiro.com.br\/#\/schema\/person\/image\/","url":"https:\/\/jornaltimoneiro.com.br\/wp-content\/uploads\/2023\/03\/download.jpeg","contentUrl":"https:\/\/jornaltimoneiro.com.br\/wp-content\/uploads\/2023\/03\/download.jpeg","caption":"Reda\u00e7\u00e3o"},"url":"https:\/\/jornaltimoneiro.com.br\/index.php\/author\/simone-dutra\/"}]}},"_links":{"self":[{"href":"https:\/\/jornaltimoneiro.com.br\/index.php\/wp-json\/wp\/v2\/posts\/39542"}],"collection":[{"href":"https:\/\/jornaltimoneiro.com.br\/index.php\/wp-json\/wp\/v2\/posts"}],"about":[{"href":"https:\/\/jornaltimoneiro.com.br\/index.php\/wp-json\/wp\/v2\/types\/post"}],"author":[{"embeddable":true,"href":"https:\/\/jornaltimoneiro.com.br\/index.php\/wp-json\/wp\/v2\/users\/2"}],"replies":[{"embeddable":true,"href":"https:\/\/jornaltimoneiro.com.br\/index.php\/wp-json\/wp\/v2\/comments?post=39542"}],"version-history":[{"count":1,"href":"https:\/\/jornaltimoneiro.com.br\/index.php\/wp-json\/wp\/v2\/posts\/39542\/revisions"}],"predecessor-version":[{"id":39544,"href":"https:\/\/jornaltimoneiro.com.br\/index.php\/wp-json\/wp\/v2\/posts\/39542\/revisions\/39544"}],"wp:featuredmedia":[{"embeddable":true,"href":"https:\/\/jornaltimoneiro.com.br\/index.php\/wp-json\/wp\/v2\/media\/39543"}],"wp:attachment":[{"href":"https:\/\/jornaltimoneiro.com.br\/index.php\/wp-json\/wp\/v2\/media?parent=39542"}],"wp:term":[{"taxonomy":"category","embeddable":true,"href":"https:\/\/jornaltimoneiro.com.br\/index.php\/wp-json\/wp\/v2\/categories?post=39542"},{"taxonomy":"post_tag","embeddable":true,"href":"https:\/\/jornaltimoneiro.com.br\/index.php\/wp-json\/wp\/v2\/tags?post=39542"}],"curies":[{"name":"wp","href":"https:\/\/api.w.org\/{rel}","templated":true}]}}