{"id":39538,"date":"2026-03-13T10:08:55","date_gmt":"2026-03-13T13:08:55","guid":{"rendered":"https:\/\/jornaltimoneiro.com.br\/?p=39538"},"modified":"2026-03-13T10:08:55","modified_gmt":"2026-03-13T13:08:55","slug":"palestra-fortalecimento-feminino-autoestima-canoas","status":"publish","type":"post","link":"https:\/\/jornaltimoneiro.com.br\/index.php\/2026\/03\/13\/palestra-fortalecimento-feminino-autoestima-canoas\/","title":{"rendered":"Palestra sobre fortalecimento feminino re\u00fane trabalhadoras em empresa de Canoas"},"content":{"rendered":"<p data-start=\"74\" data-end=\"416\"><span class=\"BZ_Pyq_fadeIn\">Cerca <\/span><span class=\"BZ_Pyq_fadeIn\">de <\/span><span class=\"BZ_Pyq_fadeIn\">40 <\/span><span class=\"BZ_Pyq_fadeIn\">trabalhadoras <\/span><span class=\"BZ_Pyq_fadeIn\">participaram, <\/span><span class=\"BZ_Pyq_fadeIn\">nesta <\/span><span class=\"BZ_Pyq_fadeIn\">quarta-<\/span><span class=\"BZ_Pyq_fadeIn\">feira, 12<\/span><span class=\"BZ_Pyq_fadeIn\">, <\/span><span class=\"BZ_Pyq_fadeIn\">de <\/span><span class=\"BZ_Pyq_fadeIn\">uma <\/span><span class=\"BZ_Pyq_fadeIn\">palestra <\/span><span class=\"BZ_Pyq_fadeIn\">sobre <\/span><span class=\"BZ_Pyq_fadeIn\">fortalecimento <\/span><span class=\"BZ_Pyq_fadeIn\">feminino <\/span><span class=\"BZ_Pyq_fadeIn\">e <\/span><span class=\"BZ_Pyq_fadeIn\">autoestima <\/span><span class=\"BZ_Pyq_fadeIn\">realizada <\/span><span class=\"BZ_Pyq_fadeIn\">em <\/span><span class=\"BZ_Pyq_fadeIn\">uma <\/span><span class=\"BZ_Pyq_fadeIn\">empresa <\/span><span class=\"BZ_Pyq_fadeIn\">de <\/span><span class=\"BZ_Pyq_fadeIn\">transportes <\/span><span class=\"BZ_Pyq_fadeIn\">em <\/span><span class=\"hover:entity-accent entity-underline inline cursor-pointer align-baseline\"><span class=\"whitespace-normal\">Canoas<\/span><\/span><span class=\"BZ_Pyq_fadeIn\">. <\/span><span class=\"BZ_Pyq_fadeIn\">A <\/span><span class=\"BZ_Pyq_fadeIn\">atividade <\/span><span class=\"BZ_Pyq_fadeIn\">foi <\/span><span class=\"BZ_Pyq_fadeIn\">organizada <\/span><span class=\"BZ_Pyq_fadeIn\">em <\/span><span class=\"BZ_Pyq_fadeIn\">conjunto <\/span><span class=\"BZ_Pyq_fadeIn\">com <\/span><span class=\"BZ_Pyq_fadeIn\">a <\/span><span class=\"hover:entity-accent entity-underline inline cursor-pointer align-baseline\"><span class=\"whitespace-normal\">Secretaria Municipal da Mulher, Cidadania e Inclus\u00e3o de Canoas<\/span><\/span> <span class=\"BZ_Pyq_fadeIn\">e <\/span><span class=\"BZ_Pyq_fadeIn\">tamb\u00e9m <\/span><span class=\"BZ_Pyq_fadeIn\">transmitida <\/span><span class=\"BZ_Pyq_fadeIn\">para <\/span><span class=\"BZ_Pyq_fadeIn\">outras <\/span><span class=\"BZ_Pyq_fadeIn\">unidades <\/span><span class=\"BZ_Pyq_fadeIn\">da <\/span><span class=\"BZ_Pyq_fadeIn\">empresa.<\/span><\/p>\n<p data-start=\"418\" data-end=\"613\"><span class=\"BZ_Pyq_fadeIn\">O <\/span><span class=\"BZ_Pyq_fadeIn\">encontro <\/span><span class=\"BZ_Pyq_fadeIn\">ocorreu <\/span><span class=\"BZ_Pyq_fadeIn\">na <\/span><span class=\"BZ_Pyq_fadeIn\">sede <\/span><span class=\"BZ_Pyq_fadeIn\">da <\/span><span class=\"BZ_Pyq_fadeIn\">companhia <\/span><span class=\"BZ_Pyq_fadeIn\">e <\/span><span class=\"BZ_Pyq_fadeIn\">contou <\/span><span class=\"BZ_Pyq_fadeIn\">com <\/span><span class=\"BZ_Pyq_fadeIn\">a <\/span><span class=\"BZ_Pyq_fadeIn\">presen\u00e7a <\/span><span class=\"BZ_Pyq_fadeIn\">de <\/span><span class=\"BZ_Pyq_fadeIn\">representantes <\/span><span class=\"BZ_Pyq_fadeIn\">da <\/span><span class=\"BZ_Pyq_fadeIn\">secretaria <\/span><span class=\"BZ_Pyq_fadeIn\">municipal, <\/span><span class=\"BZ_Pyq_fadeIn\">convidados <\/span><span class=\"BZ_Pyq_fadeIn\">para <\/span><span class=\"BZ_Pyq_fadeIn\">contribuir <\/span><span class=\"BZ_Pyq_fadeIn\">com <\/span><span class=\"BZ_Pyq_fadeIn\">o <\/span><span class=\"BZ_Pyq_fadeIn\">debate <\/span><span class=\"BZ_Pyq_fadeIn\">sobre <\/span><span class=\"BZ_Pyq_fadeIn\">direitos, <\/span><span class=\"BZ_Pyq_fadeIn\">acolhimento <\/span><span class=\"BZ_Pyq_fadeIn\">e <\/span><span class=\"BZ_Pyq_fadeIn\">apoio <\/span><span class=\"BZ_Pyq_fadeIn\">\u00e0s <\/span><span class=\"BZ_Pyq_fadeIn\">mulheres.<\/span><\/p>\n<p data-start=\"615\" data-end=\"817\"><span class=\"BZ_Pyq_fadeIn\">Durante <\/span><span class=\"BZ_Pyq_fadeIn\">a <\/span><span class=\"BZ_Pyq_fadeIn\">programa\u00e7\u00e3o, <\/span><span class=\"BZ_Pyq_fadeIn\">foram <\/span><span class=\"BZ_Pyq_fadeIn\">abordados <\/span><span class=\"BZ_Pyq_fadeIn\">temas <\/span><span class=\"BZ_Pyq_fadeIn\">relacionados <\/span><span class=\"BZ_Pyq_fadeIn\">\u00e0 <\/span><span class=\"BZ_Pyq_fadeIn\">valoriza\u00e7\u00e3o <\/span><span class=\"BZ_Pyq_fadeIn\">da <\/span><span class=\"BZ_Pyq_fadeIn\">mulher, <\/span><span class=\"BZ_Pyq_fadeIn\">sa\u00fade <\/span><span class=\"BZ_Pyq_fadeIn\">emocional <\/span><span class=\"BZ_Pyq_fadeIn\">e <\/span><span class=\"BZ_Pyq_fadeIn\">fortalecimento <\/span><span class=\"BZ_Pyq_fadeIn\">da <\/span><span class=\"BZ_Pyq_fadeIn\">autoestima. <\/span><span class=\"BZ_Pyq_fadeIn\">A <\/span><span class=\"BZ_Pyq_fadeIn\">iniciativa <\/span><span class=\"BZ_Pyq_fadeIn\">buscou <\/span><span class=\"BZ_Pyq_fadeIn\">promover <\/span><span class=\"BZ_Pyq_fadeIn\">reflex\u00e3o <\/span><span class=\"BZ_Pyq_fadeIn\">e <\/span><span class=\"BZ_Pyq_fadeIn\">di\u00e1logo <\/span><span class=\"BZ_Pyq_fadeIn\">entre <\/span><span class=\"BZ_Pyq_fadeIn\">as <\/span><span class=\"BZ_Pyq_fadeIn\">participantes.<\/span><\/p>\n<p data-start=\"819\" data-end=\"988\" data-is-last-node=\"\" data-is-only-node=\"\"><span class=\"BZ_Pyq_fadeIn\">Ao <\/span><span class=\"BZ_Pyq_fadeIn\">final <\/span><span class=\"BZ_Pyq_fadeIn\">da <\/span><span class=\"BZ_Pyq_fadeIn\">atividade, <\/span><span class=\"BZ_Pyq_fadeIn\">houve <\/span><span class=\"BZ_Pyq_fadeIn\">um <\/span><span class=\"BZ_Pyq_fadeIn\">momento <\/span><span class=\"BZ_Pyq_fadeIn\">de <\/span><span class=\"BZ_Pyq_fadeIn\">confraterniza\u00e7\u00e3o <\/span><span class=\"BZ_Pyq_fadeIn\">com <\/span><span class=\"BZ_Pyq_fadeIn\">coffee <\/span><span class=\"BZ_Pyq_fadeIn\">break <\/span><span class=\"BZ_Pyq_fadeIn\">e <\/span><span class=\"BZ_Pyq_fadeIn\">a <\/span><span class=\"BZ_Pyq_fadeIn\">entrega <\/span><span class=\"BZ_Pyq_fadeIn\">de <\/span><span class=\"BZ_Pyq_fadeIn\">lembran\u00e7as <\/span><span class=\"BZ_Pyq_fadeIn\">simb\u00f3licas, <\/span><span class=\"BZ_Pyq_fadeIn\">incluindo <\/span><span class=\"BZ_Pyq_fadeIn\">mudas <\/span><span class=\"BZ_Pyq_fadeIn\">de <\/span><span class=\"BZ_Pyq_fadeIn\">plantas <\/span><span class=\"BZ_Pyq_fadeIn\">para <\/span><span class=\"BZ_Pyq_fadeIn\">as <\/span><span class=\"BZ_Pyq_fadeIn\">participantes<\/span><\/p>\n<p>A secret\u00e1ria da Mulher, Cidadania e Inclus\u00e3o, Maria Beatris Conter Arruda, aproveitou a oportunidade para apresentar os servi\u00e7os dispon\u00edveis no munic\u00edpio para mulheres que precisam de apoio.<\/p>\n<blockquote><p>\u201cTamb\u00e9m falamos sobre os canais de den\u00fancia e os servi\u00e7os de acolhimento para mulheres em situa\u00e7\u00e3o de viol\u00eancia dom\u00e9stica. Canoas conta com atendimento jur\u00eddico e psicossocial por meio do Centro de Refer\u00eancia da Mulher, garantindo orienta\u00e7\u00e3o e suporte para quem precisa\u201d, destacou.<\/p><\/blockquote>\n<p>A psic\u00f3loga Luana Carvalho Nascimento conduziu a palestra e falou sobre a import\u00e2ncia da autoestima e do cuidado com a sa\u00fade emocional.<\/p>\n<blockquote><p>\u201cTrabalhar a autoestima \u00e9 fundamental para que as mulheres reconhe\u00e7am seu valor e fortale\u00e7am sua confian\u00e7a no dia a dia, tanto na vida pessoal quanto no ambiente de trabalho\u201d, explicou.<\/p><\/blockquote>\n<p data-start=\"989\" data-end=\"1151\" data-is-last-node=\"\" data-is-only-node=\"\"><span class=\"BZ_Pyq_fadeIn\"><\/p>\n<p><\/span><\/p>\n","protected":false},"excerpt":{"rendered":"<p>Cerca de 40 trabalhadoras participaram, nesta quarta-feira, 12, de uma palestra sobre fortalecimento feminino e autoestima realizada em uma empresa de transportes em Canoas. A atividade foi organizada em conjunto com a Secretaria Municipal da Mulher, Cidadania e Inclus\u00e3o de Canoas e tamb\u00e9m transmitida para outras unidades da empresa. O encontro ocorreu na sede da [&hellip;]<\/p>\n","protected":false},"author":2,"featured_media":39539,"comment_status":"open","ping_status":"open","sticky":false,"template":"","format":"standard","meta":{"amp_status":"","footnotes":""},"categories":[5023],"tags":[5042,31,190,659],"class_list":["post-39538","post","type-post","status-publish","format-standard","has-post-thumbnail","hentry","category-mulher-e-inclusao","tag-autoestima","tag-canoas","tag-featured","tag-palestra"],"yoast_head":"<!-- This site is optimized with the Yoast SEO plugin v20.5 - https:\/\/yoast.com\/wordpress\/plugins\/seo\/ -->\n<title>Palestra sobre fortalecimento feminino re\u00fane trabalhadoras em empresa de Canoas - O Timoneiro Jornal Canoas RS<\/title>\n<meta name=\"description\" content=\"Palestra sobre fortalecimento feminino e autoestima re\u00fane cerca de 40 trabalhadoras em empresa de Canoas e promove debate sobre valoriza\u00e7\u00e3o e sa\u00fade emocional das mulheres.\" \/>\n<meta name=\"robots\" content=\"index, follow, max-snippet:-1, max-image-preview:large, max-video-preview:-1\" \/>\n<link rel=\"canonical\" href=\"https:\/\/jornaltimoneiro.com.br\/index.php\/2026\/03\/13\/palestra-fortalecimento-feminino-autoestima-canoas\/\" \/>\n<meta property=\"og:locale\" content=\"pt_BR\" \/>\n<meta property=\"og:type\" content=\"article\" \/>\n<meta property=\"og:title\" content=\"Palestra sobre fortalecimento feminino re\u00fane trabalhadoras em empresa de Canoas - O Timoneiro Jornal Canoas RS\" \/>\n<meta property=\"og:description\" content=\"Palestra sobre fortalecimento feminino e autoestima re\u00fane cerca de 40 trabalhadoras em empresa de Canoas e promove debate sobre valoriza\u00e7\u00e3o e sa\u00fade emocional das mulheres.\" \/>\n<meta property=\"og:url\" content=\"https:\/\/jornaltimoneiro.com.br\/index.php\/2026\/03\/13\/palestra-fortalecimento-feminino-autoestima-canoas\/\" \/>\n<meta property=\"og:site_name\" content=\"O Timoneiro Jornal Canoas RS\" \/>\n<meta property=\"article:publisher\" content=\"https:\/\/www.facebook.com\/jornaltimoneiro\" \/>\n<meta property=\"article:published_time\" content=\"2026-03-13T13:08:55+00:00\" \/>\n<meta property=\"og:image\" content=\"https:\/\/jornaltimoneiro.com.br\/wp-content\/uploads\/2026\/03\/Mulher-1-1.jpg\" \/>\n\t<meta property=\"og:image:width\" content=\"1280\" \/>\n\t<meta property=\"og:image:height\" content=\"861\" \/>\n\t<meta property=\"og:image:type\" content=\"image\/jpeg\" \/>\n<meta name=\"author\" content=\"Reda\u00e7\u00e3o\" \/>\n<meta name=\"twitter:card\" content=\"summary_large_image\" \/>\n<meta name=\"twitter:creator\" content=\"@_OTimoneiro\" \/>\n<meta name=\"twitter:site\" content=\"@_OTimoneiro\" \/>\n<meta name=\"twitter:label1\" content=\"Escrito por\" \/>\n\t<meta name=\"twitter:data1\" content=\"Reda\u00e7\u00e3o\" \/>\n\t<meta name=\"twitter:label2\" content=\"Est. tempo de leitura\" \/>\n\t<meta name=\"twitter:data2\" content=\"2 minutos\" \/>\n<script type=\"application\/ld+json\" class=\"yoast-schema-graph\">{\"@context\":\"https:\/\/schema.org\",\"@graph\":[{\"@type\":\"Article\",\"@id\":\"https:\/\/jornaltimoneiro.com.br\/index.php\/2026\/03\/13\/palestra-fortalecimento-feminino-autoestima-canoas\/#article\",\"isPartOf\":{\"@id\":\"https:\/\/jornaltimoneiro.com.br\/index.php\/2026\/03\/13\/palestra-fortalecimento-feminino-autoestima-canoas\/\"},\"author\":{\"name\":\"Reda\u00e7\u00e3o\",\"@id\":\"https:\/\/jornaltimoneiro.com.br\/#\/schema\/person\/f63482f1a02b1a9592707865e509ab40\"},\"headline\":\"Palestra sobre fortalecimento feminino re\u00fane trabalhadoras em empresa de Canoas\",\"datePublished\":\"2026-03-13T13:08:55+00:00\",\"dateModified\":\"2026-03-13T13:08:55+00:00\",\"mainEntityOfPage\":{\"@id\":\"https:\/\/jornaltimoneiro.com.br\/index.php\/2026\/03\/13\/palestra-fortalecimento-feminino-autoestima-canoas\/\"},\"wordCount\":291,\"commentCount\":0,\"publisher\":{\"@id\":\"https:\/\/jornaltimoneiro.com.br\/#organization\"},\"keywords\":[\"autoestima\",\"canoas\",\"featured\",\"palestra\"],\"articleSection\":[\"Mulher e Inclus\u00e3o\"],\"inLanguage\":\"pt-BR\",\"potentialAction\":[{\"@type\":\"CommentAction\",\"name\":\"Comment\",\"target\":[\"https:\/\/jornaltimoneiro.com.br\/index.php\/2026\/03\/13\/palestra-fortalecimento-feminino-autoestima-canoas\/#respond\"]}]},{\"@type\":\"WebPage\",\"@id\":\"https:\/\/jornaltimoneiro.com.br\/index.php\/2026\/03\/13\/palestra-fortalecimento-feminino-autoestima-canoas\/\",\"url\":\"https:\/\/jornaltimoneiro.com.br\/index.php\/2026\/03\/13\/palestra-fortalecimento-feminino-autoestima-canoas\/\",\"name\":\"Palestra sobre fortalecimento feminino re\u00fane trabalhadoras em empresa de Canoas - O Timoneiro Jornal Canoas RS\",\"isPartOf\":{\"@id\":\"https:\/\/jornaltimoneiro.com.br\/#website\"},\"datePublished\":\"2026-03-13T13:08:55+00:00\",\"dateModified\":\"2026-03-13T13:08:55+00:00\",\"description\":\"Palestra sobre fortalecimento feminino e autoestima re\u00fane cerca de 40 trabalhadoras em empresa de Canoas e promove debate sobre valoriza\u00e7\u00e3o e sa\u00fade emocional das mulheres.\",\"breadcrumb\":{\"@id\":\"https:\/\/jornaltimoneiro.com.br\/index.php\/2026\/03\/13\/palestra-fortalecimento-feminino-autoestima-canoas\/#breadcrumb\"},\"inLanguage\":\"pt-BR\",\"potentialAction\":[{\"@type\":\"ReadAction\",\"target\":[\"https:\/\/jornaltimoneiro.com.br\/index.php\/2026\/03\/13\/palestra-fortalecimento-feminino-autoestima-canoas\/\"]}]},{\"@type\":\"BreadcrumbList\",\"@id\":\"https:\/\/jornaltimoneiro.com.br\/index.php\/2026\/03\/13\/palestra-fortalecimento-feminino-autoestima-canoas\/#breadcrumb\",\"itemListElement\":[{\"@type\":\"ListItem\",\"position\":1,\"name\":\"In\u00edcio\",\"item\":\"https:\/\/jornaltimoneiro.com.br\/\"},{\"@type\":\"ListItem\",\"position\":2,\"name\":\"Palestra sobre fortalecimento feminino re\u00fane trabalhadoras em empresa de Canoas\"}]},{\"@type\":\"WebSite\",\"@id\":\"https:\/\/jornaltimoneiro.com.br\/#website\",\"url\":\"https:\/\/jornaltimoneiro.com.br\/\",\"name\":\"Jornal Timoneiro Canoas RS\",\"description\":\"Jornal O Timoneiro, o verdadeiro jornal de Canoas\",\"publisher\":{\"@id\":\"https:\/\/jornaltimoneiro.com.br\/#organization\"},\"potentialAction\":[{\"@type\":\"SearchAction\",\"target\":{\"@type\":\"EntryPoint\",\"urlTemplate\":\"https:\/\/jornaltimoneiro.com.br\/?s={search_term_string}\"},\"query-input\":\"required name=search_term_string\"}],\"inLanguage\":\"pt-BR\"},{\"@type\":\"Organization\",\"@id\":\"https:\/\/jornaltimoneiro.com.br\/#organization\",\"name\":\"Jornal Timoneiro Canoas RS\",\"url\":\"https:\/\/jornaltimoneiro.com.br\/\",\"logo\":{\"@type\":\"ImageObject\",\"inLanguage\":\"pt-BR\",\"@id\":\"https:\/\/jornaltimoneiro.com.br\/#\/schema\/logo\/image\/\",\"url\":\"https:\/\/jornaltimoneiro.com.br\/wp-content\/uploads\/2023\/03\/logonovo.png\",\"contentUrl\":\"https:\/\/jornaltimoneiro.com.br\/wp-content\/uploads\/2023\/03\/logonovo.png\",\"width\":\"469\",\"height\":\"171\",\"caption\":\"Jornal Timoneiro Canoas RS\"},\"image\":{\"@id\":\"https:\/\/jornaltimoneiro.com.br\/#\/schema\/logo\/image\/\"},\"sameAs\":[\"https:\/\/www.facebook.com\/jornaltimoneiro\",\"https:\/\/twitter.com\/_OTimoneiro\",\"https:\/\/www.instagram.com\/jornaltimoneirocanoas\/\",\"https:\/\/www.youtube.com\/@jornalotimoneiro7927\"]},{\"@type\":\"Person\",\"@id\":\"https:\/\/jornaltimoneiro.com.br\/#\/schema\/person\/f63482f1a02b1a9592707865e509ab40\",\"name\":\"Reda\u00e7\u00e3o\",\"image\":{\"@type\":\"ImageObject\",\"inLanguage\":\"pt-BR\",\"@id\":\"https:\/\/jornaltimoneiro.com.br\/#\/schema\/person\/image\/\",\"url\":\"https:\/\/jornaltimoneiro.com.br\/wp-content\/uploads\/2023\/03\/download.jpeg\",\"contentUrl\":\"https:\/\/jornaltimoneiro.com.br\/wp-content\/uploads\/2023\/03\/download.jpeg\",\"caption\":\"Reda\u00e7\u00e3o\"},\"url\":\"https:\/\/jornaltimoneiro.com.br\/index.php\/author\/simone-dutra\/\"}]}<\/script>\n<!-- \/ Yoast SEO plugin. -->","yoast_head_json":{"title":"Palestra sobre fortalecimento feminino re\u00fane trabalhadoras em empresa de Canoas - O Timoneiro Jornal Canoas RS","description":"Palestra sobre fortalecimento feminino e autoestima re\u00fane cerca de 40 trabalhadoras em empresa de Canoas e promove debate sobre valoriza\u00e7\u00e3o e sa\u00fade emocional das mulheres.","robots":{"index":"index","follow":"follow","max-snippet":"max-snippet:-1","max-image-preview":"max-image-preview:large","max-video-preview":"max-video-preview:-1"},"canonical":"https:\/\/jornaltimoneiro.com.br\/index.php\/2026\/03\/13\/palestra-fortalecimento-feminino-autoestima-canoas\/","og_locale":"pt_BR","og_type":"article","og_title":"Palestra sobre fortalecimento feminino re\u00fane trabalhadoras em empresa de Canoas - O Timoneiro Jornal Canoas RS","og_description":"Palestra sobre fortalecimento feminino e autoestima re\u00fane cerca de 40 trabalhadoras em empresa de Canoas e promove debate sobre valoriza\u00e7\u00e3o e sa\u00fade emocional das mulheres.","og_url":"https:\/\/jornaltimoneiro.com.br\/index.php\/2026\/03\/13\/palestra-fortalecimento-feminino-autoestima-canoas\/","og_site_name":"O Timoneiro Jornal Canoas RS","article_publisher":"https:\/\/www.facebook.com\/jornaltimoneiro","article_published_time":"2026-03-13T13:08:55+00:00","og_image":[{"width":"1280","height":"861","url":"https:\/\/jornaltimoneiro.com.br\/wp-content\/uploads\/2026\/03\/Mulher-1-1.jpg","type":"image\/jpeg"}],"author":"Reda\u00e7\u00e3o","twitter_card":"summary_large_image","twitter_creator":"@_OTimoneiro","twitter_site":"@_OTimoneiro","twitter_misc":{"Escrito por":"Reda\u00e7\u00e3o","Est. tempo de leitura":"2 minutos"},"schema":{"@context":"https:\/\/schema.org","@graph":[{"@type":"Article","@id":"https:\/\/jornaltimoneiro.com.br\/index.php\/2026\/03\/13\/palestra-fortalecimento-feminino-autoestima-canoas\/#article","isPartOf":{"@id":"https:\/\/jornaltimoneiro.com.br\/index.php\/2026\/03\/13\/palestra-fortalecimento-feminino-autoestima-canoas\/"},"author":{"name":"Reda\u00e7\u00e3o","@id":"https:\/\/jornaltimoneiro.com.br\/#\/schema\/person\/f63482f1a02b1a9592707865e509ab40"},"headline":"Palestra sobre fortalecimento feminino re\u00fane trabalhadoras em empresa de Canoas","datePublished":"2026-03-13T13:08:55+00:00","dateModified":"2026-03-13T13:08:55+00:00","mainEntityOfPage":{"@id":"https:\/\/jornaltimoneiro.com.br\/index.php\/2026\/03\/13\/palestra-fortalecimento-feminino-autoestima-canoas\/"},"wordCount":291,"commentCount":0,"publisher":{"@id":"https:\/\/jornaltimoneiro.com.br\/#organization"},"keywords":["autoestima","canoas","featured","palestra"],"articleSection":["Mulher e Inclus\u00e3o"],"inLanguage":"pt-BR","potentialAction":[{"@type":"CommentAction","name":"Comment","target":["https:\/\/jornaltimoneiro.com.br\/index.php\/2026\/03\/13\/palestra-fortalecimento-feminino-autoestima-canoas\/#respond"]}]},{"@type":"WebPage","@id":"https:\/\/jornaltimoneiro.com.br\/index.php\/2026\/03\/13\/palestra-fortalecimento-feminino-autoestima-canoas\/","url":"https:\/\/jornaltimoneiro.com.br\/index.php\/2026\/03\/13\/palestra-fortalecimento-feminino-autoestima-canoas\/","name":"Palestra sobre fortalecimento feminino re\u00fane trabalhadoras em empresa de Canoas - O Timoneiro Jornal Canoas RS","isPartOf":{"@id":"https:\/\/jornaltimoneiro.com.br\/#website"},"datePublished":"2026-03-13T13:08:55+00:00","dateModified":"2026-03-13T13:08:55+00:00","description":"Palestra sobre fortalecimento feminino e autoestima re\u00fane cerca de 40 trabalhadoras em empresa de Canoas e promove debate sobre valoriza\u00e7\u00e3o e sa\u00fade emocional das mulheres.","breadcrumb":{"@id":"https:\/\/jornaltimoneiro.com.br\/index.php\/2026\/03\/13\/palestra-fortalecimento-feminino-autoestima-canoas\/#breadcrumb"},"inLanguage":"pt-BR","potentialAction":[{"@type":"ReadAction","target":["https:\/\/jornaltimoneiro.com.br\/index.php\/2026\/03\/13\/palestra-fortalecimento-feminino-autoestima-canoas\/"]}]},{"@type":"BreadcrumbList","@id":"https:\/\/jornaltimoneiro.com.br\/index.php\/2026\/03\/13\/palestra-fortalecimento-feminino-autoestima-canoas\/#breadcrumb","itemListElement":[{"@type":"ListItem","position":1,"name":"In\u00edcio","item":"https:\/\/jornaltimoneiro.com.br\/"},{"@type":"ListItem","position":2,"name":"Palestra sobre fortalecimento feminino re\u00fane trabalhadoras em empresa de Canoas"}]},{"@type":"WebSite","@id":"https:\/\/jornaltimoneiro.com.br\/#website","url":"https:\/\/jornaltimoneiro.com.br\/","name":"Jornal Timoneiro Canoas RS","description":"Jornal O Timoneiro, o verdadeiro jornal de Canoas","publisher":{"@id":"https:\/\/jornaltimoneiro.com.br\/#organization"},"potentialAction":[{"@type":"SearchAction","target":{"@type":"EntryPoint","urlTemplate":"https:\/\/jornaltimoneiro.com.br\/?s={search_term_string}"},"query-input":"required name=search_term_string"}],"inLanguage":"pt-BR"},{"@type":"Organization","@id":"https:\/\/jornaltimoneiro.com.br\/#organization","name":"Jornal Timoneiro Canoas RS","url":"https:\/\/jornaltimoneiro.com.br\/","logo":{"@type":"ImageObject","inLanguage":"pt-BR","@id":"https:\/\/jornaltimoneiro.com.br\/#\/schema\/logo\/image\/","url":"https:\/\/jornaltimoneiro.com.br\/wp-content\/uploads\/2023\/03\/logonovo.png","contentUrl":"https:\/\/jornaltimoneiro.com.br\/wp-content\/uploads\/2023\/03\/logonovo.png","width":"469","height":"171","caption":"Jornal Timoneiro Canoas RS"},"image":{"@id":"https:\/\/jornaltimoneiro.com.br\/#\/schema\/logo\/image\/"},"sameAs":["https:\/\/www.facebook.com\/jornaltimoneiro","https:\/\/twitter.com\/_OTimoneiro","https:\/\/www.instagram.com\/jornaltimoneirocanoas\/","https:\/\/www.youtube.com\/@jornalotimoneiro7927"]},{"@type":"Person","@id":"https:\/\/jornaltimoneiro.com.br\/#\/schema\/person\/f63482f1a02b1a9592707865e509ab40","name":"Reda\u00e7\u00e3o","image":{"@type":"ImageObject","inLanguage":"pt-BR","@id":"https:\/\/jornaltimoneiro.com.br\/#\/schema\/person\/image\/","url":"https:\/\/jornaltimoneiro.com.br\/wp-content\/uploads\/2023\/03\/download.jpeg","contentUrl":"https:\/\/jornaltimoneiro.com.br\/wp-content\/uploads\/2023\/03\/download.jpeg","caption":"Reda\u00e7\u00e3o"},"url":"https:\/\/jornaltimoneiro.com.br\/index.php\/author\/simone-dutra\/"}]}},"_links":{"self":[{"href":"https:\/\/jornaltimoneiro.com.br\/index.php\/wp-json\/wp\/v2\/posts\/39538"}],"collection":[{"href":"https:\/\/jornaltimoneiro.com.br\/index.php\/wp-json\/wp\/v2\/posts"}],"about":[{"href":"https:\/\/jornaltimoneiro.com.br\/index.php\/wp-json\/wp\/v2\/types\/post"}],"author":[{"embeddable":true,"href":"https:\/\/jornaltimoneiro.com.br\/index.php\/wp-json\/wp\/v2\/users\/2"}],"replies":[{"embeddable":true,"href":"https:\/\/jornaltimoneiro.com.br\/index.php\/wp-json\/wp\/v2\/comments?post=39538"}],"version-history":[{"count":1,"href":"https:\/\/jornaltimoneiro.com.br\/index.php\/wp-json\/wp\/v2\/posts\/39538\/revisions"}],"predecessor-version":[{"id":39540,"href":"https:\/\/jornaltimoneiro.com.br\/index.php\/wp-json\/wp\/v2\/posts\/39538\/revisions\/39540"}],"wp:featuredmedia":[{"embeddable":true,"href":"https:\/\/jornaltimoneiro.com.br\/index.php\/wp-json\/wp\/v2\/media\/39539"}],"wp:attachment":[{"href":"https:\/\/jornaltimoneiro.com.br\/index.php\/wp-json\/wp\/v2\/media?parent=39538"}],"wp:term":[{"taxonomy":"category","embeddable":true,"href":"https:\/\/jornaltimoneiro.com.br\/index.php\/wp-json\/wp\/v2\/categories?post=39538"},{"taxonomy":"post_tag","embeddable":true,"href":"https:\/\/jornaltimoneiro.com.br\/index.php\/wp-json\/wp\/v2\/tags?post=39538"}],"curies":[{"name":"wp","href":"https:\/\/api.w.org\/{rel}","templated":true}]}}